{"id":19513,"date":"2020-03-06T17:30:24","date_gmt":"2020-03-06T17:30:24","guid":{"rendered":"http:\/\/historiografija.hr\/?p=19513"},"modified":"2020-03-06T17:30:24","modified_gmt":"2020-03-06T17:30:24","slug":"zbornik-franjo-josip-i-hrvati-u-prvome-svjetskom-ratu-uredio-zeljko-holjevac","status":"publish","type":"post","link":"https:\/\/historiografija.hr\/?p=19513","title":{"rendered":"Zbornik \u201cFranjo Josip i Hrvati u Prvome svjetskom ratu\u201d (Uredio \u017deljko Holjevac)"},"content":{"rendered":"<p>Zbornik radova dvanaest doma\u0107ih i inozemnih autora posve\u0107en je \u017eivotu i politi\u010dkom djelovanju cara Franje Josipa i posljedicama njegove vladavine na hrvatski, austrijski, ugarski i ukrajinski prostor. S nagla\u0161enim komparativnim pristupom temi, ve\u0107i dio radova posve\u0107en je potpuno novim istra\u017eiva\u010dkim temama na temelju dosad nepoznatih izvora, a manji dio radova u bitnom pro\u0161iruje ili usustavljuje dosada\u0161nje spoznaje o donekle ve\u0107 obra\u0111ivanim temama hrvatske i susjednih joj historiografija, kao \u0161to su dr\u017eavnopravni, gospodarski i prometni polo\u017eaj hrvatskih zemalja za vladavine Franje Josipa. Poseban fokus posve\u0107en je Prvome svjetskom ratu i implikacijama koje je careva smrt 1916. izazvala po pitanju opstojnosti njegove Monarhije, a uz to, ponu\u0111ena je ma\u0111arska i austrijska perspektiva odnosa cara prema hrvatskom pitanju te historiografsko prevrednovanje politi\u010dke i kulturolo\u0161ke ba\u0161tine koje je dugotrajna vladavina toga cara ostavila na hrvatske zemlje.<\/p>\n<p>&nbsp;<\/p>\n<p>O Franji Josipu pi\u0161u autori iz Hrvatske (\u017dELJKO HOLJEVAC, FILIP \u0160IMETIN \u0160EGVI\u0106, IVAN MIRNIK, MIRA KOLAR, ZDRAVKA JELASKA MARIJAN, ELA JURDANA, LJILJANA DOBROV\u0160AK, BORIS KUKI\u0106), Austrije (MANFRIED RAUCHENSTEINER), Ma\u0111arske (ANDR\u00c1S GER\u0150, LADISLAV HEKA) i Ukrajine (JEVGENIJ PA\u0160\u010cENKO).<\/p>\n<p>&nbsp;<\/p>\n<p><strong>Biblioteka Zbornici<\/strong>, glavni urednik Luka \u0160eput, izvr\u0161na urednica Romana Horvat, recenzenti Ante\u00a0 Brali\u0107 i Filip Hamer\u0161ak, likovni urednik \u017deljko Podore\u0161ki, grafi\u010dki urednik Neven Osojnik, tisak <em>Og grafika<\/em>\u00a0 (Jastrebarsko). \u2014 Knjiga je opremljena sa 44 c\/b ilustracije, komentarima i bibliografskim bilje\u0161kama uz tekst, sa\u017eecima, imenskim kazalom i bilje\u0161kom o autorima<\/p>\n<p>&nbsp;<\/p>\n<ul>\n<li>biblioteka: <a href=\"http:\/\/www.matica.hr\/knjige\/biblioteka\/41\/\"><strong>ZBORNICI<\/strong><\/a><\/li>\n<li>cijena: <strong>180,00<\/strong> kn<\/li>\n<li>broj stranica: <strong>350<\/strong><\/li>\n<li>uvez: <strong>tvrdi uvez<\/strong><\/li>\n<li>dimenzije: <strong>17 x 24 cm<\/strong><\/li>\n<li>godina izdanja: <a href=\"http:\/\/www.matica.hr\/knjige\/godina\/2019\/\"><strong>2019.<\/strong><\/a><\/li>\n<li>izdava\u010d: <strong>Matica hrvatska<\/strong><\/li>\n<li>mjesto: <strong>Zagreb<\/strong><\/li>\n<li>ISBN: <strong>978-953-341-124-8<\/strong><\/li>\n<li>podru\u010dje: <strong><a href=\"http:\/\/www.matica.hr\/knjige\/podrucje\/historiografija\">historiografija<\/a>, <a href=\"http:\/\/www.matica.hr\/knjige\/podrucje\/hrvatska%20povijest\">hrvatska povijest<\/a>, <a href=\"http:\/\/www.matica.hr\/knjige\/podrucje\/kultorologija\">kultorologija<\/a>, <a href=\"http:\/\/www.matica.hr\/knjige\/podrucje\/povijest\">povijest<\/a>, <a href=\"http:\/\/www.matica.hr\/knjige\/podrucje\/zbornici\">zbornici<\/a> <\/strong><\/li>\n<\/ul>\n<h4><\/h4>\n<p><strong>PDF-ovi<\/strong><\/p>\n<ul>\n<li><a href=\"http:\/\/www.matica.hr\/media\/knjige\/franjo-josip-i-hrvati-u-prvome-svjetskom-ratu-1300\/pdf\/sadrzaj.pdf\">Sadr\u017eaj (82,6\u00a0KB)<\/a><\/li>\n<li><a href=\"http:\/\/www.matica.hr\/media\/knjige\/franjo-josip-i-hrvati-u-prvome-svjetskom-ratu-1300\/pdf\/predgovor.pdf\">Predgovor (86,3\u00a0KB)<\/a><\/li>\n<li><a href=\"http:\/\/www.matica.hr\/media\/knjige\/franjo-josip-i-hrvati-u-prvome-svjetskom-ratu-1300\/pdf\/sazetak.pdf\">Sa\u017eetak (101,4\u00a0KB)<\/a><\/li>\n<li><a href=\"http:\/\/www.matica.hr\/media\/knjige\/franjo-josip-i-hrvati-u-prvome-svjetskom-ratu-1300\/pdf\/summary.pdf\">Summary (113,2\u00a0KB)<\/a><\/li>\n<li><a href=\"http:\/\/www.matica.hr\/media\/knjige\/franjo-josip-i-hrvati-u-prvome-svjetskom-ratu-1300\/pdf\/biljeska-o-autorima.pdf\">Bilje\u0161ka o autorima (81,1\u00a0KB)<\/a><\/li>\n<\/ul>\n<p>&nbsp;<\/p>\n<p><a href=\"http:\/\/www.matica.hr\/knjige\/franjo-josip-i-hrvati-u-prvome-svjetskom-ratu-1300\/\">http:\/\/www.matica.hr\/knjige\/franjo-josip-i-hrvati-u-prvome-svjetskom-ratu-1300\/<\/a><\/p>\n<p>&nbsp;<\/p>\n<p>&nbsp;<\/p>\n","protected":false},"excerpt":{"rendered":"","protected":false},"author":2,"featured_media":19514,"comment_status":"open","ping_status":"open","sticky":false,"template":"","format":"standard","meta":{"_acf_changed":false,"jetpack_post_was_ever_published":false,"_jetpack_newsletter_access":"","_jetpack_dont_email_post_to_subs":false,"_jetpack_newsletter_tier_id":0,"_jetpack_memberships_contains_paywalled_content":false,"_jetpack_memberships_contains_paid_content":false,"footnotes":"","jetpack_publicize_message":"","jetpack_publicize_feature_enabled":true,"jetpack_social_post_already_shared":true,"jetpack_social_options":{"image_generator_settings":{"template":"highway","default_image_id":0,"font":"","enabled":false},"version":2}},"categories":[8,3],"tags":[],"class_list":["post-19513","post","type-post","status-publish","format-standard","has-post-thumbnail","hentry","category-knjige","category-novosti"],"acf":{"facebook_opis":""},"jetpack_publicize_connections":[],"jetpack_featured_media_url":"https:\/\/i0.wp.com\/historiografija.hr\/wp-content\/uploads\/2020\/03\/franjo-josip-i-hrvati-u-prvome-svjetskom-ratu.jpeg?fit=300%2C430&ssl=1","jetpack_sharing_enabled":true,"jetpack-related-posts":[{"id":52528,"url":"https:\/\/historiografija.hr\/?p=52528","url_meta":{"origin":19513,"position":0},"title":"[Promocija knjige] Banja Luka u ratu: Etnopolitika i svakodnevica (1990\u20131995) (ActiveLab, YugoLab)","author":"Branimir Jankovi\u0107","date":"17. travnja 2026.","format":false,"excerpt":"Institut za filozofiju i dru\u0161tvenu teoriju i O\u0161tra Nula organizuju promociju knjige Banja Luka u ratu: Etnopolitika i svakodnevica (1990\u20131995) autorke Armine Galija\u0161, koja \u0107e se odr\u017eati 20. aprila 2026. u 12.00 sati u prostorijama Instituta (Kraljice Natalije 45, Beograd). Re\u010d je o prvom nau\u010dno utemeljenom i sistematskom radu koji\u2026","rel":"","context":"U &quot;Novosti&quot;","block_context":{"text":"Novosti","link":"https:\/\/historiografija.hr\/?cat=3"},"img":{"alt_text":"","src":"https:\/\/i0.wp.com\/historiografija.hr\/wp-content\/uploads\/2026\/04\/20-april-RS.jpg?fit=1200%2C675&ssl=1&resize=350%2C200","width":350,"height":200,"srcset":"https:\/\/i0.wp.com\/historiografija.hr\/wp-content\/uploads\/2026\/04\/20-april-RS.jpg?fit=1200%2C675&ssl=1&resize=350%2C200 1x, https:\/\/i0.wp.com\/historiografija.hr\/wp-content\/uploads\/2026\/04\/20-april-RS.jpg?fit=1200%2C675&ssl=1&resize=525%2C300 1.5x, https:\/\/i0.wp.com\/historiografija.hr\/wp-content\/uploads\/2026\/04\/20-april-RS.jpg?fit=1200%2C675&ssl=1&resize=700%2C400 2x, https:\/\/i0.wp.com\/historiografija.hr\/wp-content\/uploads\/2026\/04\/20-april-RS.jpg?fit=1200%2C675&ssl=1&resize=1050%2C600 3x"},"classes":[]},{"id":52499,"url":"https:\/\/historiografija.hr\/?p=52499","url_meta":{"origin":19513,"position":1},"title":"POTPISAN UGOVOR O ZNANSTVENO-ISTRA\u017dIVA\u010cKOJ SURADNJI: PROJEKT \u201eTEMELJI HRVATSKE SAMOSTALNOSTI\u201d","author":"Branimir Jankovi\u0107","date":"17. travnja 2026.","format":false,"excerpt":"Hrvatski institut za povijest, Sveu\u010dili\u0161te obrane i sigurnosti \u201eDr. Franjo Tu\u0111man\u201d, Institut dru\u0161tvenih znanosti Ivo Pilar i Hrvatski dr\u017eavni arhiv\u00a0potpisali su 23. o\u017eujka 2026.\u00a0Ugovor o znanstveno-istra\u017eiva\u010dkoj suradnji s ciljem provedbe projekta \u201eTemelji hrvatske samostalnosti\u201d. Tim projektom obuhva\u0107a se istra\u017eivanje arhivskoga gradiva, priprema znanstvenih publikacija, digitalizacija i javna prezentacija rezultata istra\u017eivanja\u2026","rel":"","context":"U &quot;Novosti&quot;","block_context":{"text":"Novosti","link":"https:\/\/historiografija.hr\/?cat=3"},"img":{"alt_text":"","src":"https:\/\/i0.wp.com\/historiografija.hr\/wp-content\/uploads\/2026\/04\/THS_sporazum.jpg?fit=1200%2C583&ssl=1&resize=350%2C200","width":350,"height":200,"srcset":"https:\/\/i0.wp.com\/historiografija.hr\/wp-content\/uploads\/2026\/04\/THS_sporazum.jpg?fit=1200%2C583&ssl=1&resize=350%2C200 1x, https:\/\/i0.wp.com\/historiografija.hr\/wp-content\/uploads\/2026\/04\/THS_sporazum.jpg?fit=1200%2C583&ssl=1&resize=525%2C300 1.5x, https:\/\/i0.wp.com\/historiografija.hr\/wp-content\/uploads\/2026\/04\/THS_sporazum.jpg?fit=1200%2C583&ssl=1&resize=700%2C400 2x, https:\/\/i0.wp.com\/historiografija.hr\/wp-content\/uploads\/2026\/04\/THS_sporazum.jpg?fit=1200%2C583&ssl=1&resize=1050%2C600 3x"},"classes":[]},{"id":52575,"url":"https:\/\/historiografija.hr\/?p=52575","url_meta":{"origin":19513,"position":2},"title":"Izlo\u017eba dje\u010djih radova \u201cU po\u010detku bija\u0161e crte\u017e\u2026\u201d","author":"Branimir Jankovi\u0107","date":"21. travnja 2026.","format":false,"excerpt":"U subotu, 25. travnja 2026. u 11 sati u Galeriji Klovi\u0107evi dvori sve\u010dano otvaramo izlo\u017ebu dje\u010djih radova pod nazivom U po\u010detku bija\u0161e crte\u017e\u2026 Radovi su nastali u sklopu likovnih radionica uz izlo\u017ebu U po\u010detku bija\u0161e kraljevstvo \u2013 izlo\u017eba povodom 1100 godina Hrvatskoga Kraljevstva. Na brojnim likovnim radionicama, uz \u0161kolsku djecu,\u2026","rel":"","context":"U &quot;Izlo\u017ebe&quot;","block_context":{"text":"Izlo\u017ebe","link":"https:\/\/historiografija.hr\/?cat=10"},"img":{"alt_text":"","src":"https:\/\/i0.wp.com\/historiografija.hr\/wp-content\/uploads\/2025\/10\/Klovicevi_sluzbeni-plakat.png?fit=840%2C1200&ssl=1&resize=350%2C200","width":350,"height":200,"srcset":"https:\/\/i0.wp.com\/historiografija.hr\/wp-content\/uploads\/2025\/10\/Klovicevi_sluzbeni-plakat.png?fit=840%2C1200&ssl=1&resize=350%2C200 1x, https:\/\/i0.wp.com\/historiografija.hr\/wp-content\/uploads\/2025\/10\/Klovicevi_sluzbeni-plakat.png?fit=840%2C1200&ssl=1&resize=525%2C300 1.5x, https:\/\/i0.wp.com\/historiografija.hr\/wp-content\/uploads\/2025\/10\/Klovicevi_sluzbeni-plakat.png?fit=840%2C1200&ssl=1&resize=700%2C400 2x"},"classes":[]},{"id":52502,"url":"https:\/\/historiografija.hr\/?p=52502","url_meta":{"origin":19513,"position":3},"title":"Novi znanstveni projekt Hrvatskog instituta za povijest: \u201c\u017drtve ratova i dr\u017eavnog\/politi\u010dkog nasilja u hrvatskoj povijesti 20. stolje\u0107a\u201d","author":"Branimir Jankovi\u0107","date":"17. travnja 2026.","format":false,"excerpt":"Na redovitoj sjednici Vlade RH, 16. travnja 2026., donijet je Zaklju\u010dak kojim se pokre\u0107e znanstveni projekt \u201c\u017drtve ratova i dr\u017eavnog\/politi\u010dkog nasilja u hrvatskoj povijesti 20. stolje\u0107a\u201d. Projekt \u0107e provoditi i koordinirati Hrvatski institut za povijest u razdoblju trajanja projekta od pet godina. Zakljucak Vlade RH Iz teksta projektnog prijedloga: Problematika\u2026","rel":"","context":"U &quot;Novosti&quot;","block_context":{"text":"Novosti","link":"https:\/\/historiografija.hr\/?cat=3"},"img":{"alt_text":"","src":"https:\/\/i0.wp.com\/historiografija.hr\/wp-content\/uploads\/2026\/04\/Vlada-RH.jpg?fit=1200%2C557&ssl=1&resize=350%2C200","width":350,"height":200,"srcset":"https:\/\/i0.wp.com\/historiografija.hr\/wp-content\/uploads\/2026\/04\/Vlada-RH.jpg?fit=1200%2C557&ssl=1&resize=350%2C200 1x, https:\/\/i0.wp.com\/historiografija.hr\/wp-content\/uploads\/2026\/04\/Vlada-RH.jpg?fit=1200%2C557&ssl=1&resize=525%2C300 1.5x, https:\/\/i0.wp.com\/historiografija.hr\/wp-content\/uploads\/2026\/04\/Vlada-RH.jpg?fit=1200%2C557&ssl=1&resize=700%2C400 2x, https:\/\/i0.wp.com\/historiografija.hr\/wp-content\/uploads\/2026\/04\/Vlada-RH.jpg?fit=1200%2C557&ssl=1&resize=1050%2C600 3x"},"classes":[]},{"id":52666,"url":"https:\/\/historiografija.hr\/?p=52666","url_meta":{"origin":19513,"position":4},"title":"Najava programa Festivala povijesti Kliofest (5-8. V. 2026)","author":"Branimir Jankovi\u0107","date":"24. travnja 2026.","format":false,"excerpt":"Po trinaesti put odr\u017eava se Festival povijesti Kliofest! Do petka \u0107emo odr\u017eati osam okruglih stolova i dva kolokvija te niz predstavljanja knjiga i projekata razli\u010dite tematike, od antike do suvremenosti. Bit \u0107e predstavljeno i nekoliko izlo\u017ebi te odr\u017ean jedan povijesni kviz. Prikazat \u0107emo i jedan film \u2013 o generalu Boroevi\u0107u.\u2026","rel":"","context":"U &quot;Novosti&quot;","block_context":{"text":"Novosti","link":"https:\/\/historiografija.hr\/?cat=3"},"img":{"alt_text":"","src":"https:\/\/i0.wp.com\/historiografija.hr\/wp-content\/uploads\/2026\/04\/Kliofest-2026.jpg?fit=526%2C526&ssl=1&resize=350%2C200","width":350,"height":200,"srcset":"https:\/\/i0.wp.com\/historiografija.hr\/wp-content\/uploads\/2026\/04\/Kliofest-2026.jpg?fit=526%2C526&ssl=1&resize=350%2C200 1x, https:\/\/i0.wp.com\/historiografija.hr\/wp-content\/uploads\/2026\/04\/Kliofest-2026.jpg?fit=526%2C526&ssl=1&resize=525%2C300 1.5x"},"classes":[]},{"id":52508,"url":"https:\/\/historiografija.hr\/?p=52508","url_meta":{"origin":19513,"position":5},"title":"Glazbena radionica \u201eDUGMETARA REVISITED\u201c","author":"Branimir Jankovi\u0107","date":"17. travnja 2026.","format":false,"excerpt":"DUGMETARA REVISITED glazbena radionica vodi: Ana Horvat 13., 20. i 27. travnja, od 18 do 20 sati Radiona, Nova cesta 186 Na tri radioni\u010dka susreta uranjamo u naslje\u0111e Dugmetare, biv\u0161e tvornice dugmadi na Savskoj cesti koja je po\u010detkom 2000-ih igrom slu\u010daja postala \u017eivo, jedinstveno mjesto glazbene proizvodnje. Svoje su probe\u2026","rel":"","context":"U &quot;Novosti&quot;","block_context":{"text":"Novosti","link":"https:\/\/historiografija.hr\/?cat=3"},"img":{"alt_text":"","src":"https:\/\/i0.wp.com\/historiografija.hr\/wp-content\/uploads\/2026\/04\/TRESNJA_TRESTI.jpg?fit=380%2C475&ssl=1&resize=350%2C200","width":350,"height":200},"classes":[]}],"_links":{"self":[{"href":"https:\/\/historiografija.hr\/index.php?rest_route=\/wp\/v2\/posts\/19513","targetHints":{"allow":["GET"]}}],"collection":[{"href":"https:\/\/historiografija.hr\/index.php?rest_route=\/wp\/v2\/posts"}],"about":[{"href":"https:\/\/historiografija.hr\/index.php?rest_route=\/wp\/v2\/types\/post"}],"author":[{"embeddable":true,"href":"https:\/\/historiografija.hr\/index.php?rest_route=\/wp\/v2\/users\/2"}],"replies":[{"embeddable":true,"href":"https:\/\/historiografija.hr\/index.php?rest_route=%2Fwp%2Fv2%2Fcomments&post=19513"}],"version-history":[{"count":1,"href":"https:\/\/historiografija.hr\/index.php?rest_route=\/wp\/v2\/posts\/19513\/revisions"}],"predecessor-version":[{"id":19515,"href":"https:\/\/historiografija.hr\/index.php?rest_route=\/wp\/v2\/posts\/19513\/revisions\/19515"}],"wp:featuredmedia":[{"embeddable":true,"href":"https:\/\/historiografija.hr\/index.php?rest_route=\/wp\/v2\/media\/19514"}],"wp:attachment":[{"href":"https:\/\/historiografija.hr\/index.php?rest_route=%2Fwp%2Fv2%2Fmedia&parent=19513"}],"wp:term":[{"taxonomy":"category","embeddable":true,"href":"https:\/\/historiografija.hr\/index.php?rest_route=%2Fwp%2Fv2%2Fcategories&post=19513"},{"taxonomy":"post_tag","embeddable":true,"href":"https:\/\/historiografija.hr\/index.php?rest_route=%2Fwp%2Fv2%2Ftags&post=19513"}],"curies":[{"name":"wp","href":"https:\/\/api.w.org\/{rel}","templated":true}]}}