{"id":19510,"date":"2020-03-06T17:24:26","date_gmt":"2020-03-06T17:24:26","guid":{"rendered":"http:\/\/historiografija.hr\/?p=19510"},"modified":"2020-03-06T17:24:26","modified_gmt":"2020-03-06T17:24:26","slug":"arne-karsten-der-untergang-der-welt-von-gester-wien-und-die-k-u-k-monarchie-1911-1919","status":"publish","type":"post","link":"https:\/\/historiografija.hr\/?p=19510","title":{"rendered":"Arne Karsten, \u201eDer Untergang der Welt von gester. Wien und die k.u.k. Monarchie 1911-1919\u201c"},"content":{"rendered":"<p>Die &#8220;Welt von gestern&#8221;, die mit dem Ersten Weltkrieg unterging, war voller innerer Widerspr\u00fcche und \u00e4u\u00dferer Spannungen und erschien doch im R\u00fcckblick als verlorenes Paradies. Die Sieger dieser Geschichte sind oft genannt und geh\u00f6rt worden. Doch was war mit den Verlierern, und welches k\u00fcnftige Unheil war in der neuen Welt schon im\u00a0 Keim angelegt?\u00a0 Arne Karsten erz\u00e4hlt in seinem gl\u00e4nzend geschriebenen Buch eine andere Geschichte des gro\u00dfen Epochenumbruchs jenseits der hohen Politik.<\/p>\n<p>&nbsp;<\/p>\n<p>Da ist zum Beispiel Stephanie Bachrach, die jugendliche Freundin Arthur Schnitzlers und geistspr\u00fchende Tochter eines j\u00fcdischen B\u00f6rsenmaklers in Wien. Nach Bankrott und Selbstmord des Vaters tritt die einstige Millionenerbin im Krieg als Krankenschwester in den Spitaldienst ein und nimmt sich 1917 das Leben &#8211; wie soviele junge Frauen ihrer Generation, denen ihre vertraute Welt weggebrochen war. Ihr Schicksal hat Schnitzler mit sensibler Aufmerksamkeit verfolgt, wie er \u00fcberhaupt ein brillanter Beobachter der gesellschaftlichen Krisen dieser Epoche war. Neben diesen beiden l\u00e4sst Arne Karsten eine F\u00fclle anderer Zeugen auftreten &#8211; Diplomaten, Milit\u00e4rs, Politiker, K\u00fcnstler der sp\u00e4ten k. u. k. Monarchie \u2013 und webt so das dichte Bild einer schillernden Epoche, die nicht nur in Wien, sondern in ganz Europa das b\u00fcrgerliche Zeitalter zu Grabe trug.<\/p>\n<p>&nbsp;<\/p>\n<p>C.H.Beck<\/p>\n<p>Erschienen am 14. M\u00e4rz 2019<\/p>\n<p>269 S., mit 18 Abbildungen und 4 Karten<\/p>\n<p>&nbsp;<\/p>\n<p><strong>Inhalt<\/strong><\/p>\n<p><em>Prolog<\/p>\n<p>1. Kapitel:<\/em><br \/>\n<em>Im Wien der sp\u00e4ten Kaiserzeit \u2013 Die h\u00f6here Tochter<\/em><br \/>\nDas Wien des Julius Bachrach<br \/>\nFamilie Schnitzler<br \/>\nDie lieben Kollegen<br \/>\n\u00d6sterreich von innen<br \/>\nDie Unerl\u00f6sten<\/p>\n<p><em>2. Kapitel:<br \/>\nBalkanwirren und die Folgen \u2013 Ein armes M\u00e4del<\/em><br \/>\nItalien stellt den Z\u00fcnder scharf<br \/>\n\u00abEs hat sich ja allerlei ereignet\u00bb<br \/>\nVenedig<br \/>\nDie Welt des alten Kaisers<br \/>\nVom deutschen Wesen<\/p>\n<p><em>3. Kapitel:<br \/>\nDer Weltenbrand \u2013 Krankenschwester im Krieg<\/em><br \/>\nEin Attentat und seine Vorgeschichte<br \/>\nDie England-Chiffre<br \/>\n\u00abSehr Krieg ist der Krieg hier!\u00bb<br \/>\nDie Armee des Franz Conrad von H\u00f6tzendorf<br \/>\nGedanken im Kriege<\/p>\n<p><em>4. Kapitel:<br \/>\nDem Ende entgegen \u2013 Zerr\u00fcttung<\/em><br \/>\nPropaganda<br \/>\n\u00d6sterreichs eigentlichster Krieg<br \/>\nDie Welt des jungen Kaisers<br \/>\n\u00abIch halt\u2019s nicht mehr lange aus\u00bb<br \/>\nVictor Zuckerkandls Krieg<\/p>\n<p><em>5. Kapitel:<br \/>\nSpiegelungen und Nachkl\u00e4nge<\/em><br \/>\nAbgesang auf eine Gro\u00dfmacht<br \/>\nVersailles und Wien<br \/>\nKritik und Selbstkritik<br \/>\nDie Stimmen der Verlierer<br \/>\nFr\u00e4ulein Else und ihre Schwestern<\/p>\n<p><em>Nachwort und Dank<\/p>\n<p>Anhang<\/em><br \/>\nAnmerkungen<br \/>\nBibliographie<br \/>\nBildnachweis<br \/>\nPersonenregister<\/p>\n<p>&nbsp;<\/p>\n<p><strong>Leseprobe<\/strong><\/p>\n<p><a href=\"https:\/\/www.chbeck.de\/karsten-untergang-welt-gestern\/product\/26568298\">https:\/\/www.chbeck.de\/karsten-untergang-welt-gestern\/product\/26568298<\/a><\/p>\n<p>&nbsp;<\/p>\n<p>&nbsp;<\/p>\n","protected":false},"excerpt":{"rendered":"","protected":false},"author":2,"featured_media":19511,"comment_status":"open","ping_status":"open","sticky":false,"template":"","format":"standard","meta":{"_acf_changed":false,"jetpack_post_was_ever_published":false,"_jetpack_newsletter_access":"","_jetpack_dont_email_post_to_subs":false,"_jetpack_newsletter_tier_id":0,"_jetpack_memberships_contains_paywalled_content":false,"_jetpack_memberships_contains_paid_content":false,"footnotes":"","jetpack_publicize_message":"","jetpack_publicize_feature_enabled":true,"jetpack_social_post_already_shared":true,"jetpack_social_options":{"image_generator_settings":{"template":"highway","default_image_id":0,"font":"","enabled":false},"version":2}},"categories":[8,3],"tags":[],"class_list":["post-19510","post","type-post","status-publish","format-standard","has-post-thumbnail","hentry","category-knjige","category-novosti"],"acf":{"facebook_opis":""},"jetpack_publicize_connections":[],"jetpack_featured_media_url":"https:\/\/i0.wp.com\/historiografija.hr\/wp-content\/uploads\/2020\/03\/Untergang.jpg?fit=1695%2C2610&ssl=1","jetpack_sharing_enabled":true,"jetpack-related-posts":[],"_links":{"self":[{"href":"https:\/\/historiografija.hr\/index.php?rest_route=\/wp\/v2\/posts\/19510","targetHints":{"allow":["GET"]}}],"collection":[{"href":"https:\/\/historiografija.hr\/index.php?rest_route=\/wp\/v2\/posts"}],"about":[{"href":"https:\/\/historiografija.hr\/index.php?rest_route=\/wp\/v2\/types\/post"}],"author":[{"embeddable":true,"href":"https:\/\/historiografija.hr\/index.php?rest_route=\/wp\/v2\/users\/2"}],"replies":[{"embeddable":true,"href":"https:\/\/historiografija.hr\/index.php?rest_route=%2Fwp%2Fv2%2Fcomments&post=19510"}],"version-history":[{"count":1,"href":"https:\/\/historiografija.hr\/index.php?rest_route=\/wp\/v2\/posts\/19510\/revisions"}],"predecessor-version":[{"id":19512,"href":"https:\/\/historiografija.hr\/index.php?rest_route=\/wp\/v2\/posts\/19510\/revisions\/19512"}],"wp:featuredmedia":[{"embeddable":true,"href":"https:\/\/historiografija.hr\/index.php?rest_route=\/wp\/v2\/media\/19511"}],"wp:attachment":[{"href":"https:\/\/historiografija.hr\/index.php?rest_route=%2Fwp%2Fv2%2Fmedia&parent=19510"}],"wp:term":[{"taxonomy":"category","embeddable":true,"href":"https:\/\/historiografija.hr\/index.php?rest_route=%2Fwp%2Fv2%2Fcategories&post=19510"},{"taxonomy":"post_tag","embeddable":true,"href":"https:\/\/historiografija.hr\/index.php?rest_route=%2Fwp%2Fv2%2Ftags&post=19510"}],"curies":[{"name":"wp","href":"https:\/\/api.w.org\/{rel}","templated":true}]}}