{"id":19490,"date":"2020-03-05T21:58:59","date_gmt":"2020-03-05T21:58:59","guid":{"rendered":"http:\/\/historiografija.hr\/?p=19490"},"modified":"2020-03-05T22:01:41","modified_gmt":"2020-03-05T22:01:41","slug":"daniela-simon-religion-und-gewalt-ostkroatien-und-nordbosnien-1941-1945","status":"publish","type":"post","link":"https:\/\/historiografija.hr\/?p=19490","title":{"rendered":"Daniela Simon, &#8220;Religion und Gewalt. Ostkroatien und Nordbosnien 1941\u20131945&#8221;"},"content":{"rendered":"<p>Izdava\u010d Franz Steiner objavio je 2019. godine u seriji Instituta f\u00fcr donauschw\u00e4bische Geschichte und Landeskunde knjigu Daniele Simon o odnosu religije i nasilja 1941-1945. na primjeru dviju regija u Nezavisnoj Dr\u017eavi Hrvatskoj.<\/p>\n<p>&nbsp;<\/p>\n<p>&#8212;<\/p>\n<p>&nbsp;<\/p>\n<p>Daniela Simon<\/p>\n<p><strong>Religion und Gewalt<\/strong><\/p>\n<p><strong>Ostkroatien und Nordbosnien 1941\u20131945<\/strong><\/p>\n<p>&nbsp;<\/p>\n<p>Franz Steiner Verlag<\/p>\n<p>Institut f\u00fcr donauschw\u00e4bische Geschichte und Landeskunde \u2013 Schriftenreihe<\/p>\n<p>2019.<\/p>\n<p>352 S.<\/p>\n<p>&nbsp;<\/p>\n<p>Religion als kognitive Struktur und gesellschaftliche Ordnungskraft kann das Gewaltgeschehen beeinflussen: Sie kann daher als eine Variable in ethnischen Auseinandersetzungen und Kriegen betrachtet werden. So waren im Zweiten Weltkrieg und an seinen Nebenschaupl\u00e4tzen die religi\u00f6sen Akteure sowohl Objekte als auch Subjekte der politischen Instrumentalisierung. Am Beispiel zweier Regionen im &#8220;Unabh\u00e4ngigen Staat Kroatien&#8221;, die von einer ausgepr\u00e4gten ethnischen und religi\u00f6sen Vielfalt gekennzeichnet waren, nimmt Daniela Simon jene Schnittstellen zwischen Gewalt und Religion in den Blick, die die komplexen Prozesse der Verfolgung, die Massenverbrechen und die Vertreibungen erkl\u00e4rbarer machen. In ihrer Analyse der Handlungen, der Situationen und der politischen und religi\u00f6sen Akteure unterschiedlicher Ebenen hinterfragt Simon dabei die g\u00e4ngigen Deutungen zum Usta\u0161a-Kroatien als einem &#8220;Satellitenstaat&#8221;, verdeutlicht in Analogie zum &#8220;Dritten Reich&#8221; ein Kompetenzwirrwarr und \u00c4mterchaos und entschleiert die Existenz mehrerer Machtzentren. Das thematische Feld des Buches reicht dabei von religi\u00f6sen Zwangskonversionen bis hin zu nationalsozialistischen Vereinnahmungen der religi\u00f6sen Traditionen und Akteure.<\/p>\n<p>&nbsp;<\/p>\n<p><strong>Daniela Simon<\/strong>, Studium der Neuesten Geschichte, Politikwissenschaft und Germanistik an der Universit\u00e4t Duisburg-Essen. Anschlie\u00dfend Promotion an der Philosophischen Fakult\u00e4t der Eberhard Karls Universit\u00e4t T\u00fcbingen; Stipendiatin der Bundesbeauftragten f\u00fcr Kultur und Medien, der Graduiertenf\u00f6rderung des Landes Baden-W\u00fcrttemberg und des Deutschen Akademischen Austauschdienstes. Zur Zeit wissenschaftliche Mitarbeiterin am Sonderforschungsbereich 923 &#8220;Bedrohte Ordnungen&#8221; an der Universit\u00e4t T\u00fcbingen.<\/p>\n<p>&nbsp;<\/p>\n<p><strong>Aus dem Inhalt<\/strong><\/p>\n<p>Vorwort | Einf\u00fchrung | Die \u201eJahrhundertaufgabe\u201c: Die Usta\u0161a und die r\u00f6mischkatholische Kirche zwischen nationaler Homo-genisierung und religi\u00f6ser Monopolstellung | Projekt Kirche: Die integrierende Funktion der Religion | Nicht nur Gott und Kroaten. Die NS-Politik und regionale Initiativen | Quellen und Literaturverzeichnis | Register<\/p>\n<p>&nbsp;<\/p>\n<p><a href=\"http:\/\/www.steiner-verlag.de\/reihe\/view\/titel\/61600.html\">http:\/\/www.steiner-verlag.de\/reihe\/view\/titel\/61600.html<\/a><\/p>\n<p>&nbsp;<\/p>\n<p>&#8212;<\/p>\n<p>&nbsp;<\/p>\n<p>Isti izdava\u010d objavio je 2019. godine knjigu:<\/p>\n<p>&nbsp;<\/p>\n<p>Mathias Beer (Hrsg.)<\/p>\n<p class=\"titel\"><strong>Krieg und Zwangsmigration in S\u00fcdosteuropa 1940\u20131950<\/strong><\/p>\n<p class=\"subtitel\"><strong>Pl\u00e4ne, Umsetzung, Folgen<\/strong><\/p>\n<p><a href=\"http:\/\/www.steiner-verlag.de\/reihe\/view\/titel\/61684.html\">http:\/\/www.steiner-verlag.de\/reihe\/view\/titel\/61684.html<\/a><\/p>\n<p>&nbsp;<\/p>\n<p>&nbsp;<\/p>\n<p>&nbsp;<\/p>\n","protected":false},"excerpt":{"rendered":"","protected":false},"author":2,"featured_media":19491,"comment_status":"open","ping_status":"open","sticky":false,"template":"","format":"standard","meta":{"_acf_changed":false,"jetpack_post_was_ever_published":false,"_jetpack_newsletter_access":"","_jetpack_dont_email_post_to_subs":false,"_jetpack_newsletter_tier_id":0,"_jetpack_memberships_contains_paywalled_content":false,"_jetpack_memberships_contains_paid_content":false,"footnotes":"","jetpack_publicize_message":"","jetpack_publicize_feature_enabled":true,"jetpack_social_post_already_shared":true,"jetpack_social_options":{"image_generator_settings":{"template":"highway","default_image_id":0,"font":"","enabled":false},"version":2}},"categories":[8,3],"tags":[],"class_list":["post-19490","post","type-post","status-publish","format-standard","has-post-thumbnail","hentry","category-knjige","category-novosti"],"acf":{"facebook_opis":""},"jetpack_publicize_connections":[],"jetpack_featured_media_url":"https:\/\/i0.wp.com\/historiografija.hr\/wp-content\/uploads\/2020\/03\/Simon.jpg?fit=1508%2C2120&ssl=1","jetpack_sharing_enabled":true,"jetpack-related-posts":[{"id":52613,"url":"https:\/\/historiografija.hr\/?p=52613","url_meta":{"origin":19490,"position":0},"title":"No\u0107 knjige u Hrvatskom dr\u017eavnom arhivu","author":"Branimir Jankovi\u0107","date":"22. travnja 2026.","format":false,"excerpt":"Predstavljanje knjige Rajke Bu\u0107in \u201dLije\u010denje i zbrinjavanje \u017didova u Bolnici sestara milosrdnica u Zagrebu 1941. \u2013 1945.\u201d u \u010detvrtak, 23. travnja 2026. u 13 sati u Hrvatskom dr\u017eavnom arhivu u Zagrebu. Izvor: https:\/\/www.arhiv.hr\/hr-hr\/Kulturno-prosvjetne-aktivnosti\/ArticleId\/1986\/oamid\/1633","rel":"","context":"U &quot;Novosti&quot;","block_context":{"text":"Novosti","link":"https:\/\/historiografija.hr\/?cat=3"},"img":{"alt_text":"","src":"https:\/\/i0.wp.com\/historiografija.hr\/wp-content\/uploads\/2026\/04\/noc_knjige_2026.jpg?fit=680%2C276&ssl=1&resize=350%2C200","width":350,"height":200,"srcset":"https:\/\/i0.wp.com\/historiografija.hr\/wp-content\/uploads\/2026\/04\/noc_knjige_2026.jpg?fit=680%2C276&ssl=1&resize=350%2C200 1x, https:\/\/i0.wp.com\/historiografija.hr\/wp-content\/uploads\/2026\/04\/noc_knjige_2026.jpg?fit=680%2C276&ssl=1&resize=525%2C300 1.5x"},"classes":[]},{"id":52505,"url":"https:\/\/historiografija.hr\/?p=52505","url_meta":{"origin":19490,"position":1},"title":"Izlo\u017eba &#8220;Eschenstock \/ Jasenov prut&#8221;","author":"Branimir Jankovi\u0107","date":"17. travnja 2026.","format":false,"excerpt":"Srpsko narodno vije\u0107e (SNV) i Vizura aperta postavljaju izlo\u017ebu \u0161vicarskog slikara Velimira Ili\u0161evi\u0107a: Eschenstock \/ Jasenov prut. Izlo\u017eba se uz prisustvo autora otvara povodom 81. godi\u0161njice proboja logora\u0161a iz usta\u0161kog logora smrti Jasenovac 22. aprila 2026. u 19 sati u Srpskom kulturnom centru (SKC) u Preradovi\u0107evoj ulici 21 u Zagrebu.\u2026","rel":"","context":"U &quot;Izlo\u017ebe&quot;","block_context":{"text":"Izlo\u017ebe","link":"https:\/\/historiografija.hr\/?cat=10"},"img":{"alt_text":"","src":"https:\/\/i0.wp.com\/historiografija.hr\/wp-content\/uploads\/2026\/04\/Jasenov_prut.jpg?fit=1024%2C640&ssl=1&resize=350%2C200","width":350,"height":200,"srcset":"https:\/\/i0.wp.com\/historiografija.hr\/wp-content\/uploads\/2026\/04\/Jasenov_prut.jpg?fit=1024%2C640&ssl=1&resize=350%2C200 1x, https:\/\/i0.wp.com\/historiografija.hr\/wp-content\/uploads\/2026\/04\/Jasenov_prut.jpg?fit=1024%2C640&ssl=1&resize=525%2C300 1.5x, https:\/\/i0.wp.com\/historiografija.hr\/wp-content\/uploads\/2026\/04\/Jasenov_prut.jpg?fit=1024%2C640&ssl=1&resize=700%2C400 2x"},"classes":[]},{"id":52631,"url":"https:\/\/historiografija.hr\/?p=52631","url_meta":{"origin":19490,"position":2},"title":"Predavanje Ivana Tepe\u0161a: Djelovanje hrvatske politi\u010dke emigracije","author":"Branimir Jankovi\u0107","date":"23. travnja 2026.","format":false,"excerpt":"Odjel za me\u0111unarodnu suradnju i iseljeni\u0161tvo Matice hrvatske Predavanje Ivana Tepe\u0161a: Djelovanje hrvatske politi\u010dke emigracije Utorak, 28. travnja 2026. u 18:00 sati, Dvorana Ljudevita Jonkea (Mala dvorana MH), Strossmayerov trg 4, Zagreb dr. sc. Ivan Tepe\u0161, Institut za istra\u017eivanje migracija Hrvatska politi\u010dka emigracija obilje\u017eila je polustoljetnu hrvatsku povijest u drugoj\u2026","rel":"","context":"U &quot;Novosti&quot;","block_context":{"text":"Novosti","link":"https:\/\/historiografija.hr\/?cat=3"},"img":{"alt_text":"","src":"","width":0,"height":0},"classes":[]}],"_links":{"self":[{"href":"https:\/\/historiografija.hr\/index.php?rest_route=\/wp\/v2\/posts\/19490","targetHints":{"allow":["GET"]}}],"collection":[{"href":"https:\/\/historiografija.hr\/index.php?rest_route=\/wp\/v2\/posts"}],"about":[{"href":"https:\/\/historiografija.hr\/index.php?rest_route=\/wp\/v2\/types\/post"}],"author":[{"embeddable":true,"href":"https:\/\/historiografija.hr\/index.php?rest_route=\/wp\/v2\/users\/2"}],"replies":[{"embeddable":true,"href":"https:\/\/historiografija.hr\/index.php?rest_route=%2Fwp%2Fv2%2Fcomments&post=19490"}],"version-history":[{"count":3,"href":"https:\/\/historiografija.hr\/index.php?rest_route=\/wp\/v2\/posts\/19490\/revisions"}],"predecessor-version":[{"id":19494,"href":"https:\/\/historiografija.hr\/index.php?rest_route=\/wp\/v2\/posts\/19490\/revisions\/19494"}],"wp:featuredmedia":[{"embeddable":true,"href":"https:\/\/historiografija.hr\/index.php?rest_route=\/wp\/v2\/media\/19491"}],"wp:attachment":[{"href":"https:\/\/historiografija.hr\/index.php?rest_route=%2Fwp%2Fv2%2Fmedia&parent=19490"}],"wp:term":[{"taxonomy":"category","embeddable":true,"href":"https:\/\/historiografija.hr\/index.php?rest_route=%2Fwp%2Fv2%2Fcategories&post=19490"},{"taxonomy":"post_tag","embeddable":true,"href":"https:\/\/historiografija.hr\/index.php?rest_route=%2Fwp%2Fv2%2Ftags&post=19490"}],"curies":[{"name":"wp","href":"https:\/\/api.w.org\/{rel}","templated":true}]}}