{"id":19448,"date":"2020-03-04T23:30:13","date_gmt":"2020-03-04T23:30:13","guid":{"rendered":"http:\/\/historiografija.hr\/?p=19448"},"modified":"2020-03-04T23:30:13","modified_gmt":"2020-03-04T23:30:13","slug":"75-years-after-wwii-peace-under-construction","status":"publish","type":"post","link":"https:\/\/historiografija.hr\/?p=19448","title":{"rendered":"75 years after WWII: Peace under Construction?"},"content":{"rendered":"<p>Look back, think ahead \u2013 this is the motto of the two linked events of histoCON 2020 organized by the Federal Agency for Civic Education\/Bundeszentrale f\u00fcr politische Bildung (bpb), funded by the Federal Foreign Office\/Ausw\u00e4rtiges Amt, from May 6-9, 2020 in Berlin. histoCON 2020 aims at two different target groups of different ages. It will not only commemorate the end of the war on the 8th of May, but also bring together 500 young people aged between 18 and 35 from all over the world, in order to discuss narratives about the Second World War, its continuing effects and lessons that can be drawn from its history. The central question of the event will be: <em>75 years after WWII: Peace under Construction? <\/em><\/p>\n<p>histoCON 2020 combines two events at the EUREF-Campus in Berlin-Sch\u00f6neberg: The <strong>histoCON <em>Laboratory <\/em><\/strong>as well as the <strong>histoCON <em>Campus<\/em><\/strong>.<\/p>\n<p>What are the differences, what are the similarities?<\/p>\n<p>In short: Although the two events aim at two different target groups, the events are closely interlinked and share common items on the programme.<\/p>\n<p>The <strong>histoCON <em>Laboratory <\/em><\/strong>addresses young people aged from 18 to 25 \u2013 called <em>Newcomers<\/em>. Altogether we\u2019ll have 250 young attendees from all over the world who, apart from their school education, had little or no contact with the discourse on the perspectives on World War II and its consequences. They will get the possibility to reflect on the significance of war and peace in past and present. The <em>Laboratory <\/em>will provide an opportunity to discuss topics related to war and peace in the context of World War II and to gain new insights into its history and aftermath.<\/p>\n<p>The <strong>histoCON <em>Campus<\/em><\/strong> addresses young people between the ages of 25 and 35 \u2013 called <em>Young Professionals<\/em>. These will be 250 participants with previous knowledge in the field of historical education, for whom the conference provides an opportunity to reflect on the significance of World War II for contemporary historical images and receptions, for historical learning and cultural projects. The programme includes high-quality contributions from the fields of science, education and culture and offers networking opportunities which may lead to new projects.<\/p>\n<p>Independent but not separated: The <em>Laboratory <\/em>and the <em>Campus <\/em>will be brought together at central points (e.g. opening, closing, meeting with well-known representatives from the fields of politics and science). Besides, <em>Young Professionals<\/em> of histoCON <em>Campus <\/em>organize certain programme items for the histoCON <em>Laboratory <\/em>event.<\/p>\n<p>The histoCON at a glance: A great opportunity for young people to discuss with their international peers the matter of war and peace in workshops, panel discussions, lectures, open spaces and excursions in Berlin \u2013 including the invitation to the German Federal Government\u2019s official commemoration ceremony on the 8th of May.<\/p>\n<p><strong>Topics<\/strong><\/p>\n<p>The two events <strong>histoCON <em>Laboratory <\/em><\/strong>and <strong>histoCON <em>Campus<\/em><\/strong> focus on three main topics:<\/p>\n<ul>\n<li><strong>After the Holocaust<\/strong><\/li>\n<li><strong>Global Memories of War<\/strong><\/li>\n<li><strong>Hopes for Peace, Liberty and Human Rights<\/strong><\/li>\n<\/ul>\n<p><strong>After the Holocaust<\/strong><br \/>\nThe history of the Holocaust is closely entangled with the history of World War II. Following the end of World War II, the full extent of the systematic murder of six million Jews in Europe by Nazi Germany was revealed to the global public. The primary objective of this thematic focus is to discuss cultures of Holocaust remembrance and to reflect upon the responsibilities placed on us both today and in the future. Due to its singularity, which distinguishes it from all other genocides and mass murders in history, there is always a certain amount of tension between the memory of the Holocaust and that of other groups victimised by the National Socialists. This thematic focus therefore also provides an opportunity to discuss the history and experiences of other victim groups in relation to the systematic murder of Jews (the Shoah) and to reflect on the term \u201cHolocaust.\u201d Here are some exemplary questions which will be dealt with in the different programme parts:<\/p>\n<ul>\n<li>What specific forms have survivor traumas taken \u2013 and how do these traumas affect future generations?<\/li>\n<li>How is the Holocaust commemorated in different countries around the world?<\/li>\n<li>What role did information policy and the media play at the time and what is the current situation in the digital age?<\/li>\n<li>How is remembrance likely to change, given the fact that there will soon be no more contemporary witnesses left?<\/li>\n<\/ul>\n<p><strong>Global Memories of War <\/strong><br \/>\nThe term \u201cWorld War\u201d is well chosen \u2013 various theatres of war encompassed the entire globe. Nevertheless, most people are only familiar with a small subset of events, namely those with the greatest relevance to their own respective countries, as it is those events that are communicated and commemorated in schools and public spaces. This thematic focus therefore emphasises the global significance of World War II, making clear that all six continents were affected in different ways. Europe, Asia, Africa, Australia, North- and South-America \u2013 they all have their own historical points of reference in the collective memories of various social groups as well as different cultures of remembrance. Multi-perspectivity will be the central aspect of this focus so as to facilitate an understanding of World War II as a global war. For this reason, this focus will encompass transnational approaches, the concept of entangled history and places of World War II that have been \u201coverlooked\u201d in European or national narratives. The following exemplary questions will be dealt with in the discussions:<\/p>\n<ul>\n<li>What is the significance of commemorating World War II in the respective country or region?<\/li>\n<li>Which historical-scientific insights have been gained about the development of the respective culture of remembrance?<\/li>\n<li>Which figures play a central role in remembrance (heroes, soldiers, victims, perpetrators, displaced persons)?<\/li>\n<li>What were the political and social consequences of the end of the War in different regions?<\/li>\n<\/ul>\n<p><strong>Hopes for Peace, Liberty and Human Rights<\/strong><br \/>\nNever again \u2013 this was the world community\u2019s greatest hope after a war that caused 55 to 70 million deaths, immense human suffering and a destruction of incomparable dimensions. The immediate post-war period was animated by the desire to build structures for more peace and cooperation \u2013 for example with the help of international institutions like the UN and the (Universal) Declaration of Human Rights. Also the establishing of what was later to become the EU was driven by this desire to avoid future wars on the continent. What is more: The Second World War has also long been regarded as a catalyst for the worldwide wave of decolonisation that began after 1945 \u2013 by fuelling aspirations for freedom and self-determination in the affected countries. Nevertheless, many hopes associated with the end of the War have never been realised. The emergence of human rights norms stagnated with the onset of the Cold War, and the massacre of S\u00e9tif in Algeria on the 8th of May 1945 demonstrates that not everyone associates peace with this date. Therefore, this thematic focus asks about the outcome of the dreams and hopes related to the end of World War II. Exemplary questions are:<\/p>\n<ul>\n<li>Where has the UN been successful and where has it failed?<\/li>\n<li>How might future wars look like and how could they be prevented (e.g. climate wars)?<\/li>\n<li>Which of the former colonies\u2019 aspirations were realised after the end of the war and which were not?<\/li>\n<li>What does Europe look like today? Is it still the peace project it originally started out as?<\/li>\n<\/ul>\n<p>&nbsp;<\/p>\n<p><a href=\"https:\/\/histocon.de\/about-histocon\/\">https:\/\/histocon.de\/about-histocon\/<\/a><\/p>\n<p><a href=\"https:\/\/histocon.de\/application\/\">https:\/\/histocon.de\/application\/<\/a><\/p>\n<p>&nbsp;<\/p>\n","protected":false},"excerpt":{"rendered":"","protected":false},"author":2,"featured_media":19449,"comment_status":"open","ping_status":"open","sticky":false,"template":"","format":"standard","meta":{"_acf_changed":false,"jetpack_post_was_ever_published":false,"_jetpack_newsletter_access":"","_jetpack_dont_email_post_to_subs":false,"_jetpack_newsletter_tier_id":0,"_jetpack_memberships_contains_paywalled_content":false,"_jetpack_memberships_contains_paid_content":false,"footnotes":"","jetpack_publicize_message":"","jetpack_publicize_feature_enabled":true,"jetpack_social_post_already_shared":true,"jetpack_social_options":{"image_generator_settings":{"template":"highway","default_image_id":0,"font":"","enabled":false},"version":2}},"categories":[3,9],"tags":[],"class_list":["post-19448","post","type-post","status-publish","format-standard","has-post-thumbnail","hentry","category-novosti","category-skupovi"],"acf":{"facebook_opis":""},"jetpack_publicize_connections":[],"jetpack_featured_media_url":"https:\/\/i0.wp.com\/historiografija.hr\/wp-content\/uploads\/2020\/03\/histoCON.png?fit=1980%2C849&ssl=1","jetpack_sharing_enabled":true,"jetpack-related-posts":[{"id":52580,"url":"https:\/\/historiografija.hr\/?p=52580","url_meta":{"origin":19448,"position":0},"title":"Conference &#8220;Living in the aftermaths: Trauma, politics and survival in Yugoslavia and successor states, 1945 \u2013 present&#8221;","author":"Branimir Jankovi\u0107","date":"21. travnja 2026.","format":false,"excerpt":"The conference aims to explore how war-related psychological distress was experienced, narrated, debated and reframed in Yugoslavia in the second half of the twentieth century. It asks how the theme of wounded psyche and wartime suffering was addressed and acknowledged in political, psychiatric and broader cultural discourses of socialist Yugoslavia,\u2026","rel":"","context":"U &quot;Novosti&quot;","block_context":{"text":"Novosti","link":"https:\/\/historiografija.hr\/?cat=3"},"img":{"alt_text":"","src":"https:\/\/i0.wp.com\/historiografija.hr\/wp-content\/uploads\/2026\/04\/Battle_of_Neretva_Picasso_poster-Conference-Living-in-the-aftermaths.webp?fit=564%2C954&ssl=1&resize=350%2C200","width":350,"height":200,"srcset":"https:\/\/i0.wp.com\/historiografija.hr\/wp-content\/uploads\/2026\/04\/Battle_of_Neretva_Picasso_poster-Conference-Living-in-the-aftermaths.webp?fit=564%2C954&ssl=1&resize=350%2C200 1x, https:\/\/i0.wp.com\/historiografija.hr\/wp-content\/uploads\/2026\/04\/Battle_of_Neretva_Picasso_poster-Conference-Living-in-the-aftermaths.webp?fit=564%2C954&ssl=1&resize=525%2C300 1.5x"},"classes":[]},{"id":52531,"url":"https:\/\/historiografija.hr\/?p=52531","url_meta":{"origin":19448,"position":1},"title":"Jonathan G. Leslie, \u201eFear and Insecurity: Israel and the Iran Threat Narrative\u201c","author":"Branimir Jankovi\u0107","date":"17. travnja 2026.","format":false,"excerpt":"Why is Israel\u2019s former ally Iran now perceived as the country\u2019s greatest threat? Description To observers of the Iran-Israel conflict, its vitriolic rhetoric might suggest an ancient hatred between Jews and Muslims\u2013a biblical feud dating back hundreds, or thousands, of years. But this rivalry is a far more modern development.\u2026","rel":"","context":"U &quot;Knjige&quot;","block_context":{"text":"Knjige","link":"https:\/\/historiografija.hr\/?cat=8"},"img":{"alt_text":"","src":"https:\/\/i0.wp.com\/historiografija.hr\/wp-content\/uploads\/2026\/04\/Leslie.jpg?fit=391%2C612&ssl=1&resize=350%2C200","width":350,"height":200},"classes":[]},{"id":52625,"url":"https:\/\/historiografija.hr\/?p=52625","url_meta":{"origin":19448,"position":2},"title":"Omer Bartov, \u201eIsrael: What Went Wrong?\u201c","author":"Branimir Jankovi\u0107","date":"23. travnja 2026.","format":false,"excerpt":"Professor Omer Bartov was born on a kibbutz, grew up in Tel Aviv and served in the Israel Defence Forces during the Yom Kippur War. He went on to become an expert on the German army and the Holocaust, before turning his attention to his native country.In Israel: What Went\u2026","rel":"","context":"U &quot;Knjige&quot;","block_context":{"text":"Knjige","link":"https:\/\/historiografija.hr\/?cat=8"},"img":{"alt_text":"","src":"https:\/\/i0.wp.com\/historiografija.hr\/wp-content\/uploads\/2026\/04\/Bartov.jpeg?fit=320%2C500&ssl=1&resize=350%2C200","width":350,"height":200},"classes":[]},{"id":52622,"url":"https:\/\/historiografija.hr\/?p=52622","url_meta":{"origin":19448,"position":3},"title":"Annual CAPONEU conference: Political Novel in Europe Between Democracy and Authoritarianism","author":"Branimir Jankovi\u0107","date":"23. travnja 2026.","format":false,"excerpt":"Caponeu event 22.04.2026 - 24.04.2026 Location: The Faculty of Polish and Classical Philology AMU (Fredry 10, Pozna\u0144)Organized by: Tomasz Mizerkiewicz, Krystyna Pieni\u0105\u017cek-Markovi\u0107, Anna Gawarecka, Ewa Szperlik, Magda Potok, B\u0142a\u017cej Warkocki, Gerard Ronge (all Adam Mickiewicz University in Pozna\u0144)Contact: gerron@amu.edu.pl The Adam Mickiewicz University team, as part of the international CAPONEU\u2026","rel":"","context":"U &quot;Novosti&quot;","block_context":{"text":"Novosti","link":"https:\/\/historiografija.hr\/?cat=3"},"img":{"alt_text":"","src":"https:\/\/i0.wp.com\/historiografija.hr\/wp-content\/uploads\/2026\/04\/Caponeu-political-novel.jpg?fit=500%2C261&ssl=1&resize=350%2C200","width":350,"height":200},"classes":[]},{"id":52520,"url":"https:\/\/historiografija.hr\/?p=52520","url_meta":{"origin":19448,"position":4},"title":"Predstavljanje knjige &#8220;Socialist Economics in Yugoslavia: A Critical History&#8221; u Zagrebu","author":"Branimir Jankovi\u0107","date":"17. travnja 2026.","format":false,"excerpt":"Pozivamo vas na predstavljanje knjige \"Socialist Economics in Yugoslavia: A Critical History\", autora Mislava \u00a0\u017ditka i Marka Grde\u0161i\u0107a (Routledge, 2026). Na predstavljanju \u0107e govoriti Branko Milanovi\u0107 (CUNY), Milica Uvali\u0107 (EUI), Zdravko Petak (FPZG) te autori.\u00a0 Predstavljanje \u0107e se odr\u017eati u srijedu 22. travnja u 16:00 sati na Fakultetu politi\u010dkih znanosti\u2026","rel":"","context":"U &quot;Novosti&quot;","block_context":{"text":"Novosti","link":"https:\/\/historiografija.hr\/?cat=3"},"img":{"alt_text":"","src":"https:\/\/i0.wp.com\/historiografija.hr\/wp-content\/uploads\/2026\/04\/Poziv-na-predstavljanje.png?fit=800%2C652&ssl=1&resize=350%2C200","width":350,"height":200,"srcset":"https:\/\/i0.wp.com\/historiografija.hr\/wp-content\/uploads\/2026\/04\/Poziv-na-predstavljanje.png?fit=800%2C652&ssl=1&resize=350%2C200 1x, https:\/\/i0.wp.com\/historiografija.hr\/wp-content\/uploads\/2026\/04\/Poziv-na-predstavljanje.png?fit=800%2C652&ssl=1&resize=525%2C300 1.5x, https:\/\/i0.wp.com\/historiografija.hr\/wp-content\/uploads\/2026\/04\/Poziv-na-predstavljanje.png?fit=800%2C652&ssl=1&resize=700%2C400 2x"},"classes":[]},{"id":52439,"url":"https:\/\/historiografija.hr\/?p=52439","url_meta":{"origin":19448,"position":5},"title":"Tribina &#8220;Ahmi\u0107i 33 godine kasnije: Ne u na\u0161e ime&#8221;","author":"Branimir Jankovi\u0107","date":"16. travnja 2026.","format":false,"excerpt":"U \u010detvrtak, 16. travnja 2026. u 17 sati u Knji\u017enici i \u010ditaonici Bogdana Ogrizovi\u0107a u Zagrebu odr\u017eat \u0107e se tribina pod nazivom Ahmi\u0107i 33 godine kasnije: Ne u na\u0161e ime. Na tribini \u0107e govoriti Ivica \u0110iki\u0107, novinar, Mubera Masli\u0107 \u2013 \u017ddralovi\u0107, aktivistikinja, prevoditeljica za arapski, Domagoj Fuk, student politologije, \u010dlan\u2026","rel":"","context":"U &quot;Novosti&quot;","block_context":{"text":"Novosti","link":"https:\/\/historiografija.hr\/?cat=3"},"img":{"alt_text":"","src":"https:\/\/i0.wp.com\/historiografija.hr\/wp-content\/uploads\/2026\/04\/Zagreb_2026.jpeg?fit=1200%2C900&ssl=1&resize=350%2C200","width":350,"height":200,"srcset":"https:\/\/i0.wp.com\/historiografija.hr\/wp-content\/uploads\/2026\/04\/Zagreb_2026.jpeg?fit=1200%2C900&ssl=1&resize=350%2C200 1x, https:\/\/i0.wp.com\/historiografija.hr\/wp-content\/uploads\/2026\/04\/Zagreb_2026.jpeg?fit=1200%2C900&ssl=1&resize=525%2C300 1.5x, https:\/\/i0.wp.com\/historiografija.hr\/wp-content\/uploads\/2026\/04\/Zagreb_2026.jpeg?fit=1200%2C900&ssl=1&resize=700%2C400 2x, https:\/\/i0.wp.com\/historiografija.hr\/wp-content\/uploads\/2026\/04\/Zagreb_2026.jpeg?fit=1200%2C900&ssl=1&resize=1050%2C600 3x"},"classes":[]}],"_links":{"self":[{"href":"https:\/\/historiografija.hr\/index.php?rest_route=\/wp\/v2\/posts\/19448","targetHints":{"allow":["GET"]}}],"collection":[{"href":"https:\/\/historiografija.hr\/index.php?rest_route=\/wp\/v2\/posts"}],"about":[{"href":"https:\/\/historiografija.hr\/index.php?rest_route=\/wp\/v2\/types\/post"}],"author":[{"embeddable":true,"href":"https:\/\/historiografija.hr\/index.php?rest_route=\/wp\/v2\/users\/2"}],"replies":[{"embeddable":true,"href":"https:\/\/historiografija.hr\/index.php?rest_route=%2Fwp%2Fv2%2Fcomments&post=19448"}],"version-history":[{"count":1,"href":"https:\/\/historiografija.hr\/index.php?rest_route=\/wp\/v2\/posts\/19448\/revisions"}],"predecessor-version":[{"id":19450,"href":"https:\/\/historiografija.hr\/index.php?rest_route=\/wp\/v2\/posts\/19448\/revisions\/19450"}],"wp:featuredmedia":[{"embeddable":true,"href":"https:\/\/historiografija.hr\/index.php?rest_route=\/wp\/v2\/media\/19449"}],"wp:attachment":[{"href":"https:\/\/historiografija.hr\/index.php?rest_route=%2Fwp%2Fv2%2Fmedia&parent=19448"}],"wp:term":[{"taxonomy":"category","embeddable":true,"href":"https:\/\/historiografija.hr\/index.php?rest_route=%2Fwp%2Fv2%2Fcategories&post=19448"},{"taxonomy":"post_tag","embeddable":true,"href":"https:\/\/historiografija.hr\/index.php?rest_route=%2Fwp%2Fv2%2Ftags&post=19448"}],"curies":[{"name":"wp","href":"https:\/\/api.w.org\/{rel}","templated":true}]}}