{"id":19409,"date":"2020-03-02T12:07:06","date_gmt":"2020-03-02T12:07:06","guid":{"rendered":"http:\/\/historiografija.hr\/?p=19409"},"modified":"2020-03-03T11:10:48","modified_gmt":"2020-03-03T11:10:48","slug":"thierry-terret-histoire-du-sport","status":"publish","type":"post","link":"https:\/\/historiografija.hr\/?p=19409","title":{"rendered":"Thierry Terret, &#8220;Histoire du sport&#8221;"},"content":{"rendered":"<p>Francuski izdava\u010d Puf objavio je 2019. godine knjigu povjesni\u010dara Thierryja Terreta o povijesti sporta &#8220;Histoire du sport&#8221;, koja sadr\u017ei i poglavlje kako istra\u017eivati povijest sporta, \u0161to dodatno svjedo\u010di o etabliranju povijesti sporta kao novog podru\u010dja suvremene historiografije.<\/p>\n<p>&nbsp;<\/p>\n<p>&#8212;<\/p>\n<p>&nbsp;<\/p>\n<p><strong>Histoire du sport<\/strong><\/p>\n<p>Thierry Terret<\/p>\n<p>&nbsp;<\/p>\n<p>Collection: <strong>Que sais-je?<\/strong><\/p>\n<p>Discipline: Histoire et Art<\/p>\n<p>Cat\u00e9gorie: Livre<\/p>\n<p>Date de parution: 17\/04\/2019<\/p>\n<p>&nbsp;<\/p>\n<p><strong>R\u00e9sum\u00e9<\/strong><\/p>\n<p>Le sport, tel que nous le concevons aujourd\u2019hui, avec ses r\u00e8gles, ses techniques, ses pratiques et ses pratiquants, ses repr\u00e9sentations et ses institutions, ses records et ses valeurs, trouve sa gen\u00e8se dans l\u2019Angleterre en pleine r\u00e9volution industrielle du XVIII<sup>e\u00a0<\/sup>si\u00e8cle. Les pratiques plus anciennes r\u00e9pondaient \u00e0 des fonctions militaires, \u00e9ducatives ou sacr\u00e9es et ne sauraient \u00eatre assimil\u00e9es aux logiques sportives contemporaines qui oscillent entre traditions, poids du march\u00e9 et enjeux politiques.<br \/>\nDepuis les <em>public schools<\/em> jusqu\u2019\u00e0 Zin\u00e9dine Zidane, Thierry Terret retrace l\u2019histoire du sport et montre comment l\u2019\u00e9tude de ce qui constitue une v\u00e9ritable culture de masse offre l\u2019un des meilleurs miroirs de notre soci\u00e9t\u00e9.<\/p>\n<p>&nbsp;<\/p>\n<p>&nbsp;<\/p>\n<p><strong>Caract\u00e9ristiques<\/strong><\/p>\n<p>Nombre de pages:\u00a0128<\/p>\n<p>Code ISBN:\u00a0978-2-13-081721-5<\/p>\n<p>Num\u00e9ro de tome:\u00a0337<\/p>\n<p>Num\u00e9ro d&#8217;\u00e9dition:\u00a06<\/p>\n<p>Format 11.5 x 17.6 cm<\/p>\n<p>&nbsp;<\/p>\n<p><strong>Sommaire<\/strong><\/p>\n<p>Introduction &#8211;\u00a0<strong>D\u00e9finition et d\u00e9limitation<\/strong><br \/>\nI. Filiations ?<br \/>\nII. Mots et significations<\/p>\n<p>Chapitre premier &#8211;\u00a0<strong>Gen\u00e8se et prime diffusion du sport moderne (XVIII<sup>e<\/sup>-XIX<sup>e<\/sup>\u00a0si\u00e8cles)<\/strong><br \/>\nI. Les passe-temps des gentlemen-farmers<br \/>\nII. L\u2019action des <em>public schools<\/em><br \/>\nIII. \u00c9thique de l\u2019amateur et logique du gain<br \/>\nIV. Sport et imp\u00e9rialisme<br \/>\nV. Mod\u00e8les d\u2019interpr\u00e9tation<\/p>\n<p>Chapitre II &#8211; <strong>Les r\u00e9sistances du mod\u00e8le gymnique<\/strong><br \/>\nI. Gymnastiques commerciales et hygi\u00e9niques<br \/>\nII. L\u2019USGF et la Nation<br \/>\nIII. Fonctionnement et sociabilit\u00e9<\/p>\n<p>Chapitre III &#8211;\u00a0<strong>Implantation et institutionnalisation du sport en France (1870-1914)<\/strong><br \/>\nI. L\u2019implantation des \u00ab\u00a0sports anglais\u00a0\u00bb<br \/>\nII. Pratiques et sociabilit\u00e9<br \/>\nIII. La diffusion du mod\u00e8le sportif<br \/>\nIV. Pierre de Coubertin et les Jeux Olympiques modernes<\/p>\n<p>Chapitre IV &#8211;\u00a0<strong>Diffusion et mutations id\u00e9ologiques (1914-1939)<\/strong><br \/>\nI. Le sport au front et \u00e0 l\u2019arri\u00e8re<br \/>\nII. Un nouveau paysage institutionnel<br \/>\nIII. Pratiques et spectacles<br \/>\nIV. Sport et mouvement affinitaire<br \/>\nV. Sport et nationalismes<\/p>\n<p>Chapitre V &#8211;\u00a0<strong>Le sport, l\u2019\u00c9tat et la conqu\u00eate des masses (1939-1975)<\/strong><br \/>\nI. Vichy et le sport<br \/>\nII. Les \u00ab\u00a0Trente Glorieuses\u00a0\u00bb et la d\u00e9mocratisation du sport<br \/>\nIII. Le sport et la guerre froide<br \/>\nIV. Le r\u00f4le de l\u2019\u00c9tat de l\u2019Ordonnance de 1945 \u00e0 la loi Mazeaud de 1975<\/p>\n<p>Chapitre VI &#8211;\u00a0<strong>Sport et mondialisation (1975-2012)<\/strong><br \/>\nI. La nouvelle \u00e9conomie du sport<br \/>\nII. Valeurs du sport<br \/>\nIII. Sport et politique<br \/>\nIV. Sport et in\u00e9galit\u00e9s<br \/>\nV. Les grands \u00e9v\u00e9nements internationaux en France\u00a0: un concentr\u00e9 d&#8217;enjeux<\/p>\n<p>Chapitre VII &#8211;\u00a0<strong>Faire l\u2019histoire du sport<\/strong><br \/>\nI. Historiographie<br \/>\nII. Objets et m\u00e9thodes<br \/>\nIII. Les sources de l\u2019histoire du sport<br \/>\nIV. Historiens du sport<\/p>\n<p><strong>Conclusion<br \/>\nBibliographie<\/strong><\/p>\n<p><strong>\u00a0<\/strong><\/p>\n<p><strong>Autour de l&#8217;auteur<\/strong><\/p>\n<p>Ancien recteur, Thierry Terret est d\u00e9l\u00e9gu\u00e9 minist\u00e9riel aux Jeux olympiques et paralympiques.<\/p>\n<p>&nbsp;<\/p>\n<p><a href=\"https:\/\/www.puf.com\/content\/Histoire_du_sport_2\">https:\/\/www.puf.com\/content\/Histoire_du_sport_2<\/a><\/p>\n<p>&nbsp;<\/p>\n<p>&nbsp;<\/p>\n<p>&nbsp;<\/p>\n","protected":false},"excerpt":{"rendered":"","protected":false},"author":2,"featured_media":19410,"comment_status":"open","ping_status":"open","sticky":false,"template":"","format":"standard","meta":{"_acf_changed":false,"jetpack_post_was_ever_published":false,"_jetpack_newsletter_access":"","_jetpack_dont_email_post_to_subs":false,"_jetpack_newsletter_tier_id":0,"_jetpack_memberships_contains_paywalled_content":false,"_jetpack_memberships_contains_paid_content":false,"footnotes":"","jetpack_publicize_message":"","jetpack_publicize_feature_enabled":true,"jetpack_social_post_already_shared":true,"jetpack_social_options":{"image_generator_settings":{"template":"highway","default_image_id":0,"font":"","enabled":false},"version":2}},"categories":[8,3],"tags":[],"class_list":["post-19409","post","type-post","status-publish","format-standard","has-post-thumbnail","hentry","category-knjige","category-novosti"],"acf":{"facebook_opis":""},"jetpack_publicize_connections":[],"jetpack_featured_media_url":"https:\/\/i0.wp.com\/historiografija.hr\/wp-content\/uploads\/2020\/03\/Terret.jpg?fit=291%2C446&ssl=1","jetpack_sharing_enabled":true,"jetpack-related-posts":[{"id":52666,"url":"https:\/\/historiografija.hr\/?p=52666","url_meta":{"origin":19409,"position":0},"title":"Najava programa Festivala povijesti Kliofest (5-8. V. 2026)","author":"Branimir Jankovi\u0107","date":"24. travnja 2026.","format":false,"excerpt":"Po trinaesti put odr\u017eava se Festival povijesti Kliofest! Do petka \u0107emo odr\u017eati osam okruglih stolova i dva kolokvija te niz predstavljanja knjiga i projekata razli\u010dite tematike, od antike do suvremenosti. Bit \u0107e predstavljeno i nekoliko izlo\u017ebi te odr\u017ean jedan povijesni kviz. Prikazat \u0107emo i jedan film \u2013 o generalu Boroevi\u0107u.\u2026","rel":"","context":"U &quot;Novosti&quot;","block_context":{"text":"Novosti","link":"https:\/\/historiografija.hr\/?cat=3"},"img":{"alt_text":"","src":"https:\/\/i0.wp.com\/historiografija.hr\/wp-content\/uploads\/2026\/04\/Kliofest-2026.jpg?fit=526%2C526&ssl=1&resize=350%2C200","width":350,"height":200,"srcset":"https:\/\/i0.wp.com\/historiografija.hr\/wp-content\/uploads\/2026\/04\/Kliofest-2026.jpg?fit=526%2C526&ssl=1&resize=350%2C200 1x, https:\/\/i0.wp.com\/historiografija.hr\/wp-content\/uploads\/2026\/04\/Kliofest-2026.jpg?fit=526%2C526&ssl=1&resize=525%2C300 1.5x"},"classes":[]},{"id":52646,"url":"https:\/\/historiografija.hr\/?p=52646","url_meta":{"origin":19409,"position":1},"title":"5. MALI FESTIVAL POVIJESTI U LASTOVU","author":"Branimir Jankovi\u0107","date":"24. travnja 2026.","format":false,"excerpt":"Peti Mali festival povijesti odr\u017eava se od 25. do 27. travnja 2026. na Lastovu, u suradnji Zavoda za povijesne znanosti HAZU u Dubrovniku, Op\u0107ine Lastovo i Turisti\u010dke zajednice te uz potporu Dubrova\u010dko-neretvanske \u017eupanije. Predavanja: Dr. sc. Jasna \u010capo \u201eKu\u0107a kao zalog budu\u0107nosti i most izme\u0111u iseljenika i domovine\u201c Dr. sc.\u2026","rel":"","context":"U &quot;Novosti&quot;","block_context":{"text":"Novosti","link":"https:\/\/historiografija.hr\/?cat=3"},"img":{"alt_text":"","src":"https:\/\/i0.wp.com\/historiografija.hr\/wp-content\/uploads\/2026\/04\/Lastovo.jpg?fit=1200%2C700&ssl=1&resize=350%2C200","width":350,"height":200,"srcset":"https:\/\/i0.wp.com\/historiografija.hr\/wp-content\/uploads\/2026\/04\/Lastovo.jpg?fit=1200%2C700&ssl=1&resize=350%2C200 1x, https:\/\/i0.wp.com\/historiografija.hr\/wp-content\/uploads\/2026\/04\/Lastovo.jpg?fit=1200%2C700&ssl=1&resize=525%2C300 1.5x, https:\/\/i0.wp.com\/historiografija.hr\/wp-content\/uploads\/2026\/04\/Lastovo.jpg?fit=1200%2C700&ssl=1&resize=700%2C400 2x, https:\/\/i0.wp.com\/historiografija.hr\/wp-content\/uploads\/2026\/04\/Lastovo.jpg?fit=1200%2C700&ssl=1&resize=1050%2C600 3x"},"classes":[]},{"id":52502,"url":"https:\/\/historiografija.hr\/?p=52502","url_meta":{"origin":19409,"position":2},"title":"Novi znanstveni projekt Hrvatskog instituta za povijest: \u201c\u017drtve ratova i dr\u017eavnog\/politi\u010dkog nasilja u hrvatskoj povijesti 20. stolje\u0107a\u201d","author":"Branimir Jankovi\u0107","date":"17. travnja 2026.","format":false,"excerpt":"Na redovitoj sjednici Vlade RH, 16. travnja 2026., donijet je Zaklju\u010dak kojim se pokre\u0107e znanstveni projekt \u201c\u017drtve ratova i dr\u017eavnog\/politi\u010dkog nasilja u hrvatskoj povijesti 20. stolje\u0107a\u201d. Projekt \u0107e provoditi i koordinirati Hrvatski institut za povijest u razdoblju trajanja projekta od pet godina. Zakljucak Vlade RH Iz teksta projektnog prijedloga: Problematika\u2026","rel":"","context":"U &quot;Novosti&quot;","block_context":{"text":"Novosti","link":"https:\/\/historiografija.hr\/?cat=3"},"img":{"alt_text":"","src":"https:\/\/i0.wp.com\/historiografija.hr\/wp-content\/uploads\/2026\/04\/Vlada-RH.jpg?fit=1200%2C557&ssl=1&resize=350%2C200","width":350,"height":200,"srcset":"https:\/\/i0.wp.com\/historiografija.hr\/wp-content\/uploads\/2026\/04\/Vlada-RH.jpg?fit=1200%2C557&ssl=1&resize=350%2C200 1x, https:\/\/i0.wp.com\/historiografija.hr\/wp-content\/uploads\/2026\/04\/Vlada-RH.jpg?fit=1200%2C557&ssl=1&resize=525%2C300 1.5x, https:\/\/i0.wp.com\/historiografija.hr\/wp-content\/uploads\/2026\/04\/Vlada-RH.jpg?fit=1200%2C557&ssl=1&resize=700%2C400 2x, https:\/\/i0.wp.com\/historiografija.hr\/wp-content\/uploads\/2026\/04\/Vlada-RH.jpg?fit=1200%2C557&ssl=1&resize=1050%2C600 3x"},"classes":[]},{"id":52681,"url":"https:\/\/historiografija.hr\/?p=52681","url_meta":{"origin":19409,"position":3},"title":"XIII. Festival povijesti Kliofest 2026.","author":"Branimir Jankovi\u0107","date":"27. travnja 2026.","format":false,"excerpt":"Trinaesti Festival povijesti Kliofest odr\u017eava se od 5. do 8. svibnja 2026. u Nacionalnoj i sveu\u010dili\u0161noj knji\u017enici u Zagrebu, kao i na nekoliko drugih lokacija u gradu. Cjelokupni program nalazi se u programskoj knji\u017eici u nastavku. Kliofest 2026_ProgramPreuzmi","rel":"","context":"U &quot;Prikazi i osvrti&quot;","block_context":{"text":"Prikazi i osvrti","link":"https:\/\/historiografija.hr\/?cat=4"},"img":{"alt_text":"","src":"","width":0,"height":0},"classes":[]},{"id":52669,"url":"https:\/\/historiografija.hr\/?p=52669","url_meta":{"origin":19409,"position":4},"title":"Predavanje Igora Dude &#8220;Odmor kao \u017eivotna potreba: o slobodnom vremenu u socijalisti\u010dkoj Jugoslaviji&#8221;","author":"Branimir Jankovi\u0107","date":"27. travnja 2026.","format":false,"excerpt":"U sklopu proljetnog ciklusa programa\u00a0Kriti\u010dka dramaturgija: pauza, u\u00a0subotu, 25. travnja 2026. u 19 sati\u00a0u prostoru Udru\u017eenja hrvatskih arhitekata povjesni\u010dar Igor Duda\u00a0odr\u017eao je predavanje naslovljeno\u00a0Odmor kao \u017eivotna potreba: o slobodnom vremenu u socijalisti\u010dkoj Jugoslaviji. Industrijalizacija i urbanizacija dru\u0161tava u povijesti su zna\u010dile i prelazak s predindustrijskog na industrijsko shva\u0107anje vremena. Ono\u2026","rel":"","context":"U &quot;Novosti&quot;","block_context":{"text":"Novosti","link":"https:\/\/historiografija.hr\/?cat=3"},"img":{"alt_text":"","src":"https:\/\/i0.wp.com\/historiografija.hr\/wp-content\/uploads\/2026\/04\/Duda.png?fit=1200%2C628&ssl=1&resize=350%2C200","width":350,"height":200,"srcset":"https:\/\/i0.wp.com\/historiografija.hr\/wp-content\/uploads\/2026\/04\/Duda.png?fit=1200%2C628&ssl=1&resize=350%2C200 1x, https:\/\/i0.wp.com\/historiografija.hr\/wp-content\/uploads\/2026\/04\/Duda.png?fit=1200%2C628&ssl=1&resize=525%2C300 1.5x, https:\/\/i0.wp.com\/historiografija.hr\/wp-content\/uploads\/2026\/04\/Duda.png?fit=1200%2C628&ssl=1&resize=700%2C400 2x, https:\/\/i0.wp.com\/historiografija.hr\/wp-content\/uploads\/2026\/04\/Duda.png?fit=1200%2C628&ssl=1&resize=1050%2C600 3x"},"classes":[]},{"id":52654,"url":"https:\/\/historiografija.hr\/?p=52654","url_meta":{"origin":19409,"position":5},"title":"Gostuju\u0107e predavanje &#8211; Danijel D\u017eino \u201eKasnoanti\u010dke i ranosrednjovjekovne gra\u0111evine u Brezi: Spomenici nepotpune biografije\u201c","author":"Branimir Jankovi\u0107","date":"24. travnja 2026.","format":false,"excerpt":"Doktorski studij predmoderne povijesti poziva na predavanje \"Kasnoanti\u010dke i ranosrednjovjekovne gra\u0111evine u Brezi: Spomenici nepotpune biografije\u201d koje \u0107e odr\u017eati profesor Danijel D\u017eino sa Sveu\u010dili\u0161ta Macquarie u Sydneyu u\u00a0utorak 28. travnja 2026. u 17h u Konferencijskoj dvorani Knji\u017enice Filozofskog fakulteta u Zagrebu. Predavanje \u0107e predo\u010diti nova saznanja dobivena kroz arhivsko-dokumentarna istra\u017eivanja\u2026","rel":"","context":"U &quot;Novosti&quot;","block_context":{"text":"Novosti","link":"https:\/\/historiografija.hr\/?cat=3"},"img":{"alt_text":"","src":"https:\/\/i0.wp.com\/historiografija.hr\/wp-content\/uploads\/2026\/04\/Dzino.jpg?fit=980%2C819&ssl=1&resize=350%2C200","width":350,"height":200,"srcset":"https:\/\/i0.wp.com\/historiografija.hr\/wp-content\/uploads\/2026\/04\/Dzino.jpg?fit=980%2C819&ssl=1&resize=350%2C200 1x, https:\/\/i0.wp.com\/historiografija.hr\/wp-content\/uploads\/2026\/04\/Dzino.jpg?fit=980%2C819&ssl=1&resize=525%2C300 1.5x, https:\/\/i0.wp.com\/historiografija.hr\/wp-content\/uploads\/2026\/04\/Dzino.jpg?fit=980%2C819&ssl=1&resize=700%2C400 2x"},"classes":[]}],"_links":{"self":[{"href":"https:\/\/historiografija.hr\/index.php?rest_route=\/wp\/v2\/posts\/19409","targetHints":{"allow":["GET"]}}],"collection":[{"href":"https:\/\/historiografija.hr\/index.php?rest_route=\/wp\/v2\/posts"}],"about":[{"href":"https:\/\/historiografija.hr\/index.php?rest_route=\/wp\/v2\/types\/post"}],"author":[{"embeddable":true,"href":"https:\/\/historiografija.hr\/index.php?rest_route=\/wp\/v2\/users\/2"}],"replies":[{"embeddable":true,"href":"https:\/\/historiografija.hr\/index.php?rest_route=%2Fwp%2Fv2%2Fcomments&post=19409"}],"version-history":[{"count":2,"href":"https:\/\/historiografija.hr\/index.php?rest_route=\/wp\/v2\/posts\/19409\/revisions"}],"predecessor-version":[{"id":19440,"href":"https:\/\/historiografija.hr\/index.php?rest_route=\/wp\/v2\/posts\/19409\/revisions\/19440"}],"wp:featuredmedia":[{"embeddable":true,"href":"https:\/\/historiografija.hr\/index.php?rest_route=\/wp\/v2\/media\/19410"}],"wp:attachment":[{"href":"https:\/\/historiografija.hr\/index.php?rest_route=%2Fwp%2Fv2%2Fmedia&parent=19409"}],"wp:term":[{"taxonomy":"category","embeddable":true,"href":"https:\/\/historiografija.hr\/index.php?rest_route=%2Fwp%2Fv2%2Fcategories&post=19409"},{"taxonomy":"post_tag","embeddable":true,"href":"https:\/\/historiografija.hr\/index.php?rest_route=%2Fwp%2Fv2%2Ftags&post=19409"}],"curies":[{"name":"wp","href":"https:\/\/api.w.org\/{rel}","templated":true}]}}