{"id":19399,"date":"2020-03-02T11:21:16","date_gmt":"2020-03-02T11:21:16","guid":{"rendered":"http:\/\/historiografija.hr\/?p=19399"},"modified":"2020-03-02T11:21:16","modified_gmt":"2020-03-02T11:21:16","slug":"izlozba-igra-sporta-i-umjetnosti","status":"publish","type":"post","link":"https:\/\/historiografija.hr\/?p=19399","title":{"rendered":"Izlo\u017eba \u201cIgra sporta i umjetnosti\u201d"},"content":{"rendered":"<p>Od 6. velja\u010de do 22. o\u017eujka 2020. u prostoru Galerije Prsten i Galerije PM Doma hrvatskih likovnih umjetnika u Zagrebu otvorena je izlo\u017eba \u2018\u2019Igra sporta i umjetnosti\u201d, kojom se najavljuje stalni postav Hrvatskog \u0161portskog muzeja.<\/p>\n<p>Hrvatski \u0161portski muzej, u partnerstvu s Akademijom likovnih umjetnosti iz Zagreba i Hrvatskim dru\u0161tvom likovnih umjetnika, predstavit \u0107e opse\u017ean izlo\u017ebeni projekt, koji postaje \u00a0mjesto susreta sporta, obrazovanja, kulture i umjetnosti, koji \u0107e kroz dva dijela svjedo\u010diti o povezanosti umjetnosti i sporta<\/p>\n<p>Prvi dio izlo\u017ebe prezentira razvoj sporta i primijenjene umjetnosti u podru\u010dju sporta od vremena pokretanja organiziranih sportskih aktivnosti u Hrvatskoj do suvremenih dana, dok druga cjelina izlo\u017ebe prikazuje sport kao profesiju i kao \u0161iroko rasprostranjenu zdravu rekreativnu aktivnost, a ujedno i inspiraciju za nastajanje umjetni\u010dkih djela suvremenih likovnih i vizualnih umjetnika.<\/p>\n<p>Na izlo\u017ebi \u0107e biti predstavljen \u0161irok spektar izlo\u017eaka \u2013 od muzejskih, koji spajaju tragove povijesti i pri\u010daju pri\u010du o razvoju sporta, do umjetni\u010dkih djela koja komentiraju, opisuju osobna iskustva i govore o spoju mogu\u0107nosti razli\u010ditih kreativnih igara sporta i umjetnosti.<\/p>\n<p>U prvom dijelu izlo\u017ebe Hrvatski \u0161portski muzej izla\u017ee predmete iz vlastitog fundusa koji su vrijedni primjeri primijenjene umjetnosti i dizajna u podru\u010dju sporta, prije svega medalje, plakate, diplome i skulpture koji su se dodjeljivali kao nagrade. Njihovo vizualno oblikovanje ostvarilo je sna\u017ean utjecaj na promociju pojedinih sportskih doga\u0111aja i op\u0107enito percepciju sporta u dru\u0161tvu. Veliki broj predmeta nije bio dostupan javnosti i izla\u017ee se po prvi put, a mnogi od njih zauzet \u0107e istaknuto mjesto u budu\u0107em postavu koji \u0107e prezentirati razvoj i najve\u0107e uspjehe hrvatskog sporta i tjelovje\u017ebe. Na izlo\u017ebi su prezentirani radovi preko 50 umjetnika i dizajnera od kojih su mnogi obilje\u017eili svoje razdoblje u razvoju hrvatske umjetnosti, pa je zanimljivo promatrati njihove radove iz rakursa sportske tematike. Me\u0111u njima se nalaze i najve\u0107a imena hrvatske umjetnosti \u00a0poput Frange\u0161a, Kerdi\u0107a i Me\u0161trovi\u0107a, ali i umjetnika poput Strani\u0107a koji su gotovo cijeli svoj opus posvetili sportu.<\/p>\n<p>Pregled razvoja umjetnosti u podru\u010dju sporta u Hrvatskoj prezentiran je kronolo\u0161ki, od kraja 19. stolje\u0107a, u \u010detiri \u00a0cjeline prema prekretnicama u hrvatskoj povijesti koje su imale presudan zna\u010daj za dru\u0161tvo \u0161to se reflektiralo na sport i umjetnost. U zasebnim cjelinama prezentirani su predmeti vezani za sokolski pokret i olimpizam.<\/p>\n<p>Hrvatski \u0161portski muzej djeluje preko 70 godina u raznim ustrojstvenim oblicima, od 2003. godine kao nacionalna muzejska institucija pod okriljem Ministarstva kulture i sustavno prikuplja najvrjedniju nacionalnu ba\u0161tinu iz podru\u010dja hrvatskog sporta i tjelovje\u017ebe.<\/p>\n<p>U drugom dijelu izlo\u017ebe predstavljeni su radovi \u00a0hrvatskih likovnih umjetnika na temu sporta. Predstavljena umjetni\u010dka djela govore o strasti i ushitu, koji povezuju odgovor na pitanje za\u0161to su sport i umjetnost najva\u017enija kreativna zabava i unutarnja promjena u suvremenom civilizacijskom okru\u017eenju i europskoj tradiciji.<\/p>\n<p>Od najmla\u0111e generacije do akademika, umjetnici kroz svoje iskustvo sportske aktivnosti, kroz sportove koje su trenirali, kroz dnevnu sportsku rekreaciju u kojoj u\u017eivaju, prenose iskustvo u svoja umjetni\u010dka djela koja govore o strasti, osobnim stavovima, rekreaciji, \u010darobnim sje\u0107anjima na stare stadione, prijenosima sportskih natjecanja na crno bijelim televizorima, \u010daroliji natjecanja i radosti dru\u017eenja.<\/p>\n<p>Predstavljeni umjetnici: Grgur Akrap, Tomislav Buntak, Ivan Fijoli\u0107, Martina Grani\u0107 i Martina Miholi\u0107, Svjetlan Junakovi\u0107, Marin Marini\u0107, Bojan Mr\u0111enovi\u0107 i \u00a0Stipan Tadi\u0107, Zoltan Novak, Ivan Posavec, Josip Ron\u010devi\u0107, Maja Ro\u017eman, Matko Veki\u0107, Zlatan Vrkljan, Mio Vesovi\u0107<\/p>\n<p>&nbsp;<\/p>\n<p><strong>POPRATNI PROGRAM:<\/strong><\/p>\n<p>Stru\u010dna vodstva kroz izlo\u017ebu:<br \/>\nTijekom trajanja izlo\u017ebe, svake srijede u 17.30, organizirat \u0107e se stru\u010dno vodstvo kroz izlo\u017ebu. Okupljanje za vodstvo je ispred Galerije Ba\u010dva Doma hrvatskih likovnih umjetnika, Trg \u017ertava fa\u0161izma 16, Zagreb. Vodstva su besplatna uz predo\u010denje ulaznice.<br \/>\nZa grupe ve\u0107e od 10 posjetitelja ili izvan navedenog termina, molimo poslati prethodni upit na tajnistvo@hdlu.hr<\/p>\n<p>&nbsp;<\/p>\n<p><a href=\"http:\/\/www.hdlu.hr\/wp-content\/uploads\/2020\/01\/Igre-izme\u0111u-sporta-i-umjetnosti-\u017deljko-Marciju\u0161-1.docx\">Igre izme\u0111u sporta i umjetnosti \u2013 \u017deljko Marciju\u0161<\/a><\/p>\n<p><a href=\"http:\/\/www.hdlu.hr\/wp-content\/uploads\/2020\/01\/Igra-sporta-i-umjetnosti-Marijan-Sutlovi\u0107-.docx\">Igra sporta i umjetnosti \u2013 Marijan Sutlovi\u0107<\/a><\/p>\n<p><a href=\"http:\/\/www.hdlu.hr\/wp-content\/uploads\/2020\/01\/Igrali\u0161te-\u017eelja-sport-i-umjetnost-Tomislav-Buntak-1.docx\">Igrali\u0161te \u017eelja, sport i umjetnost \u2013 Tomislav Buntak<\/a><\/p>\n<p>&nbsp;<\/p>\n<p><strong>RADNO VRIJEME:<\/strong><\/p>\n<p><strong>srijeda \u2013 petak 11 do 19h<\/strong><strong><br \/>\nsubota i nedjelja 10 do 18h<\/strong><br \/>\nponedjeljkom, utorkom zatvoreno<\/p>\n<p>&nbsp;<\/p>\n<p>Izvor i dodatne informacije:<\/p>\n<p><a href=\"http:\/\/www.hdlu.hr\/2020\/01\/izlozba-igra-sporta-i-umjetnosti\/\">http:\/\/www.hdlu.hr\/2020\/01\/izlozba-igra-sporta-i-umjetnosti\/<\/a><\/p>\n<p><a href=\"https:\/\/www.jutarnji.hr\/kultura\/art\/otvorenje-izlozbe-igra-sporta-i-umjetnosti-mestrovic-warhol-antonini-i-tadic-u-sluzbi-sporta\/9939970\/\">https:\/\/www.jutarnji.hr\/kultura\/art\/otvorenje-izlozbe-igra-sporta-i-umjetnosti-mestrovic-warhol-antonini-i-tadic-u-sluzbi-sporta\/9939970\/<\/a><\/p>\n<p>&nbsp;<\/p>\n<p>&nbsp;<\/p>\n","protected":false},"excerpt":{"rendered":"","protected":false},"author":2,"featured_media":19400,"comment_status":"open","ping_status":"open","sticky":false,"template":"","format":"standard","meta":{"_acf_changed":false,"jetpack_post_was_ever_published":false,"_jetpack_newsletter_access":"","_jetpack_dont_email_post_to_subs":false,"_jetpack_newsletter_tier_id":0,"_jetpack_memberships_contains_paywalled_content":false,"_jetpack_memberships_contains_paid_content":false,"footnotes":"","jetpack_publicize_message":"","jetpack_publicize_feature_enabled":true,"jetpack_social_post_already_shared":true,"jetpack_social_options":{"image_generator_settings":{"template":"highway","default_image_id":0,"font":"","enabled":false},"version":2}},"categories":[10,3],"tags":[],"class_list":["post-19399","post","type-post","status-publish","format-standard","has-post-thumbnail","hentry","category-izlozbe","category-novosti"],"acf":{"facebook_opis":""},"jetpack_publicize_connections":[],"jetpack_featured_media_url":"https:\/\/i0.wp.com\/historiografija.hr\/wp-content\/uploads\/2020\/03\/igre-sporta.jpg?fit=680%2C972&ssl=1","jetpack_sharing_enabled":true,"jetpack-related-posts":[{"id":52578,"url":"https:\/\/historiografija.hr\/?p=52578","url_meta":{"origin":19399,"position":0},"title":"Poziv za sudjelovanje: XXII. Dani Julija Bene\u0161i\u0107a u Iloku","author":"Branimir Jankovi\u0107","date":"21. travnja 2026.","format":false,"excerpt":"Zavod za lingvisti\u010dka istra\u017eivanja Hrvatske akademije znanosti i umjetnosti, zajedno s Muzejom grada Iloka, organizira XXII. Dane Julija Bene\u0161i\u0107a, koji \u0107e se odr\u017eati od 28. do 30. listopada 2026. u Iloku.\u00a0Teme ovogodi\u0161njih Dana podijeljene su u dvije cjeline: Knji\u017eevno-jezikoslovni d\u00ecv\u0101n s Bene\u0161i\u0107em te Ilok i Srijem u povijesnim stalnicama i\u2026","rel":"","context":"U &quot;Novosti&quot;","block_context":{"text":"Novosti","link":"https:\/\/historiografija.hr\/?cat=3"},"img":{"alt_text":"","src":"https:\/\/i0.wp.com\/historiografija.hr\/wp-content\/uploads\/2019\/10\/HE2_Benesic.jpg?fit=413%2C591&ssl=1&resize=350%2C200","width":350,"height":200},"classes":[]},{"id":52563,"url":"https:\/\/historiografija.hr\/?p=52563","url_meta":{"origin":19399,"position":1},"title":"Predavanje Nenada Fabijani\u0107a o stadionu Poljud u Splitu","author":"Branimir Jankovi\u0107","date":"21. travnja 2026.","format":false,"excerpt":"Znanstveno vije\u0107e za arhitekturu, urbanizam i ure\u0111enje prostora Hrvatske akademije znanosti i umjetnosti organizira predavanje \u201cPo Poljudu\u201d koje \u0107e u srijedu 22. travnja 2026. s po\u010detkom u 14 sati u Knji\u017enici HAZU, Strossmayerov trg 14 u Zagrebu, odr\u017eati\u00a0prof. emerit. dr. art. Nenad Fabijani\u0107,\u00a0\u010dlan suradnik HAZU. Predavanje \u201ePo Poljudu\u201c (Projekt obnove)\u2026","rel":"","context":"U &quot;Novosti&quot;","block_context":{"text":"Novosti","link":"https:\/\/historiografija.hr\/?cat=3"},"img":{"alt_text":"","src":"https:\/\/i0.wp.com\/historiografija.hr\/wp-content\/uploads\/2026\/04\/Poljud-scaled.jpeg?fit=1200%2C800&ssl=1&resize=350%2C200","width":350,"height":200,"srcset":"https:\/\/i0.wp.com\/historiografija.hr\/wp-content\/uploads\/2026\/04\/Poljud-scaled.jpeg?fit=1200%2C800&ssl=1&resize=350%2C200 1x, https:\/\/i0.wp.com\/historiografija.hr\/wp-content\/uploads\/2026\/04\/Poljud-scaled.jpeg?fit=1200%2C800&ssl=1&resize=525%2C300 1.5x, https:\/\/i0.wp.com\/historiografija.hr\/wp-content\/uploads\/2026\/04\/Poljud-scaled.jpeg?fit=1200%2C800&ssl=1&resize=700%2C400 2x, https:\/\/i0.wp.com\/historiografija.hr\/wp-content\/uploads\/2026\/04\/Poljud-scaled.jpeg?fit=1200%2C800&ssl=1&resize=1050%2C600 3x"},"classes":[]},{"id":52511,"url":"https:\/\/historiografija.hr\/?p=52511","url_meta":{"origin":19399,"position":2},"title":"Izlo\u017eba &#8220;Lica Sljemena&#8221;","author":"Branimir Jankovi\u0107","date":"17. travnja 2026.","format":false,"excerpt":"Srda\u010dno vas pozivamo na otvorenje izlo\u017ebe Lica Sljemena koje \u0107e se odr\u017eati u srijedu 22. travnja 2026. u 18 h ispred Muzeja Prigorja (Trg Dragutina Domjani\u0107a 5, Sesvete). Izlo\u017eba proizlazi iz istra\u017eivanja Nevene \u0160krbi\u0107 Alempijevi\u0107, Petre Kelemen i Sanje Potkonjak te intervjua sa Sljemena\u0161icama i Sljemena\u0161ima, koji su provedeni u\u2026","rel":"","context":"U &quot;Izlo\u017ebe&quot;","block_context":{"text":"Izlo\u017ebe","link":"https:\/\/historiografija.hr\/?cat=10"},"img":{"alt_text":"","src":"https:\/\/i0.wp.com\/historiografija.hr\/wp-content\/uploads\/2026\/04\/Izlozba-Lica-Sljemena.png?fit=1080%2C686&ssl=1&resize=350%2C200","width":350,"height":200,"srcset":"https:\/\/i0.wp.com\/historiografija.hr\/wp-content\/uploads\/2026\/04\/Izlozba-Lica-Sljemena.png?fit=1080%2C686&ssl=1&resize=350%2C200 1x, https:\/\/i0.wp.com\/historiografija.hr\/wp-content\/uploads\/2026\/04\/Izlozba-Lica-Sljemena.png?fit=1080%2C686&ssl=1&resize=525%2C300 1.5x, https:\/\/i0.wp.com\/historiografija.hr\/wp-content\/uploads\/2026\/04\/Izlozba-Lica-Sljemena.png?fit=1080%2C686&ssl=1&resize=700%2C400 2x, https:\/\/i0.wp.com\/historiografija.hr\/wp-content\/uploads\/2026\/04\/Izlozba-Lica-Sljemena.png?fit=1080%2C686&ssl=1&resize=1050%2C600 3x"},"classes":[]},{"id":52760,"url":"https:\/\/historiografija.hr\/?p=52760","url_meta":{"origin":19399,"position":3},"title":"Izlo\u017eba \u201cLo\u0161injski brodovi, njihove zastave i ljudi\u201d, 4. svibnja u 19h","author":"Filip \u0160imunjak","date":"30. travnja 2026.","format":false,"excerpt":"Hrvatski pomorski muzej Split, Glagolja\u0161a 18 (Tvr\u0111ava Gripe) Nakon \u0161to je u rujnu 2025. godine na otoku Lo\u0161inju, u suradnji Lo\u0161injskog muzeja i Hrvatskog pomorskog muzeja Split, predstavljena izlo\u017eba posve\u0107ena bogatoj pomorskoj ba\u0161tini otoka, njezino pro\u0161ireno izdanje postavlja se u Splitu. Uo\u010di blagdana svetog Dujma splitskoj \u0107e se publici predstaviti\u2026","rel":"","context":"U &quot;Izlo\u017ebe&quot;","block_context":{"text":"Izlo\u017ebe","link":"https:\/\/historiografija.hr\/?cat=10"},"img":{"alt_text":"","src":"https:\/\/i0.wp.com\/historiografija.hr\/wp-content\/uploads\/2026\/04\/Losinjski-brodovi-Izlozba-1-scaled.webp?fit=840%2C1200&ssl=1&resize=350%2C200","width":350,"height":200,"srcset":"https:\/\/i0.wp.com\/historiografija.hr\/wp-content\/uploads\/2026\/04\/Losinjski-brodovi-Izlozba-1-scaled.webp?fit=840%2C1200&ssl=1&resize=350%2C200 1x, https:\/\/i0.wp.com\/historiografija.hr\/wp-content\/uploads\/2026\/04\/Losinjski-brodovi-Izlozba-1-scaled.webp?fit=840%2C1200&ssl=1&resize=525%2C300 1.5x, https:\/\/i0.wp.com\/historiografija.hr\/wp-content\/uploads\/2026\/04\/Losinjski-brodovi-Izlozba-1-scaled.webp?fit=840%2C1200&ssl=1&resize=700%2C400 2x"},"classes":[]},{"id":52505,"url":"https:\/\/historiografija.hr\/?p=52505","url_meta":{"origin":19399,"position":4},"title":"Izlo\u017eba &#8220;Eschenstock \/ Jasenov prut&#8221;","author":"Branimir Jankovi\u0107","date":"17. travnja 2026.","format":false,"excerpt":"Srpsko narodno vije\u0107e (SNV) i Vizura aperta postavljaju izlo\u017ebu \u0161vicarskog slikara Velimira Ili\u0161evi\u0107a: Eschenstock \/ Jasenov prut. Izlo\u017eba se uz prisustvo autora otvara povodom 81. godi\u0161njice proboja logora\u0161a iz usta\u0161kog logora smrti Jasenovac 22. aprila 2026. u 19 sati u Srpskom kulturnom centru (SKC) u Preradovi\u0107evoj ulici 21 u Zagrebu.\u2026","rel":"","context":"U &quot;Izlo\u017ebe&quot;","block_context":{"text":"Izlo\u017ebe","link":"https:\/\/historiografija.hr\/?cat=10"},"img":{"alt_text":"","src":"https:\/\/i0.wp.com\/historiografija.hr\/wp-content\/uploads\/2026\/04\/Jasenov_prut.jpg?fit=1024%2C640&ssl=1&resize=350%2C200","width":350,"height":200,"srcset":"https:\/\/i0.wp.com\/historiografija.hr\/wp-content\/uploads\/2026\/04\/Jasenov_prut.jpg?fit=1024%2C640&ssl=1&resize=350%2C200 1x, https:\/\/i0.wp.com\/historiografija.hr\/wp-content\/uploads\/2026\/04\/Jasenov_prut.jpg?fit=1024%2C640&ssl=1&resize=525%2C300 1.5x, https:\/\/i0.wp.com\/historiografija.hr\/wp-content\/uploads\/2026\/04\/Jasenov_prut.jpg?fit=1024%2C640&ssl=1&resize=700%2C400 2x"},"classes":[]},{"id":52575,"url":"https:\/\/historiografija.hr\/?p=52575","url_meta":{"origin":19399,"position":5},"title":"Izlo\u017eba dje\u010djih radova \u201cU po\u010detku bija\u0161e crte\u017e\u2026\u201d","author":"Branimir Jankovi\u0107","date":"21. travnja 2026.","format":false,"excerpt":"U subotu, 25. travnja 2026. u 11 sati u Galeriji Klovi\u0107evi dvori sve\u010dano otvaramo izlo\u017ebu dje\u010djih radova pod nazivom U po\u010detku bija\u0161e crte\u017e\u2026 Radovi su nastali u sklopu likovnih radionica uz izlo\u017ebu U po\u010detku bija\u0161e kraljevstvo \u2013 izlo\u017eba povodom 1100 godina Hrvatskoga Kraljevstva. Na brojnim likovnim radionicama, uz \u0161kolsku djecu,\u2026","rel":"","context":"U &quot;Izlo\u017ebe&quot;","block_context":{"text":"Izlo\u017ebe","link":"https:\/\/historiografija.hr\/?cat=10"},"img":{"alt_text":"","src":"https:\/\/i0.wp.com\/historiografija.hr\/wp-content\/uploads\/2025\/10\/Klovicevi_sluzbeni-plakat.png?fit=840%2C1200&ssl=1&resize=350%2C200","width":350,"height":200,"srcset":"https:\/\/i0.wp.com\/historiografija.hr\/wp-content\/uploads\/2025\/10\/Klovicevi_sluzbeni-plakat.png?fit=840%2C1200&ssl=1&resize=350%2C200 1x, https:\/\/i0.wp.com\/historiografija.hr\/wp-content\/uploads\/2025\/10\/Klovicevi_sluzbeni-plakat.png?fit=840%2C1200&ssl=1&resize=525%2C300 1.5x, https:\/\/i0.wp.com\/historiografija.hr\/wp-content\/uploads\/2025\/10\/Klovicevi_sluzbeni-plakat.png?fit=840%2C1200&ssl=1&resize=700%2C400 2x"},"classes":[]}],"_links":{"self":[{"href":"https:\/\/historiografija.hr\/index.php?rest_route=\/wp\/v2\/posts\/19399","targetHints":{"allow":["GET"]}}],"collection":[{"href":"https:\/\/historiografija.hr\/index.php?rest_route=\/wp\/v2\/posts"}],"about":[{"href":"https:\/\/historiografija.hr\/index.php?rest_route=\/wp\/v2\/types\/post"}],"author":[{"embeddable":true,"href":"https:\/\/historiografija.hr\/index.php?rest_route=\/wp\/v2\/users\/2"}],"replies":[{"embeddable":true,"href":"https:\/\/historiografija.hr\/index.php?rest_route=%2Fwp%2Fv2%2Fcomments&post=19399"}],"version-history":[{"count":1,"href":"https:\/\/historiografija.hr\/index.php?rest_route=\/wp\/v2\/posts\/19399\/revisions"}],"predecessor-version":[{"id":19401,"href":"https:\/\/historiografija.hr\/index.php?rest_route=\/wp\/v2\/posts\/19399\/revisions\/19401"}],"wp:featuredmedia":[{"embeddable":true,"href":"https:\/\/historiografija.hr\/index.php?rest_route=\/wp\/v2\/media\/19400"}],"wp:attachment":[{"href":"https:\/\/historiografija.hr\/index.php?rest_route=%2Fwp%2Fv2%2Fmedia&parent=19399"}],"wp:term":[{"taxonomy":"category","embeddable":true,"href":"https:\/\/historiografija.hr\/index.php?rest_route=%2Fwp%2Fv2%2Fcategories&post=19399"},{"taxonomy":"post_tag","embeddable":true,"href":"https:\/\/historiografija.hr\/index.php?rest_route=%2Fwp%2Fv2%2Ftags&post=19399"}],"curies":[{"name":"wp","href":"https:\/\/api.w.org\/{rel}","templated":true}]}}