{"id":19377,"date":"2020-02-29T16:46:28","date_gmt":"2020-02-29T16:46:28","guid":{"rendered":"http:\/\/historiografija.hr\/?p=19377"},"modified":"2020-02-29T16:46:28","modified_gmt":"2020-02-29T16:46:28","slug":"igor-despot-savasan-taraflarin-gozuyle-balkan-savaslari-algilar-ve-yorumlar","status":"publish","type":"post","link":"https:\/\/historiografija.hr\/?p=19377","title":{"rendered":"Igor Despot, \u201cSava\u015fan Taraflar\u0131n G\u00f6z\u00fcyle Balkan Sava\u015flar\u0131 : Alg\u0131lar ve Yorumlar\u201d"},"content":{"rendered":"<p>Izdava\u010d Tarih Vakf\u0131 Yurt Yay\u0131nlar\u0131 objavio je knjigu Igora Despota \u201cSava\u015fan Taraflar\u0131n G\u00f6z\u00fcyle Balkan Sava\u015flar\u0131 : Alg\u0131lar ve Yorumlar\u201d, kao prijevod na turski jezik engleskog izdanja \u201cThe Balkan Wars in the Eyes of the Warring Parties\u201d. Knjiga je na hrvatskom jeziku objavljena 2013. godine pod naslovom \u201cBalkanski ratovi 1912.-1913. i njihov odjek u Hrvatskoj\u201d.<\/p>\n<p>&nbsp;<\/p>\n<p>&#8212;<\/p>\n<p>&nbsp;<\/p>\n<p><strong>SAVA\u015eAN TARAFLARIN G\u00d6Z\u00dcYLE<\/strong><\/p>\n<p><strong>BALKAN SAVA\u015eLARI<\/strong><\/p>\n<p><strong>ALGILAR VE YORUMLAR<\/strong><\/p>\n<p>IGOR DESPOT<\/p>\n<p>\u00c7eviri : Mete Tun\u00e7ay<\/p>\n<p>Yay\u0131nevi : Tarih Vakf\u0131 Yurt Yay\u0131nlar\u0131<\/p>\n<p>Sayfa : 330<\/p>\n<p>&nbsp;<\/p>\n<p>&nbsp;<\/p>\n<p>1912 y\u0131l\u0131 sonbahar\u0131nda Osmanl\u0131 \u0130mparatorlu\u011fu \u00e7alkant\u0131lar i\u00e7indeydi. Arnavutluk ve Yemen ayaklanmalar\u0131n\u0131n \u00fcst\u00fcne, Trablusgarp y\u00fcz\u00fcnden \u0130mparatorluk \u0130talya ile de sava\u015f halindeydi. Daha da k\u00f6t\u00fcs\u00fc, kolera \u00fclkede yay\u0131l\u0131yor ve arkas\u0131nda telef olmu\u015f bir n\u00fcfus b\u0131rak\u0131yordu. Bu zay\u0131fl\u0131\u011f\u0131 Osmanl\u0131 \u0130mparatorlu\u011fu\u2019nu sald\u0131r\u0131lmaya elveri\u015fli bir duruma getirmi\u015fti. Balkan devletleri de f\u0131rsat\u0131 ka\u00e7\u0131rmad\u0131. 8 Ekim 1912\u2019de Karada\u011f Osmanl\u0131 \u0130mparatorlu\u011fu\u2019na sava\u015f ilan ederek Balkan Sava\u015flar\u0131n\u0131n birincisini ba\u015flatt\u0131. Aralar\u0131ndaki anla\u015fmazl\u0131klar\u0131 bir yana b\u0131rakarak biraraya gelen d\u00f6rt millet Balkan \u0130ttifak\u0131n\u0131 olu\u015fturdular: S\u0131rbistan, Yunanistan, Karada\u011f ve Bulgaristan.<\/p>\n<p>&nbsp;<\/p>\n<p>Balkan \u0130ttifak\u0131 ola\u011fan\u00fcst\u00fc bir toprak zaferi elde etmesine kar\u015f\u0131n, \u00e7ok ge\u00e7meden topraklar\u0131n nas\u0131l b\u00f6l\u00fc\u015ft\u00fcr\u00fclece\u011fi konusunda tart\u0131\u015fmalar ba\u015f g\u00f6sterdi. Makedonya\u2019dan ald\u0131\u011f\u0131 paydan memnun olmayan Bulgaristan, eski m\u00fcttefikleri S\u0131rbistan ve Yunanistan\u2019a sald\u0131rd\u0131. 10 A\u011fustos 1913\u2019te yap\u0131lan B\u00fckre\u015f Antla\u015fmas\u0131 bu ikinci sava\u015f\u0131 sona erdirdi, ancak bar\u0131\u015fa vesile olmad\u0131. Saraybosna suikast\u0131yla ba\u015flayan Birinci D\u00fcnya Sava\u015f\u0131\u2019nda Balkanlar yine bir sava\u015f sahnesine d\u00f6n\u00fc\u015ft\u00fc.<\/p>\n<p>&nbsp;<\/p>\n<p>Sona erdi\u011fi andan g\u00fcn\u00fcm\u00fcze, Balkan Sava\u015flar\u0131 bilimsel ara\u015ft\u0131rmalar i\u00e7in pop\u00fcler bir konu olmu\u015ftur. Ancak g\u00f6rm\u00fc\u015f oldu\u011fu t\u00fcm ilgiye kar\u015f\u0131n, bu alanda yap\u0131lan ara\u015ft\u0131rmalar tamamlanm\u0131\u015f olmaktan \u00e7ok uzakt\u0131r. S\u00f6z konusu anla\u015fmazl\u0131\u011f\u0131n belgelenmesi ve anla\u015f\u0131lmas\u0131na katk\u0131da bulunan elinizdeki bu yap\u0131tta, yazar \u0130gor Despot bu sava\u015flar s\u0131ras\u0131nda ya\u015fanan olaylar\u0131 aktarmakla kalm\u0131yor, ayn\u0131 zamanda bu olaylar\u0131 ilgili k\u00fclt\u00fcrel ba\u011flamlar\u0131n\u0131n \u0131\u015f\u0131\u011f\u0131nda inceleyerek Balkan tarihi boyunca ortaya \u00e7\u0131km\u0131\u015f m\u00fcttefiklikleri belirlemi\u015f ya da \u00e7at\u0131\u015fmalar\u0131 alevlendirmi\u015f olabilecek k\u00fclt\u00fcrel benzerlik ve farkl\u0131l\u0131klara da dikkat \u00e7ekiyor.<\/p>\n<p>&nbsp;<\/p>\n<p><a href=\"https:\/\/www.tarihvakfi.org.tr\/kitap\/balkan-savaslari\/375\">https:\/\/www.tarihvakfi.org.tr\/kitap\/balkan-savaslari\/375<\/a><\/p>\n<p>&nbsp;<\/p>\n<p>&nbsp;<\/p>\n","protected":false},"excerpt":{"rendered":"","protected":false},"author":2,"featured_media":19378,"comment_status":"open","ping_status":"open","sticky":false,"template":"","format":"standard","meta":{"_acf_changed":false,"jetpack_post_was_ever_published":false,"_jetpack_newsletter_access":"","_jetpack_dont_email_post_to_subs":false,"_jetpack_newsletter_tier_id":0,"_jetpack_memberships_contains_paywalled_content":false,"_jetpack_memberships_contains_paid_content":false,"footnotes":"","jetpack_publicize_message":"","jetpack_publicize_feature_enabled":true,"jetpack_social_post_already_shared":true,"jetpack_social_options":{"image_generator_settings":{"template":"highway","default_image_id":0,"font":"","enabled":false},"version":2}},"categories":[8,3],"tags":[],"class_list":["post-19377","post","type-post","status-publish","format-standard","has-post-thumbnail","hentry","category-knjige","category-novosti"],"acf":{"facebook_opis":""},"jetpack_publicize_connections":[],"jetpack_featured_media_url":"https:\/\/i0.wp.com\/historiografija.hr\/wp-content\/uploads\/2020\/02\/balkan-savaslari-on-kapak.jpg?fit=881%2C1233&ssl=1","jetpack_sharing_enabled":true,"jetpack-related-posts":[{"id":52607,"url":"https:\/\/historiografija.hr\/?p=52607","url_meta":{"origin":19377,"position":0},"title":"No\u0107 knjige: Kako je prije 410 godina smr\u0107u Shakespearea i Cervantesa zavr\u0161ilo razdoblje renesanse u knji\u017eevnosti","author":"Branimir Jankovi\u0107","date":"22. travnja 2026.","format":false,"excerpt":"\u010cetvrtak, 23. travnja 2026. u 18:00 sati, Knji\u017eara Matice hrvatske, Ulica Matice hrvatske 2, Zagreb Uvodna rije\u010d: dr. sc.\u00a0Dubravka Brezak Stama\u0107, pro\u010delnica Odjela za knji\u017eevnost Matice hrvatske Prof. dr. sc. Ivan Lupi\u0107, redoviti profesor u Odsjeku za anglistiku i Odsjeku za kroatistiku Sveu\u010dili\u0161ta u RijeciShakespeare, kazali\u0161te, glazbaKada se susre\u0107emo sa\u2026","rel":"","context":"U &quot;Novosti&quot;","block_context":{"text":"Novosti","link":"https:\/\/historiografija.hr\/?cat=3"},"img":{"alt_text":"","src":"https:\/\/i0.wp.com\/historiografija.hr\/wp-content\/uploads\/2026\/04\/noc_knjige_2026.jpg?fit=680%2C276&ssl=1&resize=350%2C200","width":350,"height":200,"srcset":"https:\/\/i0.wp.com\/historiografija.hr\/wp-content\/uploads\/2026\/04\/noc_knjige_2026.jpg?fit=680%2C276&ssl=1&resize=350%2C200 1x, https:\/\/i0.wp.com\/historiografija.hr\/wp-content\/uploads\/2026\/04\/noc_knjige_2026.jpg?fit=680%2C276&ssl=1&resize=525%2C300 1.5x"},"classes":[]},{"id":52669,"url":"https:\/\/historiografija.hr\/?p=52669","url_meta":{"origin":19377,"position":1},"title":"Predavanje Igora Dude &#8220;Odmor kao \u017eivotna potreba: o slobodnom vremenu u socijalisti\u010dkoj Jugoslaviji&#8221;","author":"Branimir Jankovi\u0107","date":"27. travnja 2026.","format":false,"excerpt":"U sklopu proljetnog ciklusa programa\u00a0Kriti\u010dka dramaturgija: pauza, u\u00a0subotu, 25. travnja 2026. u 19 sati\u00a0u prostoru Udru\u017eenja hrvatskih arhitekata povjesni\u010dar Igor Duda\u00a0odr\u017eao je predavanje naslovljeno\u00a0Odmor kao \u017eivotna potreba: o slobodnom vremenu u socijalisti\u010dkoj Jugoslaviji. Industrijalizacija i urbanizacija dru\u0161tava u povijesti su zna\u010dile i prelazak s predindustrijskog na industrijsko shva\u0107anje vremena. Ono\u2026","rel":"","context":"U &quot;Novosti&quot;","block_context":{"text":"Novosti","link":"https:\/\/historiografija.hr\/?cat=3"},"img":{"alt_text":"","src":"https:\/\/i0.wp.com\/historiografija.hr\/wp-content\/uploads\/2026\/04\/Duda.png?fit=1200%2C628&ssl=1&resize=350%2C200","width":350,"height":200,"srcset":"https:\/\/i0.wp.com\/historiografija.hr\/wp-content\/uploads\/2026\/04\/Duda.png?fit=1200%2C628&ssl=1&resize=350%2C200 1x, https:\/\/i0.wp.com\/historiografija.hr\/wp-content\/uploads\/2026\/04\/Duda.png?fit=1200%2C628&ssl=1&resize=525%2C300 1.5x, https:\/\/i0.wp.com\/historiografija.hr\/wp-content\/uploads\/2026\/04\/Duda.png?fit=1200%2C628&ssl=1&resize=700%2C400 2x, https:\/\/i0.wp.com\/historiografija.hr\/wp-content\/uploads\/2026\/04\/Duda.png?fit=1200%2C628&ssl=1&resize=1050%2C600 3x"},"classes":[]},{"id":52505,"url":"https:\/\/historiografija.hr\/?p=52505","url_meta":{"origin":19377,"position":2},"title":"Izlo\u017eba &#8220;Eschenstock \/ Jasenov prut&#8221;","author":"Branimir Jankovi\u0107","date":"17. travnja 2026.","format":false,"excerpt":"Srpsko narodno vije\u0107e (SNV) i Vizura aperta postavljaju izlo\u017ebu \u0161vicarskog slikara Velimira Ili\u0161evi\u0107a: Eschenstock \/ Jasenov prut. Izlo\u017eba se uz prisustvo autora otvara povodom 81. godi\u0161njice proboja logora\u0161a iz usta\u0161kog logora smrti Jasenovac 22. aprila 2026. u 19 sati u Srpskom kulturnom centru (SKC) u Preradovi\u0107evoj ulici 21 u Zagrebu.\u2026","rel":"","context":"U &quot;Izlo\u017ebe&quot;","block_context":{"text":"Izlo\u017ebe","link":"https:\/\/historiografija.hr\/?cat=10"},"img":{"alt_text":"","src":"https:\/\/i0.wp.com\/historiografija.hr\/wp-content\/uploads\/2026\/04\/Jasenov_prut.jpg?fit=1024%2C640&ssl=1&resize=350%2C200","width":350,"height":200,"srcset":"https:\/\/i0.wp.com\/historiografija.hr\/wp-content\/uploads\/2026\/04\/Jasenov_prut.jpg?fit=1024%2C640&ssl=1&resize=350%2C200 1x, https:\/\/i0.wp.com\/historiografija.hr\/wp-content\/uploads\/2026\/04\/Jasenov_prut.jpg?fit=1024%2C640&ssl=1&resize=525%2C300 1.5x, https:\/\/i0.wp.com\/historiografija.hr\/wp-content\/uploads\/2026\/04\/Jasenov_prut.jpg?fit=1024%2C640&ssl=1&resize=700%2C400 2x"},"classes":[]}],"_links":{"self":[{"href":"https:\/\/historiografija.hr\/index.php?rest_route=\/wp\/v2\/posts\/19377","targetHints":{"allow":["GET"]}}],"collection":[{"href":"https:\/\/historiografija.hr\/index.php?rest_route=\/wp\/v2\/posts"}],"about":[{"href":"https:\/\/historiografija.hr\/index.php?rest_route=\/wp\/v2\/types\/post"}],"author":[{"embeddable":true,"href":"https:\/\/historiografija.hr\/index.php?rest_route=\/wp\/v2\/users\/2"}],"replies":[{"embeddable":true,"href":"https:\/\/historiografija.hr\/index.php?rest_route=%2Fwp%2Fv2%2Fcomments&post=19377"}],"version-history":[{"count":1,"href":"https:\/\/historiografija.hr\/index.php?rest_route=\/wp\/v2\/posts\/19377\/revisions"}],"predecessor-version":[{"id":19379,"href":"https:\/\/historiografija.hr\/index.php?rest_route=\/wp\/v2\/posts\/19377\/revisions\/19379"}],"wp:featuredmedia":[{"embeddable":true,"href":"https:\/\/historiografija.hr\/index.php?rest_route=\/wp\/v2\/media\/19378"}],"wp:attachment":[{"href":"https:\/\/historiografija.hr\/index.php?rest_route=%2Fwp%2Fv2%2Fmedia&parent=19377"}],"wp:term":[{"taxonomy":"category","embeddable":true,"href":"https:\/\/historiografija.hr\/index.php?rest_route=%2Fwp%2Fv2%2Fcategories&post=19377"},{"taxonomy":"post_tag","embeddable":true,"href":"https:\/\/historiografija.hr\/index.php?rest_route=%2Fwp%2Fv2%2Ftags&post=19377"}],"curies":[{"name":"wp","href":"https:\/\/api.w.org\/{rel}","templated":true}]}}