{"id":19321,"date":"2020-02-26T10:18:48","date_gmt":"2020-02-26T10:18:48","guid":{"rendered":"http:\/\/historiografija.hr\/?p=19321"},"modified":"2020-02-26T10:18:48","modified_gmt":"2020-02-26T10:18:48","slug":"medunarodni-znanstveni-skup-transformation-of-work-narratives-practices-regimes","status":"publish","type":"post","link":"https:\/\/historiografija.hr\/?p=19321","title":{"rendered":"Me\u0111unarodni znanstveni skup \u201cTransformation of Work: Narratives, Practices, Regimes\u201d"},"content":{"rendered":"<p>Me\u0111unarodni znanstveni skup \u201cTransformation of Work: Narratives, Practices, Regimes\u201d odr\u017eat \u0107e se u Institutu za etnologiju i folkloristiku u Zagrebu 27. i 28. velja\u010de 2020. Uz inozemne istra\u017eiva\u010de i istra\u017eiva\u010dice, koji \u0107e govoriti o suvremenim aspektima promjene radnog i radni\u010dkog konteksta, suradnici s projekta predstavit \u0107e rezultate svojih istra\u017eivanja o transformaciji rada u posttranzicijskoj Hrvatskoj. U sklopu skupa odr\u017eat \u0107e se i popratni program: predstavljanje Arhiva radni\u010dkih borbi i prikazivanje dokumentarnog filma \u201cBuffet \u017deljezara\u201d.<\/p>\n<p>&nbsp;<\/p>\n<p>&#8212;<\/p>\n<p>&nbsp;<\/p>\n<p><strong>Me\u0111unarodni znanstveni skup TRANSFORMATION OF WORK: NARRATIVES, PRACTICES, REGIMES, 27. i 28. velja\u010de 2020.<\/strong><\/p>\n<p><strong>\u00a0<\/strong><\/p>\n<p>U organizaciji projekta TRANSWORK 27. i 28. velja\u010de 2020. na Institutu za etnologiju i folkloristiku odr\u017eat \u0107e se me\u0111unarodni znanstveni skup TRANSFORMATION OF WORK: NARRATIVES, PRACTICES, REGIMES. Uz inozemne istra\u017eiva\u010de i istra\u017eiva\u010dice, koji \u0107e govoriti o suvremenim aspektima promjene radnog i radni\u010dkog konteksta, suradnici s projekta predstavit \u0107e rezultate svojih istra\u017eivanja o transformaciji rada u posttranzicijskoj Hrvatskoj.<\/p>\n<p>&nbsp;<\/p>\n<p><strong>Program<\/strong><\/p>\n<p><strong>Knji\u017eica sa\u017eetaka<\/strong><\/p>\n<p><a href=\"http:\/\/www.transwork.eu\/aktivnosti-i-rezultati\/medjunarodni-znanstveni-skup-transformation-of-work-narratives-practices-regimes-27-i-28-veljace-2020\/\">http:\/\/www.transwork.eu\/aktivnosti-i-rezultati\/medjunarodni-znanstveni-skup-transformation-of-work-narratives-practices-regimes-27-i-28-veljace-2020\/<\/a><\/p>\n<p><a href=\"http:\/\/www.ief.hr\/wp-content\/uploads\/2020\/02\/letak-TRANSFORMATION-OF-WORK-NARRATIVES-PRACTICES-REGIMES-finalno-1.pdf\">http:\/\/www.ief.hr\/wp-content\/uploads\/2020\/02\/letak-TRANSFORMATION-OF-WORK-NARRATIVES-PRACTICES-REGIMES-finalno-1.pdf<\/a><\/p>\n<p><a href=\"http:\/\/www.ief.hr\/\">http:\/\/www.ief.hr\/<\/a><\/p>\n<p>&nbsp;<\/p>\n<p><strong>U sklopu me\u0111unarodnog znanstvenog skupa TRANSFORMATION OF WORK: NARRATIVES, PRACTICES, REGIMES odr\u017eat \u0107e se i OFF PROGRAM<\/strong><\/p>\n<p>&nbsp;<\/p>\n<p><strong>Predstavljanje Arhiva radni\u010dkih borbi Baze za radni\u010dku inicijativu i demokratizaciju<\/strong><\/p>\n<p>27. velja\u010de 2020., Institut za etnologiju i folkloristiku<\/p>\n<p>16:00 \u2013 17:00<\/p>\n<p>Baza za radni\u010dku inicijativu i demokratizaciju (BRID) djeluje osam godina i bavi se aspektima rada i radnih odnosa i promicanjem njihovog osna\u017eivanja na sjeci\u0161tu terenskog, edukativnog, istra\u017eiva\u010dkog i medijskog polja. Neki od godi\u0161njih obrazovnih programa koje BRID provodi su \u017eenska sindikalna \u0161kola s naglaskom na rodnu i feministi\u010dku poziciju rada i kolegiji na temu ekonomske pravde u sklopu Mirovnih studija Centra za mirovne studije (CMS). U istra\u017eiva\u010dkom polju, \u010dlanovi BRID-a su proveli studiju o dru\u0161tvenim sukobima od 1988. do 1991. godine u kombinatu Borovo i izdali publikaciju Borovo u \u0161trajku &#8211; rad u tranziciji 1987. &#8211; 1991.<\/p>\n<p>Osim toga, BRID od 2015. godine provodi arhivsko istra\u017eivanje o radni\u010dkim borbama u Hrvatskoj u periodu tranzicije u kapitalizam (1990-2000). Cilj projekta je temeljito prikupljanje i analiza medijskih sadr\u017eaja o radni\u010dkim akcijama koje se poduzimaju s ciljem za\u0161tite ili unapre\u0111enja radni\u010dkih prava u Hrvatskoj od 1990. godine. Rezultati istra\u017eivanja predstavljeni su u digitaliziranoj bazi podataka s otvorenim pristupom, koja sadr\u017ei i izvorni medijski materijal preuzet iz tiskanih i elektroni\u010dkih medija. Arhiv radni\u010dkih borbi namijenjen je akademskoj zajednici, istra\u017eiva\u010dima, sindikatima, organizacijama civilnog dru\u0161tva i \u0161iroj javnosti u \u017eelji da ga koriste u nekomercijalne svrhe i kao javno dobro.<\/p>\n<p><strong>\u00a0<\/strong><\/p>\n<p><strong>Prikazivanje dokumentarnog filma Gorana Devi\u0107a Buffet \u017deljezara (61\u2019, 2017)<\/strong> <strong>i razgovor s autorom<\/strong><\/p>\n<p>28. velja\u010de 2020., Institut za etnologiju i folkloristiku<\/p>\n<p>16: 30 \u2013 18:00<\/p>\n<p>Erna i D\u017eevad su vlasnici kafi\u0107a na sisa\u010dkom autobusnom kolodvoru, pored \u017eeljezare koja je neko\u0107 bila jedna od najve\u0107ih u Isto\u010dnoj Europi. Film prati kavanske razgovore gostiju kafi\u0107a tjedan dana prije njegova kona\u010dnog zatvaranja. Glavna tema razgovora je odlazak u Njema\u010dku \u2013 novi raj na zemlji za pripadnike nekada\u0161nje socijalisti\u010dke radne klase.<\/p>\n<p>&nbsp;<\/p>\n<p><a href=\"http:\/\/www.transwork.eu\/aktivnosti-i-rezultati\/off-program-u-sklopu-medjunarodnog-znanstvenog-skupa-transformation-of-work-narratives-practices-regimes-27-i-28-veljace-2020\/\">http:\/\/www.transwork.eu\/aktivnosti-i-rezultati\/off-program-u-sklopu-medjunarodnog-znanstvenog-skupa-transformation-of-work-narratives-practices-regimes-27-i-28-veljace-2020\/<\/a><\/p>\n<p><a href=\"https:\/\/www.facebook.com\/Institut-za-etnologiju-i-folkloristiku-236002576441992\/\">https:\/\/www.facebook.com\/Institut-za-etnologiju-i-folkloristiku-236002576441992\/<\/a><\/p>\n<p>&nbsp;<\/p>\n<p>&nbsp;<\/p>\n","protected":false},"excerpt":{"rendered":"","protected":false},"author":2,"featured_media":11306,"comment_status":"open","ping_status":"open","sticky":false,"template":"","format":"standard","meta":{"_acf_changed":false,"jetpack_post_was_ever_published":false,"_jetpack_newsletter_access":"","_jetpack_dont_email_post_to_subs":false,"_jetpack_newsletter_tier_id":0,"_jetpack_memberships_contains_paywalled_content":false,"_jetpack_memberships_contains_paid_content":false,"footnotes":"","jetpack_publicize_message":"","jetpack_publicize_feature_enabled":true,"jetpack_social_post_already_shared":true,"jetpack_social_options":{"image_generator_settings":{"template":"highway","default_image_id":0,"font":"","enabled":false},"version":2}},"categories":[3,9],"tags":[],"class_list":["post-19321","post","type-post","status-publish","format-standard","has-post-thumbnail","hentry","category-novosti","category-skupovi"],"acf":{"facebook_opis":""},"jetpack_publicize_connections":[],"jetpack_featured_media_url":"https:\/\/i0.wp.com\/historiografija.hr\/wp-content\/uploads\/2018\/09\/transwork.jpg?fit=420%2C594&ssl=1","jetpack_sharing_enabled":true,"jetpack-related-posts":[{"id":52573,"url":"https:\/\/historiografija.hr\/?p=52573","url_meta":{"origin":19321,"position":0},"title":"Znanstvena konferencija &#8220;Filozofija odgoja: povijest, praksa, perspektive&#8221;","author":"Branimir Jankovi\u0107","date":"21. travnja 2026.","format":false,"excerpt":"Znanstvena konferencija \"Filozofija odgoja: povijest, praksa, perspektive\" odr\u017eat \u0107e se 23. i 24. travnja 2026. u Konferencijskoj dvorani Knji\u017enice Filozofskog fakulteta u Zagrebu (2. kat).\u00a0Konferencija je organizirana u okviru projekta\u00a0SUMKOS (voditeljica prof. dr. sc. Ivana Zagorac, financiran\u00a0sredstvima NextGenerationEU), uz potporu Odsjeka za filozofiju.\u00a0 Uz izlaga\u010dki dio, konferencija obuhva\u0107a i izlo\u017ebu\u2026","rel":"","context":"U &quot;Novosti&quot;","block_context":{"text":"Novosti","link":"https:\/\/historiografija.hr\/?cat=3"},"img":{"alt_text":"","src":"","width":0,"height":0},"classes":[]},{"id":52502,"url":"https:\/\/historiografija.hr\/?p=52502","url_meta":{"origin":19321,"position":1},"title":"Novi znanstveni projekt Hrvatskog instituta za povijest: \u201c\u017drtve ratova i dr\u017eavnog\/politi\u010dkog nasilja u hrvatskoj povijesti 20. stolje\u0107a\u201d","author":"Branimir Jankovi\u0107","date":"17. travnja 2026.","format":false,"excerpt":"Na redovitoj sjednici Vlade RH, 16. travnja 2026., donijet je Zaklju\u010dak kojim se pokre\u0107e znanstveni projekt \u201c\u017drtve ratova i dr\u017eavnog\/politi\u010dkog nasilja u hrvatskoj povijesti 20. stolje\u0107a\u201d. Projekt \u0107e provoditi i koordinirati Hrvatski institut za povijest u razdoblju trajanja projekta od pet godina. Zakljucak Vlade RH Iz teksta projektnog prijedloga: Problematika\u2026","rel":"","context":"U &quot;Novosti&quot;","block_context":{"text":"Novosti","link":"https:\/\/historiografija.hr\/?cat=3"},"img":{"alt_text":"","src":"https:\/\/i0.wp.com\/historiografija.hr\/wp-content\/uploads\/2026\/04\/Vlada-RH.jpg?fit=1200%2C557&ssl=1&resize=350%2C200","width":350,"height":200,"srcset":"https:\/\/i0.wp.com\/historiografija.hr\/wp-content\/uploads\/2026\/04\/Vlada-RH.jpg?fit=1200%2C557&ssl=1&resize=350%2C200 1x, https:\/\/i0.wp.com\/historiografija.hr\/wp-content\/uploads\/2026\/04\/Vlada-RH.jpg?fit=1200%2C557&ssl=1&resize=525%2C300 1.5x, https:\/\/i0.wp.com\/historiografija.hr\/wp-content\/uploads\/2026\/04\/Vlada-RH.jpg?fit=1200%2C557&ssl=1&resize=700%2C400 2x, https:\/\/i0.wp.com\/historiografija.hr\/wp-content\/uploads\/2026\/04\/Vlada-RH.jpg?fit=1200%2C557&ssl=1&resize=1050%2C600 3x"},"classes":[]},{"id":52539,"url":"https:\/\/historiografija.hr\/?p=52539","url_meta":{"origin":19321,"position":2},"title":"Drugi po redu studentski simpozij &#8220;In fonte veritas&#8221;","author":"Branimir Jankovi\u0107","date":"20. travnja 2026.","format":false,"excerpt":"U srijedu, 22. travnja 2026. godine, u dvorani C 0.4 na Hrvatskom katoli\u010dkom sveu\u010dili\u0161tu odr\u017eat \u0107e se drugi studentski simpozij \u201eIn fonte veritas\". Ovogodi\u0161nja sredi\u0161nja tema simpozija je Papinstvo. Kroz istra\u017eiva\u010dko suo\u010davanje s povijesnim izvorima deset \u0107e studenata predstaviti rezultate svojih istra\u017eivanja o instituciji koja je stolje\u0107ima oblikovala europsku i\u2026","rel":"","context":"U &quot;Novosti&quot;","block_context":{"text":"Novosti","link":"https:\/\/historiografija.hr\/?cat=3"},"img":{"alt_text":"","src":"https:\/\/i0.wp.com\/historiografija.hr\/wp-content\/uploads\/2026\/04\/Papinstvo.png?fit=1024%2C500&ssl=1&resize=350%2C200","width":350,"height":200,"srcset":"https:\/\/i0.wp.com\/historiografija.hr\/wp-content\/uploads\/2026\/04\/Papinstvo.png?fit=1024%2C500&ssl=1&resize=350%2C200 1x, https:\/\/i0.wp.com\/historiografija.hr\/wp-content\/uploads\/2026\/04\/Papinstvo.png?fit=1024%2C500&ssl=1&resize=525%2C300 1.5x, https:\/\/i0.wp.com\/historiografija.hr\/wp-content\/uploads\/2026\/04\/Papinstvo.png?fit=1024%2C500&ssl=1&resize=700%2C400 2x"},"classes":[]},{"id":52578,"url":"https:\/\/historiografija.hr\/?p=52578","url_meta":{"origin":19321,"position":3},"title":"Poziv za sudjelovanje: XXII. Dani Julija Bene\u0161i\u0107a u Iloku","author":"Branimir Jankovi\u0107","date":"21. travnja 2026.","format":false,"excerpt":"Zavod za lingvisti\u010dka istra\u017eivanja Hrvatske akademije znanosti i umjetnosti, zajedno s Muzejom grada Iloka, organizira XXII. Dane Julija Bene\u0161i\u0107a, koji \u0107e se odr\u017eati od 28. do 30. listopada 2026. u Iloku.\u00a0Teme ovogodi\u0161njih Dana podijeljene su u dvije cjeline: Knji\u017eevno-jezikoslovni d\u00ecv\u0101n s Bene\u0161i\u0107em te Ilok i Srijem u povijesnim stalnicama i\u2026","rel":"","context":"U &quot;Novosti&quot;","block_context":{"text":"Novosti","link":"https:\/\/historiografija.hr\/?cat=3"},"img":{"alt_text":"","src":"https:\/\/i0.wp.com\/historiografija.hr\/wp-content\/uploads\/2019\/10\/HE2_Benesic.jpg?fit=413%2C591&ssl=1&resize=350%2C200","width":350,"height":200},"classes":[]},{"id":52439,"url":"https:\/\/historiografija.hr\/?p=52439","url_meta":{"origin":19321,"position":4},"title":"Tribina &#8220;Ahmi\u0107i 33 godine kasnije: Ne u na\u0161e ime&#8221;","author":"Branimir Jankovi\u0107","date":"16. travnja 2026.","format":false,"excerpt":"U \u010detvrtak, 16. travnja 2026. u 17 sati u Knji\u017enici i \u010ditaonici Bogdana Ogrizovi\u0107a u Zagrebu odr\u017eat \u0107e se tribina pod nazivom Ahmi\u0107i 33 godine kasnije: Ne u na\u0161e ime. Na tribini \u0107e govoriti Ivica \u0110iki\u0107, novinar, Mubera Masli\u0107 \u2013 \u017ddralovi\u0107, aktivistikinja, prevoditeljica za arapski, Domagoj Fuk, student politologije, \u010dlan\u2026","rel":"","context":"U &quot;Novosti&quot;","block_context":{"text":"Novosti","link":"https:\/\/historiografija.hr\/?cat=3"},"img":{"alt_text":"","src":"https:\/\/i0.wp.com\/historiografija.hr\/wp-content\/uploads\/2026\/04\/Zagreb_2026.jpeg?fit=1200%2C900&ssl=1&resize=350%2C200","width":350,"height":200,"srcset":"https:\/\/i0.wp.com\/historiografija.hr\/wp-content\/uploads\/2026\/04\/Zagreb_2026.jpeg?fit=1200%2C900&ssl=1&resize=350%2C200 1x, https:\/\/i0.wp.com\/historiografija.hr\/wp-content\/uploads\/2026\/04\/Zagreb_2026.jpeg?fit=1200%2C900&ssl=1&resize=525%2C300 1.5x, https:\/\/i0.wp.com\/historiografija.hr\/wp-content\/uploads\/2026\/04\/Zagreb_2026.jpeg?fit=1200%2C900&ssl=1&resize=700%2C400 2x, https:\/\/i0.wp.com\/historiografija.hr\/wp-content\/uploads\/2026\/04\/Zagreb_2026.jpeg?fit=1200%2C900&ssl=1&resize=1050%2C600 3x"},"classes":[]},{"id":52616,"url":"https:\/\/historiografija.hr\/?p=52616","url_meta":{"origin":19321,"position":5},"title":"No\u0107 knjige 2026.","author":"Branimir Jankovi\u0107","date":"22. travnja 2026.","format":false,"excerpt":"Slavljeni\u010dka 15. No\u0107 knjige odr\u017eat \u0107e se 23. travnja diljem Hrvatske u povodu Svjetskog dana knjige i autorskih prava te Dana hrvatske knjige. S vi\u0161e od 1.000 prijavljenih programa i akcija s pravom nosi epitet najmasovnije doma\u0107e kulturne manifestacije, a ove \u0107e godine prote\u0107i u znaku mira, razumijevanja, tolerancije, srodnosti\u2026","rel":"","context":"U &quot;Novosti&quot;","block_context":{"text":"Novosti","link":"https:\/\/historiografija.hr\/?cat=3"},"img":{"alt_text":"","src":"https:\/\/i0.wp.com\/historiografija.hr\/wp-content\/uploads\/2026\/04\/noc_knjige_2026.jpg?fit=680%2C276&ssl=1&resize=350%2C200","width":350,"height":200,"srcset":"https:\/\/i0.wp.com\/historiografija.hr\/wp-content\/uploads\/2026\/04\/noc_knjige_2026.jpg?fit=680%2C276&ssl=1&resize=350%2C200 1x, https:\/\/i0.wp.com\/historiografija.hr\/wp-content\/uploads\/2026\/04\/noc_knjige_2026.jpg?fit=680%2C276&ssl=1&resize=525%2C300 1.5x"},"classes":[]}],"_links":{"self":[{"href":"https:\/\/historiografija.hr\/index.php?rest_route=\/wp\/v2\/posts\/19321","targetHints":{"allow":["GET"]}}],"collection":[{"href":"https:\/\/historiografija.hr\/index.php?rest_route=\/wp\/v2\/posts"}],"about":[{"href":"https:\/\/historiografija.hr\/index.php?rest_route=\/wp\/v2\/types\/post"}],"author":[{"embeddable":true,"href":"https:\/\/historiografija.hr\/index.php?rest_route=\/wp\/v2\/users\/2"}],"replies":[{"embeddable":true,"href":"https:\/\/historiografija.hr\/index.php?rest_route=%2Fwp%2Fv2%2Fcomments&post=19321"}],"version-history":[{"count":1,"href":"https:\/\/historiografija.hr\/index.php?rest_route=\/wp\/v2\/posts\/19321\/revisions"}],"predecessor-version":[{"id":19322,"href":"https:\/\/historiografija.hr\/index.php?rest_route=\/wp\/v2\/posts\/19321\/revisions\/19322"}],"wp:featuredmedia":[{"embeddable":true,"href":"https:\/\/historiografija.hr\/index.php?rest_route=\/wp\/v2\/media\/11306"}],"wp:attachment":[{"href":"https:\/\/historiografija.hr\/index.php?rest_route=%2Fwp%2Fv2%2Fmedia&parent=19321"}],"wp:term":[{"taxonomy":"category","embeddable":true,"href":"https:\/\/historiografija.hr\/index.php?rest_route=%2Fwp%2Fv2%2Fcategories&post=19321"},{"taxonomy":"post_tag","embeddable":true,"href":"https:\/\/historiografija.hr\/index.php?rest_route=%2Fwp%2Fv2%2Ftags&post=19321"}],"curies":[{"name":"wp","href":"https:\/\/api.w.org\/{rel}","templated":true}]}}