{"id":19313,"date":"2020-02-26T09:19:55","date_gmt":"2020-02-26T09:19:55","guid":{"rendered":"http:\/\/historiografija.hr\/?p=19313"},"modified":"2022-07-15T14:06:44","modified_gmt":"2022-07-15T14:06:44","slug":"poziv-za-dostavljanje-radova-za-casopis-montenegrin-journal-for-social-sciences","status":"publish","type":"post","link":"https:\/\/historiografija.hr\/?p=19313","title":{"rendered":"POZIV ZA DOSTAVLJANJE RADOVA ZA \u010cASOPIS MONTENEGRIN JOURNAL FOR SOCIAL SCIENCES"},"content":{"rendered":"<p>\u010casopis <strong>Montenegrin Journal for Social Sciences<\/strong> (<strong>MJSS<\/strong>) objavljuje poziv autorima za dostavljanje \u010dlanaka za prvi broj \u010dasopisa u 2020. godini.<\/p>\n<p>&nbsp;<\/p>\n<p><strong>Montenegrin Journal for Social Sciences<\/strong> (<strong>MJSS<\/strong>) je nau\u010dni \u010dasopis koji objavljuje rezultate istra\u017eivanja iz oblasti dru\u0161tvenih i humanisti\u010dkih nauka, odnosno, Istorije, Geopolitike, Politi\u010dkih nauka, Sociologije, Prava, Ekonomije, Demografije i drugih multidisciplinarnih podru\u010dja. MJSS podr\u017eava istra\u017eivanja i prou\u010davanja istorijskih i politi\u010dkih procesa, me\u0111unarodnih odnosa, politi\u010dke ekonomije, geopoliti\u010dkih i geostrate\u0161kih osobenosti Jugoisto\u010dne Evrope.<\/p>\n<p>Vi\u0161e detalja o ciljevima i djelovanju \u010dasopisa mo\u017eete prona\u0107i na linku: <a href=\"http:\/\/www.mjss.ac.me\/index.php\/srp\/aims-and-scope\">http:\/\/www.mjss.ac.me\/index.php\/srp\/aims-and-scope<\/a><\/p>\n<p>&nbsp;<\/p>\n<p>\u010casopis <strong>Montenegrin Journal for Social Sciences<\/strong> (<strong>MJSS<\/strong>) indeksiran je u vi\u0161e nau\u010dnih baza, izme\u0111u ostalih u bazama: &#8211; CEOL-Central and Eastern European Online, ERIH PLUS, Google Scholar, Index Copernicus, CiteFactor, Scientific Indexing Services (SIS), ISRA-Journal impact factor, Electronic Journals Library, ROAD, General Impact Factor, OAJI &#8211; Open Academic Journals Index<\/p>\n<p>&#8211; <a href=\"http:\/\/www.mjss.ac.me\/index.php\/srp\/abstracting-indexing\">http:\/\/www.mjss.ac.me\/index.php\/srp\/abstracting-indexing<\/a><\/p>\n<p>&nbsp;<\/p>\n<p>Svi radovi dostavljeni Redakciji, bi\u0107e predmet dvostruke recenzije. Nakon rezenziranja, \u010dlanak mo\u017ee biti odbijen, poslat autoru na reviziju ili prihva\u0107en za objavljivanje. Radovi se objavljuju na engleskom jeziku i jezicima biv\u0161ih jugoslovenskih republika, uz napomenu da \u0107e prednost imati radovi dostavljeni na &nbsp;engleskm jeziku. Detalje o na\u010dinu i uslovima pripreme \u010dlanka, uz uputstva autorima, mo\u017eete prona\u0107i na linku: <a href=\"http:\/\/www.mjss.ac.me\/index.php\/srp\/instrukcije-za-autore\">http:\/\/www.mjss.ac.me\/index.php\/srp\/instrukcije-za-autore<\/a><\/p>\n<p>&nbsp;<\/p>\n<p>Radove za drugi broj \u010dasopisa <strong>Montenegrin Journal for Social Sciences <\/strong><strong>slati na adresu <\/strong><a href=\"mailto:mjss@ucg.ac.me\">mjss@ucg.ac.me<\/a><strong>, najkasnije do 15. maja 2020. godine.<\/strong><\/p>\n<p><strong>Sve dodatne informacije mo\u017eete prona\u0107i na sajtu: <\/strong><a href=\"http:\/\/www.mjss.ac.me\">www.mjss.ac.me<\/a><\/p>\n<p>&nbsp;<\/p>\n<p><a href=\"http:\/\/www.mjss.ac.me\/index.php\/srp\/9-articles-mne\/74-poziv-za-dostavljanje-radova-za-casopis-montenegrin-journal-for-social-sciences-2\">http:\/\/www.mjss.ac.me\/index.php\/srp\/9-articles-mne\/74-poziv-za-dostavljanje-radova-za-casopis-montenegrin-journal-for-social-sciences-2<\/a><\/p>\n<p>&nbsp;<\/p>\n<p><a href=\"https:\/\/i0.wp.com\/historiografija.hr\/wp-content\/uploads\/2020\/02\/MJSS-VOL-3-2019-ISS-2.jpg?ssl=1\"><img data-recalc-dims=\"1\" loading=\"lazy\" decoding=\"async\" data-attachment-id=\"19314\" data-permalink=\"https:\/\/historiografija.hr\/?attachment_id=19314\" data-orig-file=\"https:\/\/i0.wp.com\/historiografija.hr\/wp-content\/uploads\/2020\/02\/MJSS-VOL-3-2019-ISS-2.jpg?fit=419%2C551&amp;ssl=1\" data-orig-size=\"419,551\" data-comments-opened=\"1\" data-image-meta=\"{&quot;aperture&quot;:&quot;0&quot;,&quot;credit&quot;:&quot;&quot;,&quot;camera&quot;:&quot;&quot;,&quot;caption&quot;:&quot;&quot;,&quot;created_timestamp&quot;:&quot;0&quot;,&quot;copyright&quot;:&quot;&quot;,&quot;focal_length&quot;:&quot;0&quot;,&quot;iso&quot;:&quot;0&quot;,&quot;shutter_speed&quot;:&quot;0&quot;,&quot;title&quot;:&quot;&quot;,&quot;orientation&quot;:&quot;0&quot;}\" data-image-title=\"MJSS VOL 3 2019 ISS 2\" data-image-description=\"\" data-image-caption=\"\" data-large-file=\"https:\/\/i0.wp.com\/historiografija.hr\/wp-content\/uploads\/2020\/02\/MJSS-VOL-3-2019-ISS-2.jpg?fit=419%2C551&amp;ssl=1\" class=\"alignnone size-medium wp-image-19314\" src=\"https:\/\/i0.wp.com\/historiografija.hr\/wp-content\/uploads\/2020\/02\/MJSS-VOL-3-2019-ISS-2.jpg?resize=228%2C300&#038;ssl=1\" alt=\"\" width=\"228\" height=\"300\" srcset=\"https:\/\/i0.wp.com\/historiografija.hr\/wp-content\/uploads\/2020\/02\/MJSS-VOL-3-2019-ISS-2.jpg?resize=228%2C300&amp;ssl=1 228w, https:\/\/i0.wp.com\/historiografija.hr\/wp-content\/uploads\/2020\/02\/MJSS-VOL-3-2019-ISS-2.jpg?w=419&amp;ssl=1 419w\" sizes=\"auto, (max-width: 228px) 100vw, 228px\" \/><\/a><\/p>\n<p>&nbsp;<\/p>\n<p><strong>MONTENEGRIN JOURNAL FOR SOCIAL SCIENCES (MJSS) announces a call for Papers for the first issue of the MJSS in 2020.<\/strong><\/p>\n<p>&nbsp;<\/p>\n<p>MJSS is a scientific journal that is publishing results of research in the field of social sciences and humanities. MJSS encourages research and comparative approaches of History, Geopolitics, Political Science, Sociology, Law, Economics, Demography and other multidisciplinary areas. More details about aims and scope of the journal can be found in the link:<\/p>\n<p><a href=\"http:\/\/www.mjss.ac.me\/index.php\/en\/aims-and-scope\">http:\/\/www.mjss.ac.me\/index.php\/en\/aims-and-scope<\/a><\/p>\n<p>&nbsp;<\/p>\n<p>Montenegrin Journal for Social Sciences is indexed in a more scientific base, including the bases: &#8211; CEOL-Central and Eastern European Online, ERIH PLUS, Google Scholar, Index Copernicus, CiteFactor, Scientific Indexing Services (SIS), ISRA-Journal impact factor, Electronic Journals Library, ROAD, General Impact Factor, OAJI &#8211; Open Academic Journals Index<\/p>\n<p><a href=\"http:\/\/www.mjss.ac.me\/index.php\/en\/abstracting-indexing\">http:\/\/www.mjss.ac.me\/index.php\/en\/abstracting-indexing<\/a><\/p>\n<p>&nbsp;<\/p>\n<p>All the scientific papers submitted to the Editorial office of the MJSS are subject to double-blind review (authors and the reviewer do not know each other). The manuscript submitted to the editors is subjected to initial review and verification for compliance to the topics of the journal and formal editorial requirements. If the paper doesn\u2019t comply with the subject-matter of the journal it is excluded from further consideration and the author is notified about it. After reviewing, the article can be rejected, sent to the author for revision or accepted for publication. For more information see the link below:<\/p>\n<p><a href=\"http:\/\/www.mjss.ac.me\/index.php\/en\/instructions-for-authors\">http:\/\/www.mjss.ac.me\/index.php\/en\/instructions-for-authors<\/a><\/p>\n<p>&nbsp;<\/p>\n<p>The journal is publishing the following categories of article: original scientific paper, review and presentation at the scientific conference. The Editorial board accepts manuscripts that are written in English or Montenegrin which have not been previously published. MJSS supports an open access, which means that all of its contents are freely available without charging users or their institutions. Users are allowed to read, upload, copy, distribute, print out, search and share links to the full text of the articles or use them in any other legal way without requesting explicit permission from the author or publisher. More details can be find in the link:<\/p>\n<p><a href=\"http:\/\/www.mjss.ac.me\/index.php\/en\/editorial-policies\">http:\/\/www.mjss.ac.me\/index.php\/en\/editorial-policies<\/a><\/p>\n<p>&nbsp;<\/p>\n<p>Papers for the second issue <strong>MONTENEGRIN JOURNAL FOR SOCIAL SCIENCES <\/strong>should be sent by e-mail <a href=\"mailto:mjss@ucg.ac.me\">mjss@ucg.ac.me<\/a> no later than May 15, 2020.<\/p>\n<p>All additional information can be found on the site: <a href=\"http:\/\/www.mjss.ac.me\/\">www.mjss.ac.me<\/a><\/p>\n<p>&nbsp;<\/p>\n<p><a href=\"http:\/\/www.mjss.ac.me\/index.php\/en\/8-articles-eng\/73-call-for-papers-for-the-first-issue-of-the-mjss-in-2020\">http:\/\/www.mjss.ac.me\/index.php\/en\/8-articles-eng\/73-call-for-papers-for-the-first-issue-of-the-mjss-in-2020<\/a><\/p>\n<p>&nbsp;<\/p>\n<p>&nbsp;<\/p>\n","protected":false},"excerpt":{"rendered":"","protected":false},"author":2,"featured_media":8791,"comment_status":"open","ping_status":"open","sticky":false,"template":"","format":"standard","meta":{"_acf_changed":false,"jetpack_post_was_ever_published":false,"_jetpack_newsletter_access":"","_jetpack_dont_email_post_to_subs":false,"_jetpack_newsletter_tier_id":0,"_jetpack_memberships_contains_paywalled_content":false,"_jetpack_memberships_contains_paid_content":false,"footnotes":"","jetpack_publicize_message":"","jetpack_publicize_feature_enabled":true,"jetpack_social_post_already_shared":true,"jetpack_social_options":{"image_generator_settings":{"template":"highway","default_image_id":0,"font":"","enabled":false},"version":2}},"categories":[21,3],"tags":[],"class_list":["post-19313","post","type-post","status-publish","format-standard","has-post-thumbnail","hentry","category-casopisi","category-novosti"],"acf":{"facebook_opis":""},"jetpack_publicize_connections":[],"jetpack_featured_media_url":"https:\/\/i0.wp.com\/historiografija.hr\/wp-content\/uploads\/2018\/03\/picture_2017_36841.jpg?fit=426%2C253&ssl=1","jetpack_sharing_enabled":true,"jetpack-related-posts":[{"id":52148,"url":"https:\/\/historiografija.hr\/?p=52148","url_meta":{"origin":19313,"position":0},"title":"Poziv za prijavu na me\u0111unarodnu znanstvenu konferenciju \u201eGranice (ne)slobode: Zadarski krug 1966. Intelektualna opozicija u totalitarnom dru\u0161tvu\u201c","author":"Branimir Jankovi\u0107","date":"27. o\u017eujka 2026.","format":false,"excerpt":"\u00a0\u00a0\u00a0\u00a0 Povodom \u0161ezdesete obljetnice poku\u0161aja osnivanja \u010dasopisa Slobodan glas u Zadru 1966. godine, pozivamo vas na znanstvenu konferenciju posve\u0107enu istra\u017eivanju disidentstva, intelektualne opozicije i granica divergentnog mi\u0161ljenja nasuprot slu\u017ebenoj ideologiji u komunisti\u010dkoj Jugoslaviji. Ideja konferencije je analizirati konkretan fenomen zadarskog slu\u010daja razloge i okolnosti njegove pojave, ali uz otvaranje komparativnih\u2026","rel":"","context":"U &quot;Novosti&quot;","block_context":{"text":"Novosti","link":"https:\/\/historiografija.hr\/?cat=3"},"img":{"alt_text":"","src":"https:\/\/i0.wp.com\/historiografija.hr\/wp-content\/uploads\/2026\/03\/Poziv-konferencija-Zadar.jpg?fit=1200%2C509&ssl=1&resize=350%2C200","width":350,"height":200,"srcset":"https:\/\/i0.wp.com\/historiografija.hr\/wp-content\/uploads\/2026\/03\/Poziv-konferencija-Zadar.jpg?fit=1200%2C509&ssl=1&resize=350%2C200 1x, https:\/\/i0.wp.com\/historiografija.hr\/wp-content\/uploads\/2026\/03\/Poziv-konferencija-Zadar.jpg?fit=1200%2C509&ssl=1&resize=525%2C300 1.5x, https:\/\/i0.wp.com\/historiografija.hr\/wp-content\/uploads\/2026\/03\/Poziv-konferencija-Zadar.jpg?fit=1200%2C509&ssl=1&resize=700%2C400 2x, https:\/\/i0.wp.com\/historiografija.hr\/wp-content\/uploads\/2026\/03\/Poziv-konferencija-Zadar.jpg?fit=1200%2C509&ssl=1&resize=1050%2C600 3x"},"classes":[]},{"id":52502,"url":"https:\/\/historiografija.hr\/?p=52502","url_meta":{"origin":19313,"position":1},"title":"Novi znanstveni projekt Hrvatskog instituta za povijest: \u201c\u017drtve ratova i dr\u017eavnog\/politi\u010dkog nasilja u hrvatskoj povijesti 20. stolje\u0107a\u201d","author":"Branimir Jankovi\u0107","date":"17. travnja 2026.","format":false,"excerpt":"Na redovitoj sjednici Vlade RH, 16. travnja 2026., donijet je Zaklju\u010dak kojim se pokre\u0107e znanstveni projekt \u201c\u017drtve ratova i dr\u017eavnog\/politi\u010dkog nasilja u hrvatskoj povijesti 20. stolje\u0107a\u201d. Projekt \u0107e provoditi i koordinirati Hrvatski institut za povijest u razdoblju trajanja projekta od pet godina. Zakljucak Vlade RH Iz teksta projektnog prijedloga: Problematika\u2026","rel":"","context":"U &quot;Novosti&quot;","block_context":{"text":"Novosti","link":"https:\/\/historiografija.hr\/?cat=3"},"img":{"alt_text":"","src":"https:\/\/i0.wp.com\/historiografija.hr\/wp-content\/uploads\/2026\/04\/Vlada-RH.jpg?fit=1200%2C557&ssl=1&resize=350%2C200","width":350,"height":200,"srcset":"https:\/\/i0.wp.com\/historiografija.hr\/wp-content\/uploads\/2026\/04\/Vlada-RH.jpg?fit=1200%2C557&ssl=1&resize=350%2C200 1x, https:\/\/i0.wp.com\/historiografija.hr\/wp-content\/uploads\/2026\/04\/Vlada-RH.jpg?fit=1200%2C557&ssl=1&resize=525%2C300 1.5x, https:\/\/i0.wp.com\/historiografija.hr\/wp-content\/uploads\/2026\/04\/Vlada-RH.jpg?fit=1200%2C557&ssl=1&resize=700%2C400 2x, https:\/\/i0.wp.com\/historiografija.hr\/wp-content\/uploads\/2026\/04\/Vlada-RH.jpg?fit=1200%2C557&ssl=1&resize=1050%2C600 3x"},"classes":[]},{"id":52657,"url":"https:\/\/historiografija.hr\/?p=52657","url_meta":{"origin":19313,"position":2},"title":"[Predavanje] Jezik i drugost u (post)socijalisti\u010dkoj Srbiji: diskurzivne politike identiteta (YugoLab)","author":"Branimir Jankovi\u0107","date":"24. travnja 2026.","format":false,"excerpt":"U sklopu projekta Prizma \/ IMAGINATION (\u201eZami\u0161ljanje nacije: srpski nacionalni narativi u sporu (XX\u2013XXI vek)\u201c), koji se realizuje na Institutu za filozofiju i dru\u0161tvenu teoriju Univerziteta u Beogradu (2024\u20132027) uz finansijsku podr\u0161ku Fonda za nauku Republike Srbije, organizuje se serija predavanja na kojoj istra\u017eiva\u010di i istra\u017eiva\u010dice projekta predstavljaju rezultate svojih\u2026","rel":"","context":"U &quot;Novosti&quot;","block_context":{"text":"Novosti","link":"https:\/\/historiografija.hr\/?cat=3"},"img":{"alt_text":"","src":"https:\/\/i0.wp.com\/historiografija.hr\/wp-content\/uploads\/2026\/04\/IFDT_28_IV.png?fit=1200%2C675&ssl=1&resize=350%2C200","width":350,"height":200,"srcset":"https:\/\/i0.wp.com\/historiografija.hr\/wp-content\/uploads\/2026\/04\/IFDT_28_IV.png?fit=1200%2C675&ssl=1&resize=350%2C200 1x, https:\/\/i0.wp.com\/historiografija.hr\/wp-content\/uploads\/2026\/04\/IFDT_28_IV.png?fit=1200%2C675&ssl=1&resize=525%2C300 1.5x, https:\/\/i0.wp.com\/historiografija.hr\/wp-content\/uploads\/2026\/04\/IFDT_28_IV.png?fit=1200%2C675&ssl=1&resize=700%2C400 2x, https:\/\/i0.wp.com\/historiografija.hr\/wp-content\/uploads\/2026\/04\/IFDT_28_IV.png?fit=1200%2C675&ssl=1&resize=1050%2C600 3x"},"classes":[]},{"id":52660,"url":"https:\/\/historiografija.hr\/?p=52660","url_meta":{"origin":19313,"position":3},"title":"Medijski odjeci \u010dlanka Steve \u0110ura\u0161kovi\u0107a \u201e\u017dupanovljeva ne\u017eeljena djeca: ideolo\u0161ko pribli\u017eavanje neoliberala i kr\u0161\u0107anske radikalne desnice u Hrvatskoj\u201c","author":"Branimir Jankovi\u0107","date":"24. travnja 2026.","format":false,"excerpt":"U sklopu projekta \u201eIzazovi intelektualne povijesti: recepcije, preobrazbe i upotrebe politi\u010dkih ideja\u201c objavljen je polemi\u010dki \u010dlanak Steve \u0110ura\u0161kovi\u0107a \u201e\u017dupanovljeva ne\u017eeljena djeca: ideolo\u0161ko pribli\u017eavanje neoliberala i kr\u0161\u0107anske radikalne desnice u Hrvatskoj\u201c, koji je izazvao odre\u0111ene medijske reakcije. Stevo \u0110ura\u0161kovi\u0107 \u017dupanovljeva ne\u017eeljena djeca: ideolo\u0161ko pribli\u017eavanje neoliberala i kr\u0161\u0107anske radikalne desnice u Hrvatskoj\u2026","rel":"","context":"U &quot;Novosti&quot;","block_context":{"text":"Novosti","link":"https:\/\/historiografija.hr\/?cat=3"},"img":{"alt_text":"","src":"https:\/\/i0.wp.com\/historiografija.hr\/wp-content\/uploads\/2026\/04\/SD.png?fit=809%2C821&ssl=1&resize=350%2C200","width":350,"height":200,"srcset":"https:\/\/i0.wp.com\/historiografija.hr\/wp-content\/uploads\/2026\/04\/SD.png?fit=809%2C821&ssl=1&resize=350%2C200 1x, https:\/\/i0.wp.com\/historiografija.hr\/wp-content\/uploads\/2026\/04\/SD.png?fit=809%2C821&ssl=1&resize=525%2C300 1.5x, https:\/\/i0.wp.com\/historiografija.hr\/wp-content\/uploads\/2026\/04\/SD.png?fit=809%2C821&ssl=1&resize=700%2C400 2x"},"classes":[]},{"id":52578,"url":"https:\/\/historiografija.hr\/?p=52578","url_meta":{"origin":19313,"position":4},"title":"Poziv za sudjelovanje: XXII. Dani Julija Bene\u0161i\u0107a u Iloku","author":"Branimir Jankovi\u0107","date":"21. travnja 2026.","format":false,"excerpt":"Zavod za lingvisti\u010dka istra\u017eivanja Hrvatske akademije znanosti i umjetnosti, zajedno s Muzejom grada Iloka, organizira XXII. Dane Julija Bene\u0161i\u0107a, koji \u0107e se odr\u017eati od 28. do 30. listopada 2026. u Iloku.\u00a0Teme ovogodi\u0161njih Dana podijeljene su u dvije cjeline: Knji\u017eevno-jezikoslovni d\u00ecv\u0101n s Bene\u0161i\u0107em te Ilok i Srijem u povijesnim stalnicama i\u2026","rel":"","context":"U &quot;Novosti&quot;","block_context":{"text":"Novosti","link":"https:\/\/historiografija.hr\/?cat=3"},"img":{"alt_text":"","src":"https:\/\/i0.wp.com\/historiografija.hr\/wp-content\/uploads\/2019\/10\/HE2_Benesic.jpg?fit=413%2C591&ssl=1&resize=350%2C200","width":350,"height":200},"classes":[]},{"id":52592,"url":"https:\/\/historiografija.hr\/?p=52592","url_meta":{"origin":19313,"position":5},"title":"Predstavljanje knjige &#8220;Turska ku\u0107a u Rijeci&#8221; u Zagrebu","author":"Branimir Jankovi\u0107","date":"22. travnja 2026.","format":false,"excerpt":"U prostorijama Turskog kulturnog centra Yunus Emre u Zagrebu, u utorak 21. travnja 2026. godine, odr\u017eano je sve\u010dano predstavljanje dopunjenog izdanja knjige Turska ku\u0107a u Rijeci, u organizaciji Hrvatsko-turskog dru\u0161tva Rijeka i partnerstvu sa Skupinom prijateljstva Hrvatska-Turska Hrvatskog sabora, Veleposlanstvom Republike Turske u Republici Hrvatskoj te Turskim kulturnim centrom Yunus\u2026","rel":"","context":"U &quot;Novosti&quot;","block_context":{"text":"Novosti","link":"https:\/\/historiografija.hr\/?cat=3"},"img":{"alt_text":"","src":"https:\/\/i0.wp.com\/historiografija.hr\/wp-content\/uploads\/2026\/04\/Turska-kuca-ZG.jpg?fit=1200%2C800&ssl=1&resize=350%2C200","width":350,"height":200,"srcset":"https:\/\/i0.wp.com\/historiografija.hr\/wp-content\/uploads\/2026\/04\/Turska-kuca-ZG.jpg?fit=1200%2C800&ssl=1&resize=350%2C200 1x, https:\/\/i0.wp.com\/historiografija.hr\/wp-content\/uploads\/2026\/04\/Turska-kuca-ZG.jpg?fit=1200%2C800&ssl=1&resize=525%2C300 1.5x, https:\/\/i0.wp.com\/historiografija.hr\/wp-content\/uploads\/2026\/04\/Turska-kuca-ZG.jpg?fit=1200%2C800&ssl=1&resize=700%2C400 2x, https:\/\/i0.wp.com\/historiografija.hr\/wp-content\/uploads\/2026\/04\/Turska-kuca-ZG.jpg?fit=1200%2C800&ssl=1&resize=1050%2C600 3x"},"classes":[]}],"_links":{"self":[{"href":"https:\/\/historiografija.hr\/index.php?rest_route=\/wp\/v2\/posts\/19313","targetHints":{"allow":["GET"]}}],"collection":[{"href":"https:\/\/historiografija.hr\/index.php?rest_route=\/wp\/v2\/posts"}],"about":[{"href":"https:\/\/historiografija.hr\/index.php?rest_route=\/wp\/v2\/types\/post"}],"author":[{"embeddable":true,"href":"https:\/\/historiografija.hr\/index.php?rest_route=\/wp\/v2\/users\/2"}],"replies":[{"embeddable":true,"href":"https:\/\/historiografija.hr\/index.php?rest_route=%2Fwp%2Fv2%2Fcomments&post=19313"}],"version-history":[{"count":3,"href":"https:\/\/historiografija.hr\/index.php?rest_route=\/wp\/v2\/posts\/19313\/revisions"}],"predecessor-version":[{"id":32117,"href":"https:\/\/historiografija.hr\/index.php?rest_route=\/wp\/v2\/posts\/19313\/revisions\/32117"}],"wp:featuredmedia":[{"embeddable":true,"href":"https:\/\/historiografija.hr\/index.php?rest_route=\/wp\/v2\/media\/8791"}],"wp:attachment":[{"href":"https:\/\/historiografija.hr\/index.php?rest_route=%2Fwp%2Fv2%2Fmedia&parent=19313"}],"wp:term":[{"taxonomy":"category","embeddable":true,"href":"https:\/\/historiografija.hr\/index.php?rest_route=%2Fwp%2Fv2%2Fcategories&post=19313"},{"taxonomy":"post_tag","embeddable":true,"href":"https:\/\/historiografija.hr\/index.php?rest_route=%2Fwp%2Fv2%2Ftags&post=19313"}],"curies":[{"name":"wp","href":"https:\/\/api.w.org\/{rel}","templated":true}]}}