{"id":19269,"date":"2020-02-21T19:46:30","date_gmt":"2020-02-21T19:46:30","guid":{"rendered":"http:\/\/historiografija.hr\/?p=19269"},"modified":"2020-02-26T09:54:49","modified_gmt":"2020-02-26T09:54:49","slug":"komentari-i-odjeci-izlozbe-ako-tebe-zaboravim-holokaust-u-hrvatskoj-1941-1945-zadnje-odrediste-auschwitz","status":"publish","type":"post","link":"https:\/\/historiografija.hr\/?p=19269","title":{"rendered":"Komentari i odjeci izlo\u017ebe \u201dAKO TEBE ZABORAVIM\u2026 \u2013 Holokaust u Hrvatskoj 1941. \u2013 1945. \/ zadnje odredi\u0161te Auschwitz\u201c"},"content":{"rendered":"<p>Izlo\u017eba \u201dAKO TEBE ZABORAVIM\u2026 \u2013 Holokaust u Hrvatskoj 1941. \u2013 1945. \/ zadnje odredi\u0161te Auschwitz\u201c u Francuskom paviljonu u Zagrebu do\u010dekana je s velikom pozorno\u0161\u0107u medija, kao i stru\u010dne i \u0161ire javnosti. Govor premijera Andreja Plenkovi\u0107a na otvorenju izlo\u017ebe komentirali su Snje\u017eana Koren, Branimir Pofuk, Igor Vuki\u0107, a na izlo\u017ebu su se osvrnuli Ivica Mi\u0161kulin, Vladimir Geiger, Sre\u0107ko Pulig i niz medija.<\/p>\n<p>&nbsp;<\/p>\n<p><a href=\"https:\/\/i0.wp.com\/historiografija.hr\/wp-content\/uploads\/2020\/01\/Ako-tebe-zaboravim.jpg?ssl=1\"><img data-recalc-dims=\"1\" loading=\"lazy\" decoding=\"async\" data-attachment-id=\"18943\" data-permalink=\"https:\/\/historiografija.hr\/?attachment_id=18943\" data-orig-file=\"https:\/\/i0.wp.com\/historiografija.hr\/wp-content\/uploads\/2020\/01\/Ako-tebe-zaboravim.jpg?fit=1400%2C784&amp;ssl=1\" data-orig-size=\"1400,784\" data-comments-opened=\"1\" data-image-meta=\"{&quot;aperture&quot;:&quot;0&quot;,&quot;credit&quot;:&quot;&quot;,&quot;camera&quot;:&quot;&quot;,&quot;caption&quot;:&quot;&quot;,&quot;created_timestamp&quot;:&quot;0&quot;,&quot;copyright&quot;:&quot;&quot;,&quot;focal_length&quot;:&quot;0&quot;,&quot;iso&quot;:&quot;0&quot;,&quot;shutter_speed&quot;:&quot;0&quot;,&quot;title&quot;:&quot;&quot;,&quot;orientation&quot;:&quot;0&quot;}\" data-image-title=\"Ako-tebe-zaboravim\" data-image-description=\"\" data-image-caption=\"\" data-large-file=\"https:\/\/i0.wp.com\/historiografija.hr\/wp-content\/uploads\/2020\/01\/Ako-tebe-zaboravim.jpg?fit=860%2C481&amp;ssl=1\" class=\"alignnone size-medium wp-image-18943\" src=\"https:\/\/i0.wp.com\/historiografija.hr\/wp-content\/uploads\/2020\/01\/Ako-tebe-zaboravim.jpg?resize=300%2C168&#038;ssl=1\" alt=\"\" width=\"300\" height=\"168\" srcset=\"https:\/\/i0.wp.com\/historiografija.hr\/wp-content\/uploads\/2020\/01\/Ako-tebe-zaboravim.jpg?resize=300%2C168&amp;ssl=1 300w, https:\/\/i0.wp.com\/historiografija.hr\/wp-content\/uploads\/2020\/01\/Ako-tebe-zaboravim.jpg?resize=768%2C430&amp;ssl=1 768w, https:\/\/i0.wp.com\/historiografija.hr\/wp-content\/uploads\/2020\/01\/Ako-tebe-zaboravim.jpg?resize=1024%2C573&amp;ssl=1 1024w, https:\/\/i0.wp.com\/historiografija.hr\/wp-content\/uploads\/2020\/01\/Ako-tebe-zaboravim.jpg?w=1400&amp;ssl=1 1400w\" sizes=\"auto, (max-width: 300px) 100vw, 300px\" \/><\/a><\/p>\n<p>&nbsp;<\/p>\n<p>Snje\u017eana Koren<\/p>\n<p><a href=\"https:\/\/www.facebook.com\/permalink.php?story_fbid=1521693247987213&amp;id=100004396574831\">https:\/\/www.facebook.com\/permalink.php?story_fbid=1521693247987213&amp;id=100004396574831<\/a><\/p>\n<p>&nbsp;<\/p>\n<p>Branimir Pofuk<\/p>\n<p><a href=\"https:\/\/www.vecernji.hr\/premium\/plenkovic-bi-svoj-vazan-govor-o-ustastvu-trebao-ponoviti-i-na-trgu-zrtava-fasizma-u-hdz-u-1378041\">https:\/\/www.vecernji.hr\/premium\/plenkovic-bi-svoj-vazan-govor-o-ustastvu-trebao-ponoviti-i-na-trgu-zrtava-fasizma-u-hdz-u-1378041<\/a><\/p>\n<p>&nbsp;<\/p>\n<p>Igor Vuki\u0107<\/p>\n<p><a href=\"https:\/\/narod.hr\/hrvatska\/igor-vukic-plenkovic-otvorio-izlozbu-o-zrtvama-auschwitza-od-kojih-se-neke-istodobno-nalaze-i-na-popisu-zrtava-jasenovca\">https:\/\/narod.hr\/hrvatska\/igor-vukic-plenkovic-otvorio-izlozbu-o-zrtvama-auschwitza-od-kojih-se-neke-istodobno-nalaze-i-na-popisu-zrtava-jasenovca<\/a><\/p>\n<p>&nbsp;<\/p>\n<p>Ivica Mi\u0161kulin<\/p>\n<p><a href=\"http:\/\/www.matica.hr\/vijenac\/677\/da-se-ne-zaboravi-29975\/\">http:\/\/www.matica.hr\/vijenac\/677\/da-se-ne-zaboravi-29975\/<\/a><\/p>\n<p>&nbsp;<\/p>\n<p>Vladimir Geiger<\/p>\n<p><a href=\"https:\/\/historiografija.hr\/?p=19272\">https:\/\/historiografija.hr\/?p=19272<\/a><\/p>\n<p>&nbsp;<\/p>\n<p>Sre\u0107ko Pulig<\/p>\n<p><a href=\"https:\/\/www.portalnovosti.com\/od-ndh-do-auschwitza\">https:\/\/www.portalnovosti.com\/od-ndh-do-auschwitza<\/a><\/p>\n<p>&nbsp;<\/p>\n<p><strong>Iz medija:<\/strong><\/p>\n<p><a href=\"https:\/\/www.hina.hr\/vijest\/10281583\">https:\/\/www.hina.hr\/vijest\/10281583<\/a><\/p>\n<p><a href=\"https:\/\/www.jutarnji.hr\/vijesti\/hrvatska\/plenkovic-otvorio-izlozbu-ako-tebe-zaboravim-holokaust-u-hrvatskoj-1941-1945-zadnje-odrediste-auschwitz\/9940186\/\">https:\/\/www.jutarnji.hr\/vijesti\/hrvatska\/plenkovic-otvorio-izlozbu-ako-tebe-zaboravim-holokaust-u-hrvatskoj-1941-1945-zadnje-odrediste-auschwitz\/9940186\/<\/a><\/p>\n<p><a href=\"https:\/\/www.vecernji.hr\/vijesti\/izlozba-o-holokaustu-temelj-je-buduceg-postava-u-auschwitzu-1377096\">https:\/\/www.vecernji.hr\/vijesti\/izlozba-o-holokaustu-temelj-je-buduceg-postava-u-auschwitzu-1377096<\/a><\/p>\n<p><a href=\"https:\/\/www.tportal.hr\/kultura\/clanak\/izlozba-o-stradanju-zidova-na-mjestu-odakle-su-ih-odvodili-u-logore-holokaust-se-nije-dogadao-negdje-daleko-u-europi-nego-tu-pred-nama-20200204\">https:\/\/www.tportal.hr\/kultura\/clanak\/izlozba-o-stradanju-zidova-na-mjestu-odakle-su-ih-odvodili-u-logore-holokaust-se-nije-dogadao-negdje-daleko-u-europi-nego-tu-pred-nama-20200204<\/a><\/p>\n<p><a href=\"https:\/\/www.slobodnaevropa.org\/a\/auschwitz-hrvatska-zagreb-holokaust-izlozba\/30416806.html\">https:\/\/www.slobodnaevropa.org\/a\/auschwitz-hrvatska-zagreb-holokaust-izlozba\/30416806.html<\/a><\/p>\n<p><a href=\"https:\/\/www.nacional.hr\/holokaust-se-nije-dogodio-negdje-drugdje-nego-pred-nasim-ocima\/\">https:\/\/www.nacional.hr\/holokaust-se-nije-dogodio-negdje-drugdje-nego-pred-nasim-ocima\/<\/a><\/p>\n<p><a href=\"https:\/\/www.min-kulture.hr\/default.aspx?id=24089\">https:\/\/www.min-kulture.hr\/default.aspx?id=24089<\/a><\/p>\n<p><a href=\"https:\/\/www.glas-slavonije.hr\/423621\/1\/Poruka-je-da-zaborava-ne-smije-biti\">https:\/\/www.glas-slavonije.hr\/423621\/1\/Poruka-je-da-zaborava-ne-smije-biti<\/a><\/p>\n<p><a href=\"https:\/\/www.oslobodjenje.ba\/o2\/kultura\/vise-od-izlozbe-531767\">https:\/\/www.oslobodjenje.ba\/o2\/kultura\/vise-od-izlozbe-531767<\/a><\/p>\n<p><a href=\"https:\/\/www.tportal.hr\/vijesti\/clanak\/izraelski-veleposlanik-bez-dlake-na-jeziku-govori-o-propaloj-kupnji-borbenih-aviona-porastu-antisemitizma-minimiziranju-ustaskih-zlocina-i-smaknucu-iranskoga-generala-sulejmanija-foto-20200209\">https:\/\/www.tportal.hr\/vijesti\/clanak\/izraelski-veleposlanik-bez-dlake-na-jeziku-govori-o-propaloj-kupnji-borbenih-aviona-porastu-antisemitizma-minimiziranju-ustaskih-zlocina-i-smaknucu-iranskoga-generala-sulejmanija-foto-20200209<\/a><\/p>\n<p>&nbsp;<\/p>\n<p><strong>Izlo\u017eba\u00a0 AKO TEBE ZABORAVIM\u2026 \u2013 Holokaust u Hrvatskoj 1941. \u2013 1945. \/ zadnje odredi\u0161te Auschwitz<\/strong><\/p>\n<p><a href=\"https:\/\/historiografija.hr\/?p=18942\">https:\/\/historiografija.hr\/?p=18942<\/a><\/p>\n<p><a href=\"https:\/\/www.culturenet.hr\/default.aspx?id=95931\">https:\/\/www.culturenet.hr\/default.aspx?id=95931<\/a><\/p>\n<p><a href=\"http:\/\/www.hismus.hr\/hr\/novosti\/aktualno\/izlozba\/najava-izlozbe-ako-tebe-zaboravimholokaust-u-hrvatskoj-1941-1945-zadnje-odrediste-auschwitz\/\">http:\/\/www.hismus.hr\/hr\/novosti\/aktualno\/izlozba\/najava-izlozbe-ako-tebe-zaboravimholokaust-u-hrvatskoj-1941-1945-zadnje-odrediste-auschwitz\/<\/a><\/p>\n<p><a href=\"http:\/\/www.arhiv.hr\/hr-hr\/Izlozbe-i-dogadjanja\/ArticleId\/1292\/oamid\/1633\">http:\/\/www.arhiv.hr\/hr-hr\/Izlozbe-i-dogadjanja\/ArticleId\/1292\/oamid\/1633<\/a><\/p>\n<p><a href=\"http:\/\/www.zoz.hr\/home.php?content=novosti\">http:\/\/www.zoz.hr\/home.php?content=novosti<\/a><\/p>\n<p><a href=\"https:\/\/embassies.gov.il\/Zagreb-hr\/NewsAndEvents\/Pages\/Obra%C4%87anje-predsjednika-Vlade-na-otvaranju-izlo%C5%BEbe---Ako-tebe-zaboravim.aspx\">https:\/\/embassies.gov.il\/Zagreb-hr\/NewsAndEvents\/Pages\/Obra%C4%87anje-predsjednika-Vlade-na-otvaranju-izlo%C5%BEbe&#8212;Ako-tebe-zaboravim.aspx<\/a><\/p>\n<p>&nbsp;<\/p>\n<p>&nbsp;<\/p>\n<p>&nbsp;<\/p>\n<p>&nbsp;<\/p>\n","protected":false},"excerpt":{"rendered":"","protected":false},"author":2,"featured_media":19270,"comment_status":"open","ping_status":"open","sticky":false,"template":"","format":"standard","meta":{"_acf_changed":false,"jetpack_post_was_ever_published":false,"_jetpack_newsletter_access":"","_jetpack_dont_email_post_to_subs":false,"_jetpack_newsletter_tier_id":0,"_jetpack_memberships_contains_paywalled_content":false,"_jetpack_memberships_contains_paid_content":false,"footnotes":"","jetpack_publicize_message":"","jetpack_publicize_feature_enabled":true,"jetpack_social_post_already_shared":true,"jetpack_social_options":{"image_generator_settings":{"template":"highway","default_image_id":0,"font":"","enabled":false},"version":2}},"categories":[10,3,17],"tags":[],"class_list":["post-19269","post","type-post","status-publish","format-standard","has-post-thumbnail","hentry","category-izlozbe","category-novosti","category-rasprave"],"acf":{"facebook_opis":""},"jetpack_publicize_connections":[],"jetpack_featured_media_url":"https:\/\/i0.wp.com\/historiografija.hr\/wp-content\/uploads\/2020\/02\/otvorenje.jpg?fit=800%2C533&ssl=1","jetpack_sharing_enabled":true,"jetpack-related-posts":[{"id":52573,"url":"https:\/\/historiografija.hr\/?p=52573","url_meta":{"origin":19269,"position":0},"title":"Znanstvena konferencija &#8220;Filozofija odgoja: povijest, praksa, perspektive&#8221;","author":"Branimir Jankovi\u0107","date":"21. travnja 2026.","format":false,"excerpt":"Znanstvena konferencija \"Filozofija odgoja: povijest, praksa, perspektive\" odr\u017eat \u0107e se 23. i 24. travnja 2026. u Konferencijskoj dvorani Knji\u017enice Filozofskog fakulteta u Zagrebu (2. kat).\u00a0Konferencija je organizirana u okviru projekta\u00a0SUMKOS (voditeljica prof. dr. sc. Ivana Zagorac, financiran\u00a0sredstvima NextGenerationEU), uz potporu Odsjeka za filozofiju.\u00a0 Uz izlaga\u010dki dio, konferencija obuhva\u0107a i izlo\u017ebu\u2026","rel":"","context":"U &quot;Novosti&quot;","block_context":{"text":"Novosti","link":"https:\/\/historiografija.hr\/?cat=3"},"img":{"alt_text":"","src":"","width":0,"height":0},"classes":[]},{"id":52505,"url":"https:\/\/historiografija.hr\/?p=52505","url_meta":{"origin":19269,"position":1},"title":"Izlo\u017eba &#8220;Eschenstock \/ Jasenov prut&#8221;","author":"Branimir Jankovi\u0107","date":"17. travnja 2026.","format":false,"excerpt":"Srpsko narodno vije\u0107e (SNV) i Vizura aperta postavljaju izlo\u017ebu \u0161vicarskog slikara Velimira Ili\u0161evi\u0107a: Eschenstock \/ Jasenov prut. Izlo\u017eba se uz prisustvo autora otvara povodom 81. godi\u0161njice proboja logora\u0161a iz usta\u0161kog logora smrti Jasenovac 22. aprila 2026. u 19 sati u Srpskom kulturnom centru (SKC) u Preradovi\u0107evoj ulici 21 u Zagrebu.\u2026","rel":"","context":"U &quot;Izlo\u017ebe&quot;","block_context":{"text":"Izlo\u017ebe","link":"https:\/\/historiografija.hr\/?cat=10"},"img":{"alt_text":"","src":"https:\/\/i0.wp.com\/historiografija.hr\/wp-content\/uploads\/2026\/04\/Jasenov_prut.jpg?fit=1024%2C640&ssl=1&resize=350%2C200","width":350,"height":200,"srcset":"https:\/\/i0.wp.com\/historiografija.hr\/wp-content\/uploads\/2026\/04\/Jasenov_prut.jpg?fit=1024%2C640&ssl=1&resize=350%2C200 1x, https:\/\/i0.wp.com\/historiografija.hr\/wp-content\/uploads\/2026\/04\/Jasenov_prut.jpg?fit=1024%2C640&ssl=1&resize=525%2C300 1.5x, https:\/\/i0.wp.com\/historiografija.hr\/wp-content\/uploads\/2026\/04\/Jasenov_prut.jpg?fit=1024%2C640&ssl=1&resize=700%2C400 2x"},"classes":[]},{"id":52511,"url":"https:\/\/historiografija.hr\/?p=52511","url_meta":{"origin":19269,"position":2},"title":"Izlo\u017eba &#8220;Lica Sljemena&#8221;","author":"Branimir Jankovi\u0107","date":"17. travnja 2026.","format":false,"excerpt":"Srda\u010dno vas pozivamo na otvorenje izlo\u017ebe Lica Sljemena koje \u0107e se odr\u017eati u srijedu 22. travnja 2026. u 18 h ispred Muzeja Prigorja (Trg Dragutina Domjani\u0107a 5, Sesvete). Izlo\u017eba proizlazi iz istra\u017eivanja Nevene \u0160krbi\u0107 Alempijevi\u0107, Petre Kelemen i Sanje Potkonjak te intervjua sa Sljemena\u0161icama i Sljemena\u0161ima, koji su provedeni u\u2026","rel":"","context":"U &quot;Izlo\u017ebe&quot;","block_context":{"text":"Izlo\u017ebe","link":"https:\/\/historiografija.hr\/?cat=10"},"img":{"alt_text":"","src":"https:\/\/i0.wp.com\/historiografija.hr\/wp-content\/uploads\/2026\/04\/Izlozba-Lica-Sljemena.png?fit=1080%2C686&ssl=1&resize=350%2C200","width":350,"height":200,"srcset":"https:\/\/i0.wp.com\/historiografija.hr\/wp-content\/uploads\/2026\/04\/Izlozba-Lica-Sljemena.png?fit=1080%2C686&ssl=1&resize=350%2C200 1x, https:\/\/i0.wp.com\/historiografija.hr\/wp-content\/uploads\/2026\/04\/Izlozba-Lica-Sljemena.png?fit=1080%2C686&ssl=1&resize=525%2C300 1.5x, https:\/\/i0.wp.com\/historiografija.hr\/wp-content\/uploads\/2026\/04\/Izlozba-Lica-Sljemena.png?fit=1080%2C686&ssl=1&resize=700%2C400 2x, https:\/\/i0.wp.com\/historiografija.hr\/wp-content\/uploads\/2026\/04\/Izlozba-Lica-Sljemena.png?fit=1080%2C686&ssl=1&resize=1050%2C600 3x"},"classes":[]},{"id":52752,"url":"https:\/\/historiografija.hr\/?p=52752","url_meta":{"origin":19269,"position":3},"title":"Otvaranje izlo\u017ebe &#8220;Hrvati na So\u010danskom frontu&#8221; i predavanje &#8220;So\u010danska fronta u Prvome svjetskom ratu&#8221;","author":"Filip \u0160imunjak","date":"30. travnja 2026.","format":false,"excerpt":"Otvaranje izlo\u017ebe \u201eHrvati na So\u010danskom frontu\u201c, Kobari\u0161ki muzej Prvog svjetskog rata, Kobarid, odr\u017eat \u0107e se u sklopu ovogodi\u0161njega Festivala povijesti Kliofest u Nacionalnoj i sveu\u010dili\u0161noj knji\u017enici u Zagrebu, u utorak 5. svibnja, s po\u010detkom u 10 sati, uz sudjelovanje: Ga\u0161pera Dov\u017eana, veleposlanika Republike Slovenije u RH, te Martina \u0160olara, direktora\u2026","rel":"","context":"U &quot;Izlo\u017ebe&quot;","block_context":{"text":"Izlo\u017ebe","link":"https:\/\/historiografija.hr\/?cat=10"},"img":{"alt_text":"","src":"https:\/\/i0.wp.com\/historiografija.hr\/wp-content\/uploads\/2026\/04\/Kliofest-01-utorak-II-08-P-Socanska-fronta.jpg?fit=1200%2C566&ssl=1&resize=350%2C200","width":350,"height":200,"srcset":"https:\/\/i0.wp.com\/historiografija.hr\/wp-content\/uploads\/2026\/04\/Kliofest-01-utorak-II-08-P-Socanska-fronta.jpg?fit=1200%2C566&ssl=1&resize=350%2C200 1x, https:\/\/i0.wp.com\/historiografija.hr\/wp-content\/uploads\/2026\/04\/Kliofest-01-utorak-II-08-P-Socanska-fronta.jpg?fit=1200%2C566&ssl=1&resize=525%2C300 1.5x, https:\/\/i0.wp.com\/historiografija.hr\/wp-content\/uploads\/2026\/04\/Kliofest-01-utorak-II-08-P-Socanska-fronta.jpg?fit=1200%2C566&ssl=1&resize=700%2C400 2x, https:\/\/i0.wp.com\/historiografija.hr\/wp-content\/uploads\/2026\/04\/Kliofest-01-utorak-II-08-P-Socanska-fronta.jpg?fit=1200%2C566&ssl=1&resize=1050%2C600 3x"},"classes":[]},{"id":52660,"url":"https:\/\/historiografija.hr\/?p=52660","url_meta":{"origin":19269,"position":4},"title":"Medijski odjeci \u010dlanka Steve \u0110ura\u0161kovi\u0107a \u201e\u017dupanovljeva ne\u017eeljena djeca: ideolo\u0161ko pribli\u017eavanje neoliberala i kr\u0161\u0107anske radikalne desnice u Hrvatskoj\u201c","author":"Branimir Jankovi\u0107","date":"24. travnja 2026.","format":false,"excerpt":"U sklopu projekta \u201eIzazovi intelektualne povijesti: recepcije, preobrazbe i upotrebe politi\u010dkih ideja\u201c objavljen je polemi\u010dki \u010dlanak Steve \u0110ura\u0161kovi\u0107a \u201e\u017dupanovljeva ne\u017eeljena djeca: ideolo\u0161ko pribli\u017eavanje neoliberala i kr\u0161\u0107anske radikalne desnice u Hrvatskoj\u201c, koji je izazvao odre\u0111ene medijske reakcije. Stevo \u0110ura\u0161kovi\u0107 \u017dupanovljeva ne\u017eeljena djeca: ideolo\u0161ko pribli\u017eavanje neoliberala i kr\u0161\u0107anske radikalne desnice u Hrvatskoj\u2026","rel":"","context":"U &quot;Novosti&quot;","block_context":{"text":"Novosti","link":"https:\/\/historiografija.hr\/?cat=3"},"img":{"alt_text":"","src":"https:\/\/i0.wp.com\/historiografija.hr\/wp-content\/uploads\/2026\/04\/SD.png?fit=809%2C821&ssl=1&resize=350%2C200","width":350,"height":200,"srcset":"https:\/\/i0.wp.com\/historiografija.hr\/wp-content\/uploads\/2026\/04\/SD.png?fit=809%2C821&ssl=1&resize=350%2C200 1x, https:\/\/i0.wp.com\/historiografija.hr\/wp-content\/uploads\/2026\/04\/SD.png?fit=809%2C821&ssl=1&resize=525%2C300 1.5x, https:\/\/i0.wp.com\/historiografija.hr\/wp-content\/uploads\/2026\/04\/SD.png?fit=809%2C821&ssl=1&resize=700%2C400 2x"},"classes":[]},{"id":52760,"url":"https:\/\/historiografija.hr\/?p=52760","url_meta":{"origin":19269,"position":5},"title":"Izlo\u017eba \u201cLo\u0161injski brodovi, njihove zastave i ljudi\u201d, 4. svibnja u 19h","author":"Filip \u0160imunjak","date":"30. travnja 2026.","format":false,"excerpt":"Hrvatski pomorski muzej Split, Glagolja\u0161a 18 (Tvr\u0111ava Gripe) Nakon \u0161to je u rujnu 2025. godine na otoku Lo\u0161inju, u suradnji Lo\u0161injskog muzeja i Hrvatskog pomorskog muzeja Split, predstavljena izlo\u017eba posve\u0107ena bogatoj pomorskoj ba\u0161tini otoka, njezino pro\u0161ireno izdanje postavlja se u Splitu. Uo\u010di blagdana svetog Dujma splitskoj \u0107e se publici predstaviti\u2026","rel":"","context":"U &quot;Izlo\u017ebe&quot;","block_context":{"text":"Izlo\u017ebe","link":"https:\/\/historiografija.hr\/?cat=10"},"img":{"alt_text":"","src":"https:\/\/i0.wp.com\/historiografija.hr\/wp-content\/uploads\/2026\/04\/Losinjski-brodovi-Izlozba-1-scaled.webp?fit=840%2C1200&ssl=1&resize=350%2C200","width":350,"height":200,"srcset":"https:\/\/i0.wp.com\/historiografija.hr\/wp-content\/uploads\/2026\/04\/Losinjski-brodovi-Izlozba-1-scaled.webp?fit=840%2C1200&ssl=1&resize=350%2C200 1x, https:\/\/i0.wp.com\/historiografija.hr\/wp-content\/uploads\/2026\/04\/Losinjski-brodovi-Izlozba-1-scaled.webp?fit=840%2C1200&ssl=1&resize=525%2C300 1.5x, https:\/\/i0.wp.com\/historiografija.hr\/wp-content\/uploads\/2026\/04\/Losinjski-brodovi-Izlozba-1-scaled.webp?fit=840%2C1200&ssl=1&resize=700%2C400 2x"},"classes":[]}],"_links":{"self":[{"href":"https:\/\/historiografija.hr\/index.php?rest_route=\/wp\/v2\/posts\/19269","targetHints":{"allow":["GET"]}}],"collection":[{"href":"https:\/\/historiografija.hr\/index.php?rest_route=\/wp\/v2\/posts"}],"about":[{"href":"https:\/\/historiografija.hr\/index.php?rest_route=\/wp\/v2\/types\/post"}],"author":[{"embeddable":true,"href":"https:\/\/historiografija.hr\/index.php?rest_route=\/wp\/v2\/users\/2"}],"replies":[{"embeddable":true,"href":"https:\/\/historiografija.hr\/index.php?rest_route=%2Fwp%2Fv2%2Fcomments&post=19269"}],"version-history":[{"count":5,"href":"https:\/\/historiografija.hr\/index.php?rest_route=\/wp\/v2\/posts\/19269\/revisions"}],"predecessor-version":[{"id":19281,"href":"https:\/\/historiografija.hr\/index.php?rest_route=\/wp\/v2\/posts\/19269\/revisions\/19281"}],"wp:featuredmedia":[{"embeddable":true,"href":"https:\/\/historiografija.hr\/index.php?rest_route=\/wp\/v2\/media\/19270"}],"wp:attachment":[{"href":"https:\/\/historiografija.hr\/index.php?rest_route=%2Fwp%2Fv2%2Fmedia&parent=19269"}],"wp:term":[{"taxonomy":"category","embeddable":true,"href":"https:\/\/historiografija.hr\/index.php?rest_route=%2Fwp%2Fv2%2Fcategories&post=19269"},{"taxonomy":"post_tag","embeddable":true,"href":"https:\/\/historiografija.hr\/index.php?rest_route=%2Fwp%2Fv2%2Ftags&post=19269"}],"curies":[{"name":"wp","href":"https:\/\/api.w.org\/{rel}","templated":true}]}}