{"id":19240,"date":"2020-02-19T10:07:23","date_gmt":"2020-02-19T10:07:23","guid":{"rendered":"http:\/\/historiografija.hr\/?p=19240"},"modified":"2020-02-19T10:07:23","modified_gmt":"2020-02-19T10:07:23","slug":"a-certain-idea-of-france-the-life-of-charles-de-gaulle-by-julian-jackson-the-winner-of-the-2019-elizabeth-longford-prize-for-historical-biography","status":"publish","type":"post","link":"https:\/\/historiografija.hr\/?p=19240","title":{"rendered":"\u201cA Certain Idea of France: The Life of Charles de Gaulle\u201d by Julian Jackson \u2013 the winner of the 2019 Elizabeth Longford Prize for Historical Biography"},"content":{"rendered":"<p>Knjiga Juliana Jacksona o \u017eivotu Charlesa de Gaullea &#8220;A Certain Idea of France: The Life of Charles de Gaulle&#8221; dobila je 2019. godine nagradu za povijesnu biografiju.<\/p>\n<p>&nbsp;<\/p>\n<p>&#8212;<\/p>\n<p>&nbsp;<\/p>\n<p><strong>Winner of the 2019 Elizabeth Longford Prize for Historical Biography<\/strong><\/p>\n<p><em>8 May 2019<\/em><\/p>\n<p>The Society of Authors is delighted to announce the winner of the 2019 Elizabeth Longford Prize for Historical Biography: <em>A Certain Idea of France: The Life of Charles de Gaulle<\/em>\u00a0by\u00a0<strong>Julian Jackson\u00a0<\/strong>(Allen Lane).<\/p>\n<p>On winning the prize,\u00a0<strong>Julian Jackson<\/strong>\u00a0said:<\/p>\n<p><em>\u201cI am very honoured to join the previous illustrious winners of this prize. I am glad also that this will make the extraordinary career of Charles de Gaulle better known in the United Kingdom \u2013 not just as the leader of the Free French in London after 1940 (where his clashes with Churchill have become legendary) and for twice vetoing British entry to the European Community (1963, 1967) but also as the most extraordinary French political leader since Napoleon.\u201d<\/em><\/p>\n<p>Established in 2003 in affectionate memory of Elizabeth Longford, the acclaimed biographer, and sponsored by Flora Fraser and Peter Soros, the prize is awarded annually for a historical biography published in the preceding year.<\/p>\n<p>The judges this year are Richard Davenport-Hines, Roy Foster (Chair), Antonia Fraser, Flora Fraser, and Rana Mitter.<\/p>\n<p><strong>Commenting on this year\u2019s winner, the Chair of Judges, Roy Foster said:<\/strong><\/p>\n<p><em>\u201cOut of a powerful shortlist of books about people who changed the world around them through force of character and sense of the zeitgeist, the judges unanimously selected <\/em><strong><em>Julian Jackson\u2019s A Certain Idea of France: The Life of Charles de Gaulle.<\/em><\/strong><em> At this moment in history, any work that enriches our understanding of the culture of Britain\u2019s nearest neighbour in Europe must have profound claims on our attention. But <\/em><strong><em>A Certain Idea of France<\/em><\/strong><em>\u00a0does far more. It draws an unforgettable portrait of a divisive, awkward, self-contradictory but immensely impressive figure, and does so with empathy, deep scholarship and shafts of enlivening Gallic wit. Jackson\u2019s de Gaulle epitomises the untranslatable French concepts of gloire and grandeur; but his biography is also a riveting profile of a figure whose private life, personal sadnesses, unpredictable intellectual passions and achievements, and astounding qualities of perseverance made him truly a \u2018great man\u2019, albeit a uniquely exasperating one. <\/em><\/p>\n<p><em>&#8220;Though a long book, based on enormous archival research, it is compulsively readable throughout. Above all, Julian Jackson profoundly and quizzically examines the concepts of patriotism, nationalism and colonialism, through world war and uneasy peace, while unswervingly focussing on a single extraordinary life. <\/em><strong><em>A Certain Idea of France<\/em><\/strong><em> conclusively demonstrates the value of historical biography at its best, achieving exactly what the Elizabeth Longford Prize exists to recognise.\u201d<\/em><\/p>\n<p>The <a href=\"https:\/\/www.societyofauthors.org\/News\/News\/2019\/April-2019\/Shortlist-for-2019-Elizabeth-Longford-Prize\">three titles also shortlisted<\/a> this year are:<\/p>\n<ul>\n<li><em>Thomas Cromwell: A Life <\/em>by Diarmaid MacCulloch (Allen Lane)<\/li>\n<li><em>Churchill: Walking with Destiny<\/em> by Andrew Roberts (Allen Lane)<\/li>\n<li><em>The New Negro: The Life of Alain Locke<\/em> by Jeffrey C. Stewart (Oxford University Press)<\/li>\n<\/ul>\n<p>Julian Jackson will be presented with the \u00a35,000 award at the <a href=\"https:\/\/www.societyofauthors.org\/Events\/Events\/SocietyofAuthorsAwardsSummerParty2019\">Society of Authors\u2019 Awards and Summer Party<\/a> on Monday 17 June.<\/p>\n<p><strong>\u00a0<\/strong><\/p>\n<p><strong>Julian Jackson<\/strong> holds a First degree (1976) and PhD (1983) from the University of Cambridge and since 2003 has been Professor of Modern French History at the Queen Mary University of London. His first book, <em>The Political of Depression in France 1932-1936<\/em> was published by CUP in 1986. His other publications include <em>France, the Dark Years 1940-1944 <\/em>(OUP, 2001) shortlisted for the Los Angeles Times History Prize, <em>The Fall of France<\/em> (OUP, 2003)\u00a0winner of the Wolfson History Prize, <em>Living in Arcadia: Politics, Homosexuality and Morality in France from the Liberation to AIDS 1945-1982 <\/em>(Chicago University Press, 2009). His books have been translated into many languages including French, Portugese, Japanese, Chinese, Czech. He was elected a Fellow of the British Academy in 2003 and has been a Commandeur dans les Palmes Academiques since 2005.<\/p>\n<p>&nbsp;<\/p>\n<p><strong>The Elizabeth Longford Prize for Historical Biography<\/strong> was established in 2003 in affectionate memory of Elizabeth Longford, the acclaimed biographer, and is sponsored by Flora Fraser and Peter Soros. This \u00a35,000 prize is awarded annually for a historical biography published in the preceding year.<\/p>\n<p>&nbsp;<\/p>\n<p><a href=\"https:\/\/www.societyofauthors.org\/News\/News\/2019\/May\/Winner-of-the-2019-Elizabeth-Longford-Prize\">https:\/\/www.societyofauthors.org\/News\/News\/2019\/May\/Winner-of-the-2019-Elizabeth-Longford-Prize<\/a><\/p>\n<p>&nbsp;<\/p>\n<p><a href=\"https:\/\/www.penguin.co.uk\/books\/178\/178767\/a-certain-idea-of-france\/9780141049533.html\">https:\/\/www.penguin.co.uk\/books\/178\/178767\/a-certain-idea-of-france\/9780141049533.html<\/a><\/p>\n<p>&nbsp;<\/p>\n<p>&nbsp;<\/p>\n","protected":false},"excerpt":{"rendered":"","protected":false},"author":2,"featured_media":19241,"comment_status":"open","ping_status":"open","sticky":false,"template":"","format":"standard","meta":{"_acf_changed":false,"jetpack_post_was_ever_published":false,"_jetpack_newsletter_access":"","_jetpack_dont_email_post_to_subs":false,"_jetpack_newsletter_tier_id":0,"_jetpack_memberships_contains_paywalled_content":false,"_jetpack_memberships_contains_paid_content":false,"footnotes":"","jetpack_publicize_message":"","jetpack_publicize_feature_enabled":true,"jetpack_social_post_already_shared":true,"jetpack_social_options":{"image_generator_settings":{"template":"highway","default_image_id":0,"font":"","enabled":false},"version":2}},"categories":[8,3],"tags":[],"class_list":["post-19240","post","type-post","status-publish","format-standard","has-post-thumbnail","hentry","category-knjige","category-novosti"],"acf":{"facebook_opis":""},"jetpack_publicize_connections":[],"jetpack_featured_media_url":"https:\/\/i0.wp.com\/historiografija.hr\/wp-content\/uploads\/2020\/02\/A-Certain-Idea-of-France.jpg?fit=300%2C459&ssl=1","jetpack_sharing_enabled":true,"jetpack-related-posts":[{"id":52679,"url":"https:\/\/historiografija.hr\/?p=52679","url_meta":{"origin":19240,"position":0},"title":"CfP: CHOSEN NATION(S): HISTORICAL AND CULTURAL INTERPRETATIONS OF EXCEPTIONALISM, BUDAPEST, 10TH\u201311TH JUNE 2026 (DEADLINE: 1ST MAY 2026)","author":"Branimir Jankovi\u0107","date":"27. travnja 2026.","format":false,"excerpt":"The Ludovika University of Public Service (NKE) and the Jewish Theological Seminary \u2013 University of Jewish Studies (OR-ZSE) are pleased to announce a joint academic conference on \u201cChosen Nation(s): Historical and Cultural Interpretations of Exceptionalism\u201d, to be held in Budapest, Hungary. Chosen Nation(s): Historical and Cultural Interpretations of Exceptionalism Keynote\u2026","rel":"","context":"U &quot;Novosti&quot;","block_context":{"text":"Novosti","link":"https:\/\/historiografija.hr\/?cat=3"},"img":{"alt_text":"","src":"https:\/\/i0.wp.com\/historiografija.hr\/wp-content\/uploads\/2017\/10\/hsozkult.png?fit=1006%2C241&ssl=1&resize=350%2C200","width":350,"height":200,"srcset":"https:\/\/i0.wp.com\/historiografija.hr\/wp-content\/uploads\/2017\/10\/hsozkult.png?fit=1006%2C241&ssl=1&resize=350%2C200 1x, https:\/\/i0.wp.com\/historiografija.hr\/wp-content\/uploads\/2017\/10\/hsozkult.png?fit=1006%2C241&ssl=1&resize=525%2C300 1.5x, https:\/\/i0.wp.com\/historiografija.hr\/wp-content\/uploads\/2017\/10\/hsozkult.png?fit=1006%2C241&ssl=1&resize=700%2C400 2x"},"classes":[]},{"id":52516,"url":"https:\/\/historiografija.hr\/?p=52516","url_meta":{"origin":19240,"position":1},"title":"Marko Grde\u0161i\u0107, Mislav \u017ditko, \u201eSocialist Economics in Yugoslavia: A Critical History\u201c","author":"Branimir Jankovi\u0107","date":"17. travnja 2026.","format":false,"excerpt":"This book presents a critical history of Yugoslav socialist economics, from its inception in the late 1940s to its dissolution in the late 1980s. After the dramatic break with the Soviet Union in 1948, Yugoslavia found itself in urgent need of a third way: A socialist trajectory which would not\u2026","rel":"","context":"U &quot;Knjige&quot;","block_context":{"text":"Knjige","link":"https:\/\/historiografija.hr\/?cat=8"},"img":{"alt_text":"","src":"https:\/\/i0.wp.com\/historiografija.hr\/wp-content\/uploads\/2026\/04\/Zitko_Grdesic.jpg?fit=350%2C535&ssl=1&resize=350%2C200","width":350,"height":200},"classes":[]},{"id":52677,"url":"https:\/\/historiografija.hr\/?p=52677","url_meta":{"origin":19240,"position":2},"title":"CfP: NAVIGATING THE PAST, FACING THE PRESENT: CHALLENGES AND OPPORTUNITIES IN RE-PRESENTING CONFLICTS AND VIOLENCE IN MEMORY AND EDUCATION INSTITUTIONS, WARSAW, 22ND\u201324TH OCTOBER 2026 (DEADLINE: 30TH APRIL 2026)","author":"Branimir Jankovi\u0107","date":"27. travnja 2026.","format":false,"excerpt":"The conference and graduate workshop (October 22-24, 2026, Warsaw) addresses the representation of history in public and institutional contexts, with a focus beyond the often-studied field of \u201cmemory culture\u201d. Rather than emphasizing the politicization of memory and cultural institutions, the discussion shifts toward new methods, media, and challenges in historical\u2026","rel":"","context":"U &quot;Novosti&quot;","block_context":{"text":"Novosti","link":"https:\/\/historiografija.hr\/?cat=3"},"img":{"alt_text":"","src":"https:\/\/i0.wp.com\/historiografija.hr\/wp-content\/uploads\/2017\/10\/hsozkult.png?fit=1006%2C241&ssl=1&resize=350%2C200","width":350,"height":200,"srcset":"https:\/\/i0.wp.com\/historiografija.hr\/wp-content\/uploads\/2017\/10\/hsozkult.png?fit=1006%2C241&ssl=1&resize=350%2C200 1x, https:\/\/i0.wp.com\/historiografija.hr\/wp-content\/uploads\/2017\/10\/hsozkult.png?fit=1006%2C241&ssl=1&resize=525%2C300 1.5x, https:\/\/i0.wp.com\/historiografija.hr\/wp-content\/uploads\/2017\/10\/hsozkult.png?fit=1006%2C241&ssl=1&resize=700%2C400 2x"},"classes":[]},{"id":52664,"url":"https:\/\/historiografija.hr\/?p=52664","url_meta":{"origin":19240,"position":3},"title":"CfP: CONFERENCE OF THE HISTORY OF CONCEPTS GROUP, HELSINKI, 19TH\u201321ST AUGUST 2026 (DEADLINE: 30TH APRIL 2026)","author":"Branimir Jankovi\u0107","date":"24. travnja 2026.","format":false,"excerpt":"The annual conference of the History of Concepts Group is held at the University of Helsinki, 19-21 August 2026. Conference of the History of Concepts Group Conceptual history studies the use of concepts and tries to understand how historical actors have linguistically articulated views of the world. Studying concepts from\u2026","rel":"","context":"U &quot;Novosti&quot;","block_context":{"text":"Novosti","link":"https:\/\/historiografija.hr\/?cat=3"},"img":{"alt_text":"","src":"https:\/\/i0.wp.com\/historiografija.hr\/wp-content\/uploads\/2017\/10\/hsozkult.png?fit=1006%2C241&ssl=1&resize=350%2C200","width":350,"height":200,"srcset":"https:\/\/i0.wp.com\/historiografija.hr\/wp-content\/uploads\/2017\/10\/hsozkult.png?fit=1006%2C241&ssl=1&resize=350%2C200 1x, https:\/\/i0.wp.com\/historiografija.hr\/wp-content\/uploads\/2017\/10\/hsozkult.png?fit=1006%2C241&ssl=1&resize=525%2C300 1.5x, https:\/\/i0.wp.com\/historiografija.hr\/wp-content\/uploads\/2017\/10\/hsozkult.png?fit=1006%2C241&ssl=1&resize=700%2C400 2x"},"classes":[]},{"id":52641,"url":"https:\/\/historiografija.hr\/?p=52641","url_meta":{"origin":19240,"position":4},"title":"CfP: WHO OWNS THE PAST? VERNACULAR MEMORY, STATE MEMORY, AND THE POLITICS OF OWNERSHIP","author":"Branimir Jankovi\u0107","date":"24. travnja 2026.","format":false,"excerpt":"VIENNA, 31ST AUGUST\u20133RD SEPTEMBER 2026 (DEADLINE: 24TH APRIL 2026) The Center for Austrian Studies at the European Forum at the Hebrew University and the Austrian Academy of Sciences\/Institute of Culture Studies invite early postdocs, PhD candidates, and advanced Master\u2019s students from the Hebrew University of Jerusalem and universities and academic\u2026","rel":"","context":"U &quot;Novosti&quot;","block_context":{"text":"Novosti","link":"https:\/\/historiografija.hr\/?cat=3"},"img":{"alt_text":"","src":"https:\/\/i0.wp.com\/historiografija.hr\/wp-content\/uploads\/2017\/10\/hsozkult.png?fit=1006%2C241&ssl=1&resize=350%2C200","width":350,"height":200,"srcset":"https:\/\/i0.wp.com\/historiografija.hr\/wp-content\/uploads\/2017\/10\/hsozkult.png?fit=1006%2C241&ssl=1&resize=350%2C200 1x, https:\/\/i0.wp.com\/historiografija.hr\/wp-content\/uploads\/2017\/10\/hsozkult.png?fit=1006%2C241&ssl=1&resize=525%2C300 1.5x, https:\/\/i0.wp.com\/historiografija.hr\/wp-content\/uploads\/2017\/10\/hsozkult.png?fit=1006%2C241&ssl=1&resize=700%2C400 2x"},"classes":[]},{"id":52531,"url":"https:\/\/historiografija.hr\/?p=52531","url_meta":{"origin":19240,"position":5},"title":"Jonathan G. Leslie, \u201eFear and Insecurity: Israel and the Iran Threat Narrative\u201c","author":"Branimir Jankovi\u0107","date":"17. travnja 2026.","format":false,"excerpt":"Why is Israel\u2019s former ally Iran now perceived as the country\u2019s greatest threat? Description To observers of the Iran-Israel conflict, its vitriolic rhetoric might suggest an ancient hatred between Jews and Muslims\u2013a biblical feud dating back hundreds, or thousands, of years. But this rivalry is a far more modern development.\u2026","rel":"","context":"U &quot;Knjige&quot;","block_context":{"text":"Knjige","link":"https:\/\/historiografija.hr\/?cat=8"},"img":{"alt_text":"","src":"https:\/\/i0.wp.com\/historiografija.hr\/wp-content\/uploads\/2026\/04\/Leslie.jpg?fit=391%2C612&ssl=1&resize=350%2C200","width":350,"height":200},"classes":[]}],"_links":{"self":[{"href":"https:\/\/historiografija.hr\/index.php?rest_route=\/wp\/v2\/posts\/19240","targetHints":{"allow":["GET"]}}],"collection":[{"href":"https:\/\/historiografija.hr\/index.php?rest_route=\/wp\/v2\/posts"}],"about":[{"href":"https:\/\/historiografija.hr\/index.php?rest_route=\/wp\/v2\/types\/post"}],"author":[{"embeddable":true,"href":"https:\/\/historiografija.hr\/index.php?rest_route=\/wp\/v2\/users\/2"}],"replies":[{"embeddable":true,"href":"https:\/\/historiografija.hr\/index.php?rest_route=%2Fwp%2Fv2%2Fcomments&post=19240"}],"version-history":[{"count":1,"href":"https:\/\/historiografija.hr\/index.php?rest_route=\/wp\/v2\/posts\/19240\/revisions"}],"predecessor-version":[{"id":19242,"href":"https:\/\/historiografija.hr\/index.php?rest_route=\/wp\/v2\/posts\/19240\/revisions\/19242"}],"wp:featuredmedia":[{"embeddable":true,"href":"https:\/\/historiografija.hr\/index.php?rest_route=\/wp\/v2\/media\/19241"}],"wp:attachment":[{"href":"https:\/\/historiografija.hr\/index.php?rest_route=%2Fwp%2Fv2%2Fmedia&parent=19240"}],"wp:term":[{"taxonomy":"category","embeddable":true,"href":"https:\/\/historiografija.hr\/index.php?rest_route=%2Fwp%2Fv2%2Fcategories&post=19240"},{"taxonomy":"post_tag","embeddable":true,"href":"https:\/\/historiografija.hr\/index.php?rest_route=%2Fwp%2Fv2%2Ftags&post=19240"}],"curies":[{"name":"wp","href":"https:\/\/api.w.org\/{rel}","templated":true}]}}