{"id":19233,"date":"2020-02-19T09:47:51","date_gmt":"2020-02-19T09:47:51","guid":{"rendered":"http:\/\/historiografija.hr\/?p=19233"},"modified":"2020-02-19T10:13:04","modified_gmt":"2020-02-19T10:13:04","slug":"johannes-willms-der-general-charles-de-gaulle-und-sein-jahrhundert","status":"publish","type":"post","link":"https:\/\/historiografija.hr\/?p=19233","title":{"rendered":"Johannes Willms, \u201eDer General. Charles de Gaulle und sein Jahrhundert\u201c"},"content":{"rendered":"<p>Izdava\u010d C.H. Beck objavio je knjigu Johannesa Willmsa \u201eGeneral. Charles de Gaulle i njegovo stolje\u0107e\u201c (\u201eDer General. Charles de Gaulle und sein Jahrhundert\u201c, M\u00fcnchen 2019, 640 str.).<\/p>\n<p>&nbsp;<\/p>\n<p>&#8212;<\/p>\n<p>&nbsp;<\/p>\n<p>Willms, Johannes<\/p>\n<p>&nbsp;<\/p>\n<p><strong>Der General<\/strong><\/p>\n<p><strong>Charles de Gaulle und sein Jahrhundert<\/strong><\/p>\n<p>&nbsp;<\/p>\n<p>Charles de Gaulle hat der Geschichte Frankreichs st\u00e4rker den Stempel aufgedr\u00fcckt als jeder andere. Der Mann, der kompromisslos vom Londoner Exil aus das &#8220;Freie Frankreich&#8221; behauptete, seinem Land 1958 eine neue Verfassung gab und die Kolonien in die Unabh\u00e4ngigkeit entlie\u00df, hielt zugleich eisern an \u00fcberlebten Ideen von &#8220;grandeur&#8221; fest, die Frankreichs Blick auf die Wirklichkeit verzerren. Johannes Willms zeigt in seiner Biographie Gr\u00f6\u00dfe und Grenzen des Generals, der laut Umfragen 70 Prozent seiner Landsleute als gr\u00f6\u00dfter Franzose aller Zeiten gilt.<\/p>\n<p>Im Sommer 1940 liegt Frankreich am Boden. Hitlers Armeen haben das Land \u00fcberrannt, die Mehrheit der Franzosen arrangiert sich mit der Besatzungsmacht und dem Vichy-Regime unter Marschall P\u00e9tain. Doch in seinem Londoner Exil arbeitet ein Mann v\u00f6llig unbeeindruckt f\u00fcr die Auferstehung Frankreichs, der so gut wie nichts vorzuweisen hat: kein Land, kein Geld und keine Truppen. Charles de Gaulle wird der &#8220;Retter&#8221; Frankreichs werden &#8211; und der Sch\u00f6pfer eines Mythos, den die meisten Franzosen bis heute f\u00fcr die historische Wahrheit halten.<\/p>\n<p>Der General. Charles de Gaulle und sein Jahrhundert<\/p>\n<p>&nbsp;<\/p>\n<p><strong>Inhalt<\/strong><\/p>\n<p>Prolog<\/p>\n<p>ERSTES BUCH: DER SOLDAT<br \/>\n1. Kapitel Herkunft und Anf\u00e4nge<br \/>\n2. Kapitel P\u00e9tains poulain<br \/>\n3. Kapitel Die Entscheidung<\/p>\n<p>ZWEITES BUCH: DER PR\u00c4TENDENT<br \/>\n1. Kapitel K\u00f6nig ohne Land<br \/>\n2. Kapitel Afrikanische Spiele und orientalische Dramen<br \/>\n3. Kapitel Diplomatisches Glasperlenspiel<br \/>\n4. Kapitel Die R\u00e9sistance<br \/>\n5. Kapitel Im Abseits<br \/>\n6. Kapitel Machtk\u00e4mpfe<br \/>\n7. Kapitel Das Duell der Gener\u00e4le<br \/>\n8. Kapitel Stille Triumphe<\/p>\n<p>DRITTES BUCH: DER KOMTUR<br \/>\n1. Kapitel Die Befreiung Frankreichs<br \/>\n2. Kapitel An der Macht<br \/>\n3. Kapitel Im Gestr\u00fcpp der Widerspr\u00fcche<br \/>\n4. Kapitel Hypotheken und Hypothesen<br \/>\n5. Kapitel Durch die W\u00fcste<br \/>\n6. Kapitel Das Schattentheater<br \/>\n7. Kapitel \u00abWiederauferstehung\u00bb<\/p>\n<p>VIERTES BUCH: DER PR\u00c4SIDENT<br \/>\n1. Kapitel Von der IV. zur V. Republik<br \/>\n2. Kapitel Das Ende der Alg\u00e9rie fran\u00e7aise<br \/>\n3. Kapitel Die deutsch-franz\u00f6sische Erbfreundschaft<br \/>\n4. Kapitel Die Politik der Grandeur<br \/>\n5. Kapitel \u00abFrankreich langweilt sich\u00bb<br \/>\n6. Kapitel Die Iden des Mai<br \/>\n7. Kapitel Der Abgang<\/p>\n<p>ANHANG<br \/>\nAnmerkungen<br \/>\nBildnachweis<br \/>\nPersonenregister<\/p>\n<p>&nbsp;<\/p>\n<p><strong>Pressestimmen <\/strong><\/p>\n<p><strong>Links <\/strong><\/p>\n<p><strong>Veranstaltungen <\/strong><\/p>\n<p><strong>Leseprobe<\/strong><\/p>\n<p><a href=\"https:\/\/www.chbeck.de\/willms-general\/product\/27784853\">https:\/\/www.chbeck.de\/willms-general\/product\/27784853<\/a><\/p>\n<p>&nbsp;<\/p>\n","protected":false},"excerpt":{"rendered":"","protected":false},"author":2,"featured_media":19234,"comment_status":"open","ping_status":"open","sticky":false,"template":"","format":"standard","meta":{"_acf_changed":false,"jetpack_post_was_ever_published":false,"_jetpack_newsletter_access":"","_jetpack_dont_email_post_to_subs":false,"_jetpack_newsletter_tier_id":0,"_jetpack_memberships_contains_paywalled_content":false,"_jetpack_memberships_contains_paid_content":false,"footnotes":"","jetpack_publicize_message":"","jetpack_publicize_feature_enabled":true,"jetpack_social_post_already_shared":true,"jetpack_social_options":{"image_generator_settings":{"template":"highway","default_image_id":0,"font":"","enabled":false},"version":2}},"categories":[8,3],"tags":[],"class_list":["post-19233","post","type-post","status-publish","format-standard","has-post-thumbnail","hentry","category-knjige","category-novosti"],"acf":{"facebook_opis":""},"jetpack_publicize_connections":[],"jetpack_featured_media_url":"https:\/\/i0.wp.com\/historiografija.hr\/wp-content\/uploads\/2020\/02\/gaulle.jpg?fit=1665%2C2610&ssl=1","jetpack_sharing_enabled":true,"jetpack-related-posts":[],"_links":{"self":[{"href":"https:\/\/historiografija.hr\/index.php?rest_route=\/wp\/v2\/posts\/19233","targetHints":{"allow":["GET"]}}],"collection":[{"href":"https:\/\/historiografija.hr\/index.php?rest_route=\/wp\/v2\/posts"}],"about":[{"href":"https:\/\/historiografija.hr\/index.php?rest_route=\/wp\/v2\/types\/post"}],"author":[{"embeddable":true,"href":"https:\/\/historiografija.hr\/index.php?rest_route=\/wp\/v2\/users\/2"}],"replies":[{"embeddable":true,"href":"https:\/\/historiografija.hr\/index.php?rest_route=%2Fwp%2Fv2%2Fcomments&post=19233"}],"version-history":[{"count":2,"href":"https:\/\/historiografija.hr\/index.php?rest_route=\/wp\/v2\/posts\/19233\/revisions"}],"predecessor-version":[{"id":19243,"href":"https:\/\/historiografija.hr\/index.php?rest_route=\/wp\/v2\/posts\/19233\/revisions\/19243"}],"wp:featuredmedia":[{"embeddable":true,"href":"https:\/\/historiografija.hr\/index.php?rest_route=\/wp\/v2\/media\/19234"}],"wp:attachment":[{"href":"https:\/\/historiografija.hr\/index.php?rest_route=%2Fwp%2Fv2%2Fmedia&parent=19233"}],"wp:term":[{"taxonomy":"category","embeddable":true,"href":"https:\/\/historiografija.hr\/index.php?rest_route=%2Fwp%2Fv2%2Fcategories&post=19233"},{"taxonomy":"post_tag","embeddable":true,"href":"https:\/\/historiografija.hr\/index.php?rest_route=%2Fwp%2Fv2%2Ftags&post=19233"}],"curies":[{"name":"wp","href":"https:\/\/api.w.org\/{rel}","templated":true}]}}