{"id":19175,"date":"2020-02-15T14:46:36","date_gmt":"2020-02-15T14:46:36","guid":{"rendered":"http:\/\/historiografija.hr\/?p=19175"},"modified":"2020-02-15T14:46:36","modified_gmt":"2020-02-15T14:46:36","slug":"renia-spiegel-dnevnik-renije-spiegel","status":"publish","type":"post","link":"https:\/\/historiografija.hr\/?p=19175","title":{"rendered":"Renia Spiegel, \u201eDnevnik Renije Spiegel\u201c"},"content":{"rendered":"<p>Zapamti ovaj dan; dobro ga zapamti. Prepri\u010davat \u0107e\u0161 ga sljede\u0107im nara\u0161tajima. Od 8 sati ujutro zatvoreni smo u geto. Sada \u017eivim tamo. Svijet je odsje\u010den od mene, a ja sam odsje\u010dena od svijeta.<\/p>\n<p>&nbsp;<\/p>\n<p>Renia je djevoj\u010dica koja sanja postati pjesnikinjom. Ali, Renia je \u017didovka, \u017eivi u Poljskoj, a godina je 1939. Kada Rusija i Njema\u010dka napadnu njezinu zemlju, Renijin svijet se raspada. Djevoj\u010dica je odvojena od majke, a njezin \u017eivot poprima novi oblik \u2013 bje\u017ei iz rodnoga grada Przemy\u015bla, svjedo\u010di nestancima drugih \u017eidovskih obitelji i, u kona\u010dnici, nastanku \u017eidovskoga geta. Ipak, uz sve ratne strahote, Renia pronalazi i ljepotu koja se krije u poeziji i prvoj ljubavi. Ona i dje\u010dak u kojeg se zaljubila, Zygmunt, prvi put poljubili su se nekoliko sati prije nego \u0161to su Nijemci okupirali njezin rodni grad. A Zygmunt je onaj koji u njezin dnevnik unosi posljednji zapis.<\/p>\n<p>&nbsp;<\/p>\n<p>Otkriven nakon sedamdeset godina, Dnevnik Renije Spiegel ve\u0107 se opisuje kao klasik knji\u017eevnosti o holokaustu. Pisan jasno\u0107om i stilom koji podsje\u0107a na Dnevnik Anne Frank, ovaj je dnevnik izvanredan svjedok ratnim strahotama, ali i \u017eivotu koji postoji onkraj ratnih mra\u010dnih zbivanja.<\/p>\n<p>&nbsp;<\/p>\n<p>Izdava\u010d: Stilus knjiga d.o.o.<\/p>\n<p>Prijevod: Antonia Boj\u010di\u0107<\/p>\n<p>Godina izdanja: 2020<\/p>\n<p>Broj stranica: 356<\/p>\n<p>&nbsp;<\/p>\n<p>Izvor: <a href=\"https:\/\/znanje.hr\/product\/dnevnik-renije-spiegel\/406457\">https:\/\/znanje.hr\/product\/dnevnik-renije-spiegel\/406457<\/a><\/p>\n<p>&nbsp;<\/p>\n<p>Iz medija:<\/p>\n<p><a href=\"https:\/\/www.vecernji.hr\/kultura\/dragi-dnevnice-tako-sam-malo-toga-iskusila-u-zivotu-ne-zelim-umrijeti-1377464\">https:\/\/www.vecernji.hr\/kultura\/dragi-dnevnice-tako-sam-malo-toga-iskusila-u-zivotu-ne-zelim-umrijeti-1377464<\/a><\/p>\n<p><a href=\"https:\/\/www.vecernji.hr\/vijesti\/objavljen-dnevnik-djevojke-koju-su-ubili-nacisti-neopisivo-zelim-zivjeti-1378637\">https:\/\/www.vecernji.hr\/vijesti\/objavljen-dnevnik-djevojke-koju-su-ubili-nacisti-neopisivo-zelim-zivjeti-1378637<\/a><\/p>\n<p><a href=\"https:\/\/www.vecernji.hr\/vijesti\/neki-monstruozni-ukrajinac-u-njemackoj-odori-udarao-je-svakoga-na-koga-je-naisao-1378973\">https:\/\/www.vecernji.hr\/vijesti\/neki-monstruozni-ukrajinac-u-njemackoj-odori-udarao-je-svakoga-na-koga-je-naisao-1378973<\/a><\/p>\n<p><a href=\"https:\/\/www.vecernji.hr\/vijesti\/boze-zar-ce-moja-djeca-reci-majka-je-zivjela-u-getu-1379139\">https:\/\/www.vecernji.hr\/vijesti\/boze-zar-ce-moja-djeca-reci-majka-je-zivjela-u-getu-1379139<\/a><\/p>\n<p><a href=\"https:\/\/www.tportal.hr\/kultura\/clanak\/zivot-u-sjeni-holokausta-dnevnik-mlade-poljske-zidovke-koja-je-umrla-u-getu-s-18-godina-sada-i-na-hrvatskom-20200212\">https:\/\/www.tportal.hr\/kultura\/clanak\/zivot-u-sjeni-holokausta-dnevnik-mlade-poljske-zidovke-koja-je-umrla-u-getu-s-18-godina-sada-i-na-hrvatskom-20200212<\/a><\/p>\n<p><a href=\"https:\/\/www.index.hr\/vijesti\/clanak\/prije-70-godina-su-je-okrutno-ubili-nacisti-sada-je-objavljen-njezin-dnevnik\/2116319.aspx\">https:\/\/www.index.hr\/vijesti\/clanak\/prije-70-godina-su-je-okrutno-ubili-nacisti-sada-je-objavljen-njezin-dnevnik\/2116319.aspx<\/a><\/p>\n<p><a href=\"http:\/\/www.novilist.hr\/Kultura\/Knjizevnost\/Strahote-Drugog-svjetskog-rata-Potresni-Dnevnik-Renije-Spiegel-objavljen-na-hrvatskom\">http:\/\/www.novilist.hr\/Kultura\/Knjizevnost\/Strahote-Drugog-svjetskog-rata-Potresni-Dnevnik-Renije-Spiegel-objavljen-na-hrvatskom<\/a><\/p>\n<p><a href=\"https:\/\/www.glasistre.hr\/kultura\/klasik-knjizevnosti-o-holokaustu-dnevnik-renije-spiegel-od-sad-i-na-hrvatskom-621332\">https:\/\/www.glasistre.hr\/kultura\/klasik-knjizevnosti-o-holokaustu-dnevnik-renije-spiegel-od-sad-i-na-hrvatskom-621332<\/a><\/p>\n<p><a href=\"https:\/\/www.ceresa.hr\/arhiva\/18262\/dnevnik-renije-spiegel-zapisi-poljske-anne-frank-objavljeni-nakon-77-godina\/\">https:\/\/www.ceresa.hr\/arhiva\/18262\/dnevnik-renije-spiegel-zapisi-poljske-anne-frank-objavljeni-nakon-77-godina\/<\/a><\/p>\n<p>&nbsp;<\/p>\n<p>&nbsp;<\/p>\n","protected":false},"excerpt":{"rendered":"","protected":false},"author":2,"featured_media":19176,"comment_status":"open","ping_status":"open","sticky":false,"template":"","format":"standard","meta":{"_acf_changed":false,"jetpack_post_was_ever_published":false,"_jetpack_newsletter_access":"","_jetpack_dont_email_post_to_subs":false,"_jetpack_newsletter_tier_id":0,"_jetpack_memberships_contains_paywalled_content":false,"_jetpack_memberships_contains_paid_content":false,"footnotes":"","jetpack_publicize_message":"","jetpack_publicize_feature_enabled":true,"jetpack_social_post_already_shared":true,"jetpack_social_options":{"image_generator_settings":{"template":"highway","default_image_id":0,"font":"","enabled":false},"version":2}},"categories":[8,3],"tags":[],"class_list":["post-19175","post","type-post","status-publish","format-standard","has-post-thumbnail","hentry","category-knjige","category-novosti"],"acf":{"facebook_opis":""},"jetpack_publicize_connections":[],"jetpack_featured_media_url":"https:\/\/i0.wp.com\/historiografija.hr\/wp-content\/uploads\/2020\/02\/dnevnik.jpg?fit=360%2C569&ssl=1","jetpack_sharing_enabled":true,"jetpack-related-posts":[{"id":52619,"url":"https:\/\/historiografija.hr\/?p=52619","url_meta":{"origin":19175,"position":0},"title":"Predavanje \u0110ur\u0111ice Vitkovi\u0107 &#8220;Izme\u0111u pera i objektiva: Zagorka i Foto Tonka&#8221;","author":"Branimir Jankovi\u0107","date":"23. travnja 2026.","format":false,"excerpt":"Memorijalni stan Marije Juri\u0107 Zagorke poziva Vas na predavanje \u0110ur\u0111ice Vitkovi\u0107 \u201eIzme\u0111u pera i objektiva: Zagorka i Foto Tonka\u201c koje \u0107e se odr\u017eati u utorak, 28. travnja 2026. s po\u010detkom u 18 h u sklopu Ciklusa predavanja u Memorijalnom stanu Marije Juri\u0107 Zagorke. Kako su se susrele knji\u017eevnost i fotografija\u2026","rel":"","context":"U &quot;Novosti&quot;","block_context":{"text":"Novosti","link":"https:\/\/historiografija.hr\/?cat=3"},"img":{"alt_text":"","src":"https:\/\/i0.wp.com\/historiografija.hr\/wp-content\/uploads\/2024\/11\/Zagorka_ciklus.jpg?fit=1200%2C1006&ssl=1&resize=350%2C200","width":350,"height":200,"srcset":"https:\/\/i0.wp.com\/historiografija.hr\/wp-content\/uploads\/2024\/11\/Zagorka_ciklus.jpg?fit=1200%2C1006&ssl=1&resize=350%2C200 1x, https:\/\/i0.wp.com\/historiografija.hr\/wp-content\/uploads\/2024\/11\/Zagorka_ciklus.jpg?fit=1200%2C1006&ssl=1&resize=525%2C300 1.5x, https:\/\/i0.wp.com\/historiografija.hr\/wp-content\/uploads\/2024\/11\/Zagorka_ciklus.jpg?fit=1200%2C1006&ssl=1&resize=700%2C400 2x, https:\/\/i0.wp.com\/historiografija.hr\/wp-content\/uploads\/2024\/11\/Zagorka_ciklus.jpg?fit=1200%2C1006&ssl=1&resize=1050%2C600 3x"},"classes":[]},{"id":52508,"url":"https:\/\/historiografija.hr\/?p=52508","url_meta":{"origin":19175,"position":1},"title":"Glazbena radionica \u201eDUGMETARA REVISITED\u201c","author":"Branimir Jankovi\u0107","date":"17. travnja 2026.","format":false,"excerpt":"DUGMETARA REVISITED glazbena radionica vodi: Ana Horvat 13., 20. i 27. travnja, od 18 do 20 sati Radiona, Nova cesta 186 Na tri radioni\u010dka susreta uranjamo u naslje\u0111e Dugmetare, biv\u0161e tvornice dugmadi na Savskoj cesti koja je po\u010detkom 2000-ih igrom slu\u010daja postala \u017eivo, jedinstveno mjesto glazbene proizvodnje. Svoje su probe\u2026","rel":"","context":"U &quot;Novosti&quot;","block_context":{"text":"Novosti","link":"https:\/\/historiografija.hr\/?cat=3"},"img":{"alt_text":"","src":"https:\/\/i0.wp.com\/historiografija.hr\/wp-content\/uploads\/2026\/04\/TRESNJA_TRESTI.jpg?fit=380%2C475&ssl=1&resize=350%2C200","width":350,"height":200},"classes":[]},{"id":52607,"url":"https:\/\/historiografija.hr\/?p=52607","url_meta":{"origin":19175,"position":2},"title":"No\u0107 knjige: Kako je prije 410 godina smr\u0107u Shakespearea i Cervantesa zavr\u0161ilo razdoblje renesanse u knji\u017eevnosti","author":"Branimir Jankovi\u0107","date":"22. travnja 2026.","format":false,"excerpt":"\u010cetvrtak, 23. travnja 2026. u 18:00 sati, Knji\u017eara Matice hrvatske, Ulica Matice hrvatske 2, Zagreb Uvodna rije\u010d: dr. sc.\u00a0Dubravka Brezak Stama\u0107, pro\u010delnica Odjela za knji\u017eevnost Matice hrvatske Prof. dr. sc. Ivan Lupi\u0107, redoviti profesor u Odsjeku za anglistiku i Odsjeku za kroatistiku Sveu\u010dili\u0161ta u RijeciShakespeare, kazali\u0161te, glazbaKada se susre\u0107emo sa\u2026","rel":"","context":"U &quot;Novosti&quot;","block_context":{"text":"Novosti","link":"https:\/\/historiografija.hr\/?cat=3"},"img":{"alt_text":"","src":"https:\/\/i0.wp.com\/historiografija.hr\/wp-content\/uploads\/2026\/04\/noc_knjige_2026.jpg?fit=680%2C276&ssl=1&resize=350%2C200","width":350,"height":200,"srcset":"https:\/\/i0.wp.com\/historiografija.hr\/wp-content\/uploads\/2026\/04\/noc_knjige_2026.jpg?fit=680%2C276&ssl=1&resize=350%2C200 1x, https:\/\/i0.wp.com\/historiografija.hr\/wp-content\/uploads\/2026\/04\/noc_knjige_2026.jpg?fit=680%2C276&ssl=1&resize=525%2C300 1.5x"},"classes":[]},{"id":52496,"url":"https:\/\/historiografija.hr\/?p=52496","url_meta":{"origin":19175,"position":3},"title":"30 godina Podru\u017enice \u2013 Javno predavanje Matea \u010calu\u0161i\u0107a \u201eSlavonski Brod u Domovinskom ratu\u201c","author":"Branimir Jankovi\u0107","date":"17. travnja 2026.","format":false,"excerpt":"U 2026. navr\u0161ava se trideset godina od osnutka Podru\u017enice za povijest Slavonije, Srijema i Baranje Hrvatskoga instituta za povijest. Obilje\u017eavanje ove zna\u010dajne obljetnice zapo\u010dinje ciklusom javnih povijesnih predavanja znanstvenika Instituta. Tre\u0107e po redu je predavanje Matea \u010calu\u0161i\u0107a \u2013 \u201eSLAVONSKI BROD U DOMOVINSKOM RATU\u201c. Predavanje \u0107e se odr\u017eati 21. travnja 2026.\u2026","rel":"","context":"U &quot;Novosti&quot;","block_context":{"text":"Novosti","link":"https:\/\/historiografija.hr\/?cat=3"},"img":{"alt_text":"","src":"https:\/\/i0.wp.com\/historiografija.hr\/wp-content\/uploads\/2026\/04\/Predavanje-Calusic.png?fit=860%2C1200&ssl=1&resize=350%2C200","width":350,"height":200,"srcset":"https:\/\/i0.wp.com\/historiografija.hr\/wp-content\/uploads\/2026\/04\/Predavanje-Calusic.png?fit=860%2C1200&ssl=1&resize=350%2C200 1x, https:\/\/i0.wp.com\/historiografija.hr\/wp-content\/uploads\/2026\/04\/Predavanje-Calusic.png?fit=860%2C1200&ssl=1&resize=525%2C300 1.5x, https:\/\/i0.wp.com\/historiografija.hr\/wp-content\/uploads\/2026\/04\/Predavanje-Calusic.png?fit=860%2C1200&ssl=1&resize=700%2C400 2x"},"classes":[]},{"id":52631,"url":"https:\/\/historiografija.hr\/?p=52631","url_meta":{"origin":19175,"position":4},"title":"Predavanje Ivana Tepe\u0161a: Djelovanje hrvatske politi\u010dke emigracije","author":"Branimir Jankovi\u0107","date":"23. travnja 2026.","format":false,"excerpt":"Odjel za me\u0111unarodnu suradnju i iseljeni\u0161tvo Matice hrvatske Predavanje Ivana Tepe\u0161a: Djelovanje hrvatske politi\u010dke emigracije Utorak, 28. travnja 2026. u 18:00 sati, Dvorana Ljudevita Jonkea (Mala dvorana MH), Strossmayerov trg 4, Zagreb dr. sc. Ivan Tepe\u0161, Institut za istra\u017eivanje migracija Hrvatska politi\u010dka emigracija obilje\u017eila je polustoljetnu hrvatsku povijest u drugoj\u2026","rel":"","context":"U &quot;Novosti&quot;","block_context":{"text":"Novosti","link":"https:\/\/historiografija.hr\/?cat=3"},"img":{"alt_text":"","src":"","width":0,"height":0},"classes":[]},{"id":52628,"url":"https:\/\/historiografija.hr\/?p=52628","url_meta":{"origin":19175,"position":5},"title":"Predavanje dopisnog \u010dlana HAZU Alaina Finkielkrauta Izrael, Europa, antisemitizam","author":"Branimir Jankovi\u0107","date":"23. travnja 2026.","format":false,"excerpt":"Francuski filozof Alain Finkielkraut, redoviti \u010dlan Francuske akademije i dopisni \u010dlan HAZU, odr\u017eat \u0107e predavanje\u00a0Izrael, Europa, antisemitizam u utorak 28. travnja 2026. u 13 sati u Knji\u017enici HAZU,\u00a0Strossmayerov trg 14 u Zagrebu. Uvodne rije\u010di odr\u017eat \u0107e\u00a0akademkinja \u017deljka \u010corak i\u00a0akademik Dra\u017een Katunari\u0107. Predavanje \u0107e se odr\u017eati na francuskom jeziku uz konsekutivno\u2026","rel":"","context":"U &quot;Novosti&quot;","block_context":{"text":"Novosti","link":"https:\/\/historiografija.hr\/?cat=3"},"img":{"alt_text":"","src":"https:\/\/i0.wp.com\/historiografija.hr\/wp-content\/uploads\/2026\/04\/Alain_Finkielkraut.jpg?fit=350%2C407&ssl=1&resize=350%2C200","width":350,"height":200},"classes":[]}],"_links":{"self":[{"href":"https:\/\/historiografija.hr\/index.php?rest_route=\/wp\/v2\/posts\/19175","targetHints":{"allow":["GET"]}}],"collection":[{"href":"https:\/\/historiografija.hr\/index.php?rest_route=\/wp\/v2\/posts"}],"about":[{"href":"https:\/\/historiografija.hr\/index.php?rest_route=\/wp\/v2\/types\/post"}],"author":[{"embeddable":true,"href":"https:\/\/historiografija.hr\/index.php?rest_route=\/wp\/v2\/users\/2"}],"replies":[{"embeddable":true,"href":"https:\/\/historiografija.hr\/index.php?rest_route=%2Fwp%2Fv2%2Fcomments&post=19175"}],"version-history":[{"count":1,"href":"https:\/\/historiografija.hr\/index.php?rest_route=\/wp\/v2\/posts\/19175\/revisions"}],"predecessor-version":[{"id":19177,"href":"https:\/\/historiografija.hr\/index.php?rest_route=\/wp\/v2\/posts\/19175\/revisions\/19177"}],"wp:featuredmedia":[{"embeddable":true,"href":"https:\/\/historiografija.hr\/index.php?rest_route=\/wp\/v2\/media\/19176"}],"wp:attachment":[{"href":"https:\/\/historiografija.hr\/index.php?rest_route=%2Fwp%2Fv2%2Fmedia&parent=19175"}],"wp:term":[{"taxonomy":"category","embeddable":true,"href":"https:\/\/historiografija.hr\/index.php?rest_route=%2Fwp%2Fv2%2Fcategories&post=19175"},{"taxonomy":"post_tag","embeddable":true,"href":"https:\/\/historiografija.hr\/index.php?rest_route=%2Fwp%2Fv2%2Ftags&post=19175"}],"curies":[{"name":"wp","href":"https:\/\/api.w.org\/{rel}","templated":true}]}}