{"id":19169,"date":"2020-02-14T20:32:11","date_gmt":"2020-02-14T20:32:11","guid":{"rendered":"http:\/\/historiografija.hr\/?p=19169"},"modified":"2020-02-14T20:32:11","modified_gmt":"2020-02-14T20:32:11","slug":"mitja-velikonja-post-socialist-political-graffiti-in-the-balkans-and-central-europe","status":"publish","type":"post","link":"https:\/\/historiografija.hr\/?p=19169","title":{"rendered":"Mitja Velikonja, \u201cPost-Socialist Political Graffiti in the Balkans and Central Europe\u201d"},"content":{"rendered":"<p>This theoretically and empirically grounded book uses case studies of political graffiti in the post-socialist Balkans and Central Europe to explore the use of graffiti as a subversive political media.<\/p>\n<p>Despite the increasing global digitisation, graffiti remains widespread and popular, providing with a few words or images a vivid visual indication of cultural conditions, social dynamics and power structures in a society, and provoking a variety of reactions. Using qualitative and quantitative methods, as well as detailed interdisciplinary analyses of &#8220;patriotic,&#8221; extreme-right, soccer-fan, nostalgic, and chauvinist graffiti and street art, it looks at why and by whom graffiti is used as political media and to\/against whom it is directed. The book theorises discussions of political graffiti and street art to show different methodological approaches from four perspectives: context, author, the work itself, and audience.<\/p>\n<p>It will be of interest to the growing body of literature focussing on (sub)cultural studies in the contemporary Balkans, transitology, visual cultural studies, art theory, anthropology, sociology, and studies of radical politics.<\/p>\n<p>&nbsp;<\/p>\n<p><strong>Reviews<\/strong><\/p>\n<p>Velikonja has been reading the landscapes of post-communist societies positioning himself not above, but beneath: from every day life, from it\u2019s marginal, subcultural edges. Thus, he opposes and subverts heavy, hierarchical, masculine, militant, &#8220;state&#8221; version of recent historical events. He is one of the most creative, inventive and amusing &#8220;readers&#8221; of contemporary Central European and Balkan ideological constellations. In this book Velikonja invented a new science: &#8220;graffitology&#8221;. Reading graffiti within Balkan and Central European urban landscape Velikonja acts like a cultural graphologist. He is a post-communist Doctor Dolittle: reading, understanding and interpreting the language of graffiti Velikonja provides more relevant diagnosis of transitional societies and their maladies then the most of &#8220;official historians&#8221;. <em>&#8211; Dubravka Ugre\u0161i\u0107, author of <\/em>The Culture of Lies <em>and <\/em>The Ministry of Pain<\/p>\n<p>&#8220;Focusing on the complex interplay between social structure, ideology and aesthetic resolutions, and as a result of a long-term engagement and meticulous field-work, this book presents a very personal reading of graffiti, this underestimated genre of &#8220;profane culture.&#8221; The value of this work is both general, in offering what amounts to a theoretical &#8220;manual&#8221; of analyzing methods for approaching the visual culture of street art, and area specific. Engaging in case studies from the period of &#8220;transition,&#8221; Velikonja suggests the flexibility of graffiti, showing both their potential to be neutered through domestication and aestheticization, as well as their capacity for serious political subversion.&#8221; <em>&#8211; Maria Todorova, professor at University of Illinois at Urbana-Champaign, author of <\/em>Imagining the Balkans<\/p>\n<p>&#8220;A vital contribution to the literature on the ongoing political transformations in Europe\u2019s (South)East by one of the leading authorities on the subject. Velikonja\u2019s appreciation and sympathy for the deeply personal and traumatic aspects of these grand historical transitions comes to the fore in this text, making this a paradigmatic contribution to debates about East European civil society and youth culture.&#8221; <em>&#8211; Dr. Jasmin Mujanovi\u0107, author of <\/em>Hunger and Fury: The Crisis of Democracy in the Balkans\u3000<em>\u3000<\/em><\/p>\n<p>&#8220;Professor Mitja Velikonja not only provides systematic theorizing about the significance of graffiti and street art but shares deep insights on the profound crises of transition in post-communist Eastern Europe, a region which he understands profoundly.&#8221; <em>&#8211; Paul Mojzes, professor emeritus at Rosemont College, PA, and editor of <\/em>Occasional Papers on Religion in Eastern Europe<\/p>\n<p>&#8220;Thanks to the author\u2019s broad knowledge of the Balkans and Central Europe, this systematic investigation of political graffiti brings important insight into grassroots engagement in a troubled region during a complex transitional period.&#8221; <em>&#8211; Svein M\u00f8nnesland, professor emeritus at University of Oslo, member of the Norwegian Academy of Science and Letters<\/em><\/p>\n<p>&#8220;The images contained in this fascinating study of graffiti and street art in the Balkans and Central Europe represent a major effort to open a window to the complexities of the region&#8217;s development since the end of the Cold War, complemented by a innovative quantitative as well as qualitative analysis of post-socialist popular art and politics. This book will be of great interest not only to cultural historians and social scientists of Europe, but also of the Americas, Asia or wherever else graffiti have become an intriguing expression of radical modern culture and politics.&#8221; <em>&#8211; Volker R. Berghahn, professor at Columbia University, New York, author of <\/em>Europe in the Era of Two World Wars: From Militarism and Genocide to Civil Society, 1900-1950<\/p>\n<p>&#8220;Mitja Velikonja truly knows that the words of the prophets are often written on city walls and, moreover, teaches us how to read them. Drawing on his enormous erudition, ranging from political theory and aesthetics to bizarre popular subcultures, the author examines graffitis across the post-socialist zone and explains what on earth happened to us all (both in the East and the West) after 1989. With this book, Velikonja is about to launch graffitology as a new academic congregation. Join it today!&#8221; <em>&#8211; Igor \u0160tiks, the author of <\/em>Nations and Citizens in Yugoslaviaand the Post-Yugoslav States: One Hundred Years of Citizenship<\/p>\n<p>&nbsp;<\/p>\n<p><strong>Table of Contents<\/strong><\/p>\n<p>Preface: Toward a New Interdisciplinary Science \u2013 Graffitology<\/p>\n<p>Part One: Introduction to Graffiti and Street Art Studies<\/p>\n<ol>\n<li>Mapping (Political) Graffiti and Street Art\n<ol>\n<li>Dirty Words on Clean Walls \u2013 Dilemmas in Defining Graffiti and Street Art<\/li>\n<li>Poetics on the Wall: Characteristics of Aesthetic\/Subcultural Graffiti and Street Art<\/li>\n<li>Politics on the Wall: Characteristics of Political Graffiti and Street Art<\/li>\n<\/ol>\n<\/li>\n<li>Types, Styles and Techniques of Graffiti and Street Art<\/li>\n<li>Ways, Sites and Methods of Researching Political Graffiti and Street Art\n<ol>\n<li>Graffitography \u2013 Photographing as a Way of Collecting Visual Data<\/li>\n<li>Multiangular Approach: Four Sites of Meaning of Graffiti<\/li>\n<li>Methods of Researching Political Graffiti and Street Art<\/li>\n<\/ol>\n<\/li>\n<\/ol>\n<p>Part Two: Post-Socialist Graffiti-Scapes \u2013 Case Studies<\/p>\n<ol>\n<li>Yugoslavia after Yugoslavia: Graffiti and Street Art about Yugoslavia in the Post-Yugoslav Urbanscape<\/li>\n<li>Contested Heroes \u2013 Gavrilo Princip and Rudolf Maister as Subcultural Icons<\/li>\n<li>Nature as Politics &#8211; The Motif of Mt. Triglav in Graffiti and Street Art<\/li>\n<li>Shameful Compliance &#8211; Balkan Nationalist Graffiti and Street Art<\/li>\n<li>Spraying Hatred \u2013 Extreme-Right Graffiti and Street Art in Slovenia<\/li>\n<li>The New Others \u2013 Visual Ideology of Refugees in Contemporary Slovenia<\/li>\n<li>Chosen Few &#8211; Football Fan Graffiti and Street Art<\/li>\n<li>One Club, One Honor! \u2013 The Graffitiscape of Slovenian Football Fans<\/li>\n<\/ol>\n<p>Conclusion: Power of the Street (Art), Powerlessness of (Street) Art<\/p>\n<p>&nbsp;<\/p>\n<p><strong>About the Author<\/strong><\/p>\n<p><strong>Mitja Velikonja<\/strong>, PhD, is a Professor of Cultural Studies and Head of the Centre for Cultural and Religious Studies at the Faculty of Social Sciences, University of Ljubljana, Slovenia.<\/p>\n<p>&nbsp;<\/p>\n<p>Routledge<\/p>\n<p>198 pages<\/p>\n<p>2019<\/p>\n<p>&nbsp;<\/p>\n<p><a href=\"https:\/\/www.routledge.com\/Post-Socialist-Political-Graffiti-in-the-Balkans-and-Central-Europe\/Velikonja\/p\/book\/9780367338152\">https:\/\/www.routledge.com\/Post-Socialist-Political-Graffiti-in-the-Balkans-and-Central-Europe\/Velikonja\/p\/book\/9780367338152<\/a><\/p>\n<p>&nbsp;<\/p>\n<p>&nbsp;<\/p>\n<p>&nbsp;<\/p>\n<p>&nbsp;<\/p>\n","protected":false},"excerpt":{"rendered":"","protected":false},"author":2,"featured_media":19170,"comment_status":"open","ping_status":"open","sticky":false,"template":"","format":"standard","meta":{"_acf_changed":false,"jetpack_post_was_ever_published":false,"_jetpack_newsletter_access":"","_jetpack_dont_email_post_to_subs":false,"_jetpack_newsletter_tier_id":0,"_jetpack_memberships_contains_paywalled_content":false,"_jetpack_memberships_contains_paid_content":false,"footnotes":"","jetpack_publicize_message":"","jetpack_publicize_feature_enabled":true,"jetpack_social_post_already_shared":true,"jetpack_social_options":{"image_generator_settings":{"template":"highway","default_image_id":0,"font":"","enabled":false},"version":2}},"categories":[8,3],"tags":[],"class_list":["post-19169","post","type-post","status-publish","format-standard","has-post-thumbnail","hentry","category-knjige","category-novosti"],"acf":{"facebook_opis":""},"jetpack_publicize_connections":[],"jetpack_featured_media_url":"https:\/\/i0.wp.com\/historiografija.hr\/wp-content\/uploads\/2020\/02\/Velikonja.jpg?fit=278%2C425&ssl=1","jetpack_sharing_enabled":true,"jetpack-related-posts":[{"id":52516,"url":"https:\/\/historiografija.hr\/?p=52516","url_meta":{"origin":19169,"position":0},"title":"Marko Grde\u0161i\u0107, Mislav \u017ditko, \u201eSocialist Economics in Yugoslavia: A Critical History\u201c","author":"Branimir Jankovi\u0107","date":"17. travnja 2026.","format":false,"excerpt":"This book presents a critical history of Yugoslav socialist economics, from its inception in the late 1940s to its dissolution in the late 1980s. After the dramatic break with the Soviet Union in 1948, Yugoslavia found itself in urgent need of a third way: A socialist trajectory which would not\u2026","rel":"","context":"U &quot;Knjige&quot;","block_context":{"text":"Knjige","link":"https:\/\/historiografija.hr\/?cat=8"},"img":{"alt_text":"","src":"https:\/\/i0.wp.com\/historiografija.hr\/wp-content\/uploads\/2026\/04\/Zitko_Grdesic.jpg?fit=350%2C535&ssl=1&resize=350%2C200","width":350,"height":200},"classes":[]},{"id":52580,"url":"https:\/\/historiografija.hr\/?p=52580","url_meta":{"origin":19169,"position":1},"title":"Conference &#8220;Living in the aftermaths: Trauma, politics and survival in Yugoslavia and successor states, 1945 \u2013 present&#8221;","author":"Branimir Jankovi\u0107","date":"21. travnja 2026.","format":false,"excerpt":"The conference aims to explore how war-related psychological distress was experienced, narrated, debated and reframed in Yugoslavia in the second half of the twentieth century. It asks how the theme of wounded psyche and wartime suffering was addressed and acknowledged in political, psychiatric and broader cultural discourses of socialist Yugoslavia,\u2026","rel":"","context":"U &quot;Novosti&quot;","block_context":{"text":"Novosti","link":"https:\/\/historiografija.hr\/?cat=3"},"img":{"alt_text":"","src":"https:\/\/i0.wp.com\/historiografija.hr\/wp-content\/uploads\/2026\/04\/Battle_of_Neretva_Picasso_poster-Conference-Living-in-the-aftermaths.webp?fit=564%2C954&ssl=1&resize=350%2C200","width":350,"height":200,"srcset":"https:\/\/i0.wp.com\/historiografija.hr\/wp-content\/uploads\/2026\/04\/Battle_of_Neretva_Picasso_poster-Conference-Living-in-the-aftermaths.webp?fit=564%2C954&ssl=1&resize=350%2C200 1x, https:\/\/i0.wp.com\/historiografija.hr\/wp-content\/uploads\/2026\/04\/Battle_of_Neretva_Picasso_poster-Conference-Living-in-the-aftermaths.webp?fit=564%2C954&ssl=1&resize=525%2C300 1.5x"},"classes":[]},{"id":52673,"url":"https:\/\/historiografija.hr\/?p=52673","url_meta":{"origin":19169,"position":2},"title":"TWO POSTDOCTORAL POSITIONS IN THE &#8220;PROLETGARD ERC STARTING GRANT PROJECT&#8221;, KASS\u00c1K FOUNDATION, BUDAPEST (DEADLINE: 1ST MAY 2026)","author":"Branimir Jankovi\u0107","date":"27. travnja 2026.","format":false,"excerpt":"This five-year ERC-funded project examines how avant-garde art contributed to the formation of a workers\u2019 movement counterculture in East Central Europe after 1918. It argues that socialist and avant-garde periodicals, groups, and figures shaped both avant-garde culture and transnational workers\u2019 movements. Focusing on the successor states of the Austro\u2013Hungarian Empire\u2026","rel":"","context":"U &quot;Novosti&quot;","block_context":{"text":"Novosti","link":"https:\/\/historiografija.hr\/?cat=3"},"img":{"alt_text":"","src":"https:\/\/i0.wp.com\/historiografija.hr\/wp-content\/uploads\/2017\/10\/hsozkult.png?fit=1006%2C241&ssl=1&resize=350%2C200","width":350,"height":200,"srcset":"https:\/\/i0.wp.com\/historiografija.hr\/wp-content\/uploads\/2017\/10\/hsozkult.png?fit=1006%2C241&ssl=1&resize=350%2C200 1x, https:\/\/i0.wp.com\/historiografija.hr\/wp-content\/uploads\/2017\/10\/hsozkult.png?fit=1006%2C241&ssl=1&resize=525%2C300 1.5x, https:\/\/i0.wp.com\/historiografija.hr\/wp-content\/uploads\/2017\/10\/hsozkult.png?fit=1006%2C241&ssl=1&resize=700%2C400 2x"},"classes":[]},{"id":52622,"url":"https:\/\/historiografija.hr\/?p=52622","url_meta":{"origin":19169,"position":3},"title":"Annual CAPONEU conference: Political Novel in Europe Between Democracy and Authoritarianism","author":"Branimir Jankovi\u0107","date":"23. travnja 2026.","format":false,"excerpt":"Caponeu event 22.04.2026 - 24.04.2026 Location: The Faculty of Polish and Classical Philology AMU (Fredry 10, Pozna\u0144)Organized by: Tomasz Mizerkiewicz, Krystyna Pieni\u0105\u017cek-Markovi\u0107, Anna Gawarecka, Ewa Szperlik, Magda Potok, B\u0142a\u017cej Warkocki, Gerard Ronge (all Adam Mickiewicz University in Pozna\u0144)Contact: gerron@amu.edu.pl The Adam Mickiewicz University team, as part of the international CAPONEU\u2026","rel":"","context":"U &quot;Novosti&quot;","block_context":{"text":"Novosti","link":"https:\/\/historiografija.hr\/?cat=3"},"img":{"alt_text":"","src":"https:\/\/i0.wp.com\/historiografija.hr\/wp-content\/uploads\/2026\/04\/Caponeu-political-novel.jpg?fit=500%2C261&ssl=1&resize=350%2C200","width":350,"height":200},"classes":[]},{"id":52520,"url":"https:\/\/historiografija.hr\/?p=52520","url_meta":{"origin":19169,"position":4},"title":"Predstavljanje knjige &#8220;Socialist Economics in Yugoslavia: A Critical History&#8221; u Zagrebu","author":"Branimir Jankovi\u0107","date":"17. travnja 2026.","format":false,"excerpt":"Pozivamo vas na predstavljanje knjige \"Socialist Economics in Yugoslavia: A Critical History\", autora Mislava \u00a0\u017ditka i Marka Grde\u0161i\u0107a (Routledge, 2026). Na predstavljanju \u0107e govoriti Branko Milanovi\u0107 (CUNY), Milica Uvali\u0107 (EUI), Zdravko Petak (FPZG) te autori.\u00a0 Predstavljanje \u0107e se odr\u017eati u srijedu 22. travnja u 16:00 sati na Fakultetu politi\u010dkih znanosti\u2026","rel":"","context":"U &quot;Novosti&quot;","block_context":{"text":"Novosti","link":"https:\/\/historiografija.hr\/?cat=3"},"img":{"alt_text":"","src":"https:\/\/i0.wp.com\/historiografija.hr\/wp-content\/uploads\/2026\/04\/Poziv-na-predstavljanje.png?fit=800%2C652&ssl=1&resize=350%2C200","width":350,"height":200,"srcset":"https:\/\/i0.wp.com\/historiografija.hr\/wp-content\/uploads\/2026\/04\/Poziv-na-predstavljanje.png?fit=800%2C652&ssl=1&resize=350%2C200 1x, https:\/\/i0.wp.com\/historiografija.hr\/wp-content\/uploads\/2026\/04\/Poziv-na-predstavljanje.png?fit=800%2C652&ssl=1&resize=525%2C300 1.5x, https:\/\/i0.wp.com\/historiografija.hr\/wp-content\/uploads\/2026\/04\/Poziv-na-predstavljanje.png?fit=800%2C652&ssl=1&resize=700%2C400 2x"},"classes":[]},{"id":52641,"url":"https:\/\/historiografija.hr\/?p=52641","url_meta":{"origin":19169,"position":5},"title":"CfP: WHO OWNS THE PAST? VERNACULAR MEMORY, STATE MEMORY, AND THE POLITICS OF OWNERSHIP","author":"Branimir Jankovi\u0107","date":"24. travnja 2026.","format":false,"excerpt":"VIENNA, 31ST AUGUST\u20133RD SEPTEMBER 2026 (DEADLINE: 24TH APRIL 2026) The Center for Austrian Studies at the European Forum at the Hebrew University and the Austrian Academy of Sciences\/Institute of Culture Studies invite early postdocs, PhD candidates, and advanced Master\u2019s students from the Hebrew University of Jerusalem and universities and academic\u2026","rel":"","context":"U &quot;Novosti&quot;","block_context":{"text":"Novosti","link":"https:\/\/historiografija.hr\/?cat=3"},"img":{"alt_text":"","src":"https:\/\/i0.wp.com\/historiografija.hr\/wp-content\/uploads\/2017\/10\/hsozkult.png?fit=1006%2C241&ssl=1&resize=350%2C200","width":350,"height":200,"srcset":"https:\/\/i0.wp.com\/historiografija.hr\/wp-content\/uploads\/2017\/10\/hsozkult.png?fit=1006%2C241&ssl=1&resize=350%2C200 1x, https:\/\/i0.wp.com\/historiografija.hr\/wp-content\/uploads\/2017\/10\/hsozkult.png?fit=1006%2C241&ssl=1&resize=525%2C300 1.5x, https:\/\/i0.wp.com\/historiografija.hr\/wp-content\/uploads\/2017\/10\/hsozkult.png?fit=1006%2C241&ssl=1&resize=700%2C400 2x"},"classes":[]}],"_links":{"self":[{"href":"https:\/\/historiografija.hr\/index.php?rest_route=\/wp\/v2\/posts\/19169","targetHints":{"allow":["GET"]}}],"collection":[{"href":"https:\/\/historiografija.hr\/index.php?rest_route=\/wp\/v2\/posts"}],"about":[{"href":"https:\/\/historiografija.hr\/index.php?rest_route=\/wp\/v2\/types\/post"}],"author":[{"embeddable":true,"href":"https:\/\/historiografija.hr\/index.php?rest_route=\/wp\/v2\/users\/2"}],"replies":[{"embeddable":true,"href":"https:\/\/historiografija.hr\/index.php?rest_route=%2Fwp%2Fv2%2Fcomments&post=19169"}],"version-history":[{"count":1,"href":"https:\/\/historiografija.hr\/index.php?rest_route=\/wp\/v2\/posts\/19169\/revisions"}],"predecessor-version":[{"id":19171,"href":"https:\/\/historiografija.hr\/index.php?rest_route=\/wp\/v2\/posts\/19169\/revisions\/19171"}],"wp:featuredmedia":[{"embeddable":true,"href":"https:\/\/historiografija.hr\/index.php?rest_route=\/wp\/v2\/media\/19170"}],"wp:attachment":[{"href":"https:\/\/historiografija.hr\/index.php?rest_route=%2Fwp%2Fv2%2Fmedia&parent=19169"}],"wp:term":[{"taxonomy":"category","embeddable":true,"href":"https:\/\/historiografija.hr\/index.php?rest_route=%2Fwp%2Fv2%2Fcategories&post=19169"},{"taxonomy":"post_tag","embeddable":true,"href":"https:\/\/historiografija.hr\/index.php?rest_route=%2Fwp%2Fv2%2Ftags&post=19169"}],"curies":[{"name":"wp","href":"https:\/\/api.w.org\/{rel}","templated":true}]}}