{"id":19165,"date":"2020-02-14T20:16:09","date_gmt":"2020-02-14T20:16:09","guid":{"rendered":"http:\/\/historiografija.hr\/?p=19165"},"modified":"2020-02-14T20:21:39","modified_gmt":"2020-02-14T20:21:39","slug":"conference-peoples-history-radical-historiography-and-the-left-in-the-twentieth-century","status":"publish","type":"post","link":"https:\/\/historiografija.hr\/?p=19165","title":{"rendered":"Conference: People\u2019s History? Radical Historiography and the Left in the Twentieth Century"},"content":{"rendered":"<p>Na konferenciji o radikalnoj historiografiji i ljevici u 20. stolje\u0107u koja \u0107e se odr\u017eati 15. i 16. velja\u010de 2020. u Norwichu izlagat \u0107e me\u0111u ostalima i Ankica \u010cakardi\u0107 i Tijana Oki\u0107.<\/p>\n<p>&nbsp;<\/p>\n<p>&#8212;<\/p>\n<p>&nbsp;<\/p>\n<p><strong>Saturday 15 February 2020<\/strong><\/p>\n<p data-adtags-visited=\"true\"><strong>09.30 \u2013 10.00 Registration, welcome<\/strong><\/p>\n<p data-adtags-visited=\"true\"><strong>10.00 \u2013 11.30\u00a0 Session 1<\/strong><\/p>\n<p data-adtags-visited=\"true\"><strong>Liam Ryan<\/strong>, History and the British Left: The Case of the Right to Work, 1900-1940<\/p>\n<p data-adtags-visited=\"true\"><strong>Christian Hogsbjerg<\/strong>, Arthur Leslie Morton and the Poetics of People\u2019s History<\/p>\n<p data-adtags-visited=\"true\"><strong>Tony Taylor<\/strong>, \u2018A Literature of Protest and Aspiration\u2019: Literary Culture and the Radical Platform in Britain, c.1890-1930<\/p>\n<p data-adtags-visited=\"true\"><strong>11.30 \u2013 12.00\u00a0 Coffee break<\/strong><\/p>\n<p data-adtags-visited=\"true\"><strong>12.00 \u2013 13.30\u00a0 Session 2<\/strong><\/p>\n<p data-adtags-visited=\"true\"><strong>Yiannos Katsourides<\/strong>, The history of the struggle of fractions and the making of the Cypriot Left<\/p>\n<p data-adtags-visited=\"true\"><strong>Tijana Okic<\/strong>, Analogy, politics, history: the Yugoslav Women\u2019s Antifascist Front<\/p>\n<p data-adtags-visited=\"true\"><strong>Sofia Mali<\/strong>, Neo-national(ist) Histories: The product of European national museums\u2019 alienated labour<\/p>\n<p data-adtags-visited=\"true\"><strong>Anastasia Kutuzova<\/strong>, \u201cLes Enrag\u00e9s\u201d \u2013 the harbingers of left-wing radical movements of the 20th century? (scientific heritage of the Soviet historian J. M. Zakher)<\/p>\n<p data-adtags-visited=\"true\"><strong>13.30 \u2013 14.30 Lunch break<\/strong><\/p>\n<p data-adtags-visited=\"true\"><strong>14.30 \u2013 16.00\u00a0 Session 3<\/strong><\/p>\n<p data-adtags-visited=\"true\"><strong>Hanno Balz<\/strong>, Hostile Take-Over: A Political History of the Red Flag<\/p>\n<p data-adtags-visited=\"true\"><strong>Paula Bartley<\/strong>, Labour Women in Power: Cabinet Ministers in the 20th century<\/p>\n<p data-adtags-visited=\"true\"><strong>Alan Hooper<\/strong>, Perspectives on the People: the (new) left before neo-liberalism<\/p>\n<p data-adtags-visited=\"true\"><strong>16.00 \u2013 16.30\u00a0 Coffee break<\/strong><\/p>\n<p data-adtags-visited=\"true\"><strong>16.30 \u2013 18.00\u00a0 Session 4<\/strong><\/p>\n<p data-adtags-visited=\"true\"><strong>\u00a0Logie Barrow<\/strong>, Ascription: No mere Effect<\/p>\n<p data-adtags-visited=\"true\"><strong>Pushpa Kumbhat<\/strong>, \u2018Education for Democracy\u2019, \u2018Education for Emancipation\u2019 Historical Narratives of the Workers\u2019 Educational Association and the Labour Colleges 1900 \u2013 1920<\/p>\n<p data-adtags-visited=\"true\"><strong>Ankica \u010cakardi\u0107<\/strong>, Class history of gender and agrarian capitalism<\/p>\n<p data-adtags-visited=\"true\"><strong>Sunday 16 February 2020<\/strong><\/p>\n<p data-adtags-visited=\"true\"><strong>10.00 \u2013 11.30\u00a0 Session<\/strong> <strong>5<\/strong><\/p>\n<p data-adtags-visited=\"true\"><strong>Brendan Campisi<\/strong>, \u201cThe Discovery of the Ancestors\u201d: the \u2018New History of American Communism\u2019 and the US Far Left after the \u201960s<\/p>\n<p data-adtags-visited=\"true\"><strong>Julien Reiman<\/strong>, The Radical Radical: Humor and Similarity in the Historiography of Abbie Hoffman<\/p>\n<p data-adtags-visited=\"true\"><strong>Steve Cushion<\/strong>, A Practical Application of Howard Zinn\u2019s Conception of People\u2019s History in Three Pamphlets<\/p>\n<p data-adtags-visited=\"true\"><strong>11.30 \u2013 12.00\u00a0 Coffee<\/strong><\/p>\n<p data-adtags-visited=\"true\"><strong>12.00 \u2013 13.30\u00a0 Session 6<\/strong><\/p>\n<p data-adtags-visited=\"true\"><strong>Sophie Scott-Brown<\/strong>, Intellectual Lives, Performance and Persona: The Making of the People\u2019s Historian<\/p>\n<p data-adtags-visited=\"true\"><strong>Sina Talachian<\/strong>, Maurice Dobb\u2019s Domestication of Historical Materialism in the 1920s and 1930s<\/p>\n<p data-adtags-visited=\"true\"><strong>Rhys Williams<\/strong>, The Communist Party Historians Group and the study of Biography<\/p>\n<p data-adtags-visited=\"true\"><strong>13.30 \u2013 14.30\u00a0 Lunch break<\/strong><\/p>\n<p data-adtags-visited=\"true\"><strong>14.30 \u2013 16.15\u00a0 Session 7<\/strong><\/p>\n<p data-adtags-visited=\"true\"><strong>George Souvlis<\/strong>, Perry Anderson as practitioner of Intellectual history: From an anatomist of Marxism to an Olympian Savant of the World of Ideas<\/p>\n<p data-adtags-visited=\"true\"><strong>Brigitta Bernet,<\/strong> After Gramsci: The Politics of Microhistory<\/p>\n<p data-adtags-visited=\"true\"><strong>Axel Fair-Schulz<\/strong>, \u201cMerely \u2018Tons of Wasted Paper\u2019? East German Historians Between Innovative Scholarship and Party Discipline: The Cases of Helga and Manfred Nussbaum\u201d<\/p>\n<p data-adtags-visited=\"true\"><strong>16.15 \u2013 16.30 Closing remarks<\/strong><\/p>\n<p>&nbsp;<\/p>\n<p><a href=\"https:\/\/shspeopleshistory.wordpress.com\/\">https:\/\/shspeopleshistory.wordpress.com\/<\/a><\/p>\n<p>&nbsp;<\/p>\n<p>&nbsp;<\/p>\n","protected":false},"excerpt":{"rendered":"","protected":false},"author":2,"featured_media":19166,"comment_status":"open","ping_status":"open","sticky":false,"template":"","format":"standard","meta":{"_acf_changed":false,"jetpack_post_was_ever_published":false,"_jetpack_newsletter_access":"","_jetpack_dont_email_post_to_subs":false,"_jetpack_newsletter_tier_id":0,"_jetpack_memberships_contains_paywalled_content":false,"_jetpack_memberships_contains_paid_content":false,"footnotes":"","jetpack_publicize_message":"","jetpack_publicize_feature_enabled":true,"jetpack_social_post_already_shared":true,"jetpack_social_options":{"image_generator_settings":{"template":"highway","default_image_id":0,"font":"","enabled":false},"version":2}},"categories":[3,9],"tags":[],"class_list":["post-19165","post","type-post","status-publish","format-standard","has-post-thumbnail","hentry","category-novosti","category-skupovi"],"acf":{"facebook_opis":""},"jetpack_publicize_connections":[],"jetpack_featured_media_url":"https:\/\/i0.wp.com\/historiografija.hr\/wp-content\/uploads\/2020\/02\/radical.jpeg?fit=826%2C1280&ssl=1","jetpack_sharing_enabled":true,"jetpack-related-posts":[{"id":52528,"url":"https:\/\/historiografija.hr\/?p=52528","url_meta":{"origin":19165,"position":0},"title":"[Promocija knjige] Banja Luka u ratu: Etnopolitika i svakodnevica (1990\u20131995) (ActiveLab, YugoLab)","author":"Branimir Jankovi\u0107","date":"17. travnja 2026.","format":false,"excerpt":"Institut za filozofiju i dru\u0161tvenu teoriju i O\u0161tra Nula organizuju promociju knjige Banja Luka u ratu: Etnopolitika i svakodnevica (1990\u20131995) autorke Armine Galija\u0161, koja \u0107e se odr\u017eati 20. aprila 2026. u 12.00 sati u prostorijama Instituta (Kraljice Natalije 45, Beograd). Re\u010d je o prvom nau\u010dno utemeljenom i sistematskom radu koji\u2026","rel":"","context":"U &quot;Novosti&quot;","block_context":{"text":"Novosti","link":"https:\/\/historiografija.hr\/?cat=3"},"img":{"alt_text":"","src":"https:\/\/i0.wp.com\/historiografija.hr\/wp-content\/uploads\/2026\/04\/20-april-RS.jpg?fit=1200%2C675&ssl=1&resize=350%2C200","width":350,"height":200,"srcset":"https:\/\/i0.wp.com\/historiografija.hr\/wp-content\/uploads\/2026\/04\/20-april-RS.jpg?fit=1200%2C675&ssl=1&resize=350%2C200 1x, https:\/\/i0.wp.com\/historiografija.hr\/wp-content\/uploads\/2026\/04\/20-april-RS.jpg?fit=1200%2C675&ssl=1&resize=525%2C300 1.5x, https:\/\/i0.wp.com\/historiografija.hr\/wp-content\/uploads\/2026\/04\/20-april-RS.jpg?fit=1200%2C675&ssl=1&resize=700%2C400 2x, https:\/\/i0.wp.com\/historiografija.hr\/wp-content\/uploads\/2026\/04\/20-april-RS.jpg?fit=1200%2C675&ssl=1&resize=1050%2C600 3x"},"classes":[]},{"id":52520,"url":"https:\/\/historiografija.hr\/?p=52520","url_meta":{"origin":19165,"position":1},"title":"Predstavljanje knjige &#8220;Socialist Economics in Yugoslavia: A Critical History&#8221; u Zagrebu","author":"Branimir Jankovi\u0107","date":"17. travnja 2026.","format":false,"excerpt":"Pozivamo vas na predstavljanje knjige \"Socialist Economics in Yugoslavia: A Critical History\", autora Mislava \u00a0\u017ditka i Marka Grde\u0161i\u0107a (Routledge, 2026). Na predstavljanju \u0107e govoriti Branko Milanovi\u0107 (CUNY), Milica Uvali\u0107 (EUI), Zdravko Petak (FPZG) te autori.\u00a0 Predstavljanje \u0107e se odr\u017eati u srijedu 22. travnja u 16:00 sati na Fakultetu politi\u010dkih znanosti\u2026","rel":"","context":"U &quot;Novosti&quot;","block_context":{"text":"Novosti","link":"https:\/\/historiografija.hr\/?cat=3"},"img":{"alt_text":"","src":"https:\/\/i0.wp.com\/historiografija.hr\/wp-content\/uploads\/2026\/04\/Poziv-na-predstavljanje.png?fit=800%2C652&ssl=1&resize=350%2C200","width":350,"height":200,"srcset":"https:\/\/i0.wp.com\/historiografija.hr\/wp-content\/uploads\/2026\/04\/Poziv-na-predstavljanje.png?fit=800%2C652&ssl=1&resize=350%2C200 1x, https:\/\/i0.wp.com\/historiografija.hr\/wp-content\/uploads\/2026\/04\/Poziv-na-predstavljanje.png?fit=800%2C652&ssl=1&resize=525%2C300 1.5x, https:\/\/i0.wp.com\/historiografija.hr\/wp-content\/uploads\/2026\/04\/Poziv-na-predstavljanje.png?fit=800%2C652&ssl=1&resize=700%2C400 2x"},"classes":[]},{"id":52651,"url":"https:\/\/historiografija.hr\/?p=52651","url_meta":{"origin":19165,"position":2},"title":"Promocija knjige Emira O. Filipovi\u0107a \u201cVite\u0161tvo u srednjovjekovnoj Bosni\u201d u Sarajevu","author":"Branimir Jankovi\u0107","date":"24. travnja 2026.","format":false,"excerpt":"Knji\u017eevni korner poziva na promociju knjige Emira O. Filipovi\u0107a \u201cVite\u0161tvo u srednjovjekovnoj Bosni\u201d koja \u0107e se odr\u017eati u srijedu, 29. aprila 2026. u 18 sati u Evropskoj ku\u0107i kulture i nacionalnih manjina (Austrijska ku\u0107a) u Sarajevu. Na promociji \u0107e govoriti Mirsad Sijari\u0107, Ema Mazrak i autor, a moderirat \u0107e Nikola\u2026","rel":"","context":"U &quot;Novosti&quot;","block_context":{"text":"Novosti","link":"https:\/\/historiografija.hr\/?cat=3"},"img":{"alt_text":"","src":"https:\/\/i0.wp.com\/historiografija.hr\/wp-content\/uploads\/2026\/04\/Vitestvo.jpg?fit=1080%2C565&ssl=1&resize=350%2C200","width":350,"height":200,"srcset":"https:\/\/i0.wp.com\/historiografija.hr\/wp-content\/uploads\/2026\/04\/Vitestvo.jpg?fit=1080%2C565&ssl=1&resize=350%2C200 1x, https:\/\/i0.wp.com\/historiografija.hr\/wp-content\/uploads\/2026\/04\/Vitestvo.jpg?fit=1080%2C565&ssl=1&resize=525%2C300 1.5x, https:\/\/i0.wp.com\/historiografija.hr\/wp-content\/uploads\/2026\/04\/Vitestvo.jpg?fit=1080%2C565&ssl=1&resize=700%2C400 2x, https:\/\/i0.wp.com\/historiografija.hr\/wp-content\/uploads\/2026\/04\/Vitestvo.jpg?fit=1080%2C565&ssl=1&resize=1050%2C600 3x"},"classes":[]},{"id":52547,"url":"https:\/\/historiografija.hr\/?p=52547","url_meta":{"origin":19165,"position":3},"title":"ISHA Zagreb \u2013 Filmska ve\u010der: Povratak Martina Guerrea","author":"Branimir Jankovi\u0107","date":"20. travnja 2026.","format":false,"excerpt":"Klub studenata povijesti \u2013 ISHA Zagreb poziva Vas na filmsku ve\u010der na kojoj \u0107e se prikazivati \u201ePovratak Martina Guerrea\u201c, povijesna drama iz 1982. godine s radnjom smje\u0161tenom u 16. stolje\u0107u. Radnja je utemeljena na stvarnoj povijesnoj li\u010dnosti Martina Guerrea koji se nakon mnogo godina izbivanja vra\u0107a u svoje rodno mjesto\u2026","rel":"","context":"U &quot;Filmovi i serije&quot;","block_context":{"text":"Filmovi i serije","link":"https:\/\/historiografija.hr\/?cat=13"},"img":{"alt_text":"","src":"https:\/\/i0.wp.com\/historiografija.hr\/wp-content\/uploads\/2026\/04\/M-Guerre.png?fit=702%2C1006&ssl=1&resize=350%2C200","width":350,"height":200,"srcset":"https:\/\/i0.wp.com\/historiografija.hr\/wp-content\/uploads\/2026\/04\/M-Guerre.png?fit=702%2C1006&ssl=1&resize=350%2C200 1x, https:\/\/i0.wp.com\/historiografija.hr\/wp-content\/uploads\/2026\/04\/M-Guerre.png?fit=702%2C1006&ssl=1&resize=525%2C300 1.5x, https:\/\/i0.wp.com\/historiografija.hr\/wp-content\/uploads\/2026\/04\/M-Guerre.png?fit=702%2C1006&ssl=1&resize=700%2C400 2x"},"classes":[]},{"id":52439,"url":"https:\/\/historiografija.hr\/?p=52439","url_meta":{"origin":19165,"position":4},"title":"Tribina &#8220;Ahmi\u0107i 33 godine kasnije: Ne u na\u0161e ime&#8221;","author":"Branimir Jankovi\u0107","date":"16. travnja 2026.","format":false,"excerpt":"U \u010detvrtak, 16. travnja 2026. u 17 sati u Knji\u017enici i \u010ditaonici Bogdana Ogrizovi\u0107a u Zagrebu odr\u017eat \u0107e se tribina pod nazivom Ahmi\u0107i 33 godine kasnije: Ne u na\u0161e ime. Na tribini \u0107e govoriti Ivica \u0110iki\u0107, novinar, Mubera Masli\u0107 \u2013 \u017ddralovi\u0107, aktivistikinja, prevoditeljica za arapski, Domagoj Fuk, student politologije, \u010dlan\u2026","rel":"","context":"U &quot;Novosti&quot;","block_context":{"text":"Novosti","link":"https:\/\/historiografija.hr\/?cat=3"},"img":{"alt_text":"","src":"https:\/\/i0.wp.com\/historiografija.hr\/wp-content\/uploads\/2026\/04\/Zagreb_2026.jpeg?fit=1200%2C900&ssl=1&resize=350%2C200","width":350,"height":200,"srcset":"https:\/\/i0.wp.com\/historiografija.hr\/wp-content\/uploads\/2026\/04\/Zagreb_2026.jpeg?fit=1200%2C900&ssl=1&resize=350%2C200 1x, https:\/\/i0.wp.com\/historiografija.hr\/wp-content\/uploads\/2026\/04\/Zagreb_2026.jpeg?fit=1200%2C900&ssl=1&resize=525%2C300 1.5x, https:\/\/i0.wp.com\/historiografija.hr\/wp-content\/uploads\/2026\/04\/Zagreb_2026.jpeg?fit=1200%2C900&ssl=1&resize=700%2C400 2x, https:\/\/i0.wp.com\/historiografija.hr\/wp-content\/uploads\/2026\/04\/Zagreb_2026.jpeg?fit=1200%2C900&ssl=1&resize=1050%2C600 3x"},"classes":[]},{"id":52666,"url":"https:\/\/historiografija.hr\/?p=52666","url_meta":{"origin":19165,"position":5},"title":"Najava programa Festivala povijesti Kliofest (5-8. V. 2026)","author":"Branimir Jankovi\u0107","date":"24. travnja 2026.","format":false,"excerpt":"Po trinaesti put odr\u017eava se Festival povijesti Kliofest! Do petka \u0107emo odr\u017eati osam okruglih stolova i dva kolokvija te niz predstavljanja knjiga i projekata razli\u010dite tematike, od antike do suvremenosti. Bit \u0107e predstavljeno i nekoliko izlo\u017ebi te odr\u017ean jedan povijesni kviz. Prikazat \u0107emo i jedan film \u2013 o generalu Boroevi\u0107u.\u2026","rel":"","context":"U &quot;Novosti&quot;","block_context":{"text":"Novosti","link":"https:\/\/historiografija.hr\/?cat=3"},"img":{"alt_text":"","src":"https:\/\/i0.wp.com\/historiografija.hr\/wp-content\/uploads\/2026\/04\/Kliofest-2026.jpg?fit=526%2C526&ssl=1&resize=350%2C200","width":350,"height":200,"srcset":"https:\/\/i0.wp.com\/historiografija.hr\/wp-content\/uploads\/2026\/04\/Kliofest-2026.jpg?fit=526%2C526&ssl=1&resize=350%2C200 1x, https:\/\/i0.wp.com\/historiografija.hr\/wp-content\/uploads\/2026\/04\/Kliofest-2026.jpg?fit=526%2C526&ssl=1&resize=525%2C300 1.5x"},"classes":[]}],"_links":{"self":[{"href":"https:\/\/historiografija.hr\/index.php?rest_route=\/wp\/v2\/posts\/19165","targetHints":{"allow":["GET"]}}],"collection":[{"href":"https:\/\/historiografija.hr\/index.php?rest_route=\/wp\/v2\/posts"}],"about":[{"href":"https:\/\/historiografija.hr\/index.php?rest_route=\/wp\/v2\/types\/post"}],"author":[{"embeddable":true,"href":"https:\/\/historiografija.hr\/index.php?rest_route=\/wp\/v2\/users\/2"}],"replies":[{"embeddable":true,"href":"https:\/\/historiografija.hr\/index.php?rest_route=%2Fwp%2Fv2%2Fcomments&post=19165"}],"version-history":[{"count":2,"href":"https:\/\/historiografija.hr\/index.php?rest_route=\/wp\/v2\/posts\/19165\/revisions"}],"predecessor-version":[{"id":19168,"href":"https:\/\/historiografija.hr\/index.php?rest_route=\/wp\/v2\/posts\/19165\/revisions\/19168"}],"wp:featuredmedia":[{"embeddable":true,"href":"https:\/\/historiografija.hr\/index.php?rest_route=\/wp\/v2\/media\/19166"}],"wp:attachment":[{"href":"https:\/\/historiografija.hr\/index.php?rest_route=%2Fwp%2Fv2%2Fmedia&parent=19165"}],"wp:term":[{"taxonomy":"category","embeddable":true,"href":"https:\/\/historiografija.hr\/index.php?rest_route=%2Fwp%2Fv2%2Fcategories&post=19165"},{"taxonomy":"post_tag","embeddable":true,"href":"https:\/\/historiografija.hr\/index.php?rest_route=%2Fwp%2Fv2%2Ftags&post=19165"}],"curies":[{"name":"wp","href":"https:\/\/api.w.org\/{rel}","templated":true}]}}