{"id":19145,"date":"2020-02-13T15:39:03","date_gmt":"2020-02-13T15:39:03","guid":{"rendered":"http:\/\/historiografija.hr\/?p=19145"},"modified":"2020-02-17T19:39:50","modified_gmt":"2020-02-17T19:39:50","slug":"nedim-zahirovic-profesor-povijesti-na-sveucilistu-u-tuzli-u-plagiranju-tudih-znanstvenih-radova","status":"publish","type":"post","link":"https:\/\/historiografija.hr\/?p=19145","title":{"rendered":"Nedim Zahirovi\u0107 &#8211; Profesor povijesti na Sveu\u010dili\u0161tu u Tuzli u plagiranju tu\u0111ih znanstvenih radova"},"content":{"rendered":"<p>&nbsp;<\/p>\n<p><strong>Profesor povijesti na Sveu\u010dili\u0161tu u Tuzli u plagiranju tu\u0111ih znanstvenih radova<\/strong><\/p>\n<p>&nbsp;<\/p>\n<p>Posljednjih je godina u srbijanskoj javnosti \u017eivo vo\u0111ena rasprava o znanstvenoj vrijednosti doktorske disertacije Sini\u0161e Malog, aktualnog ministra financija u Vladi Republike Srbije. Rasprava je pokrenuta tako \u0161to je Ra\u0161a Karapand\u017ea, profesor na EBS-Sveu\u010dili\u0161tu u Wiesbadenu (SR Njema\u010dka), skrenuo pozornost na dijelove doktorskog rada, u kojima je Mali preuzimao dijelove radova drugih autora, a da ih nije navodio u podno\u017enim bilje\u0161kama. Drugim rije\u010dima kazano, Mali je pi\u0161u\u0107i svoju disertaciju plagirao radove drugih autora. Cijela stvar je okon\u010dana tako \u0161to je Sveu\u010dili\u0161te u Beogradu oduzelo Malome doktorat. U pore\u0111enju sa slu\u010dajevima biv\u0161eg njema\u010dkog ministra obrane Karla-Theodora zu Guttenberga i biv\u0161e ministrice obrazovanja i istra\u017eivanja Annette Schavan, koji su se tako\u0111er slu\u017eili plagiranjem tijekom izrade svojih doktorskih radova, srbijanski ministar financija je dobro pro\u0161ao: Karl-Theodor zu Guttenberg i Annette Schavan su svojevremeno uz doktorske titule izgubili i ministarska mjesta u\u00a0 njema\u010dkoj saveznoj vladi.<\/p>\n<p>Slu\u010daj plagiranja tu\u0111eg znanstvenog rada o kojem je ovdje rije\u010d prevazilazi slu\u010daj Sini\u0161e Malog. Prije dvadeset i \u010detiri godine, Fehim Nametak, ugledni bosansko-hercegova\u010dki turkolog, je napisao rad pod naslovom \u201eInstitucija nekibu-l-e\u0161rafa u Bosni i Hercegovini\u201c. Rad je objavljen u \u010dasopisu <em>Anali Gazi Husrev-begove biblioteke <\/em>17\u201318 (1996), 253\u201357. Nametkov rad o ovoj instituciji je prvi takve vrste, ne samo u bosansko-hercegova\u010dkoj nego i u osmanistici na podru\u010dju biv\u0161e Jugoslavije. Nametak je napisao rad na osnovu njemu tada dostupne literature i tri sudska (kadijska) protokola koji se nalaze u Gazi Husrev-begovoj biblioteci u Sarajevu.<\/p>\n<p>Senaid Had\u017ei\u0107, redovni profesor za predmet \u201eHistorija zemalja jugoisto\u010dne Evrope u 19. stolje\u0107u\u201c na Odsjeku za historiju Filozofskog fakulteta Sveu\u010dili\u0161ta u Tuzli, je 2009. godine, pod svojim imenom, objavio u \u010dasopisu <em>Istra\u017eivanja<\/em> 4, 23\u201330, rad pod skoro identi\u010dnim naslovom: Nakibul-e\u0161rafi u Bosni i Hercegovini.<a href=\"#_ftn1\" name=\"_ftnref1\">[1]<\/a> Had\u017ei\u0107 je pri tome na\u010dinio nesvakida\u0161nji plagijatorski postupak \u2013 u cijelosti je preuzeo Nametkov rad! Izmjene su neznatne i sastoje se u tome da je Had\u017ei\u0107 ponekad navode iz glavnog teksta Nametkovog rada preformulirao i stavljao u svoje podno\u017ene bilje\u0161ke, a Nametkove podno\u017ene bilje\u0161ke u glavni tekst svojeg rada odnosno plagijata. Svoju nezaja\u017eljivost kod plagiranja Had\u017ei\u0107 je pokazao ne samo na glavnome tekstu nego i na sa\u017eetku Nametkovog rada. Nametkov sa\u017eetak na engleskome jeziku Had\u017ei\u0107 je preveo i preuzeo kao zaklju\u010dak svojeg rada. Na kraju se odlu\u010dio na korak, koji predstavlja vrhunac njegovog plagiranja: cijeli je Nametkov rad, koji je objavljen 1996. godine, proglasio rukopisom i stavio u svoj popis izvora! Tako\u0111er je u svoje izvore uvrstio i sudske protokole iz Gazi Husrev-begove biblioteke koje je Nametak u svom radu koristio.<\/p>\n<p>Vjerojatno ohrabren \u010dinjenicom da nitko nije ukazao na o\u010digledno drsko plagiranje i ustao u obranu akademske \u010destitosti, Had\u017ei\u0107 je nastavio koristiti vlastiti plagijat. U svojoj monografiji <em>Bosna i Hercegovina u vrijeme pojave (veliko)nacionalnih ideja<\/em>, Tuzla, 2016, Had\u017ei\u0107 se ponovno osvrnuo na instituciju nekibu-l-e\u0161rafa i pozvao na njega. Izet \u0160aboti\u0107, vanredni profesor na istom odsjeku, pobrinuo se da Had\u017ei\u0107ev plagijat dobije i njegovu \u201cznanstvenu ovjeru\u201d.<a href=\"#_ftn2\" name=\"_ftnref2\">[2]<\/a> U prikazu ove Had\u017ei\u0107eve monografije u <em>Gra\u010dani\u010dkom glasniku<\/em> 43 (2017), 138\u2013140, \u0160aboti\u0107 na str. 140 pi\u0161e: \u201cU knjizi je posebno obra\u0111eno pitanje institucije nakibule\u0161rafa kako u Osmanskom carstvu, tako i Bosni i Hercegovini, koja nije do sada zaokupljala pa\u017enju osmanista\u201d! Ne\u010duvena drskost koju pokazuju plagijator Had\u017ei\u0107 i njegov pomaga\u010d \u0160aboti\u0107 ne zabrinjava \u2013 takvi \u201cznanstvenici\u201d budu skoro uvijek raskrinkani! \u2013 ali zabrinjava jedna druga stvar: kako je mogu\u0107e da do sada nitko u Bosni i Hercegovini nije ukazao na ovaj plagijat? Zar je korupcija u akademskim krugovima u Bosni i Hercegovini ve\u0107 stvorila takvo ozra\u010dje u kojem se tu\u0111i radovi mogu plagirati, a da se tome nitko ne smije suprotstaviti? Ne \u017eelim vjerovati, ali se bojim da je tako!<\/p>\n<p>&nbsp;<\/p>\n<p><em>Nedim Zahirovi\u0107<\/em><\/p>\n<p>&nbsp;<\/p>\n<p><a href=\"#_ftnref1\" name=\"_ftn1\">[1]<\/a> \u010casopis <em>Istra\u017eivanja<\/em> izdaje Fakultet humanisti\u010dkih nauka Sveu\u010dili\u0161ta \u201cD\u017eemal Bijedi\u0107\u201d u Mostaru.<\/p>\n<p><a href=\"#_ftnref2\" name=\"_ftn2\">[2]<\/a> O \u0160aboti\u0107evim osmanisti\u010dkim \u201cdometima\u201d ve\u0107 sam pisao u prikazu njegove monografije <em>Agrarne prilike u Bosanskom ejaletu (1839.-1878.)<\/em>, Tuzla, 2013, u \u010dasopisu <em>Scrinia Slavonica<\/em> 16 (2016), 442\u201343.<\/p>\n<p>&nbsp;<\/p>\n<hr \/>\n<p>&nbsp;<\/p>\n<p>Uredni\u0161tvo portala Historiografija.hr ne odgovara za tvrdnje izre\u010dene u raspravama, polemikama i drugim tekstovima. Reagiranja i polemi\u010dke priloge mo\u017eete slati na e-mail adresu urednika portala bjankovi@ffzg.hr<\/p>\n<p>&nbsp;<\/p>\n<p>&nbsp;<\/p>\n","protected":false},"excerpt":{"rendered":"","protected":false},"author":2,"featured_media":0,"comment_status":"open","ping_status":"open","sticky":false,"template":"","format":"standard","meta":{"_acf_changed":false,"jetpack_post_was_ever_published":false,"_jetpack_newsletter_access":"","_jetpack_dont_email_post_to_subs":false,"_jetpack_newsletter_tier_id":0,"_jetpack_memberships_contains_paywalled_content":false,"_jetpack_memberships_contains_paid_content":false,"footnotes":"","jetpack_publicize_message":"","jetpack_publicize_feature_enabled":true,"jetpack_social_post_already_shared":true,"jetpack_social_options":{"image_generator_settings":{"template":"highway","default_image_id":0,"font":"","enabled":false},"version":2}},"categories":[4,17],"tags":[],"class_list":["post-19145","post","type-post","status-publish","format-standard","hentry","category-osvrti","category-rasprave"],"acf":{"facebook_opis":""},"jetpack_publicize_connections":[],"jetpack_featured_media_url":"","jetpack_sharing_enabled":true,"jetpack-related-posts":[{"id":52502,"url":"https:\/\/historiografija.hr\/?p=52502","url_meta":{"origin":19145,"position":0},"title":"Novi znanstveni projekt Hrvatskog instituta za povijest: \u201c\u017drtve ratova i dr\u017eavnog\/politi\u010dkog nasilja u hrvatskoj povijesti 20. stolje\u0107a\u201d","author":"Branimir Jankovi\u0107","date":"17. travnja 2026.","format":false,"excerpt":"Na redovitoj sjednici Vlade RH, 16. travnja 2026., donijet je Zaklju\u010dak kojim se pokre\u0107e znanstveni projekt \u201c\u017drtve ratova i dr\u017eavnog\/politi\u010dkog nasilja u hrvatskoj povijesti 20. stolje\u0107a\u201d. Projekt \u0107e provoditi i koordinirati Hrvatski institut za povijest u razdoblju trajanja projekta od pet godina. Zakljucak Vlade RH Iz teksta projektnog prijedloga: Problematika\u2026","rel":"","context":"U &quot;Novosti&quot;","block_context":{"text":"Novosti","link":"https:\/\/historiografija.hr\/?cat=3"},"img":{"alt_text":"","src":"https:\/\/i0.wp.com\/historiografija.hr\/wp-content\/uploads\/2026\/04\/Vlada-RH.jpg?fit=1200%2C557&ssl=1&resize=350%2C200","width":350,"height":200,"srcset":"https:\/\/i0.wp.com\/historiografija.hr\/wp-content\/uploads\/2026\/04\/Vlada-RH.jpg?fit=1200%2C557&ssl=1&resize=350%2C200 1x, https:\/\/i0.wp.com\/historiografija.hr\/wp-content\/uploads\/2026\/04\/Vlada-RH.jpg?fit=1200%2C557&ssl=1&resize=525%2C300 1.5x, https:\/\/i0.wp.com\/historiografija.hr\/wp-content\/uploads\/2026\/04\/Vlada-RH.jpg?fit=1200%2C557&ssl=1&resize=700%2C400 2x, https:\/\/i0.wp.com\/historiografija.hr\/wp-content\/uploads\/2026\/04\/Vlada-RH.jpg?fit=1200%2C557&ssl=1&resize=1050%2C600 3x"},"classes":[]},{"id":52666,"url":"https:\/\/historiografija.hr\/?p=52666","url_meta":{"origin":19145,"position":1},"title":"Najava programa Festivala povijesti Kliofest (5-8. V. 2026)","author":"Branimir Jankovi\u0107","date":"24. travnja 2026.","format":false,"excerpt":"Po trinaesti put odr\u017eava se Festival povijesti Kliofest! Do petka \u0107emo odr\u017eati osam okruglih stolova i dva kolokvija te niz predstavljanja knjiga i projekata razli\u010dite tematike, od antike do suvremenosti. Bit \u0107e predstavljeno i nekoliko izlo\u017ebi te odr\u017ean jedan povijesni kviz. Prikazat \u0107emo i jedan film \u2013 o generalu Boroevi\u0107u.\u2026","rel":"","context":"U &quot;Novosti&quot;","block_context":{"text":"Novosti","link":"https:\/\/historiografija.hr\/?cat=3"},"img":{"alt_text":"","src":"https:\/\/i0.wp.com\/historiografija.hr\/wp-content\/uploads\/2026\/04\/Kliofest-2026.jpg?fit=526%2C526&ssl=1&resize=350%2C200","width":350,"height":200,"srcset":"https:\/\/i0.wp.com\/historiografija.hr\/wp-content\/uploads\/2026\/04\/Kliofest-2026.jpg?fit=526%2C526&ssl=1&resize=350%2C200 1x, https:\/\/i0.wp.com\/historiografija.hr\/wp-content\/uploads\/2026\/04\/Kliofest-2026.jpg?fit=526%2C526&ssl=1&resize=525%2C300 1.5x"},"classes":[]},{"id":52654,"url":"https:\/\/historiografija.hr\/?p=52654","url_meta":{"origin":19145,"position":2},"title":"Gostuju\u0107e predavanje &#8211; Danijel D\u017eino \u201eKasnoanti\u010dke i ranosrednjovjekovne gra\u0111evine u Brezi: Spomenici nepotpune biografije\u201c","author":"Branimir Jankovi\u0107","date":"24. travnja 2026.","format":false,"excerpt":"Doktorski studij predmoderne povijesti poziva na predavanje \"Kasnoanti\u010dke i ranosrednjovjekovne gra\u0111evine u Brezi: Spomenici nepotpune biografije\u201d koje \u0107e odr\u017eati profesor Danijel D\u017eino sa Sveu\u010dili\u0161ta Macquarie u Sydneyu u\u00a0utorak 28. travnja 2026. u 17h u Konferencijskoj dvorani Knji\u017enice Filozofskog fakulteta u Zagrebu. Predavanje \u0107e predo\u010diti nova saznanja dobivena kroz arhivsko-dokumentarna istra\u017eivanja\u2026","rel":"","context":"U &quot;Novosti&quot;","block_context":{"text":"Novosti","link":"https:\/\/historiografija.hr\/?cat=3"},"img":{"alt_text":"","src":"https:\/\/i0.wp.com\/historiografija.hr\/wp-content\/uploads\/2026\/04\/Dzino.jpg?fit=980%2C819&ssl=1&resize=350%2C200","width":350,"height":200,"srcset":"https:\/\/i0.wp.com\/historiografija.hr\/wp-content\/uploads\/2026\/04\/Dzino.jpg?fit=980%2C819&ssl=1&resize=350%2C200 1x, https:\/\/i0.wp.com\/historiografija.hr\/wp-content\/uploads\/2026\/04\/Dzino.jpg?fit=980%2C819&ssl=1&resize=525%2C300 1.5x, https:\/\/i0.wp.com\/historiografija.hr\/wp-content\/uploads\/2026\/04\/Dzino.jpg?fit=980%2C819&ssl=1&resize=700%2C400 2x"},"classes":[]},{"id":52575,"url":"https:\/\/historiografija.hr\/?p=52575","url_meta":{"origin":19145,"position":3},"title":"Izlo\u017eba dje\u010djih radova \u201cU po\u010detku bija\u0161e crte\u017e\u2026\u201d","author":"Branimir Jankovi\u0107","date":"21. travnja 2026.","format":false,"excerpt":"U subotu, 25. travnja 2026. u 11 sati u Galeriji Klovi\u0107evi dvori sve\u010dano otvaramo izlo\u017ebu dje\u010djih radova pod nazivom U po\u010detku bija\u0161e crte\u017e\u2026 Radovi su nastali u sklopu likovnih radionica uz izlo\u017ebu U po\u010detku bija\u0161e kraljevstvo \u2013 izlo\u017eba povodom 1100 godina Hrvatskoga Kraljevstva. Na brojnim likovnim radionicama, uz \u0161kolsku djecu,\u2026","rel":"","context":"U &quot;Izlo\u017ebe&quot;","block_context":{"text":"Izlo\u017ebe","link":"https:\/\/historiografija.hr\/?cat=10"},"img":{"alt_text":"","src":"https:\/\/i0.wp.com\/historiografija.hr\/wp-content\/uploads\/2025\/10\/Klovicevi_sluzbeni-plakat.png?fit=840%2C1200&ssl=1&resize=350%2C200","width":350,"height":200,"srcset":"https:\/\/i0.wp.com\/historiografija.hr\/wp-content\/uploads\/2025\/10\/Klovicevi_sluzbeni-plakat.png?fit=840%2C1200&ssl=1&resize=350%2C200 1x, https:\/\/i0.wp.com\/historiografija.hr\/wp-content\/uploads\/2025\/10\/Klovicevi_sluzbeni-plakat.png?fit=840%2C1200&ssl=1&resize=525%2C300 1.5x, https:\/\/i0.wp.com\/historiografija.hr\/wp-content\/uploads\/2025\/10\/Klovicevi_sluzbeni-plakat.png?fit=840%2C1200&ssl=1&resize=700%2C400 2x"},"classes":[]},{"id":52681,"url":"https:\/\/historiografija.hr\/?p=52681","url_meta":{"origin":19145,"position":4},"title":"XIII. Festival povijesti Kliofest 2026.","author":"Branimir Jankovi\u0107","date":"27. travnja 2026.","format":false,"excerpt":"Trinaesti Festival povijesti Kliofest odr\u017eava se od 5. do 8. svibnja 2026. u Nacionalnoj i sveu\u010dili\u0161noj knji\u017enici u Zagrebu, kao i na nekoliko drugih lokacija u gradu. Cjelokupni program nalazi se u programskoj knji\u017eici u nastavku. Festival povijesti Kliofest - 2026 - ProgramPreuzmi","rel":"","context":"U &quot;Prikazi i osvrti&quot;","block_context":{"text":"Prikazi i osvrti","link":"https:\/\/historiografija.hr\/?cat=4"},"img":{"alt_text":"","src":"","width":0,"height":0},"classes":[]},{"id":52539,"url":"https:\/\/historiografija.hr\/?p=52539","url_meta":{"origin":19145,"position":5},"title":"Drugi po redu studentski simpozij &#8220;In fonte veritas&#8221;","author":"Branimir Jankovi\u0107","date":"20. travnja 2026.","format":false,"excerpt":"U srijedu, 22. travnja 2026. godine, u dvorani C 0.4 na Hrvatskom katoli\u010dkom sveu\u010dili\u0161tu odr\u017eat \u0107e se drugi studentski simpozij \u201eIn fonte veritas\". Ovogodi\u0161nja sredi\u0161nja tema simpozija je Papinstvo. Kroz istra\u017eiva\u010dko suo\u010davanje s povijesnim izvorima deset \u0107e studenata predstaviti rezultate svojih istra\u017eivanja o instituciji koja je stolje\u0107ima oblikovala europsku i\u2026","rel":"","context":"U &quot;Novosti&quot;","block_context":{"text":"Novosti","link":"https:\/\/historiografija.hr\/?cat=3"},"img":{"alt_text":"","src":"https:\/\/i0.wp.com\/historiografija.hr\/wp-content\/uploads\/2026\/04\/Papinstvo.png?fit=1024%2C500&ssl=1&resize=350%2C200","width":350,"height":200,"srcset":"https:\/\/i0.wp.com\/historiografija.hr\/wp-content\/uploads\/2026\/04\/Papinstvo.png?fit=1024%2C500&ssl=1&resize=350%2C200 1x, https:\/\/i0.wp.com\/historiografija.hr\/wp-content\/uploads\/2026\/04\/Papinstvo.png?fit=1024%2C500&ssl=1&resize=525%2C300 1.5x, https:\/\/i0.wp.com\/historiografija.hr\/wp-content\/uploads\/2026\/04\/Papinstvo.png?fit=1024%2C500&ssl=1&resize=700%2C400 2x"},"classes":[]}],"_links":{"self":[{"href":"https:\/\/historiografija.hr\/index.php?rest_route=\/wp\/v2\/posts\/19145","targetHints":{"allow":["GET"]}}],"collection":[{"href":"https:\/\/historiografija.hr\/index.php?rest_route=\/wp\/v2\/posts"}],"about":[{"href":"https:\/\/historiografija.hr\/index.php?rest_route=\/wp\/v2\/types\/post"}],"author":[{"embeddable":true,"href":"https:\/\/historiografija.hr\/index.php?rest_route=\/wp\/v2\/users\/2"}],"replies":[{"embeddable":true,"href":"https:\/\/historiografija.hr\/index.php?rest_route=%2Fwp%2Fv2%2Fcomments&post=19145"}],"version-history":[{"count":1,"href":"https:\/\/historiografija.hr\/index.php?rest_route=\/wp\/v2\/posts\/19145\/revisions"}],"predecessor-version":[{"id":19146,"href":"https:\/\/historiografija.hr\/index.php?rest_route=\/wp\/v2\/posts\/19145\/revisions\/19146"}],"wp:attachment":[{"href":"https:\/\/historiografija.hr\/index.php?rest_route=%2Fwp%2Fv2%2Fmedia&parent=19145"}],"wp:term":[{"taxonomy":"category","embeddable":true,"href":"https:\/\/historiografija.hr\/index.php?rest_route=%2Fwp%2Fv2%2Fcategories&post=19145"},{"taxonomy":"post_tag","embeddable":true,"href":"https:\/\/historiografija.hr\/index.php?rest_route=%2Fwp%2Fv2%2Ftags&post=19145"}],"curies":[{"name":"wp","href":"https:\/\/api.w.org\/{rel}","templated":true}]}}