{"id":19131,"date":"2020-02-12T17:24:59","date_gmt":"2020-02-12T17:24:59","guid":{"rendered":"http:\/\/historiografija.hr\/?p=19131"},"modified":"2020-02-12T17:25:18","modified_gmt":"2020-02-12T17:25:18","slug":"roberto-pane-stari-gradovi-i-nova-izgradnja-u-italijiod-1944-do-1966-odabrao-preveo-i-komentarima-popratio-marko-spikic","status":"publish","type":"post","link":"https:\/\/historiografija.hr\/?p=19131","title":{"rendered":"Roberto Pane, &#8220;Stari gradovi i nova izgradnja u Italiji od 1944. do 1966.&#8221; (odabrao, preveo i komentarima popratio Marko \u0160piki\u0107)"},"content":{"rendered":"<p>Sistemati\u010dna i enciklopedijski pregledna antologija autorovih tekstova o problemima konzerviranja, re\u00adstauriranja, poratnog rekonstruiranja, spekulacijskog uno\u0161enja novih sadr\u017eaja i urbanisti\u010dkog planiranja u sta\u00adrim ambijentima. Paneovo djelo predstavlja jedan od klju\u010dnih elemenata slo\u017eenog mozaika restau\u00adratorske teorije Italije u 20. stolje\u0107u, nakon Beltramijeva povijesnog, Boitova filolo\u0161kog i Giovannonijeva znanstve\u00adnog restauriranja.<\/p>\n<p>Osamnaest izabranih i prevedenih Paneovih tekstova ispisanih u okvirima paradigme \u201ekriti\u010dkog restauriranja\u201c prikazuju evoluiranje Paneova poimanja spomenika, starih gradova i nove arhitektonske kreacije unutar naslije\u0111enih kulturnih ambijenata i o\u010da\u00adravaju\u0107ih apeninskih krajolika te predstavljaju neizostavnu literaturu za prou\u010davnje suvremene povijesti arhitekture, urbanizma i konzerviranja u Italiji.<\/p>\n<p>Biblioteka Parnas. Niz Likovna umjetnost, glavni urednik <em>Luka \u0160eput<\/em>, izvr\u0161ni urednik <em>Luka Vuku\u0161i\u0107<\/em>, likovna i tehni\u010dka oprema biblioteke <em>Luka Gusi\u0107<\/em>, priprema <em>Tehni\u010dka priprema MH \/ Pavao Damjanovi\u0107<\/em>, tisak <em>Denona \u00a0<\/em>(Zagreb). \u2014 Knjiga je opremljena jednom c\/b ilustracijom, bibliografijom, prevoditeljevim pogovorom i napomenom<\/p>\n<p>&nbsp;<\/p>\n<p><a href=\"http:\/\/www.matica.hr\/knjige\/autor\/683\/\">Roberto Pane<\/a><\/p>\n<p>Talijanski arhitekt, urbanist, povjesni\u010dar arhitekture, teoreti\u010dar i prakti\u010dar konzerviranja, slikar, grafi\u010dar i fotograf (Taranto, 1897 \u2013 Sorrento, 1987)<\/p>\n<p>&nbsp;<\/p>\n<ul>\n<li>biblioteka: <a href=\"http:\/\/www.matica.hr\/knjige\/biblioteka\/69\/\"><strong>PARNAS. Niz Likovna umjetnost<\/strong><\/a><\/li>\n<li>cijena: <strong>100,00<\/strong> kn<\/li>\n<li>broj stranica: <strong>310<\/strong><\/li>\n<li>uvez: <strong>uvez bro\u0161iran i pro\u0161iven<\/strong><\/li>\n<li>dimenzije: <strong>11 x 17 cm<\/strong><\/li>\n<li>godina izdanja: <a href=\"http:\/\/www.matica.hr\/knjige\/godina\/2020\/\"><strong>2020.<\/strong><\/a><\/li>\n<li>izdava\u010d: <strong>Matica hrvatska<\/strong><\/li>\n<li>mjesto: <strong>Zagreb<\/strong><\/li>\n<li>ISBN: <strong>978-953-341-129-3<\/strong><\/li>\n<li>podru\u010dje: <strong><a href=\"http:\/\/www.matica.hr\/knjige\/podrucje\/arhitektura\">arhitektura<\/a>, <a href=\"http:\/\/www.matica.hr\/knjige\/podrucje\/likovna%20umjetnost\">likovna umjetnost<\/a>, <a href=\"http:\/\/www.matica.hr\/knjige\/podrucje\/povijest%20umjetnosti\">povijest umjetnosti<\/a>, <a href=\"http:\/\/www.matica.hr\/knjige\/podrucje\/spomeni\u010dka%20ba\u0161tina\">spomeni\u010dka ba\u0161tina<\/a>, <a href=\"http:\/\/www.matica.hr\/knjige\/podrucje\/urbanizam\">urbanizam<\/a> <\/strong><\/li>\n<\/ul>\n<p><strong>PDF-ovi<\/strong><\/p>\n<ul>\n<li><a href=\"http:\/\/www.matica.hr\/media\/knjige\/stari-gradovi-i-nova-izgradnja-u-italijiod-1944-do-1966-1297\/pdf\/sadrzaj.pdf\">Sadr\u017eaj (225,0\u00a0KB)<\/a><\/li>\n<li><a href=\"http:\/\/www.matica.hr\/media\/knjige\/stari-gradovi-i-nova-izgradnja-u-italijiod-1944-do-1966-1297\/pdf\/suprotstavljene-sudbine-varsave-i-praga-1958.pdf\">Suprotstavljene sudbine Var\u0161ave i Praga (1958) (511,6\u00a0KB)<\/a><\/li>\n<\/ul>\n<p>&nbsp;<\/p>\n<p>Izvor: <a href=\"http:\/\/www.matica.hr\/knjige\/stari-gradovi-i-nova-izgradnja-u-italijiod-1944-do-1966-1297\/\">http:\/\/www.matica.hr\/knjige\/stari-gradovi-i-nova-izgradnja-u-italijiod-1944-do-1966-1297\/<\/a><\/p>\n<p>&nbsp;<\/p>\n<p>&nbsp;<\/p>\n","protected":false},"excerpt":{"rendered":"","protected":false},"author":2,"featured_media":19132,"comment_status":"open","ping_status":"open","sticky":false,"template":"","format":"standard","meta":{"_acf_changed":false,"jetpack_post_was_ever_published":false,"_jetpack_newsletter_access":"","_jetpack_dont_email_post_to_subs":false,"_jetpack_newsletter_tier_id":0,"_jetpack_memberships_contains_paywalled_content":false,"_jetpack_memberships_contains_paid_content":false,"footnotes":"","jetpack_publicize_message":"","jetpack_publicize_feature_enabled":true,"jetpack_social_post_already_shared":true,"jetpack_social_options":{"image_generator_settings":{"template":"highway","default_image_id":0,"font":"","enabled":false},"version":2}},"categories":[8,3],"tags":[],"class_list":["post-19131","post","type-post","status-publish","format-standard","has-post-thumbnail","hentry","category-knjige","category-novosti"],"acf":{"facebook_opis":""},"jetpack_publicize_connections":[],"jetpack_featured_media_url":"https:\/\/i0.wp.com\/historiografija.hr\/wp-content\/uploads\/2020\/02\/stari-gradovi-i-nova-izgradnja-u-italiji.jpeg?fit=300%2C461&ssl=1","jetpack_sharing_enabled":true,"jetpack-related-posts":[{"id":52607,"url":"https:\/\/historiografija.hr\/?p=52607","url_meta":{"origin":19131,"position":0},"title":"No\u0107 knjige: Kako je prije 410 godina smr\u0107u Shakespearea i Cervantesa zavr\u0161ilo razdoblje renesanse u knji\u017eevnosti","author":"Branimir Jankovi\u0107","date":"22. travnja 2026.","format":false,"excerpt":"\u010cetvrtak, 23. travnja 2026. u 18:00 sati, Knji\u017eara Matice hrvatske, Ulica Matice hrvatske 2, Zagreb Uvodna rije\u010d: dr. sc.\u00a0Dubravka Brezak Stama\u0107, pro\u010delnica Odjela za knji\u017eevnost Matice hrvatske Prof. dr. sc. Ivan Lupi\u0107, redoviti profesor u Odsjeku za anglistiku i Odsjeku za kroatistiku Sveu\u010dili\u0161ta u RijeciShakespeare, kazali\u0161te, glazbaKada se susre\u0107emo sa\u2026","rel":"","context":"U &quot;Novosti&quot;","block_context":{"text":"Novosti","link":"https:\/\/historiografija.hr\/?cat=3"},"img":{"alt_text":"","src":"https:\/\/i0.wp.com\/historiografija.hr\/wp-content\/uploads\/2026\/04\/noc_knjige_2026.jpg?fit=680%2C276&ssl=1&resize=350%2C200","width":350,"height":200,"srcset":"https:\/\/i0.wp.com\/historiografija.hr\/wp-content\/uploads\/2026\/04\/noc_knjige_2026.jpg?fit=680%2C276&ssl=1&resize=350%2C200 1x, https:\/\/i0.wp.com\/historiografija.hr\/wp-content\/uploads\/2026\/04\/noc_knjige_2026.jpg?fit=680%2C276&ssl=1&resize=525%2C300 1.5x"},"classes":[]},{"id":52552,"url":"https:\/\/historiografija.hr\/?p=52552","url_meta":{"origin":19131,"position":1},"title":"Besplatni glazbeni antikvarijat","author":"Branimir Jankovi\u0107","date":"20. travnja 2026.","format":false,"excerpt":"Muzi\u010dka akademija Sveu\u010dili\u0161ta u Zagrebu 23. travnja 2026. od 10 do 17 sati Pozivamo Vas na Besplatni glazbeni antikvarijat, koji u sklopu manifestacije No\u0107 knjige 2026. organizira Hrvatska udruga muzi\u010dkih knji\u017enica, arhiva i dokumentacijskih centara (HUMKAD). Antikvarijat \u0107e se odr\u017eati na Svjetski dan knjige \u2013 u \u010detvrtak 23. travnja 2026.\u2026","rel":"","context":"U &quot;Novosti&quot;","block_context":{"text":"Novosti","link":"https:\/\/historiografija.hr\/?cat=3"},"img":{"alt_text":"","src":"https:\/\/i0.wp.com\/historiografija.hr\/wp-content\/uploads\/2026\/04\/Besplatni-glazbeni-antikvarijat-23.-4.-2026.jpg?fit=1200%2C848&ssl=1&resize=350%2C200","width":350,"height":200,"srcset":"https:\/\/i0.wp.com\/historiografija.hr\/wp-content\/uploads\/2026\/04\/Besplatni-glazbeni-antikvarijat-23.-4.-2026.jpg?fit=1200%2C848&ssl=1&resize=350%2C200 1x, https:\/\/i0.wp.com\/historiografija.hr\/wp-content\/uploads\/2026\/04\/Besplatni-glazbeni-antikvarijat-23.-4.-2026.jpg?fit=1200%2C848&ssl=1&resize=525%2C300 1.5x, https:\/\/i0.wp.com\/historiografija.hr\/wp-content\/uploads\/2026\/04\/Besplatni-glazbeni-antikvarijat-23.-4.-2026.jpg?fit=1200%2C848&ssl=1&resize=700%2C400 2x, https:\/\/i0.wp.com\/historiografija.hr\/wp-content\/uploads\/2026\/04\/Besplatni-glazbeni-antikvarijat-23.-4.-2026.jpg?fit=1200%2C848&ssl=1&resize=1050%2C600 3x"},"classes":[]},{"id":52633,"url":"https:\/\/historiografija.hr\/?p=52633","url_meta":{"origin":19131,"position":2},"title":"POVIJEST TRE\u0160NJEVA\u010cKE GLAZBE: prikupljanje virtualnog fundusa Muzeja susjedstva Tre\u0161njevka","author":"Branimir Jankovi\u0107","date":"23. travnja 2026.","format":false,"excerpt":"utorak 28. 4. 2026. 14 - 18 h Nova BAZA, Nova cesta 66, Zagreb Prvi su dani ljeta 1957. godine. Bo\u017eica Kalafati\u0107 poha\u0111a drugi razred Osnovne \u0161kole Bratstvo i jedinstvo, danas kralja Tomislava, a ide i na muzi\u010dke satove u Mo\u0161\u0107eni\u010dkoj ulici. Na fotografiji s harmonikom u rukama stoji u\u2026","rel":"","context":"U &quot;Novosti&quot;","block_context":{"text":"Novosti","link":"https:\/\/historiografija.hr\/?cat=3"},"img":{"alt_text":"","src":"https:\/\/i0.wp.com\/historiografija.hr\/wp-content\/uploads\/2026\/04\/MST_prikupljanje.jpg?fit=380%2C475&ssl=1&resize=350%2C200","width":350,"height":200},"classes":[]},{"id":52628,"url":"https:\/\/historiografija.hr\/?p=52628","url_meta":{"origin":19131,"position":3},"title":"Predavanje dopisnog \u010dlana HAZU Alaina Finkielkrauta Izrael, Europa, antisemitizam","author":"Branimir Jankovi\u0107","date":"23. travnja 2026.","format":false,"excerpt":"Francuski filozof Alain Finkielkraut, redoviti \u010dlan Francuske akademije i dopisni \u010dlan HAZU, odr\u017eat \u0107e predavanje\u00a0Izrael, Europa, antisemitizam u utorak 28. travnja 2026. u 13 sati u Knji\u017enici HAZU,\u00a0Strossmayerov trg 14 u Zagrebu. Uvodne rije\u010di odr\u017eat \u0107e\u00a0akademkinja \u017deljka \u010corak i\u00a0akademik Dra\u017een Katunari\u0107. Predavanje \u0107e se odr\u017eati na francuskom jeziku uz konsekutivno\u2026","rel":"","context":"U &quot;Novosti&quot;","block_context":{"text":"Novosti","link":"https:\/\/historiografija.hr\/?cat=3"},"img":{"alt_text":"","src":"https:\/\/i0.wp.com\/historiografija.hr\/wp-content\/uploads\/2026\/04\/Alain_Finkielkraut.jpg?fit=350%2C407&ssl=1&resize=350%2C200","width":350,"height":200},"classes":[]},{"id":52681,"url":"https:\/\/historiografija.hr\/?p=52681","url_meta":{"origin":19131,"position":4},"title":"XIII. Festival povijesti Kliofest 2026.","author":"Branimir Jankovi\u0107","date":"27. travnja 2026.","format":false,"excerpt":"Trinaesti Festival povijesti Kliofest odr\u017eava se od 5. do 8. svibnja 2026. u Nacionalnoj i sveu\u010dili\u0161noj knji\u017enici u Zagrebu, kao i na nekoliko drugih lokacija u gradu. Cjelokupni program nalazi se u programskoj knji\u017eici u nastavku. Kliofest 2026_ProgramPreuzmi","rel":"","context":"U &quot;Prikazi i osvrti&quot;","block_context":{"text":"Prikazi i osvrti","link":"https:\/\/historiografija.hr\/?cat=4"},"img":{"alt_text":"","src":"","width":0,"height":0},"classes":[]},{"id":52646,"url":"https:\/\/historiografija.hr\/?p=52646","url_meta":{"origin":19131,"position":5},"title":"5. MALI FESTIVAL POVIJESTI U LASTOVU","author":"Branimir Jankovi\u0107","date":"24. travnja 2026.","format":false,"excerpt":"Peti Mali festival povijesti odr\u017eava se od 25. do 27. travnja 2026. na Lastovu, u suradnji Zavoda za povijesne znanosti HAZU u Dubrovniku, Op\u0107ine Lastovo i Turisti\u010dke zajednice te uz potporu Dubrova\u010dko-neretvanske \u017eupanije. Predavanja: Dr. sc. Jasna \u010capo \u201eKu\u0107a kao zalog budu\u0107nosti i most izme\u0111u iseljenika i domovine\u201c Dr. sc.\u2026","rel":"","context":"U &quot;Novosti&quot;","block_context":{"text":"Novosti","link":"https:\/\/historiografija.hr\/?cat=3"},"img":{"alt_text":"","src":"https:\/\/i0.wp.com\/historiografija.hr\/wp-content\/uploads\/2026\/04\/Lastovo.jpg?fit=1200%2C700&ssl=1&resize=350%2C200","width":350,"height":200,"srcset":"https:\/\/i0.wp.com\/historiografija.hr\/wp-content\/uploads\/2026\/04\/Lastovo.jpg?fit=1200%2C700&ssl=1&resize=350%2C200 1x, https:\/\/i0.wp.com\/historiografija.hr\/wp-content\/uploads\/2026\/04\/Lastovo.jpg?fit=1200%2C700&ssl=1&resize=525%2C300 1.5x, https:\/\/i0.wp.com\/historiografija.hr\/wp-content\/uploads\/2026\/04\/Lastovo.jpg?fit=1200%2C700&ssl=1&resize=700%2C400 2x, https:\/\/i0.wp.com\/historiografija.hr\/wp-content\/uploads\/2026\/04\/Lastovo.jpg?fit=1200%2C700&ssl=1&resize=1050%2C600 3x"},"classes":[]}],"_links":{"self":[{"href":"https:\/\/historiografija.hr\/index.php?rest_route=\/wp\/v2\/posts\/19131","targetHints":{"allow":["GET"]}}],"collection":[{"href":"https:\/\/historiografija.hr\/index.php?rest_route=\/wp\/v2\/posts"}],"about":[{"href":"https:\/\/historiografija.hr\/index.php?rest_route=\/wp\/v2\/types\/post"}],"author":[{"embeddable":true,"href":"https:\/\/historiografija.hr\/index.php?rest_route=\/wp\/v2\/users\/2"}],"replies":[{"embeddable":true,"href":"https:\/\/historiografija.hr\/index.php?rest_route=%2Fwp%2Fv2%2Fcomments&post=19131"}],"version-history":[{"count":2,"href":"https:\/\/historiografija.hr\/index.php?rest_route=\/wp\/v2\/posts\/19131\/revisions"}],"predecessor-version":[{"id":19134,"href":"https:\/\/historiografija.hr\/index.php?rest_route=\/wp\/v2\/posts\/19131\/revisions\/19134"}],"wp:featuredmedia":[{"embeddable":true,"href":"https:\/\/historiografija.hr\/index.php?rest_route=\/wp\/v2\/media\/19132"}],"wp:attachment":[{"href":"https:\/\/historiografija.hr\/index.php?rest_route=%2Fwp%2Fv2%2Fmedia&parent=19131"}],"wp:term":[{"taxonomy":"category","embeddable":true,"href":"https:\/\/historiografija.hr\/index.php?rest_route=%2Fwp%2Fv2%2Fcategories&post=19131"},{"taxonomy":"post_tag","embeddable":true,"href":"https:\/\/historiografija.hr\/index.php?rest_route=%2Fwp%2Fv2%2Ftags&post=19131"}],"curies":[{"name":"wp","href":"https:\/\/api.w.org\/{rel}","templated":true}]}}