{"id":19126,"date":"2020-02-11T09:34:31","date_gmt":"2020-02-11T09:34:31","guid":{"rendered":"http:\/\/historiografija.hr\/?p=19126"},"modified":"2020-02-11T09:34:31","modified_gmt":"2020-02-11T09:34:31","slug":"28-tagung-junger-osteuropa-expert-innen-joe-cfp-28th-conference-of-junior-scholars-in-the-field-of-east-european-studies","status":"publish","type":"post","link":"https:\/\/historiografija.hr\/?p=19126","title":{"rendered":"28. Tagung Junger Osteuropa-Expert\/innen (JOE) \/ CfP: 28th Conference of junior scholars in the field of East European studies"},"content":{"rendered":"<p>The annual conference of junior scholars in the field of East European studies (JOE) will take place from October 1st \u2013 3rd 2020 in Zurich. The conference provides an overview of current research projects on Eastern Europe in the German-speaking area, and also enables interdisciplinary exchange regarding Eastern Europe, as well as networking among young scholars. The conference aims to bring together advanced students, PhD candidates and young scholars who have already completed their doctoral research from various disciplines focusing on Eastern Europe (including Central and Southeastern Europe), and invites them to present and discuss their research projects with other prospective scholars and qualified professionals.<br \/>\nThere is no overall theme for this conference. The participants from different research areas have the opportunity to set their own priorities and make use of the networking opportunities and discussions at the JOE Conference. The conference therefore also offers an insight into the current German-language research relating to Eastern Europe based on the topics and contributions of the young scholars. Accordingly, the conference is open to research projects in the social sciences, the humanities and cultural studies, as well as to contributions from the fields of economics and law. Interdisciplinary projects are of particular interest. The language of the conference is German, although contributions may be submitted and presented in English. In addition, proposals for panels consisting of three contributions can be suggested.<br \/>\nThe conference is organised by the German Association for East European Studies (DGO), the Research Centre for East European Studies at the University of Bremen (FSO), and the Center for Eastern European Studies at the University of Zurich. The latter acts as host institution. The costs for accommodation and catering are covered by the organizers. If not otherwise granted (i.g. by the home institution) travel expenses will be refunded by the Center for Eastern European Studies at the University of Zurich but the expected maximum amount granted is 100\u20ac.<\/p>\n<p>Suggestions for individual Texts:<\/p>\n<p>&#8211; An abstract of maximum 500 words which relates to the research question, findings, theoretical approach and method (intended for publication in the conference reader)<br \/>\n&#8211; Information about the status of the research project and institutional Affiliation<\/p>\n<p>Suggestions for Panels:<\/p>\n<p>&#8211; A summary of maximum 200 words with the title, topic and target of the panel<br \/>\n&#8211; Abstracts and information on the individual texts (like for individual abstracts)<br \/>\n&#8211; A panel should consist of three speakers, and represent at least two different institutions<\/p>\n<p>We kindly ask you to provide your application as ONE single document in WORD or any similar type.<\/p>\n<p>Please send your abstract by 15th February to joe-tagung@uni-bremen.de.<\/p>\n<p>Selection decisions will be communicated by the end of April 2020.<\/p>\n<p>In the case of acceptance to the conference, a German or English-language paper of about 3,000 words must be submitted by 15th August 2020. It will be made accessible to the other participants prior to the conference.<\/p>\n<p>&nbsp;<\/p>\n<p>&#8212;<\/p>\n<p>&nbsp;<\/p>\n<p>Vom 1. bis zum 3. Oktober 2020 findet die allj\u00e4hrliche Fachtagung f\u00fcr junge Osteuropa-Expert\/innen in Z\u00fcrich statt. Die Tagung bietet einen \u00dcberblick \u00fcber die aktuelle Osteuropaforschung im deutschsprachigen Raum und erm\u00f6glicht einen interdisziplin\u00e4ren Austausch zu Osteuropa sowie eine Vernetzung unter den Nachwuchswissenschaftler\/innen. Die Tagung richtet sich an fortgeschrittene Studierende, Doktorand\/innen und j\u00fcngere Promovierte unterschiedlicher Disziplinen, die sich mit Osteuropa (darunter auch Mittel- und S\u00fcdosteuropa) besch\u00e4ftigen und die ihre Forschungsprojekte anderen angehenden Wissenschaftler\/innen und ausgewiesenen Fachvertreter\/innen vorstellen und sie mit ihnen diskutieren m\u00f6chten. Die Tagung findet ohne \u00fcbergeordnetes Schwerpunktthema statt. So soll Teilnehmenden aus unterschiedlichen Forschungsdisziplinen die Gelegenheit<br \/>\ngegeben werden, eigene Akzente zu setzen und Vernetzungsm\u00f6glichkeiten und Diskussionen auf der JOE-Tagung f\u00fcr sich zu nutzen. Die Tagung bietet damit einen Einblick in neue Forschungen zu Osteuropa. In diesem Sinne ist die Tagung offen f\u00fcr Forschungsprojekte aus den sozial-, geistes- und kulturwissenschaftlichen F\u00e4chern sowie ausdr\u00fccklich auch aus den wirtschafts- und rechtswissenschaftlichen Bereichen.<br \/>\nVon besonderem Interesse sind interdisziplin\u00e4r ausgerichtete Projekte. Die Tagungssprache ist Deutsch. Beitr\u00e4ge k\u00f6nnen auch auf Englisch eingereicht und gehalten werden. Dar\u00fcber hinaus k\u00f6nnen Vorschl\u00e4ge f\u00fcr Panels, bestehend aus drei Beitr\u00e4gen, gemacht werden.Die Tagung wird von der Deutschen Gesellschaft f\u00fcr Osteuropakunde (DGO), der Forschungsstelle Osteuropa (FSO) an der Universit\u00e4t Bremen sowie dem Center for Eastern European Studies an der Universit\u00e4t Z\u00fcrich veranstaltet. Letztere Institution ist Gastgeberin. Kosten f\u00fcr Unterkunft und Verpflegung werden von den Veranstaltern getragen. Falls die Fahrtkosten nicht anderweitig (z.B. durch die Heimatinstitution) gedeckt werden k\u00f6nnen, beteiligt sich das Center for Eastern European Studies an der Universit\u00e4t Z\u00fcrich mit einem Betrag in der H\u00f6he von max. EUR 100 an den Kosten.<\/p>\n<p>Vorschl\u00e4ge f\u00fcr Einzelbeitr\u00e4ge:<\/p>\n<p>&#8211; Abstract von maximal 500 W\u00f6rtern mit Angaben zu Fragestellung, Erkenntnisinteresse, theoretischem Ansatz und Methode (zur Ver\u00f6ffentlichung im Tagungsreader vorgesehen)<br \/>\n&#8211; Mitteilung \u00fcber den Stand des Forschungsprojekts und institutionelle Anbindung<\/p>\n<p>Vorschl\u00e4ge f\u00fcr Panels:<\/p>\n<p>&#8211; Abstract von maximal 500 W\u00f6rtern mit Angaben zu Fragestellung, Erkenntnisinteresse, theoretischem Ansatz und Methode (zur Ver\u00f6ffentlichung im Tagungsreader vorgesehen)<br \/>\n&#8211; Mitteilung \u00fcber den Stand des Forschungsprojekts und institutionelle Anbindung<br \/>\n&#8211; Zusammenfassung von maximal 200 W\u00f6rtern mit Angaben zum Titel, Thema und Ziel des Panels<br \/>\n&#8211; Abstracts und Informationen zu den jeweiligen Einzelbeitr\u00e4gen (wie bei Einzelbeitr\u00e4gen)<br \/>\n&#8211; ein Panel sollte aus drei Vortragenden bestehen und mindestens zwei unterschiedliche Institutionen repr\u00e4sentieren<\/p>\n<p>Wir bitten darum, alle Vorschl\u00e4ge in EINEM WORD-Dokument (oder in einem vergleichbaren Format) einzureichen.<\/p>\n<p>Bewerbungen sind sp\u00e4testens bis zum 15. Februar 2020 an joe-tagung@uni-bremen.de zu senden.<\/p>\n<p>Die Auswahlentscheidungen werden Ende April mitgeteilt.<\/p>\n<p>Bei Zusage muss bis zum 15. August 2020 ein deutsch- oder englischsprachiges Paper von ca. 3.000 W\u00f6rtern eingereicht werden, das den Teilnehmer*innen vorab zur Verf\u00fcgung gestellt wird.<\/p>\n<p>&nbsp;<\/p>\n<p><a href=\"https:\/\/www.hsozkult.de\/event\/id\/termine-42123\">https:\/\/www.hsozkult.de\/event\/id\/termine-42123<\/a><\/p>\n<p>&nbsp;<\/p>\n<p>&nbsp;<\/p>\n<p>&nbsp;<\/p>\n","protected":false},"excerpt":{"rendered":"","protected":false},"author":2,"featured_media":19127,"comment_status":"open","ping_status":"open","sticky":false,"template":"","format":"standard","meta":{"_acf_changed":false,"jetpack_post_was_ever_published":false,"_jetpack_newsletter_access":"","_jetpack_dont_email_post_to_subs":false,"_jetpack_newsletter_tier_id":0,"_jetpack_memberships_contains_paywalled_content":false,"_jetpack_memberships_contains_paid_content":false,"footnotes":"","jetpack_publicize_message":"","jetpack_publicize_feature_enabled":true,"jetpack_social_post_already_shared":true,"jetpack_social_options":{"image_generator_settings":{"template":"highway","default_image_id":0,"font":"","enabled":false},"version":2}},"categories":[3,9],"tags":[],"class_list":["post-19126","post","type-post","status-publish","format-standard","has-post-thumbnail","hentry","category-novosti","category-skupovi"],"acf":{"facebook_opis":""},"jetpack_publicize_connections":[],"jetpack_featured_media_url":"https:\/\/i0.wp.com\/historiografija.hr\/wp-content\/uploads\/2020\/02\/H-SOZ-KULT.png?fit=414%2C150&ssl=1","jetpack_sharing_enabled":true,"jetpack-related-posts":[{"id":52622,"url":"https:\/\/historiografija.hr\/?p=52622","url_meta":{"origin":19126,"position":0},"title":"Annual CAPONEU conference: Political Novel in Europe Between Democracy and Authoritarianism","author":"Branimir Jankovi\u0107","date":"23. travnja 2026.","format":false,"excerpt":"Caponeu event 22.04.2026 - 24.04.2026 Location: The Faculty of Polish and Classical Philology AMU (Fredry 10, Pozna\u0144)Organized by: Tomasz Mizerkiewicz, Krystyna Pieni\u0105\u017cek-Markovi\u0107, Anna Gawarecka, Ewa Szperlik, Magda Potok, B\u0142a\u017cej Warkocki, Gerard Ronge (all Adam Mickiewicz University in Pozna\u0144)Contact: gerron@amu.edu.pl The Adam Mickiewicz University team, as part of the international CAPONEU\u2026","rel":"","context":"U &quot;Novosti&quot;","block_context":{"text":"Novosti","link":"https:\/\/historiografija.hr\/?cat=3"},"img":{"alt_text":"","src":"https:\/\/i0.wp.com\/historiografija.hr\/wp-content\/uploads\/2026\/04\/Caponeu-political-novel.jpg?fit=500%2C261&ssl=1&resize=350%2C200","width":350,"height":200},"classes":[]},{"id":52664,"url":"https:\/\/historiografija.hr\/?p=52664","url_meta":{"origin":19126,"position":1},"title":"CfP: CONFERENCE OF THE HISTORY OF CONCEPTS GROUP, HELSINKI, 19TH\u201321ST AUGUST 2026 (DEADLINE: 30TH APRIL 2026)","author":"Branimir Jankovi\u0107","date":"24. travnja 2026.","format":false,"excerpt":"The annual conference of the History of Concepts Group is held at the University of Helsinki, 19-21 August 2026. Conference of the History of Concepts Group Conceptual history studies the use of concepts and tries to understand how historical actors have linguistically articulated views of the world. Studying concepts from\u2026","rel":"","context":"U &quot;Novosti&quot;","block_context":{"text":"Novosti","link":"https:\/\/historiografija.hr\/?cat=3"},"img":{"alt_text":"","src":"https:\/\/i0.wp.com\/historiografija.hr\/wp-content\/uploads\/2017\/10\/hsozkult.png?fit=1006%2C241&ssl=1&resize=350%2C200","width":350,"height":200,"srcset":"https:\/\/i0.wp.com\/historiografija.hr\/wp-content\/uploads\/2017\/10\/hsozkult.png?fit=1006%2C241&ssl=1&resize=350%2C200 1x, https:\/\/i0.wp.com\/historiografija.hr\/wp-content\/uploads\/2017\/10\/hsozkult.png?fit=1006%2C241&ssl=1&resize=525%2C300 1.5x, https:\/\/i0.wp.com\/historiografija.hr\/wp-content\/uploads\/2017\/10\/hsozkult.png?fit=1006%2C241&ssl=1&resize=700%2C400 2x"},"classes":[]},{"id":52641,"url":"https:\/\/historiografija.hr\/?p=52641","url_meta":{"origin":19126,"position":2},"title":"CfP: WHO OWNS THE PAST? VERNACULAR MEMORY, STATE MEMORY, AND THE POLITICS OF OWNERSHIP","author":"Branimir Jankovi\u0107","date":"24. travnja 2026.","format":false,"excerpt":"VIENNA, 31ST AUGUST\u20133RD SEPTEMBER 2026 (DEADLINE: 24TH APRIL 2026) The Center for Austrian Studies at the European Forum at the Hebrew University and the Austrian Academy of Sciences\/Institute of Culture Studies invite early postdocs, PhD candidates, and advanced Master\u2019s students from the Hebrew University of Jerusalem and universities and academic\u2026","rel":"","context":"U &quot;Novosti&quot;","block_context":{"text":"Novosti","link":"https:\/\/historiografija.hr\/?cat=3"},"img":{"alt_text":"","src":"https:\/\/i0.wp.com\/historiografija.hr\/wp-content\/uploads\/2017\/10\/hsozkult.png?fit=1006%2C241&ssl=1&resize=350%2C200","width":350,"height":200,"srcset":"https:\/\/i0.wp.com\/historiografija.hr\/wp-content\/uploads\/2017\/10\/hsozkult.png?fit=1006%2C241&ssl=1&resize=350%2C200 1x, https:\/\/i0.wp.com\/historiografija.hr\/wp-content\/uploads\/2017\/10\/hsozkult.png?fit=1006%2C241&ssl=1&resize=525%2C300 1.5x, https:\/\/i0.wp.com\/historiografija.hr\/wp-content\/uploads\/2017\/10\/hsozkult.png?fit=1006%2C241&ssl=1&resize=700%2C400 2x"},"classes":[]},{"id":52643,"url":"https:\/\/historiografija.hr\/?p=52643","url_meta":{"origin":19126,"position":3},"title":"BRACEWELL TRAVELLING SCHOLARSHIP\u202fFOR PHD STUDENTS (DEADLINE: 30TH APRIL 2026)","author":"Branimir Jankovi\u0107","date":"24. travnja 2026.","format":false,"excerpt":"The Bracewell Travelling Scholarship\u202fis funded by a gift from SSEES Emeritus Professor of History Wendy Bracewell, whose research examines South Slav history, and travel writing in eastern Europe. The Scholarship honours the long tradition of mutual curiosity between the UK and eastern, central and southeastern Europe by supporting PhD students\u2026","rel":"","context":"U &quot;Novosti&quot;","block_context":{"text":"Novosti","link":"https:\/\/historiografija.hr\/?cat=3"},"img":{"alt_text":"","src":"https:\/\/i0.wp.com\/historiografija.hr\/wp-content\/uploads\/2026\/04\/Bracewell-Travelling-Scholarship-.webp?fit=980%2C700&ssl=1&resize=350%2C200","width":350,"height":200,"srcset":"https:\/\/i0.wp.com\/historiografija.hr\/wp-content\/uploads\/2026\/04\/Bracewell-Travelling-Scholarship-.webp?fit=980%2C700&ssl=1&resize=350%2C200 1x, https:\/\/i0.wp.com\/historiografija.hr\/wp-content\/uploads\/2026\/04\/Bracewell-Travelling-Scholarship-.webp?fit=980%2C700&ssl=1&resize=525%2C300 1.5x, https:\/\/i0.wp.com\/historiografija.hr\/wp-content\/uploads\/2026\/04\/Bracewell-Travelling-Scholarship-.webp?fit=980%2C700&ssl=1&resize=700%2C400 2x"},"classes":[]},{"id":52580,"url":"https:\/\/historiografija.hr\/?p=52580","url_meta":{"origin":19126,"position":4},"title":"Conference &#8220;Living in the aftermaths: Trauma, politics and survival in Yugoslavia and successor states, 1945 \u2013 present&#8221;","author":"Branimir Jankovi\u0107","date":"21. travnja 2026.","format":false,"excerpt":"The conference aims to explore how war-related psychological distress was experienced, narrated, debated and reframed in Yugoslavia in the second half of the twentieth century. It asks how the theme of wounded psyche and wartime suffering was addressed and acknowledged in political, psychiatric and broader cultural discourses of socialist Yugoslavia,\u2026","rel":"","context":"U &quot;Novosti&quot;","block_context":{"text":"Novosti","link":"https:\/\/historiografija.hr\/?cat=3"},"img":{"alt_text":"","src":"https:\/\/i0.wp.com\/historiografija.hr\/wp-content\/uploads\/2026\/04\/Battle_of_Neretva_Picasso_poster-Conference-Living-in-the-aftermaths.webp?fit=564%2C954&ssl=1&resize=350%2C200","width":350,"height":200,"srcset":"https:\/\/i0.wp.com\/historiografija.hr\/wp-content\/uploads\/2026\/04\/Battle_of_Neretva_Picasso_poster-Conference-Living-in-the-aftermaths.webp?fit=564%2C954&ssl=1&resize=350%2C200 1x, https:\/\/i0.wp.com\/historiografija.hr\/wp-content\/uploads\/2026\/04\/Battle_of_Neretva_Picasso_poster-Conference-Living-in-the-aftermaths.webp?fit=564%2C954&ssl=1&resize=525%2C300 1.5x"},"classes":[]},{"id":52531,"url":"https:\/\/historiografija.hr\/?p=52531","url_meta":{"origin":19126,"position":5},"title":"Jonathan G. Leslie, \u201eFear and Insecurity: Israel and the Iran Threat Narrative\u201c","author":"Branimir Jankovi\u0107","date":"17. travnja 2026.","format":false,"excerpt":"Why is Israel\u2019s former ally Iran now perceived as the country\u2019s greatest threat? Description To observers of the Iran-Israel conflict, its vitriolic rhetoric might suggest an ancient hatred between Jews and Muslims\u2013a biblical feud dating back hundreds, or thousands, of years. But this rivalry is a far more modern development.\u2026","rel":"","context":"U &quot;Knjige&quot;","block_context":{"text":"Knjige","link":"https:\/\/historiografija.hr\/?cat=8"},"img":{"alt_text":"","src":"https:\/\/i0.wp.com\/historiografija.hr\/wp-content\/uploads\/2026\/04\/Leslie.jpg?fit=391%2C612&ssl=1&resize=350%2C200","width":350,"height":200},"classes":[]}],"_links":{"self":[{"href":"https:\/\/historiografija.hr\/index.php?rest_route=\/wp\/v2\/posts\/19126","targetHints":{"allow":["GET"]}}],"collection":[{"href":"https:\/\/historiografija.hr\/index.php?rest_route=\/wp\/v2\/posts"}],"about":[{"href":"https:\/\/historiografija.hr\/index.php?rest_route=\/wp\/v2\/types\/post"}],"author":[{"embeddable":true,"href":"https:\/\/historiografija.hr\/index.php?rest_route=\/wp\/v2\/users\/2"}],"replies":[{"embeddable":true,"href":"https:\/\/historiografija.hr\/index.php?rest_route=%2Fwp%2Fv2%2Fcomments&post=19126"}],"version-history":[{"count":1,"href":"https:\/\/historiografija.hr\/index.php?rest_route=\/wp\/v2\/posts\/19126\/revisions"}],"predecessor-version":[{"id":19128,"href":"https:\/\/historiografija.hr\/index.php?rest_route=\/wp\/v2\/posts\/19126\/revisions\/19128"}],"wp:featuredmedia":[{"embeddable":true,"href":"https:\/\/historiografija.hr\/index.php?rest_route=\/wp\/v2\/media\/19127"}],"wp:attachment":[{"href":"https:\/\/historiografija.hr\/index.php?rest_route=%2Fwp%2Fv2%2Fmedia&parent=19126"}],"wp:term":[{"taxonomy":"category","embeddable":true,"href":"https:\/\/historiografija.hr\/index.php?rest_route=%2Fwp%2Fv2%2Fcategories&post=19126"},{"taxonomy":"post_tag","embeddable":true,"href":"https:\/\/historiografija.hr\/index.php?rest_route=%2Fwp%2Fv2%2Ftags&post=19126"}],"curies":[{"name":"wp","href":"https:\/\/api.w.org\/{rel}","templated":true}]}}