{"id":19077,"date":"2020-02-08T18:58:33","date_gmt":"2020-02-08T18:58:33","guid":{"rendered":"http:\/\/historiografija.hr\/?p=19077"},"modified":"2020-02-10T09:35:20","modified_gmt":"2020-02-10T09:35:20","slug":"svecana-premijera-dokumentarnog-filma-stepinac-kardinal-i-njegova-savjest","status":"publish","type":"post","link":"https:\/\/historiografija.hr\/?p=19077","title":{"rendered":"Sve\u010dana premijera dokumentarnog filma \u201cStepinac: kardinal i njegova savjest\u201d"},"content":{"rendered":"<p>Hrvatsko katoli\u010dko sveu\u010dili\u0161te i producentska ku\u0107a Interfilm predstavit \u0107e u subotu, 8. velja\u010de 2020. godine u Hrvatskom narodnom kazali\u0161tu u Zagrebu novi dokumentarni film scenaristice i redateljice Vi\u0161nje Stare\u0161ine \u201eStepinac: kardinal i njegova savjest\u201c.<\/p>\n<p>Hrvatsko katoli\u010dko sveu\u010dili\u0161te uklju\u010dilo se u ovaj projekt jer je bla\u017eeni kard. Stepinac, osim \u0161to je va\u017ena crkvena i povijesna li\u010dnost, i za\u0161titnik Hrvatskog katoli\u010dkog sveu\u010dili\u0161ta. Od svoga osnutka na Sveu\u010dili\u0161tu smo se na razli\u010dite na\u010dine bavili \u00a0bla\u017eenim Alojzijem Stepincem. Odr\u017eana su mnoga predavanja o njemu, studenti su tijekom studija imali prigode kroz izborne predmete prou\u010davati lik i djelo bla\u017eenog Alojzija, na\u0161i su profesori na tu temu sudjelovali na raznim konferencijama i znanstveno-stru\u010dnim skupovima. Hrvatsko katoli\u010dko sveu\u010dili\u0161te\u00a0 zajedno je sa Zagreba\u010dkom nadbiskupijom 2016. organiziralo znanstveni skup na kojem su sudjelovali povjesni\u010dari iz Hrvatske i Srbije, a izdan je i veliki zbornik radova o Bla\u017eeniku \u201cNadbiskup Stepinac i Srbi u Hrvatskoj u kontekstu Drugoga svjetskog rata i pora\u0107a\u201d. Zajedno s izdava\u010dkom ku\u0107om Kr\u0161\u0107anska sada\u0161njost HKS je izdao knjigu dr. sc. Esther Gitman \u201eAlojzije Stepinac \u2013 Pillar of human rights\u201c.<\/p>\n<p>Dokumentarni film \u201eStepinac: kardinal i njegova savjest\u201c\u00a0\u00a0pri\u010da je o \u017eivotu Alojzija Stepinca, o tome kako se kao \u010dovjek i zagreba\u010dki nadbiskup nosio s\u00a0\u00a0najve\u0107im izazovima 20. stolje\u0107a, o globalnom i univerzalnom zna\u010daju njegova djela, o razlozima neprihva\u0107anja njegovog lika i djela koje ga prate do dana\u0161njih dana, o relevantnosti njegova primjera i univerzalnosti njegovih poruka u dana\u0161njem vremenu. To je ujedno i pri\u010da o hrvatskoj i europskoj povijesti 20. stolje\u0107a, kao neizostavnom kontekstu djelovanja. Njegov osobni\u00a0\u00a0anga\u017eman u organizaciji spa\u0161avanja \u017didova u vrijeme holokausta u NDH, prikazan je preko intervjua s povjesni\u010darima- istra\u017eiva\u010dima, ali i preko osobnih svjedo\u010danstava pre\u017eivjelih i njihovih potomaka, kao i potomaka obitelji koje su sudjelovale u tim operacijama spa\u0161avanja.<\/p>\n<p>Cilj je da istinu o kardinalu Stepincu sazna \u0161to ve\u0107i broj ljudi. Osobita vrijednost projekta je \u0161to je film preveden na engleski jezik tako da \u0107e se mo\u0107i prikazivati i u engleskom govornom podru\u010dju i ljudima koji razumiju engleski jezika.<\/p>\n<p>\u201eDokumentarni film kao forma za nas predstavlja novi izazov, ali smatramo da je svakako kao medij dostupniji u ovo digitalno doba \u0161iroj publici nego knjiga ili simpoziji. Realiziran je zahvaljuju\u0107i \u00a0potpori na\u0161eg osniva\u010da \u2013 Zagreba\u010dke nadbiskupije. Uvjereni smo da \u0107emo slikom, rije\u010dju i novim svjedo\u010danstvima iznesenim u filmu poznavateljima bla\u017eenog Alojzija jo\u0161 jednom ukazati na veli\u010dinu \u010dovjeka koji je u te\u0161kim\u00a0\u00a0godinama\u00a0hrvatske i europske povijesti vjeran svom pozivu\u00a0odlu\u010dno i hrabro, zala\u017eu\u0107i se posebice za ugro\u017eene, vodio Zagreba\u010dku crkvu, a onima koji ga nisu upoznali pru\u017eiti priliku da to u\u010dine, potaknuti ih da promi\u0161ljaju njegovu osobu. A i onima koji se s nama ne sla\u017eu u ocijeni njegovog djelovanja dati jo\u0161 jedan dokumentirani uvid u njegov \u017eivot i djelovanje.\u201c- ocjenjuje film prof. dr. sc. \u017deljko Tanji\u0107, rektor Hrvatskog katoli\u010dkog sveu\u010dili\u0161ta.<\/p>\n<p>&nbsp;<\/p>\n<p>Izvori i dodatne informacije:<\/p>\n<p><a href=\"http:\/\/www.unicath.hr\/svecana-premijera-dokumentarnog-filma-stepinac-kardinal-i-njegova-savjest\">http:\/\/www.unicath.hr\/svecana-premijera-dokumentarnog-filma-stepinac-kardinal-i-njegova-savjest<\/a><\/p>\n<p><a href=\"http:\/\/www.unicath.hr\/premijera-dokumentarnog-filma-stepinac-kardinal-i-njegova-savjest\">http:\/\/www.unicath.hr\/premijera-dokumentarnog-filma-stepinac-kardinal-i-njegova-savjest<\/a><\/p>\n<p>&nbsp;<\/p>\n<p>Iz medija:<\/p>\n<p><a href=\"https:\/\/www.vecernji.hr\/kultura\/film-o-stepincu-demontira-sve-komunisticke-lazi-prava-istina-o-spasavanju-srba-i-zidova-1377649\">https:\/\/www.vecernji.hr\/kultura\/film-o-stepincu-demontira-sve-komunisticke-lazi-prava-istina-o-spasavanju-srba-i-zidova-1377649<\/a><\/p>\n<p><a href=\"http:\/\/misija.slobodnadalmacija.hr\/crkva-u-hrvata\/clanak\/id\/37513\/Premijera-dokumentarnog-filma-Visnje-Staresine-Stepinac-kardinal-i-njegova-savjest-u-subotu-u-Zagrebu\">http:\/\/misija.slobodnadalmacija.hr\/crkva-u-hrvata\/clanak\/id\/37513\/Premijera-dokumentarnog-filma-Visnje-Staresine-Stepinac-kardinal-i-njegova-savjest-u-subotu-u-Zagrebu<\/a><\/p>\n<p><a href=\"https:\/\/www.rtl.hr\/vijesti-hr\/novosti\/hrvatska\/3643605\/film-o-zivotu-i-djelu-stepinca-rektor-hks-a-za-rtl-porucio-proglasit-ce-ga-svetim\/\">https:\/\/www.rtl.hr\/vijesti-hr\/novosti\/hrvatska\/3643605\/film-o-zivotu-i-djelu-stepinca-rektor-hks-a-za-rtl-porucio-proglasit-ce-ga-svetim\/<\/a><\/p>\n<p><a href=\"https:\/\/www.jutarnji.hr\/nedjeljni\/kako-je-stepinac-spasio-djevojcicu-renatu-od-nacistickog-logora\/9923386\/\">https:\/\/www.jutarnji.hr\/nedjeljni\/kako-je-stepinac-spasio-djevojcicu-renatu-od-nacistickog-logora\/9923386\/<\/a><\/p>\n<p><a href=\"https:\/\/narod.hr\/kultura\/premijera-filma-visnje-staresine-stepinac-kardinal-i-njegova-savjest-danas-u-hnk-u-zagrebu\">https:\/\/narod.hr\/kultura\/premijera-filma-visnje-staresine-stepinac-kardinal-i-njegova-savjest-danas-u-hnk-u-zagrebu<\/a><\/p>\n<p>&nbsp;<\/p>\n<p>&nbsp;<\/p>\n","protected":false},"excerpt":{"rendered":"","protected":false},"author":2,"featured_media":19078,"comment_status":"open","ping_status":"open","sticky":false,"template":"","format":"standard","meta":{"_acf_changed":false,"jetpack_post_was_ever_published":false,"_jetpack_newsletter_access":"","_jetpack_dont_email_post_to_subs":false,"_jetpack_newsletter_tier_id":0,"_jetpack_memberships_contains_paywalled_content":false,"_jetpack_memberships_contains_paid_content":false,"footnotes":"","jetpack_publicize_message":"","jetpack_publicize_feature_enabled":true,"jetpack_social_post_already_shared":true,"jetpack_social_options":{"image_generator_settings":{"template":"highway","default_image_id":0,"font":"","enabled":false},"version":2}},"categories":[13,3],"tags":[],"class_list":["post-19077","post","type-post","status-publish","format-standard","has-post-thumbnail","hentry","category-filmovi-i-serije","category-novosti"],"acf":{"facebook_opis":""},"jetpack_publicize_connections":[],"jetpack_featured_media_url":"https:\/\/i0.wp.com\/historiografija.hr\/wp-content\/uploads\/2020\/02\/stepinac.jpg?fit=565%2C800&ssl=1","jetpack_sharing_enabled":true,"jetpack-related-posts":[{"id":52592,"url":"https:\/\/historiografija.hr\/?p=52592","url_meta":{"origin":19077,"position":0},"title":"Predstavljanje knjige &#8220;Turska ku\u0107a u Rijeci&#8221; u Zagrebu","author":"Branimir Jankovi\u0107","date":"22. travnja 2026.","format":false,"excerpt":"U prostorijama Turskog kulturnog centra Yunus Emre u Zagrebu, u utorak 21. travnja 2026. godine, odr\u017eano je sve\u010dano predstavljanje dopunjenog izdanja knjige Turska ku\u0107a u Rijeci, u organizaciji Hrvatsko-turskog dru\u0161tva Rijeka i partnerstvu sa Skupinom prijateljstva Hrvatska-Turska Hrvatskog sabora, Veleposlanstvom Republike Turske u Republici Hrvatskoj te Turskim kulturnim centrom Yunus\u2026","rel":"","context":"U &quot;Novosti&quot;","block_context":{"text":"Novosti","link":"https:\/\/historiografija.hr\/?cat=3"},"img":{"alt_text":"","src":"https:\/\/i0.wp.com\/historiografija.hr\/wp-content\/uploads\/2026\/04\/Turska-kuca-ZG.jpg?fit=1200%2C800&ssl=1&resize=350%2C200","width":350,"height":200,"srcset":"https:\/\/i0.wp.com\/historiografija.hr\/wp-content\/uploads\/2026\/04\/Turska-kuca-ZG.jpg?fit=1200%2C800&ssl=1&resize=350%2C200 1x, https:\/\/i0.wp.com\/historiografija.hr\/wp-content\/uploads\/2026\/04\/Turska-kuca-ZG.jpg?fit=1200%2C800&ssl=1&resize=525%2C300 1.5x, https:\/\/i0.wp.com\/historiografija.hr\/wp-content\/uploads\/2026\/04\/Turska-kuca-ZG.jpg?fit=1200%2C800&ssl=1&resize=700%2C400 2x, https:\/\/i0.wp.com\/historiografija.hr\/wp-content\/uploads\/2026\/04\/Turska-kuca-ZG.jpg?fit=1200%2C800&ssl=1&resize=1050%2C600 3x"},"classes":[]},{"id":52631,"url":"https:\/\/historiografija.hr\/?p=52631","url_meta":{"origin":19077,"position":1},"title":"Predavanje Ivana Tepe\u0161a: Djelovanje hrvatske politi\u010dke emigracije","author":"Branimir Jankovi\u0107","date":"23. travnja 2026.","format":false,"excerpt":"Odjel za me\u0111unarodnu suradnju i iseljeni\u0161tvo Matice hrvatske Predavanje Ivana Tepe\u0161a: Djelovanje hrvatske politi\u010dke emigracije Utorak, 28. travnja 2026. u 18:00 sati, Dvorana Ljudevita Jonkea (Mala dvorana MH), Strossmayerov trg 4, Zagreb dr. sc. Ivan Tepe\u0161, Institut za istra\u017eivanje migracija Hrvatska politi\u010dka emigracija obilje\u017eila je polustoljetnu hrvatsku povijest u drugoj\u2026","rel":"","context":"U &quot;Novosti&quot;","block_context":{"text":"Novosti","link":"https:\/\/historiografija.hr\/?cat=3"},"img":{"alt_text":"","src":"","width":0,"height":0},"classes":[]},{"id":52669,"url":"https:\/\/historiografija.hr\/?p=52669","url_meta":{"origin":19077,"position":2},"title":"Predavanje Igora Dude &#8220;Odmor kao \u017eivotna potreba: o slobodnom vremenu u socijalisti\u010dkoj Jugoslaviji&#8221;","author":"Branimir Jankovi\u0107","date":"27. travnja 2026.","format":false,"excerpt":"U sklopu proljetnog ciklusa programa\u00a0Kriti\u010dka dramaturgija: pauza, u\u00a0subotu, 25. travnja 2026. u 19 sati\u00a0u prostoru Udru\u017eenja hrvatskih arhitekata povjesni\u010dar Igor Duda\u00a0odr\u017eao je predavanje naslovljeno\u00a0Odmor kao \u017eivotna potreba: o slobodnom vremenu u socijalisti\u010dkoj Jugoslaviji. Industrijalizacija i urbanizacija dru\u0161tava u povijesti su zna\u010dile i prelazak s predindustrijskog na industrijsko shva\u0107anje vremena. Ono\u2026","rel":"","context":"U &quot;Novosti&quot;","block_context":{"text":"Novosti","link":"https:\/\/historiografija.hr\/?cat=3"},"img":{"alt_text":"","src":"https:\/\/i0.wp.com\/historiografija.hr\/wp-content\/uploads\/2026\/04\/Duda.png?fit=1200%2C628&ssl=1&resize=350%2C200","width":350,"height":200,"srcset":"https:\/\/i0.wp.com\/historiografija.hr\/wp-content\/uploads\/2026\/04\/Duda.png?fit=1200%2C628&ssl=1&resize=350%2C200 1x, https:\/\/i0.wp.com\/historiografija.hr\/wp-content\/uploads\/2026\/04\/Duda.png?fit=1200%2C628&ssl=1&resize=525%2C300 1.5x, https:\/\/i0.wp.com\/historiografija.hr\/wp-content\/uploads\/2026\/04\/Duda.png?fit=1200%2C628&ssl=1&resize=700%2C400 2x, https:\/\/i0.wp.com\/historiografija.hr\/wp-content\/uploads\/2026\/04\/Duda.png?fit=1200%2C628&ssl=1&resize=1050%2C600 3x"},"classes":[]},{"id":52536,"url":"https:\/\/historiografija.hr\/?p=52536","url_meta":{"origin":19077,"position":3},"title":"Kader Abdolah, \u201ePrije nego \u0161to bude kasno\u201c","author":"Branimir Jankovi\u0107","date":"20. travnja 2026.","format":false,"excerpt":"Kader Abdolah \u017eeli se vratiti ku\u0107i. Ali povratak je nemogu\u0107: u Iranu bi bio uhap\u0161en. Pod la\u017enim imenom i s krivotvorenim paso\u0161em ipak uspijeva u\u0107i u domovinu i sti\u017ee do roditeljske ku\u0107e, visoko u planinama. Majka ga ne prepoznaje, otac je mrtav, a sve \u0161to je tra\u017eio izmi\u010de mu pred\u2026","rel":"","context":"U &quot;Novosti&quot;","block_context":{"text":"Novosti","link":"https:\/\/historiografija.hr\/?cat=3"},"img":{"alt_text":"","src":"https:\/\/i0.wp.com\/historiografija.hr\/wp-content\/uploads\/2026\/04\/Prije-nego-sto-bude-kasno.webp?fit=566%2C872&ssl=1&resize=350%2C200","width":350,"height":200,"srcset":"https:\/\/i0.wp.com\/historiografija.hr\/wp-content\/uploads\/2026\/04\/Prije-nego-sto-bude-kasno.webp?fit=566%2C872&ssl=1&resize=350%2C200 1x, https:\/\/i0.wp.com\/historiografija.hr\/wp-content\/uploads\/2026\/04\/Prije-nego-sto-bude-kasno.webp?fit=566%2C872&ssl=1&resize=525%2C300 1.5x"},"classes":[]},{"id":52733,"url":"https:\/\/historiografija.hr\/?p=52733","url_meta":{"origin":19077,"position":4},"title":"Vlado Raji\u0107 \u201eGranica na kraju stolje\u0107a\u201c","author":"Filip \u0160imunjak","date":"29. travnja 2026.","format":false,"excerpt":"U suizdanju Durieuxa i Beletre objavljena je 2025. godine knjiga Granica na kraju stolje\u0107a autora Vlade Raji\u0107a.\u00a0 O knjizi\u00a0 Romansirana biografija Vladimira Iblera mnogo je vi\u0161e od zanimljive pri\u010de o privatnom \u017eivotu i impresivnoj profesionalnoj karijeri istaknutog stru\u010dnjaka za me\u0111unarodno pravo i dugo\u00adgodi\u0161njeg profesora na zagreba\u010dkom Pravnom fakultetu, akademika, koji\u2026","rel":"","context":"U &quot;Knjige&quot;","block_context":{"text":"Knjige","link":"https:\/\/historiografija.hr\/?cat=8"},"img":{"alt_text":"","src":"https:\/\/i0.wp.com\/historiografija.hr\/wp-content\/uploads\/2026\/04\/VLADO-RAJIC-GRANICA-NA-KRAJU-STOLJECA.jpg?fit=450%2C650&ssl=1&resize=350%2C200","width":350,"height":200},"classes":[]},{"id":52607,"url":"https:\/\/historiografija.hr\/?p=52607","url_meta":{"origin":19077,"position":5},"title":"No\u0107 knjige: Kako je prije 410 godina smr\u0107u Shakespearea i Cervantesa zavr\u0161ilo razdoblje renesanse u knji\u017eevnosti","author":"Branimir Jankovi\u0107","date":"22. travnja 2026.","format":false,"excerpt":"\u010cetvrtak, 23. travnja 2026. u 18:00 sati, Knji\u017eara Matice hrvatske, Ulica Matice hrvatske 2, Zagreb Uvodna rije\u010d: dr. sc.\u00a0Dubravka Brezak Stama\u0107, pro\u010delnica Odjela za knji\u017eevnost Matice hrvatske Prof. dr. sc. Ivan Lupi\u0107, redoviti profesor u Odsjeku za anglistiku i Odsjeku za kroatistiku Sveu\u010dili\u0161ta u RijeciShakespeare, kazali\u0161te, glazbaKada se susre\u0107emo sa\u2026","rel":"","context":"U &quot;Novosti&quot;","block_context":{"text":"Novosti","link":"https:\/\/historiografija.hr\/?cat=3"},"img":{"alt_text":"","src":"https:\/\/i0.wp.com\/historiografija.hr\/wp-content\/uploads\/2026\/04\/noc_knjige_2026.jpg?fit=680%2C276&ssl=1&resize=350%2C200","width":350,"height":200,"srcset":"https:\/\/i0.wp.com\/historiografija.hr\/wp-content\/uploads\/2026\/04\/noc_knjige_2026.jpg?fit=680%2C276&ssl=1&resize=350%2C200 1x, https:\/\/i0.wp.com\/historiografija.hr\/wp-content\/uploads\/2026\/04\/noc_knjige_2026.jpg?fit=680%2C276&ssl=1&resize=525%2C300 1.5x"},"classes":[]}],"_links":{"self":[{"href":"https:\/\/historiografija.hr\/index.php?rest_route=\/wp\/v2\/posts\/19077","targetHints":{"allow":["GET"]}}],"collection":[{"href":"https:\/\/historiografija.hr\/index.php?rest_route=\/wp\/v2\/posts"}],"about":[{"href":"https:\/\/historiografija.hr\/index.php?rest_route=\/wp\/v2\/types\/post"}],"author":[{"embeddable":true,"href":"https:\/\/historiografija.hr\/index.php?rest_route=\/wp\/v2\/users\/2"}],"replies":[{"embeddable":true,"href":"https:\/\/historiografija.hr\/index.php?rest_route=%2Fwp%2Fv2%2Fcomments&post=19077"}],"version-history":[{"count":4,"href":"https:\/\/historiografija.hr\/index.php?rest_route=\/wp\/v2\/posts\/19077\/revisions"}],"predecessor-version":[{"id":19101,"href":"https:\/\/historiografija.hr\/index.php?rest_route=\/wp\/v2\/posts\/19077\/revisions\/19101"}],"wp:featuredmedia":[{"embeddable":true,"href":"https:\/\/historiografija.hr\/index.php?rest_route=\/wp\/v2\/media\/19078"}],"wp:attachment":[{"href":"https:\/\/historiografija.hr\/index.php?rest_route=%2Fwp%2Fv2%2Fmedia&parent=19077"}],"wp:term":[{"taxonomy":"category","embeddable":true,"href":"https:\/\/historiografija.hr\/index.php?rest_route=%2Fwp%2Fv2%2Fcategories&post=19077"},{"taxonomy":"post_tag","embeddable":true,"href":"https:\/\/historiografija.hr\/index.php?rest_route=%2Fwp%2Fv2%2Ftags&post=19077"}],"curies":[{"name":"wp","href":"https:\/\/api.w.org\/{rel}","templated":true}]}}