{"id":19068,"date":"2020-02-08T18:34:02","date_gmt":"2020-02-08T18:34:02","guid":{"rendered":"http:\/\/historiografija.hr\/?p=19068"},"modified":"2020-02-08T19:11:38","modified_gmt":"2020-02-08T19:11:38","slug":"jelena-dureinovic-the-politics-of-memory-of-the-second-world-war-in-contemporary-serbia-collaboration-resistance-and-retribution","status":"publish","type":"post","link":"https:\/\/historiografija.hr\/?p=19068","title":{"rendered":"Jelena \u0110ureinovi\u0107, \u201cThe Politics of Memory of the Second World War in Contemporary Serbia: Collaboration, Resistance and Retribution\u201d"},"content":{"rendered":"<p>Exploring the concepts of collaboration, resistance, and postwar retribution and focusing on the Chetnik movement, this book analyses the politics of memory.<\/p>\n<p>Since the overthrow of Slobodan Milo\u0161evi\u0107 in 2000, memory politics in Serbia has undergone drastic changes in the way in which the Second World War and its aftermath is understood and interpreted. The glorification and romanticisation of the Yugoslav Army in the Homeland, more commonly referred to as the Chetnik movement, has become the central theme of Serbia\u2019s memory politics during this period. The book traces their construction as a national antifascist movement equal to the communist-led Partisans and as victims of communism, showing the parallel justification and denial of their wartime activities of collaboration and mass atrocities. The multifaceted approach of this book combines a diachronic perspective that illuminates the continuities and ruptures of narratives, actors and practices, with in-depth analysis of contemporary Serbia, rooted in ethnographic fieldwork and exploring multiple levels of memory work and their interactions.<\/p>\n<p>It will appeal to students and academics working on contemporary history of the region, memory studies, sociology, public history, transitional justice, human rights and Southeast and East European Studies.<\/p>\n<p>&nbsp;<\/p>\n<p><strong>Reviews<\/strong><\/p>\n<p>&#8220;Firmly situated in the discipline of history, but drawing upon a wide variety of theories, methodologies, and case studies from memory studies, transitional justice, and other interdisciplinary fields, Jelena \u00d0ureinovic\u2019s timely book is an excellent and ground-breaking study into the problematic issue of memory politics in contemporary Serbia and its ramifications for other Yugoslav successor states. \u00d0ureinovic\u2019s cutting edge research will be eye-opening for scholars working not only on the Balkans but for those outside the region, revealing how post-conflict and post-communist societies like Serbia are susceptible to manipulation by politicized mnemonic actors.&#8221; \u2013<em> Vjeran Pavlakovic, University of Rijeka, Croatia<\/em><\/p>\n<p>&#8220;In this well-researched and very convincing book, Jelena \u00d0ureinovic demonstrates the processes of systematic politics of right-wing revisionism in Serbian history politics, adding new insights to our understanding of strategies, agency and power within history and memory politics. \u00d0ureinovic\u2019s thought-provoking work draws our attention to the dangers of forgetting, deliberately ignoring and downplaying crimes of the past, and to the dynamics of reinterpreting history to fit political demands and needs in the present. We should remember that such revisionism inevitably contributes to changing society\u2019s understanding of the present and thereby also to shaping fears and expectations of the future, and \u00d0ureinovic\u2019s excellent research is an important reminder about how this works.&#8221; \u2013<em>Tea Sindb\u00e6k Andersen, University of Copenhagen, Denmark<\/em><\/p>\n<p>&#8220;This outstanding book is the first comprehensive look at the remarkable transformation of political memory of World War II in contemporary Serbia. \u00d0ureinovic convincingly demonstrates that in its commitment to anticommunism, Serbia has embarked on a full scale revision of its WWII memory. This study is a timely warning of the seriously political consequences of playing politics with the past.&#8221;<em> \u2013 Jelena Subotic, Georgia State University, USA<\/em><\/p>\n<p>&nbsp;<\/p>\n<p><strong>Table of Contents<\/strong><\/p>\n<ol>\n<li><strong> Introduction<\/strong><\/li>\n<\/ol>\n<p><em>Collaboration, resistance and retribution in Yugoslavia<\/em><\/p>\n<p><em>Memory politics in post-Milo\u0161evi\u0107 Serbia: between anti-communism and ethnicisation<\/em><\/p>\n<p><em>The context of the book: postsocialism <\/em><\/p>\n<p><em>Memory and law: Serbia\u2019s pseudo-transitional justice<\/em><\/p>\n<p><em>Approach <\/em><\/p>\n<p><em>Outline<\/em><\/p>\n<ol start=\"2\">\n<li><strong> Exploring politics of memory<\/strong><\/li>\n<\/ol>\n<p><em>History of memory<\/em><\/p>\n<p><em>Politicality of memory<\/em><\/p>\n<p><em>State agency<\/em><\/p>\n<p><em>Pluralities, struggles and layers<\/em><\/p>\n<p><em>Post-Yugoslav Serbia as a case study<\/em><\/p>\n<ol start=\"3\">\n<li><strong> Yugoslav memory culture and its downfall<\/strong><\/li>\n<\/ol>\n<p><em>Yugoslav war memory<\/em><\/p>\n<p><em>Main mnemonic agency<\/em><\/p>\n<p><em>Reception of memory politics beyond compliance and rejection<\/em><\/p>\n<p><em>Remembering the collaboration<\/em><\/p>\n<p><em>When history outpoured<\/em><\/p>\n<ol start=\"4\">\n<li><strong> The Milo\u0161evi\u0107 era<\/strong><\/li>\n<\/ol>\n<p><em>Changes and continuities<\/em><\/p>\n<p><em>The anti-communist opposition<\/em><\/p>\n<p><em>Between the Chetnik revival and commemorations of the postwar retribution<\/em><\/p>\n<p><em>Ravna Gora gatherings<\/em><\/p>\n<ol start=\"5\">\n<li><strong> Memory politics in post-Milo\u0161evi\u0107 Serbia<\/strong><\/li>\n<\/ol>\n<p><em>The war and its aftermath in the hegemonic narratives<\/em><\/p>\n<p><em>Purging Yugoslavia from the public<\/em><\/p>\n<p><em>National reconciliation: ending the civil war within the Serbian nation<\/em><\/p>\n<p><em>Imaginations of the Chetniks<\/em><\/p>\n<p><em>The Chetniks as victims of communism<\/em><\/p>\n<ol start=\"6\">\n<li><strong> Unearthing the past<\/strong><\/li>\n<\/ol>\n<p><em>The Mihailovi\u0107 Commission<\/em><\/p>\n<p><em>The State Commission for Secret Graves<\/em><\/p>\n<p><em>The quest for the grave of Dragoljub Mihailovi\u0107<\/em><\/p>\n<p><em>Informalities and failures of official fact-finding endeavours<\/em><\/p>\n<ol start=\"7\">\n<li><strong> Anti-communist memory politics from below<\/strong><\/li>\n<\/ol>\n<p><em>Symbolic nature of state efforts<\/em><\/p>\n<p><em>Non-state actors<\/em><\/p>\n<p><em>Commemorative practices from below<\/em><\/p>\n<p><em>The symbolic power<\/em><\/p>\n<ol start=\"8\">\n<li><strong> History, memory and law<\/strong><\/li>\n<\/ol>\n<p><em>Equalising the Chetniks and the Partisans<\/em><\/p>\n<p><em>Rehabilitation legislation<\/em><\/p>\n<p><em>Telling histories in the courtroom<\/em><\/p>\n<p><em>Judicial abolishment of the uprising<\/em><\/p>\n<p><em>Rehabilitation from below<\/em><\/p>\n<ol start=\"9\">\n<li><strong> Rehabilitation of Dragoljub Mihailovi\u0107<\/strong><\/li>\n<\/ol>\n<p><em>Agency behind the court case<\/em><\/p>\n<p><em>The Second World War in the courtroom<\/em><\/p>\n<p><em>Historians as expert witnesses<\/em><\/p>\n<p><em>Interventions against the process<\/em><\/p>\n<p><em>Discussing the 1946 trial<\/em><\/p>\n<p><em>Plaintiffs\u2019 claims summarised: the court decision<\/em><\/p>\n<ol start=\"10\">\n<li><strong> Conclusion <\/strong><\/li>\n<\/ol>\n<p>&nbsp;<\/p>\n<p><strong>About the Author<\/strong><\/p>\n<p><strong>Jelena \u00d0ureinovic<\/strong> holds a PhD in Modern and Contemporary History from Justus Liebig University in Giessen, Germany, where she teaches in the Department of History. Her research deals with the history and politics of memory of the Second World War in Yugoslavia and the post-Yugoslav space with the focus on the process of reinterpretation of the Chetnik movement in Serbia. She was a visiting research fellow at the Moore Institute in Galway, the Centre for Southeast European Studies at the University of Graz and the Institute of Culture and Memory Studies in the Slovenian Academy of Sciences and Arts. She has published on Europeanisation and memory politics, memory laws, discourses of victimhood under communism and relations between memory cultures in Croatia and Serbia.<\/p>\n<p>&nbsp;<\/p>\n<p><a href=\"https:\/\/www.routledge.com\/The-Politics-of-Memory-of-the-Second-World-War-in-Contemporary-Serbia\/Dureinovic\/p\/book\/9780367278045\">https:\/\/www.routledge.com\/The-Politics-of-Memory-of-the-Second-World-War-in-Contemporary-Serbia\/Dureinovic\/p\/book\/9780367278045<\/a><\/p>\n<p>&nbsp;<\/p>\n<p>&#8212;<\/p>\n<p>&nbsp;<\/p>\n<p><strong>How Serbia Changed its Mind about World War II History<\/strong><\/p>\n<p><a href=\"https:\/\/balkaninsight.com\/2020\/02\/06\/how-serbia-changed-its-mind-about-world-war-ii-history\/\">https:\/\/balkaninsight.com\/2020\/02\/06\/how-serbia-changed-its-mind-about-world-war-ii-history\/<\/a><\/p>\n<p>&nbsp;<\/p>\n<p>&nbsp;<\/p>\n<p>&nbsp;<\/p>\n","protected":false},"excerpt":{"rendered":"","protected":false},"author":2,"featured_media":19069,"comment_status":"open","ping_status":"open","sticky":false,"template":"","format":"standard","meta":{"_acf_changed":false,"jetpack_post_was_ever_published":false,"_jetpack_newsletter_access":"","_jetpack_dont_email_post_to_subs":false,"_jetpack_newsletter_tier_id":0,"_jetpack_memberships_contains_paywalled_content":false,"_jetpack_memberships_contains_paid_content":false,"footnotes":"","jetpack_publicize_message":"","jetpack_publicize_feature_enabled":true,"jetpack_social_post_already_shared":true,"jetpack_social_options":{"image_generator_settings":{"template":"highway","default_image_id":0,"font":"","enabled":false},"version":2}},"categories":[8,3],"tags":[],"class_list":["post-19068","post","type-post","status-publish","format-standard","has-post-thumbnail","hentry","category-knjige","category-novosti"],"acf":{"facebook_opis":""},"jetpack_publicize_connections":[],"jetpack_featured_media_url":"https:\/\/i0.wp.com\/historiografija.hr\/wp-content\/uploads\/2020\/02\/Djureinovic.jpg?fit=283%2C425&ssl=1","jetpack_sharing_enabled":true,"jetpack-related-posts":[{"id":52580,"url":"https:\/\/historiografija.hr\/?p=52580","url_meta":{"origin":19068,"position":0},"title":"Conference &#8220;Living in the aftermaths: Trauma, politics and survival in Yugoslavia and successor states, 1945 \u2013 present&#8221;","author":"Branimir Jankovi\u0107","date":"21. travnja 2026.","format":false,"excerpt":"The conference aims to explore how war-related psychological distress was experienced, narrated, debated and reframed in Yugoslavia in the second half of the twentieth century. It asks how the theme of wounded psyche and wartime suffering was addressed and acknowledged in political, psychiatric and broader cultural discourses of socialist Yugoslavia,\u2026","rel":"","context":"U &quot;Novosti&quot;","block_context":{"text":"Novosti","link":"https:\/\/historiografija.hr\/?cat=3"},"img":{"alt_text":"","src":"https:\/\/i0.wp.com\/historiografija.hr\/wp-content\/uploads\/2026\/04\/Battle_of_Neretva_Picasso_poster-Conference-Living-in-the-aftermaths.webp?fit=564%2C954&ssl=1&resize=350%2C200","width":350,"height":200,"srcset":"https:\/\/i0.wp.com\/historiografija.hr\/wp-content\/uploads\/2026\/04\/Battle_of_Neretva_Picasso_poster-Conference-Living-in-the-aftermaths.webp?fit=564%2C954&ssl=1&resize=350%2C200 1x, https:\/\/i0.wp.com\/historiografija.hr\/wp-content\/uploads\/2026\/04\/Battle_of_Neretva_Picasso_poster-Conference-Living-in-the-aftermaths.webp?fit=564%2C954&ssl=1&resize=525%2C300 1.5x"},"classes":[]},{"id":52641,"url":"https:\/\/historiografija.hr\/?p=52641","url_meta":{"origin":19068,"position":1},"title":"CfP: WHO OWNS THE PAST? VERNACULAR MEMORY, STATE MEMORY, AND THE POLITICS OF OWNERSHIP","author":"Branimir Jankovi\u0107","date":"24. travnja 2026.","format":false,"excerpt":"VIENNA, 31ST AUGUST\u20133RD SEPTEMBER 2026 (DEADLINE: 24TH APRIL 2026) The Center for Austrian Studies at the European Forum at the Hebrew University and the Austrian Academy of Sciences\/Institute of Culture Studies invite early postdocs, PhD candidates, and advanced Master\u2019s students from the Hebrew University of Jerusalem and universities and academic\u2026","rel":"","context":"U &quot;Novosti&quot;","block_context":{"text":"Novosti","link":"https:\/\/historiografija.hr\/?cat=3"},"img":{"alt_text":"","src":"https:\/\/i0.wp.com\/historiografija.hr\/wp-content\/uploads\/2017\/10\/hsozkult.png?fit=1006%2C241&ssl=1&resize=350%2C200","width":350,"height":200,"srcset":"https:\/\/i0.wp.com\/historiografija.hr\/wp-content\/uploads\/2017\/10\/hsozkult.png?fit=1006%2C241&ssl=1&resize=350%2C200 1x, https:\/\/i0.wp.com\/historiografija.hr\/wp-content\/uploads\/2017\/10\/hsozkult.png?fit=1006%2C241&ssl=1&resize=525%2C300 1.5x, https:\/\/i0.wp.com\/historiografija.hr\/wp-content\/uploads\/2017\/10\/hsozkult.png?fit=1006%2C241&ssl=1&resize=700%2C400 2x"},"classes":[]},{"id":52586,"url":"https:\/\/historiografija.hr\/?p=52586","url_meta":{"origin":19068,"position":2},"title":"Aur\u00e9lie Daher, \u201eHezbollah: Mobilisation and Power\u201c","author":"Branimir Jankovi\u0107","date":"22. travnja 2026.","format":false,"excerpt":"Morning Star \u2018Book of the Year\u2019 Social movement, liberation party or terrorist group? With Hezbollah\u2019s growing involvement in the war in Syria, this study of its impact on Lebanon, drawing heavily on first-hand interviews, could not be more timely. Description Almost forty years after its foundation, Hezbollah remains an enigma.\u2026","rel":"","context":"U &quot;Knjige&quot;","block_context":{"text":"Knjige","link":"https:\/\/historiografija.hr\/?cat=8"},"img":{"alt_text":"","src":"https:\/\/i0.wp.com\/historiografija.hr\/wp-content\/uploads\/2026\/04\/Daher-Hezbollah.jpg?fit=600%2C931&ssl=1&resize=350%2C200","width":350,"height":200,"srcset":"https:\/\/i0.wp.com\/historiografija.hr\/wp-content\/uploads\/2026\/04\/Daher-Hezbollah.jpg?fit=600%2C931&ssl=1&resize=350%2C200 1x, https:\/\/i0.wp.com\/historiografija.hr\/wp-content\/uploads\/2026\/04\/Daher-Hezbollah.jpg?fit=600%2C931&ssl=1&resize=525%2C300 1.5x"},"classes":[]},{"id":52677,"url":"https:\/\/historiografija.hr\/?p=52677","url_meta":{"origin":19068,"position":3},"title":"CfP: NAVIGATING THE PAST, FACING THE PRESENT: CHALLENGES AND OPPORTUNITIES IN RE-PRESENTING CONFLICTS AND VIOLENCE IN MEMORY AND EDUCATION INSTITUTIONS, WARSAW, 22ND\u201324TH OCTOBER 2026 (DEADLINE: 30TH APRIL 2026)","author":"Branimir Jankovi\u0107","date":"27. travnja 2026.","format":false,"excerpt":"The conference and graduate workshop (October 22-24, 2026, Warsaw) addresses the representation of history in public and institutional contexts, with a focus beyond the often-studied field of \u201cmemory culture\u201d. Rather than emphasizing the politicization of memory and cultural institutions, the discussion shifts toward new methods, media, and challenges in historical\u2026","rel":"","context":"U &quot;Novosti&quot;","block_context":{"text":"Novosti","link":"https:\/\/historiografija.hr\/?cat=3"},"img":{"alt_text":"","src":"https:\/\/i0.wp.com\/historiografija.hr\/wp-content\/uploads\/2017\/10\/hsozkult.png?fit=1006%2C241&ssl=1&resize=350%2C200","width":350,"height":200,"srcset":"https:\/\/i0.wp.com\/historiografija.hr\/wp-content\/uploads\/2017\/10\/hsozkult.png?fit=1006%2C241&ssl=1&resize=350%2C200 1x, https:\/\/i0.wp.com\/historiografija.hr\/wp-content\/uploads\/2017\/10\/hsozkult.png?fit=1006%2C241&ssl=1&resize=525%2C300 1.5x, https:\/\/i0.wp.com\/historiografija.hr\/wp-content\/uploads\/2017\/10\/hsozkult.png?fit=1006%2C241&ssl=1&resize=700%2C400 2x"},"classes":[]},{"id":52625,"url":"https:\/\/historiografija.hr\/?p=52625","url_meta":{"origin":19068,"position":4},"title":"Omer Bartov, \u201eIsrael: What Went Wrong?\u201c","author":"Branimir Jankovi\u0107","date":"23. travnja 2026.","format":false,"excerpt":"Professor Omer Bartov was born on a kibbutz, grew up in Tel Aviv and served in the Israel Defence Forces during the Yom Kippur War. He went on to become an expert on the German army and the Holocaust, before turning his attention to his native country.In Israel: What Went\u2026","rel":"","context":"U &quot;Knjige&quot;","block_context":{"text":"Knjige","link":"https:\/\/historiografija.hr\/?cat=8"},"img":{"alt_text":"","src":"https:\/\/i0.wp.com\/historiografija.hr\/wp-content\/uploads\/2026\/04\/Bartov.jpeg?fit=320%2C500&ssl=1&resize=350%2C200","width":350,"height":200},"classes":[]},{"id":52622,"url":"https:\/\/historiografija.hr\/?p=52622","url_meta":{"origin":19068,"position":5},"title":"Annual CAPONEU conference: Political Novel in Europe Between Democracy and Authoritarianism","author":"Branimir Jankovi\u0107","date":"23. travnja 2026.","format":false,"excerpt":"Caponeu event 22.04.2026 - 24.04.2026 Location: The Faculty of Polish and Classical Philology AMU (Fredry 10, Pozna\u0144)Organized by: Tomasz Mizerkiewicz, Krystyna Pieni\u0105\u017cek-Markovi\u0107, Anna Gawarecka, Ewa Szperlik, Magda Potok, B\u0142a\u017cej Warkocki, Gerard Ronge (all Adam Mickiewicz University in Pozna\u0144)Contact: gerron@amu.edu.pl The Adam Mickiewicz University team, as part of the international CAPONEU\u2026","rel":"","context":"U &quot;Novosti&quot;","block_context":{"text":"Novosti","link":"https:\/\/historiografija.hr\/?cat=3"},"img":{"alt_text":"","src":"https:\/\/i0.wp.com\/historiografija.hr\/wp-content\/uploads\/2026\/04\/Caponeu-political-novel.jpg?fit=500%2C261&ssl=1&resize=350%2C200","width":350,"height":200},"classes":[]}],"_links":{"self":[{"href":"https:\/\/historiografija.hr\/index.php?rest_route=\/wp\/v2\/posts\/19068","targetHints":{"allow":["GET"]}}],"collection":[{"href":"https:\/\/historiografija.hr\/index.php?rest_route=\/wp\/v2\/posts"}],"about":[{"href":"https:\/\/historiografija.hr\/index.php?rest_route=\/wp\/v2\/types\/post"}],"author":[{"embeddable":true,"href":"https:\/\/historiografija.hr\/index.php?rest_route=\/wp\/v2\/users\/2"}],"replies":[{"embeddable":true,"href":"https:\/\/historiografija.hr\/index.php?rest_route=%2Fwp%2Fv2%2Fcomments&post=19068"}],"version-history":[{"count":3,"href":"https:\/\/historiografija.hr\/index.php?rest_route=\/wp\/v2\/posts\/19068\/revisions"}],"predecessor-version":[{"id":19086,"href":"https:\/\/historiografija.hr\/index.php?rest_route=\/wp\/v2\/posts\/19068\/revisions\/19086"}],"wp:featuredmedia":[{"embeddable":true,"href":"https:\/\/historiografija.hr\/index.php?rest_route=\/wp\/v2\/media\/19069"}],"wp:attachment":[{"href":"https:\/\/historiografija.hr\/index.php?rest_route=%2Fwp%2Fv2%2Fmedia&parent=19068"}],"wp:term":[{"taxonomy":"category","embeddable":true,"href":"https:\/\/historiografija.hr\/index.php?rest_route=%2Fwp%2Fv2%2Fcategories&post=19068"},{"taxonomy":"post_tag","embeddable":true,"href":"https:\/\/historiografija.hr\/index.php?rest_route=%2Fwp%2Fv2%2Ftags&post=19068"}],"curies":[{"name":"wp","href":"https:\/\/api.w.org\/{rel}","templated":true}]}}