{"id":19061,"date":"2020-02-07T22:55:21","date_gmt":"2020-02-07T22:55:21","guid":{"rendered":"http:\/\/historiografija.hr\/?p=19061"},"modified":"2020-02-07T22:55:21","modified_gmt":"2020-02-07T22:55:21","slug":"geschichtsdenken-heute-inszenierte-geschichte-historische-differenz-kritisches-bewusstsein","status":"publish","type":"post","link":"https:\/\/historiografija.hr\/?p=19061","title":{"rendered":"Geschichtsdenken heute? Inszenierte Geschichte \u2013 historische Differenz \u2013 kritisches Bewusstsein"},"content":{"rendered":"<p>Der Kampf gegen Geschichtsvergessenheit im Denken und Handeln ist angesichts des wachsenden Populismus und Rechtsradikalismus sowie der damit verbundenen politisch-ideologischen Auseinandersetzungen um historische Verortungen und Deutungen h\u00f6chst aktuell. Die internationale und interdisziplin\u00e4re Tagung vom 06. bis 08.02.2020 initiiert ein aktives An-Denken gegen Simplifizierungen, Mythisierungen und Verf\u00e4lschungen der Geschichte des Mittelalters, der Renaissance und der Fr\u00fchen Neuzeit. Sie geht der Frage nach, wie Geschichte und historische Differenz bis heute inszeniert werden, und will ein kritisches Bewusstsein f\u00fcr die Rolle der medialen Gestaltung von Geschichte wecken.<\/p>\n<p>&nbsp;<\/p>\n<p>\u00d6ffentlicher Abendvortrag im Olberssaal im Haus der Wissenschaft, Fr, 07.02.2020, 19.30 Uhr: Dr. Tilman Spreckelsen (Frankfurt M.): Eine Crone f\u00fcr die Nachwelt. Zur Besch\u00e4ftigung mit mittelhochdeutschen Texten im Feuilleton<\/p>\n<p>&nbsp;<\/p>\n<p>Am 06.02.2020 findet im GW2 Raum 3010 vor der Tagung eine Studentische Konferenz unter Beteiligung von Bremer Studierenden statt: Wie fremd ist (uns) das Mittelalter?<\/p>\n<p>&nbsp;<\/p>\n<p><a href=\"http:\/\/www.fb10.uni-bremen.de\/imff\/pdf\/FLYER_Geschichtsdenken.pdf\">http:\/\/www.fb10.uni-bremen.de\/imff\/pdf\/FLYER_Geschichtsdenken.pdf<\/a><\/p>\n<p>&nbsp;<\/p>\n<p><a href=\"https:\/\/www.uni-bremen.de\/de\/universitaet\/campus\/veranstaltungskalender\/event\/date\/2020\/2\/6\/view\/event\/tx_cal_phpicalendar\/10887\/\">https:\/\/www.uni-bremen.de\/de\/universitaet\/campus\/veranstaltungskalender\/event\/date\/2020\/2\/6\/view\/event\/\/tx_cal_phpicalendar\/10887\/<\/a><\/p>\n<p>&nbsp;<\/p>\n<p>&nbsp;<\/p>\n","protected":false},"excerpt":{"rendered":"","protected":false},"author":2,"featured_media":19062,"comment_status":"open","ping_status":"open","sticky":false,"template":"","format":"standard","meta":{"_acf_changed":false,"jetpack_post_was_ever_published":false,"_jetpack_newsletter_access":"","_jetpack_dont_email_post_to_subs":false,"_jetpack_newsletter_tier_id":0,"_jetpack_memberships_contains_paywalled_content":false,"_jetpack_memberships_contains_paid_content":false,"footnotes":"","jetpack_publicize_message":"","jetpack_publicize_feature_enabled":true,"jetpack_social_post_already_shared":true,"jetpack_social_options":{"image_generator_settings":{"template":"highway","default_image_id":0,"font":"","enabled":false},"version":2}},"categories":[3,9],"tags":[],"class_list":["post-19061","post","type-post","status-publish","format-standard","has-post-thumbnail","hentry","category-novosti","category-skupovi"],"acf":{"facebook_opis":""},"jetpack_publicize_connections":[],"jetpack_featured_media_url":"https:\/\/i0.wp.com\/historiografija.hr\/wp-content\/uploads\/2020\/02\/Bremeni.jpg?fit=1200%2C800&ssl=1","jetpack_sharing_enabled":true,"jetpack-related-posts":[],"_links":{"self":[{"href":"https:\/\/historiografija.hr\/index.php?rest_route=\/wp\/v2\/posts\/19061","targetHints":{"allow":["GET"]}}],"collection":[{"href":"https:\/\/historiografija.hr\/index.php?rest_route=\/wp\/v2\/posts"}],"about":[{"href":"https:\/\/historiografija.hr\/index.php?rest_route=\/wp\/v2\/types\/post"}],"author":[{"embeddable":true,"href":"https:\/\/historiografija.hr\/index.php?rest_route=\/wp\/v2\/users\/2"}],"replies":[{"embeddable":true,"href":"https:\/\/historiografija.hr\/index.php?rest_route=%2Fwp%2Fv2%2Fcomments&post=19061"}],"version-history":[{"count":1,"href":"https:\/\/historiografija.hr\/index.php?rest_route=\/wp\/v2\/posts\/19061\/revisions"}],"predecessor-version":[{"id":19063,"href":"https:\/\/historiografija.hr\/index.php?rest_route=\/wp\/v2\/posts\/19061\/revisions\/19063"}],"wp:featuredmedia":[{"embeddable":true,"href":"https:\/\/historiografija.hr\/index.php?rest_route=\/wp\/v2\/media\/19062"}],"wp:attachment":[{"href":"https:\/\/historiografija.hr\/index.php?rest_route=%2Fwp%2Fv2%2Fmedia&parent=19061"}],"wp:term":[{"taxonomy":"category","embeddable":true,"href":"https:\/\/historiografija.hr\/index.php?rest_route=%2Fwp%2Fv2%2Fcategories&post=19061"},{"taxonomy":"post_tag","embeddable":true,"href":"https:\/\/historiografija.hr\/index.php?rest_route=%2Fwp%2Fv2%2Ftags&post=19061"}],"curies":[{"name":"wp","href":"https:\/\/api.w.org\/{rel}","templated":true}]}}