{"id":19024,"date":"2020-02-05T07:54:12","date_gmt":"2020-02-05T07:54:12","guid":{"rendered":"http:\/\/historiografija.hr\/?p=19024"},"modified":"2020-02-05T07:54:31","modified_gmt":"2020-02-05T07:54:31","slug":"izlozba-sirite-zenski-svijet-gostuje-u-galeriji-huiu-u-puli","status":"publish","type":"post","link":"https:\/\/historiografija.hr\/?p=19024","title":{"rendered":"Izlo\u017eba &#8220;\u0160IRITE \u017dENSKI SVIJET!&#8221; gostuje u Galeriji HUiU u Puli"},"content":{"rendered":"<p>U \u010detvrtak, 6. velja\u010de u 19 sati u galeriji Hrvatskog udru\u017eenja interdisciplinarnih umjetnika (HUIU) otvara se izlo\u017eba \u0160IRITE \u017dENSKI SVIJET! DIZAJN PROGRESIVNIH \u017dENSKIH \u010cASOPISA 1934. \u2013 1946. Izlo\u017eba tematizira publikacije feministi\u010dkih udru\u017eenja tiskane od sredine 1930-ih do prvih poratnih godina, polaze\u0107i od doma\u0107ih primjera kao \u0161to su \u201c\u017dena danas\u201d, \u201c\u017denski svijet\u201d i \u201c\u017dena u borbi\u201d, kompariraju\u0107i ih sa suvremenim, me\u0111unarodno utjecajnim, srodnim svjetskim izdanjima poput francuskog \u010dasopisa \u201cLes Femmes\u201d i ameri\u010dkog \u201eThe Woman Today\u201c. Autorica izlo\u017ebe je BARBARA BLASIN, izlo\u017ebu je produciralo Hrvatsko dizajnersko dru\u0161tvo, a premijerno je prikazana u HDD galeriji u lipnju i srpnju 2019. Izlo\u017eba u Puli ostaje otvorena do 28. velja\u010de 2020.<\/p>\n<p>&nbsp;<\/p>\n<p><em>\u017denski svijet je va\u0161 svijet!\u00a0 <\/em><em>\u0160irite \u017denski svijet!<\/em><br \/>\n<em>\u017dene \u010ditajte \u017denu danas!\u00a0 \u00a0Pretplatite se jo\u0161 danas na \u017denu danas!<\/em><\/p>\n<p>Navedeni reklamni slogani za \u010dasopise \u017denski svijet (1939. \u2013 1941.) i \u0416\u0435\u043d\u0430 \u0434\u0430\u043d\u0430\u0441 \/ \u017dena danas (1936. \u2013 1940.) neposredno nas uvode u povijesni kontekst izme\u0111u dva svjetska rata kad su objavljivani listovi namijenjeni \u017eenama i ure\u0111ivani od \u017eena. Radi se o progresivnim feministi\u010dkim publikacijama koje u vrlo slo\u017eenom i opresivnom me\u0111uratnom razdoblju dobivaju svoju formu u nastojanju da urede glasila namijenjena \u201e\u017eenama iz svih dru\u0161tvenih slojeva\u201c. Rije\u010d je o grafi\u010dkom oblikovanju tih \u010dasopisa, te zagovara\u010dkoj dimenziji njihove likovne opreme.<\/p>\n<p>&nbsp;<\/p>\n<p>Jedan od ciljeva ure\u0111iva\u010dke koncepcije tih \u010dasopisa \u201eza svaku \u017eenu\u201c, bio je objediniti teme koje su do tada izlazile u \u201e\u017eurnalima\u201c za \u017eene, poput mode i doma\u0107instva, kao i one teme o kojima se tada gotovo isklju\u010divo raspravljalo u feministi\u010dkim glasilima, kao \u0161to je polo\u017eaj \u017eena u tada\u0161njem dru\u0161tvu. Do tada glasila feministi\u010dkih udruga izlaze bez likovne opreme i grafi\u010dki skromno ure\u0111ene. Od sredine 1930-ih nakon unaprje\u0111enja tiskarskih tehnika, prvenstveno ofseta koji po\u010detkom 1930-ih prevladava u tiskanju ilustriranih \u010dasopisa i uslijed nove politi\u010dke aktivacije \u017eenskih udru\u017eenja nakon pada diktature 1934. godine, \u017eenske organizacije po\u010dinju tiskati \u010dasopise u ve\u0107im nakladama i promi\u0161ljeno ure\u0111ene, kako bi bili zanimljiviji i pristupa\u010dniji \u0161irem krugu \u017eena. Uredni\u0161tva vode brigu o dizajnu, te \u0107e \u010dasopisi i likovnom opremom zagovarati ideje udru\u017eenja. \u010casopisi su bogato opremljeni fotografijama i ilustracijama, a dizajn nekih naslovnica zaista je bio progresivan.<\/p>\n<p>&nbsp;<\/p>\n<p>U Kraljevini Jugoslaviji krajem 1930-ih izlazila su dva takva ilustrirana \u010dasopisa, \u0416\u0435\u043d\u0430 \u0434\u0430\u043d\u0430\u0441 \/ \u017dena danas (1936. \u2013 1940.) i \u017denski svijet (1939. \u2013 1941.). Oba \u010dasopisa koristila su kao ure\u0111iva\u010dki predlo\u017eak francuski list Les Femmes (1934. \u2013 1939.), pod \u010dijim \u0107e se utjecajem i u drugim zemljama pokrenuti sestrinski \u010dasopisi, npr. u SAD-u izlazi list TheWoman Today (1936. \u2013 1937.). Neke od urednica \u0416\u0435\u043da \u0434\u0430\u043d\u0430\u0441 \/ \u017dena danas (1936. \u2013 1940.) i \u017denskog svijeta (1939. \u2013 1941.) u Drugom svjetskom ratu ure\u0111uju i glasila AF\u017d-a, pa \u0107e u prvim poslijeratnim godinama ti \u010dasopisi imati sli\u010dnu ure\u0111iva\u010dku koncepciju i grafi\u010dko oblikovanje.<\/p>\n<p>&nbsp;<\/p>\n<p>Kako bi se ukazalo na kontinuitet u grafi\u010dkom oblikovanju i ure\u0111ivanju, te omogu\u0107ila komparacija s me\u0111unarodnim srodnim \u010dasopisima, u ovom tekstu analiziram pet \u010dasopisa. Les Femmes (1934. \u20131939.), The Woman Today(1936. \u2013 1937.), \u0416\u0435\u043d\u0430 \u0434\u0430\u043d\u0430\u0441 \/ \u017dena danas (1936. \u2013 1940; 1943. \u2013 1946.), \u017denski svijet (1939.\u2013 1941.) i \u017dena u borbi (1943. \u2013 1946.).<\/p>\n<p>&nbsp;<\/p>\n<p>\u010casopisi su pokrenuti pod utjecajem me\u0111unarodnih organizacija, a realizirani su u vrlo nepovoljnim politi\u010dkim i financijskim okolnostima. Analizirana historijska gra\u0111a ve\u0107 svojom likovnom opremom govori o ure\u0111iva\u010dkom konceptu, zagovara\u010dkoj dimenziji i strategijama s kojima su urednice u uvjetima dr\u017eavne cenzure i neima\u0161tine uspjele kreirati jedne od vizualno najzanimljivijih \u017eenskih \u010dasopisa do danas.<\/p>\n<p>&nbsp;<\/p>\n<p><strong>\u0160IRITE \u201c\u017dENSKI SVIJET\u201d! \u25cf Dizajn progresivnih \u017eenskih \u010dasopisa u periodu 1934. \u2013 1946.<\/strong><br \/>\n<strong>6. \u2013 28.2.2019.<\/strong><\/p>\n<p><strong>Autorica izlo\u017ebe:<\/strong> Barbara Blasin<br \/>\n<strong>Grafi\u010dki dizajn i dizajn postava:<\/strong> Barbara Blasin<br \/>\n<strong>Organizacija izlo\u017ebe:<\/strong> HUiU \u2013 Hrvatsko udru\u017eenje interdisciplinarnih umjetnika i Hrvatsko dizajnersko dru\u0161tvo<br \/>\n<strong>Produkcija izlo\u017ebe:<\/strong> Hrvatsko dizajnersko dru\u0161tvo \/ voditelj galerije: Marko Golub, asistentica voditelja: Ora Mu\u0161\u0107et<br \/>\n<strong>Koordinacija izlo\u017ebe u Puli:<\/strong> Kristina Nefat<\/p>\n<p><strong>Sponzori tiska:<\/strong> Cerovski print boutique, Ars kopija<br \/>\nRealizaciju izlo\u017ebe podr\u017eali su Ministarstvo kulture RH i Gradski ured za kulturu Grada Zagreba. Program HDD galerije sufinanciran je sredstvima Zaklade Kultura nova., Upravni odjel za kulturu Grada Pule i Upravni odjel za kulturu Istarske \u017eupanije.<\/p>\n<p>&nbsp;<\/p>\n<p>Izvor: <a href=\"http:\/\/dizajn.hr\/blog\/sirite-zenski-svijet-dizajn-progresivnih-zenskih-casopisa-1934-1946\/\">http:\/\/dizajn.hr\/blog\/sirite-zenski-svijet-dizajn-progresivnih-zenskih-casopisa-1934-1946\/<\/a><\/p>\n<p>&nbsp;<\/p>\n<p>&nbsp;<\/p>\n","protected":false},"excerpt":{"rendered":"","protected":false},"author":2,"featured_media":19025,"comment_status":"open","ping_status":"open","sticky":false,"template":"","format":"standard","meta":{"_acf_changed":false,"jetpack_post_was_ever_published":false,"_jetpack_newsletter_access":"","_jetpack_dont_email_post_to_subs":false,"_jetpack_newsletter_tier_id":0,"_jetpack_memberships_contains_paywalled_content":false,"_jetpack_memberships_contains_paid_content":false,"footnotes":"","jetpack_publicize_message":"","jetpack_publicize_feature_enabled":true,"jetpack_social_post_already_shared":true,"jetpack_social_options":{"image_generator_settings":{"template":"highway","default_image_id":0,"font":"","enabled":false},"version":2}},"categories":[10,3],"tags":[],"class_list":["post-19024","post","type-post","status-publish","format-standard","has-post-thumbnail","hentry","category-izlozbe","category-novosti"],"acf":{"facebook_opis":""},"jetpack_publicize_connections":[],"jetpack_featured_media_url":"https:\/\/i0.wp.com\/historiografija.hr\/wp-content\/uploads\/2020\/02\/najava-zena-danas.jpg?fit=706%2C471&ssl=1","jetpack_sharing_enabled":true,"jetpack-related-posts":[{"id":52619,"url":"https:\/\/historiografija.hr\/?p=52619","url_meta":{"origin":19024,"position":0},"title":"Predavanje \u0110ur\u0111ice Vitkovi\u0107 &#8220;Izme\u0111u pera i objektiva: Zagorka i Foto Tonka&#8221;","author":"Branimir Jankovi\u0107","date":"23. travnja 2026.","format":false,"excerpt":"Memorijalni stan Marije Juri\u0107 Zagorke poziva Vas na predavanje \u0110ur\u0111ice Vitkovi\u0107 \u201eIzme\u0111u pera i objektiva: Zagorka i Foto Tonka\u201c koje \u0107e se odr\u017eati u utorak, 28. travnja 2026. s po\u010detkom u 18 h u sklopu Ciklusa predavanja u Memorijalnom stanu Marije Juri\u0107 Zagorke. Kako su se susrele knji\u017eevnost i fotografija\u2026","rel":"","context":"U &quot;Novosti&quot;","block_context":{"text":"Novosti","link":"https:\/\/historiografija.hr\/?cat=3"},"img":{"alt_text":"","src":"https:\/\/i0.wp.com\/historiografija.hr\/wp-content\/uploads\/2024\/11\/Zagorka_ciklus.jpg?fit=1200%2C1006&ssl=1&resize=350%2C200","width":350,"height":200,"srcset":"https:\/\/i0.wp.com\/historiografija.hr\/wp-content\/uploads\/2024\/11\/Zagorka_ciklus.jpg?fit=1200%2C1006&ssl=1&resize=350%2C200 1x, https:\/\/i0.wp.com\/historiografija.hr\/wp-content\/uploads\/2024\/11\/Zagorka_ciklus.jpg?fit=1200%2C1006&ssl=1&resize=525%2C300 1.5x, https:\/\/i0.wp.com\/historiografija.hr\/wp-content\/uploads\/2024\/11\/Zagorka_ciklus.jpg?fit=1200%2C1006&ssl=1&resize=700%2C400 2x, https:\/\/i0.wp.com\/historiografija.hr\/wp-content\/uploads\/2024\/11\/Zagorka_ciklus.jpg?fit=1200%2C1006&ssl=1&resize=1050%2C600 3x"},"classes":[]},{"id":52575,"url":"https:\/\/historiografija.hr\/?p=52575","url_meta":{"origin":19024,"position":1},"title":"Izlo\u017eba dje\u010djih radova \u201cU po\u010detku bija\u0161e crte\u017e\u2026\u201d","author":"Branimir Jankovi\u0107","date":"21. travnja 2026.","format":false,"excerpt":"U subotu, 25. travnja 2026. u 11 sati u Galeriji Klovi\u0107evi dvori sve\u010dano otvaramo izlo\u017ebu dje\u010djih radova pod nazivom U po\u010detku bija\u0161e crte\u017e\u2026 Radovi su nastali u sklopu likovnih radionica uz izlo\u017ebu U po\u010detku bija\u0161e kraljevstvo \u2013 izlo\u017eba povodom 1100 godina Hrvatskoga Kraljevstva. Na brojnim likovnim radionicama, uz \u0161kolsku djecu,\u2026","rel":"","context":"U &quot;Izlo\u017ebe&quot;","block_context":{"text":"Izlo\u017ebe","link":"https:\/\/historiografija.hr\/?cat=10"},"img":{"alt_text":"","src":"https:\/\/i0.wp.com\/historiografija.hr\/wp-content\/uploads\/2025\/10\/Klovicevi_sluzbeni-plakat.png?fit=840%2C1200&ssl=1&resize=350%2C200","width":350,"height":200,"srcset":"https:\/\/i0.wp.com\/historiografija.hr\/wp-content\/uploads\/2025\/10\/Klovicevi_sluzbeni-plakat.png?fit=840%2C1200&ssl=1&resize=350%2C200 1x, https:\/\/i0.wp.com\/historiografija.hr\/wp-content\/uploads\/2025\/10\/Klovicevi_sluzbeni-plakat.png?fit=840%2C1200&ssl=1&resize=525%2C300 1.5x, https:\/\/i0.wp.com\/historiografija.hr\/wp-content\/uploads\/2025\/10\/Klovicevi_sluzbeni-plakat.png?fit=840%2C1200&ssl=1&resize=700%2C400 2x"},"classes":[]},{"id":52511,"url":"https:\/\/historiografija.hr\/?p=52511","url_meta":{"origin":19024,"position":2},"title":"Izlo\u017eba &#8220;Lica Sljemena&#8221;","author":"Branimir Jankovi\u0107","date":"17. travnja 2026.","format":false,"excerpt":"Srda\u010dno vas pozivamo na otvorenje izlo\u017ebe Lica Sljemena koje \u0107e se odr\u017eati u srijedu 22. travnja 2026. u 18 h ispred Muzeja Prigorja (Trg Dragutina Domjani\u0107a 5, Sesvete). Izlo\u017eba proizlazi iz istra\u017eivanja Nevene \u0160krbi\u0107 Alempijevi\u0107, Petre Kelemen i Sanje Potkonjak te intervjua sa Sljemena\u0161icama i Sljemena\u0161ima, koji su provedeni u\u2026","rel":"","context":"U &quot;Izlo\u017ebe&quot;","block_context":{"text":"Izlo\u017ebe","link":"https:\/\/historiografija.hr\/?cat=10"},"img":{"alt_text":"","src":"https:\/\/i0.wp.com\/historiografija.hr\/wp-content\/uploads\/2026\/04\/Izlozba-Lica-Sljemena.png?fit=1080%2C686&ssl=1&resize=350%2C200","width":350,"height":200,"srcset":"https:\/\/i0.wp.com\/historiografija.hr\/wp-content\/uploads\/2026\/04\/Izlozba-Lica-Sljemena.png?fit=1080%2C686&ssl=1&resize=350%2C200 1x, https:\/\/i0.wp.com\/historiografija.hr\/wp-content\/uploads\/2026\/04\/Izlozba-Lica-Sljemena.png?fit=1080%2C686&ssl=1&resize=525%2C300 1.5x, https:\/\/i0.wp.com\/historiografija.hr\/wp-content\/uploads\/2026\/04\/Izlozba-Lica-Sljemena.png?fit=1080%2C686&ssl=1&resize=700%2C400 2x, https:\/\/i0.wp.com\/historiografija.hr\/wp-content\/uploads\/2026\/04\/Izlozba-Lica-Sljemena.png?fit=1080%2C686&ssl=1&resize=1050%2C600 3x"},"classes":[]},{"id":52760,"url":"https:\/\/historiografija.hr\/?p=52760","url_meta":{"origin":19024,"position":3},"title":"Izlo\u017eba \u201cLo\u0161injski brodovi, njihove zastave i ljudi\u201d, 4. svibnja u 19h","author":"Filip \u0160imunjak","date":"30. travnja 2026.","format":false,"excerpt":"Hrvatski pomorski muzej Split, Glagolja\u0161a 18 (Tvr\u0111ava Gripe) Nakon \u0161to je u rujnu 2025. godine na otoku Lo\u0161inju, u suradnji Lo\u0161injskog muzeja i Hrvatskog pomorskog muzeja Split, predstavljena izlo\u017eba posve\u0107ena bogatoj pomorskoj ba\u0161tini otoka, njezino pro\u0161ireno izdanje postavlja se u Splitu. Uo\u010di blagdana svetog Dujma splitskoj \u0107e se publici predstaviti\u2026","rel":"","context":"U &quot;Izlo\u017ebe&quot;","block_context":{"text":"Izlo\u017ebe","link":"https:\/\/historiografija.hr\/?cat=10"},"img":{"alt_text":"","src":"https:\/\/i0.wp.com\/historiografija.hr\/wp-content\/uploads\/2026\/04\/Losinjski-brodovi-Izlozba-1-scaled.webp?fit=840%2C1200&ssl=1&resize=350%2C200","width":350,"height":200,"srcset":"https:\/\/i0.wp.com\/historiografija.hr\/wp-content\/uploads\/2026\/04\/Losinjski-brodovi-Izlozba-1-scaled.webp?fit=840%2C1200&ssl=1&resize=350%2C200 1x, https:\/\/i0.wp.com\/historiografija.hr\/wp-content\/uploads\/2026\/04\/Losinjski-brodovi-Izlozba-1-scaled.webp?fit=840%2C1200&ssl=1&resize=525%2C300 1.5x, https:\/\/i0.wp.com\/historiografija.hr\/wp-content\/uploads\/2026\/04\/Losinjski-brodovi-Izlozba-1-scaled.webp?fit=840%2C1200&ssl=1&resize=700%2C400 2x"},"classes":[]},{"id":52505,"url":"https:\/\/historiografija.hr\/?p=52505","url_meta":{"origin":19024,"position":4},"title":"Izlo\u017eba &#8220;Eschenstock \/ Jasenov prut&#8221;","author":"Branimir Jankovi\u0107","date":"17. travnja 2026.","format":false,"excerpt":"Srpsko narodno vije\u0107e (SNV) i Vizura aperta postavljaju izlo\u017ebu \u0161vicarskog slikara Velimira Ili\u0161evi\u0107a: Eschenstock \/ Jasenov prut. Izlo\u017eba se uz prisustvo autora otvara povodom 81. godi\u0161njice proboja logora\u0161a iz usta\u0161kog logora smrti Jasenovac 22. aprila 2026. u 19 sati u Srpskom kulturnom centru (SKC) u Preradovi\u0107evoj ulici 21 u Zagrebu.\u2026","rel":"","context":"U &quot;Izlo\u017ebe&quot;","block_context":{"text":"Izlo\u017ebe","link":"https:\/\/historiografija.hr\/?cat=10"},"img":{"alt_text":"","src":"https:\/\/i0.wp.com\/historiografija.hr\/wp-content\/uploads\/2026\/04\/Jasenov_prut.jpg?fit=1024%2C640&ssl=1&resize=350%2C200","width":350,"height":200,"srcset":"https:\/\/i0.wp.com\/historiografija.hr\/wp-content\/uploads\/2026\/04\/Jasenov_prut.jpg?fit=1024%2C640&ssl=1&resize=350%2C200 1x, https:\/\/i0.wp.com\/historiografija.hr\/wp-content\/uploads\/2026\/04\/Jasenov_prut.jpg?fit=1024%2C640&ssl=1&resize=525%2C300 1.5x, https:\/\/i0.wp.com\/historiografija.hr\/wp-content\/uploads\/2026\/04\/Jasenov_prut.jpg?fit=1024%2C640&ssl=1&resize=700%2C400 2x"},"classes":[]},{"id":52569,"url":"https:\/\/historiografija.hr\/?p=52569","url_meta":{"origin":19024,"position":5},"title":"[Predavanje] Ne \u010dekaju\u0107i inspiraciju \u2013 anga\u017eovane intelektualne, kulturalne i umetni\u010dke prakse u me\u0111uratnom periodu: teorija i praksa kriti\u010dke levice u jugoslovenskoj kulturi (YugoLab)","author":"Branimir Jankovi\u0107","date":"21. travnja 2026.","format":false,"excerpt":"U vreme agresivnog ja\u010danja globalne desnice, (pro)fa\u0161isti\u010dkih, rasisti\u010dkih i imperijalisti\u010dkih politika, dok je istovremeno globalna levica izrazito slaba, a progresivni pokreti atomizirani i fragmentisani, va\u017eno je iz savremene perspektive vratiti se revolucionarnim i emancipatorskim zbivanjima u jugoslovenskom (ali i s njima u vezi internacionalnim de\u0161avanjima), kao i dru\u0161tvenoj ulozi kulturalnih\u2026","rel":"","context":"U &quot;Novosti&quot;","block_context":{"text":"Novosti","link":"https:\/\/historiografija.hr\/?cat=3"},"img":{"alt_text":"","src":"","width":0,"height":0},"classes":[]}],"_links":{"self":[{"href":"https:\/\/historiografija.hr\/index.php?rest_route=\/wp\/v2\/posts\/19024","targetHints":{"allow":["GET"]}}],"collection":[{"href":"https:\/\/historiografija.hr\/index.php?rest_route=\/wp\/v2\/posts"}],"about":[{"href":"https:\/\/historiografija.hr\/index.php?rest_route=\/wp\/v2\/types\/post"}],"author":[{"embeddable":true,"href":"https:\/\/historiografija.hr\/index.php?rest_route=\/wp\/v2\/users\/2"}],"replies":[{"embeddable":true,"href":"https:\/\/historiografija.hr\/index.php?rest_route=%2Fwp%2Fv2%2Fcomments&post=19024"}],"version-history":[{"count":2,"href":"https:\/\/historiografija.hr\/index.php?rest_route=\/wp\/v2\/posts\/19024\/revisions"}],"predecessor-version":[{"id":19027,"href":"https:\/\/historiografija.hr\/index.php?rest_route=\/wp\/v2\/posts\/19024\/revisions\/19027"}],"wp:featuredmedia":[{"embeddable":true,"href":"https:\/\/historiografija.hr\/index.php?rest_route=\/wp\/v2\/media\/19025"}],"wp:attachment":[{"href":"https:\/\/historiografija.hr\/index.php?rest_route=%2Fwp%2Fv2%2Fmedia&parent=19024"}],"wp:term":[{"taxonomy":"category","embeddable":true,"href":"https:\/\/historiografija.hr\/index.php?rest_route=%2Fwp%2Fv2%2Fcategories&post=19024"},{"taxonomy":"post_tag","embeddable":true,"href":"https:\/\/historiografija.hr\/index.php?rest_route=%2Fwp%2Fv2%2Ftags&post=19024"}],"curies":[{"name":"wp","href":"https:\/\/api.w.org\/{rel}","templated":true}]}}