{"id":19005,"date":"2020-02-04T15:29:32","date_gmt":"2020-02-04T15:29:32","guid":{"rendered":"http:\/\/historiografija.hr\/?p=19005"},"modified":"2020-02-04T15:36:12","modified_gmt":"2020-02-04T15:36:12","slug":"etnografski-muzej-istre-psiholoska-i-kulturna-dimenzija-straha","status":"publish","type":"post","link":"https:\/\/historiografija.hr\/?p=19005","title":{"rendered":"Etnografski muzej istre \u2013 psiholo\u0161ka i kulturna dimenzija straha"},"content":{"rendered":"<p>U Etnografskom muzeju Istre u pazinskom ka\u0161telu otvorena je izlo\u017eba &#8220;\u010cega se boji\u0161? Strah u na\u0161oj svakodnevici&#8221;, koja kroz zvu\u010dne instalacije, slike u pokretu, fotografije, preparate i predmete poput zubarske stolice, oru\u017eja i alpinisti\u010dke opreme tematizira emociju straha.<\/p>\n<p>Izlo\u017eba se bavi istra\u017eivanjem straha kao univerzalnog koncepta poznatog svim ljudima neovisno o kulturnom, dru\u0161tvenom i povijesnom kontekstu. Strah je kao jedna od osnovnih emocija oduvijek bio u sredi\u0161tu zanimanja \u010dovjeka, a mo\u017ee se definirati kao neugodan osje\u0107aj izazvan nekom prijetnjom ili situacijom koju smatramo opasnom, koja bi nam mogla nauditi, uzrokovati bol ili nanijeti \u0161tetu u \u0161irem smislu. Biolo\u0161ki gledano, ljudi dijele iskustvo i osje\u0107aj straha sa \u017eivotinjama, ali za razliku od njih poznaju i drugu razinu strahovanja \u2013 kulturno i dru\u0161tveno uvjetovan strah koji dodatno usmjerava na\u0161e pona\u0161anje neovisno o neposrednoj prisutnosti prijetnje.<\/p>\n<p>Autor izlo\u017ebe, vi\u0161i kustos Etnografskog muzeja Istre Mario Buleti\u0107, fenomenu straha pristupa iz razli\u010ditih perspektiva \u2013 muzeolo\u0161ke, etnografske i antropolo\u0161ke, otkrivaju\u0107i psihologiju i biologiju straha te ispituju\u0107i prirodu povezanosti izme\u0111u uvjetovanog u\u010denja straha i okoline u kojoj \u017eivimo. Poseban segment izlo\u017ebe fokusira se na strahove koji proizlaze i iz iskustva zajednice kao sediment pro\u0161losti poput straha od bolesti ili prirodnih katastrofa koje su se pripisivale Sotoni ili drugim nadnaravnim bi\u0107ima, ukazuju\u0107i na konkretne \u010dinjenice koje najvi\u0161e brinu neku zajednicu ili grupu ljudi,odnosno pojedina\u010dne i kolektivne mehanizme suo\u010davanja koji otkrivaju kako funkcioniramo kao dru\u0161tvo.<\/p>\n<p>&nbsp;<\/p>\n<p><strong>Hrvatice, \u010duvajte se migranata, ne nosite minice i ne izlazite vani, silovat \u0107e vas\u2026<\/strong><\/p>\n<p>Slobodna Dalmacija, 7.11.2018.<\/p>\n<p>&nbsp;<\/p>\n<p>Posebno je zanimljivo poglavlje koje se doti\u010de straha kao \u010desto kori\u0161tenog sredstva u politi\u010dkom diskursu i mo\u0107nog oru\u017eja za manipulaciju masama. U vremenu u kojem stare ideologije nemaju jaku motivacijsku snagu, poja\u0161njava autor, logika masovnih medija, senzacionalisti\u010dke vijesti i tabloidna realnost jedan su od najva\u017enijih uzroka porasta kulture straha u svakodnevnom \u017eivotu koja postaje podloga za konflikte, nove oblike straha i op\u0107e nepovjerenje. Na nju se usko nadovezuje strah od razli\u010ditosti i nepoznatog koji je strukturalni dio ljudskog habitusa u svim kulturama i karakterizira ga nepovjerenje i agresija prema osobama koje imaju razli\u010dita vjerska i kulturna obilje\u017eja ili sustav vrijednosti, jer predstavljaju prijetnju i mogu\u0107nost gubitka <em>na\u0161eg<\/em> identiteta, kulturne pripadnosti i na\u010dina \u017eivota. Navedeni su primjeri iz pro\u0161losti u kojima su \u017didovi, lutalice, nomadi i siromasi bili optu\u017eivani za \u0161irenja bolesti poput kuge, te primjeri \u017eena koje se svojim na\u010dinom \u017eivota nisu uklapale u dru\u0161tveno prihvatljive okvire te su kao vje\u0161tice spaljivane na loma\u010di.<\/p>\n<p>Izlo\u017eeni su alpinisti\u010dka oprema s kraja stolje\u0107a koja pripada Planinarskom dru\u0161tvu Glas Istre, ronila\u010dka oprema Josipa Tomi\u0161ina iz vodnjanskog ronila\u010dkog kluba Loligo, interventna vatrogasna oprema Javne vatrogasne postrojbe Pula, stomatolo\u0161ki instrumenti i bu\u0161ilica te stomatolo\u0161ki klini\u010dki stolac koje je Dom umirovljenika Lavoslav Schwarz donirao Tehni\u010dkom muzej Nikola Tesla, kao i preparati insekata i zmija iz Hrvatskog prirodoslovnog muzeja koji su odmah izazvali nelagodu me\u0111u publikom \u2013 poskoka, crne udovice, pauka vu\u010djaka i \u0161korpiona iz roda targestinus. Na izlo\u017ebi su se na\u0161li i predmeti kori\u0161teni za za\u0161titu od zla ili rastjerivanje uroka poput <em>krabujosnice<\/em> rukava\u010dkih zvon\u010dara, pokladne maske iz Me\u0111imurja Larfa Cigan, raspela izra\u0111enog u prvoj polovici 20. st. u Jeruzalemu, bo\u017eca koji sadr\u017ei tamjan i blagoslovljenu sol te kropilnika u kojemu se dr\u017eala blagoslovljena voda.<\/p>\n<p>Izdvaja se potresna reporta\u017ena serija fotografija migrantske krize 2015. godine ruskog fotografa Sergeya Ponomareva, nagra\u0111ena Pulitzerovom nagradom, nagradom World Press Photo i Robert Capa zlatnom medaljom, koja prikazuje izbjeglice koje se iskrcavaju iz turskog broda na gr\u010dkom otoku Lesbos, tisu\u0107e nasukanih migranata na gr\u010dkoj strani granice nakon \u0161to je Makedonija blokirala ulaz onima koji nisu tra\u017eili azil u EU, a zabilje\u017een je i o\u010daj oca koji nastoji spasiti svoje dijete od premla\u0107ivanja i suzavca na prijelazu granice izme\u0111u Ma\u0111arske i Srbije u Horgo\u0161u.<\/p>\n<p>Izlo\u017eba se mo\u017ee razgledati u Etnografskom muzeju Istre u Pazinu do 31. svibnja 2020. godine.<\/p>\n<p>(Ivan Guberina)<\/p>\n<p>&nbsp;<\/p>\n<p>Izvor:<\/p>\n<p><a href=\"http:\/\/mdc.hr\/hr\/mdc\/publikacije\/newsletter\/newsletter-14-1-2020\/\">http:\/\/mdc.hr\/hr\/mdc\/publikacije\/newsletter\/newsletter-14-1-2020\/<\/a><\/p>\n<p>&nbsp;<\/p>\n<p><strong>Etnografski muzej Istre<\/strong><\/p>\n<p><a href=\"https:\/\/www.emi.hr\/index.php?jezik=hr\">https:\/\/www.emi.hr\/index.php?jezik=hr<\/a><\/p>\n<p>&nbsp;<\/p>\n<p>&nbsp;<\/p>\n<p>&nbsp;<\/p>\n<p>&nbsp;<\/p>\n","protected":false},"excerpt":{"rendered":"","protected":false},"author":2,"featured_media":19006,"comment_status":"open","ping_status":"open","sticky":false,"template":"","format":"standard","meta":{"_acf_changed":false,"jetpack_post_was_ever_published":false,"_jetpack_newsletter_access":"","_jetpack_dont_email_post_to_subs":false,"_jetpack_newsletter_tier_id":0,"_jetpack_memberships_contains_paywalled_content":false,"_jetpack_memberships_contains_paid_content":false,"footnotes":"","jetpack_publicize_message":"","jetpack_publicize_feature_enabled":true,"jetpack_social_post_already_shared":true,"jetpack_social_options":{"image_generator_settings":{"template":"highway","default_image_id":0,"font":"","enabled":false},"version":2}},"categories":[10,3],"tags":[],"class_list":["post-19005","post","type-post","status-publish","format-standard","has-post-thumbnail","hentry","category-izlozbe","category-novosti"],"acf":{"facebook_opis":""},"jetpack_publicize_connections":[],"jetpack_featured_media_url":"https:\/\/i0.wp.com\/historiografija.hr\/wp-content\/uploads\/2020\/02\/Strah.jpg?fit=540%2C360&ssl=1","jetpack_sharing_enabled":true,"jetpack-related-posts":[{"id":52575,"url":"https:\/\/historiografija.hr\/?p=52575","url_meta":{"origin":19005,"position":0},"title":"Izlo\u017eba dje\u010djih radova \u201cU po\u010detku bija\u0161e crte\u017e\u2026\u201d","author":"Branimir Jankovi\u0107","date":"21. travnja 2026.","format":false,"excerpt":"U subotu, 25. travnja 2026. u 11 sati u Galeriji Klovi\u0107evi dvori sve\u010dano otvaramo izlo\u017ebu dje\u010djih radova pod nazivom U po\u010detku bija\u0161e crte\u017e\u2026 Radovi su nastali u sklopu likovnih radionica uz izlo\u017ebu U po\u010detku bija\u0161e kraljevstvo \u2013 izlo\u017eba povodom 1100 godina Hrvatskoga Kraljevstva. Na brojnim likovnim radionicama, uz \u0161kolsku djecu,\u2026","rel":"","context":"U &quot;Izlo\u017ebe&quot;","block_context":{"text":"Izlo\u017ebe","link":"https:\/\/historiografija.hr\/?cat=10"},"img":{"alt_text":"","src":"https:\/\/i0.wp.com\/historiografija.hr\/wp-content\/uploads\/2025\/10\/Klovicevi_sluzbeni-plakat.png?fit=840%2C1200&ssl=1&resize=350%2C200","width":350,"height":200,"srcset":"https:\/\/i0.wp.com\/historiografija.hr\/wp-content\/uploads\/2025\/10\/Klovicevi_sluzbeni-plakat.png?fit=840%2C1200&ssl=1&resize=350%2C200 1x, https:\/\/i0.wp.com\/historiografija.hr\/wp-content\/uploads\/2025\/10\/Klovicevi_sluzbeni-plakat.png?fit=840%2C1200&ssl=1&resize=525%2C300 1.5x, https:\/\/i0.wp.com\/historiografija.hr\/wp-content\/uploads\/2025\/10\/Klovicevi_sluzbeni-plakat.png?fit=840%2C1200&ssl=1&resize=700%2C400 2x"},"classes":[]},{"id":52760,"url":"https:\/\/historiografija.hr\/?p=52760","url_meta":{"origin":19005,"position":1},"title":"Izlo\u017eba \u201cLo\u0161injski brodovi, njihove zastave i ljudi\u201d, 4. svibnja u 19h","author":"Filip \u0160imunjak","date":"30. travnja 2026.","format":false,"excerpt":"Hrvatski pomorski muzej Split, Glagolja\u0161a 18 (Tvr\u0111ava Gripe) Nakon \u0161to je u rujnu 2025. godine na otoku Lo\u0161inju, u suradnji Lo\u0161injskog muzeja i Hrvatskog pomorskog muzeja Split, predstavljena izlo\u017eba posve\u0107ena bogatoj pomorskoj ba\u0161tini otoka, njezino pro\u0161ireno izdanje postavlja se u Splitu. Uo\u010di blagdana svetog Dujma splitskoj \u0107e se publici predstaviti\u2026","rel":"","context":"U &quot;Izlo\u017ebe&quot;","block_context":{"text":"Izlo\u017ebe","link":"https:\/\/historiografija.hr\/?cat=10"},"img":{"alt_text":"","src":"https:\/\/i0.wp.com\/historiografija.hr\/wp-content\/uploads\/2026\/04\/Losinjski-brodovi-Izlozba-1-scaled.webp?fit=840%2C1200&ssl=1&resize=350%2C200","width":350,"height":200,"srcset":"https:\/\/i0.wp.com\/historiografija.hr\/wp-content\/uploads\/2026\/04\/Losinjski-brodovi-Izlozba-1-scaled.webp?fit=840%2C1200&ssl=1&resize=350%2C200 1x, https:\/\/i0.wp.com\/historiografija.hr\/wp-content\/uploads\/2026\/04\/Losinjski-brodovi-Izlozba-1-scaled.webp?fit=840%2C1200&ssl=1&resize=525%2C300 1.5x, https:\/\/i0.wp.com\/historiografija.hr\/wp-content\/uploads\/2026\/04\/Losinjski-brodovi-Izlozba-1-scaled.webp?fit=840%2C1200&ssl=1&resize=700%2C400 2x"},"classes":[]},{"id":52505,"url":"https:\/\/historiografija.hr\/?p=52505","url_meta":{"origin":19005,"position":2},"title":"Izlo\u017eba &#8220;Eschenstock \/ Jasenov prut&#8221;","author":"Branimir Jankovi\u0107","date":"17. travnja 2026.","format":false,"excerpt":"Srpsko narodno vije\u0107e (SNV) i Vizura aperta postavljaju izlo\u017ebu \u0161vicarskog slikara Velimira Ili\u0161evi\u0107a: Eschenstock \/ Jasenov prut. Izlo\u017eba se uz prisustvo autora otvara povodom 81. godi\u0161njice proboja logora\u0161a iz usta\u0161kog logora smrti Jasenovac 22. aprila 2026. u 19 sati u Srpskom kulturnom centru (SKC) u Preradovi\u0107evoj ulici 21 u Zagrebu.\u2026","rel":"","context":"U &quot;Izlo\u017ebe&quot;","block_context":{"text":"Izlo\u017ebe","link":"https:\/\/historiografija.hr\/?cat=10"},"img":{"alt_text":"","src":"https:\/\/i0.wp.com\/historiografija.hr\/wp-content\/uploads\/2026\/04\/Jasenov_prut.jpg?fit=1024%2C640&ssl=1&resize=350%2C200","width":350,"height":200,"srcset":"https:\/\/i0.wp.com\/historiografija.hr\/wp-content\/uploads\/2026\/04\/Jasenov_prut.jpg?fit=1024%2C640&ssl=1&resize=350%2C200 1x, https:\/\/i0.wp.com\/historiografija.hr\/wp-content\/uploads\/2026\/04\/Jasenov_prut.jpg?fit=1024%2C640&ssl=1&resize=525%2C300 1.5x, https:\/\/i0.wp.com\/historiografija.hr\/wp-content\/uploads\/2026\/04\/Jasenov_prut.jpg?fit=1024%2C640&ssl=1&resize=700%2C400 2x"},"classes":[]},{"id":52148,"url":"https:\/\/historiografija.hr\/?p=52148","url_meta":{"origin":19005,"position":3},"title":"Poziv za prijavu na me\u0111unarodnu znanstvenu konferenciju \u201eGranice (ne)slobode: Zadarski krug 1966. Intelektualna opozicija u totalitarnom dru\u0161tvu\u201c","author":"Branimir Jankovi\u0107","date":"27. o\u017eujka 2026.","format":false,"excerpt":"\u00a0\u00a0\u00a0\u00a0 Povodom \u0161ezdesete obljetnice poku\u0161aja osnivanja \u010dasopisa Slobodan glas u Zadru 1966. godine, pozivamo vas na znanstvenu konferenciju posve\u0107enu istra\u017eivanju disidentstva, intelektualne opozicije i granica divergentnog mi\u0161ljenja nasuprot slu\u017ebenoj ideologiji u komunisti\u010dkoj Jugoslaviji. Ideja konferencije je analizirati konkretan fenomen zadarskog slu\u010daja razloge i okolnosti njegove pojave, ali uz otvaranje komparativnih\u2026","rel":"","context":"U &quot;Novosti&quot;","block_context":{"text":"Novosti","link":"https:\/\/historiografija.hr\/?cat=3"},"img":{"alt_text":"","src":"https:\/\/i0.wp.com\/historiografija.hr\/wp-content\/uploads\/2026\/03\/Poziv-konferencija-Zadar.jpg?fit=1200%2C509&ssl=1&resize=350%2C200","width":350,"height":200,"srcset":"https:\/\/i0.wp.com\/historiografija.hr\/wp-content\/uploads\/2026\/03\/Poziv-konferencija-Zadar.jpg?fit=1200%2C509&ssl=1&resize=350%2C200 1x, https:\/\/i0.wp.com\/historiografija.hr\/wp-content\/uploads\/2026\/03\/Poziv-konferencija-Zadar.jpg?fit=1200%2C509&ssl=1&resize=525%2C300 1.5x, https:\/\/i0.wp.com\/historiografija.hr\/wp-content\/uploads\/2026\/03\/Poziv-konferencija-Zadar.jpg?fit=1200%2C509&ssl=1&resize=700%2C400 2x, https:\/\/i0.wp.com\/historiografija.hr\/wp-content\/uploads\/2026\/03\/Poziv-konferencija-Zadar.jpg?fit=1200%2C509&ssl=1&resize=1050%2C600 3x"},"classes":[]},{"id":52508,"url":"https:\/\/historiografija.hr\/?p=52508","url_meta":{"origin":19005,"position":4},"title":"Glazbena radionica \u201eDUGMETARA REVISITED\u201c","author":"Branimir Jankovi\u0107","date":"17. travnja 2026.","format":false,"excerpt":"DUGMETARA REVISITED glazbena radionica vodi: Ana Horvat 13., 20. i 27. travnja, od 18 do 20 sati Radiona, Nova cesta 186 Na tri radioni\u010dka susreta uranjamo u naslje\u0111e Dugmetare, biv\u0161e tvornice dugmadi na Savskoj cesti koja je po\u010detkom 2000-ih igrom slu\u010daja postala \u017eivo, jedinstveno mjesto glazbene proizvodnje. Svoje su probe\u2026","rel":"","context":"U &quot;Novosti&quot;","block_context":{"text":"Novosti","link":"https:\/\/historiografija.hr\/?cat=3"},"img":{"alt_text":"","src":"https:\/\/i0.wp.com\/historiografija.hr\/wp-content\/uploads\/2026\/04\/TRESNJA_TRESTI.jpg?fit=380%2C475&ssl=1&resize=350%2C200","width":350,"height":200},"classes":[]},{"id":52592,"url":"https:\/\/historiografija.hr\/?p=52592","url_meta":{"origin":19005,"position":5},"title":"Predstavljanje knjige &#8220;Turska ku\u0107a u Rijeci&#8221; u Zagrebu","author":"Branimir Jankovi\u0107","date":"22. travnja 2026.","format":false,"excerpt":"U prostorijama Turskog kulturnog centra Yunus Emre u Zagrebu, u utorak 21. travnja 2026. godine, odr\u017eano je sve\u010dano predstavljanje dopunjenog izdanja knjige Turska ku\u0107a u Rijeci, u organizaciji Hrvatsko-turskog dru\u0161tva Rijeka i partnerstvu sa Skupinom prijateljstva Hrvatska-Turska Hrvatskog sabora, Veleposlanstvom Republike Turske u Republici Hrvatskoj te Turskim kulturnim centrom Yunus\u2026","rel":"","context":"U &quot;Novosti&quot;","block_context":{"text":"Novosti","link":"https:\/\/historiografija.hr\/?cat=3"},"img":{"alt_text":"","src":"https:\/\/i0.wp.com\/historiografija.hr\/wp-content\/uploads\/2026\/04\/Turska-kuca-ZG.jpg?fit=1200%2C800&ssl=1&resize=350%2C200","width":350,"height":200,"srcset":"https:\/\/i0.wp.com\/historiografija.hr\/wp-content\/uploads\/2026\/04\/Turska-kuca-ZG.jpg?fit=1200%2C800&ssl=1&resize=350%2C200 1x, https:\/\/i0.wp.com\/historiografija.hr\/wp-content\/uploads\/2026\/04\/Turska-kuca-ZG.jpg?fit=1200%2C800&ssl=1&resize=525%2C300 1.5x, https:\/\/i0.wp.com\/historiografija.hr\/wp-content\/uploads\/2026\/04\/Turska-kuca-ZG.jpg?fit=1200%2C800&ssl=1&resize=700%2C400 2x, https:\/\/i0.wp.com\/historiografija.hr\/wp-content\/uploads\/2026\/04\/Turska-kuca-ZG.jpg?fit=1200%2C800&ssl=1&resize=1050%2C600 3x"},"classes":[]}],"_links":{"self":[{"href":"https:\/\/historiografija.hr\/index.php?rest_route=\/wp\/v2\/posts\/19005","targetHints":{"allow":["GET"]}}],"collection":[{"href":"https:\/\/historiografija.hr\/index.php?rest_route=\/wp\/v2\/posts"}],"about":[{"href":"https:\/\/historiografija.hr\/index.php?rest_route=\/wp\/v2\/types\/post"}],"author":[{"embeddable":true,"href":"https:\/\/historiografija.hr\/index.php?rest_route=\/wp\/v2\/users\/2"}],"replies":[{"embeddable":true,"href":"https:\/\/historiografija.hr\/index.php?rest_route=%2Fwp%2Fv2%2Fcomments&post=19005"}],"version-history":[{"count":2,"href":"https:\/\/historiografija.hr\/index.php?rest_route=\/wp\/v2\/posts\/19005\/revisions"}],"predecessor-version":[{"id":19010,"href":"https:\/\/historiografija.hr\/index.php?rest_route=\/wp\/v2\/posts\/19005\/revisions\/19010"}],"wp:featuredmedia":[{"embeddable":true,"href":"https:\/\/historiografija.hr\/index.php?rest_route=\/wp\/v2\/media\/19006"}],"wp:attachment":[{"href":"https:\/\/historiografija.hr\/index.php?rest_route=%2Fwp%2Fv2%2Fmedia&parent=19005"}],"wp:term":[{"taxonomy":"category","embeddable":true,"href":"https:\/\/historiografija.hr\/index.php?rest_route=%2Fwp%2Fv2%2Fcategories&post=19005"},{"taxonomy":"post_tag","embeddable":true,"href":"https:\/\/historiografija.hr\/index.php?rest_route=%2Fwp%2Fv2%2Ftags&post=19005"}],"curies":[{"name":"wp","href":"https:\/\/api.w.org\/{rel}","templated":true}]}}