{"id":18994,"date":"2020-02-03T16:57:39","date_gmt":"2020-02-03T16:57:39","guid":{"rendered":"http:\/\/historiografija.hr\/?p=18994"},"modified":"2020-02-03T16:57:39","modified_gmt":"2020-02-03T16:57:39","slug":"izlozba-zagreb-grad-umjetnica-djela-hrvatskih-umjetnica-od-kraja-19-do-21-stoljeca","status":"publish","type":"post","link":"https:\/\/historiografija.hr\/?p=18994","title":{"rendered":"Izlo\u017eba \u201cZagreb, grad umjetnica \/ Djela hrvatskih umjetnica od kraja 19. do 21. stolje\u0107a\u201d"},"content":{"rendered":"<p>Umjetni\u010dki paviljon u Zagrebu izlo\u017ebenu sezonu zapo\u010dinje izlo\u017ebom <strong><em>Zagreb, grad umjetnica <\/em><\/strong>(6. velja\u010de \u2013 14. travnja 2020). Izlo\u017eba se prire\u0111uje u povodu predsjedanja Hrvatske Vije\u0107em Europske unije, kao i u \u010dast Zagrebu, glavnom gradu Republike Hrvatske, iz kojega \u0107e Vlada Republike Hrvatske predsjedati Vije\u0107em Europske unije.<\/p>\n<p>Grad Zagreb oduvijek je bio mjesto ispreplitanja kulture i umjetnost, ali \u010desto zaboravimo upravo na brojne umjetnice koje su dale svoj pe\u010dat kulturnom i umjetni\u010dkom \u017eivotu koji Zagreb danas \u017eivi. Kako bismo podsjetili na one ranije hrvatske umjetni\u010dke vizionarke (koje ve\u0107inom ostaju samo u faktografskom sje\u0107anju), te ih okupili zajedno sa suvremenim umjetnicama, Umjetni\u010dki paviljon u Zagrebu odlu\u010dio je posvetiti prvu izlo\u017ebu u 2020. godini upravo hrvatskim umjetnicama koje su ostavile neizbrisiv trag u povijesti likovnosti Zagreba, ali, dakako, samim time i cjelokupne hrvatske vizualne scene.<\/p>\n<p>Osnovna ideja izlo\u017ebe jest ponuditi povijesni i kriti\u010dki presjek iz opusa likovnih umjetnica koje su djelovale i ostavile trag u kulturnom \u017eivotu grada Zagreba u razdoblju od kraja 19. stolje\u0107a do suvremenog doba. Unutar toga relativno \u0161irokog vremenskog raspona generacije umjetnica predstavit \u0107e se u tri ve\u0107e, no povijesno logi\u010dne cjeline: prva \u0107e obuhvatiti generacije koje su djelovale do Drugoga svjetskog rata; druga \u2013 generacije koje su s izlo\u017ebenom aktivno\u0161\u0107u zapo\u010dele nakon Drugoga svjetskog rata te glavninu svojih opusa ostvarile u narednim desetlje\u0107ima; a tre\u0107a \u2013 generacije koje su na scenu stupile po\u010detkom sedamdesetih godina i kasnije te ve\u0107inom djeluju i danas.<\/p>\n<p>Izlo\u017eba \u0107e obuhvatiti stotinjak radova s podru\u010dja slikarstva, kiparstva, video performansa, zvu\u010dnih i video instalacija najzna\u010dajnijih umjetnica od kraja 19. stolje\u0107a do danas po\u010dev\u0161i od Anke Basstal, Slave Ra\u0161kaj, Line Crn\u010di\u0107 Virant, Naste Rojc, Mile Wod, Sonje Kova\u010di\u0107-Taj\u010devi\u0107, Anke Krizmani\u0107, Vere Nikoli\u0107 Podrinske, Zdenke Ostovi\u0107 Pexidr Sri\u0107a, pa dalje preko Nevenke \u0110or\u0111evi\u0107, Ksenije Kantoci, Marte Ehrlich, Mile Kumbatovi\u0107, Melite Bo\u0161njak, Mirande Mori\u0107, Milene Lah, Vere Josipovi\u0107, Vesne Sokoli\u0107, Borke Avramove, Vere Fischer, Vere Dajht Kralj, Tonke Petri\u0107, Biserke Bareti\u0107, Marije Ujevi\u0107, Ljerke \u0160ibenik, Goranke Vrus Murti\u0107, Nives Kavuri\u0107 Kurtovi\u0107, Zdenke Pozai\u0107, Edite Schubert, Marijane Muljevi\u0107, Sanje Ivekovi\u0107, Jadranke Fatur, Nevenke Arbanas, Vesne Popr\u017ean, Brede Beban, Nine Ivan\u010di\u0107, Zvjezdane Fio, Dubravke Rakoci do Vlaste Delimar, Vesne Pokas, Kate Mijatovi\u0107, Amele Frankl, Ksenije Tur\u010di\u0107, Mirjane Vodopije, Vlaste \u017dani\u0107, Kristine Leko, Bo\u017eene Kon\u010di\u0107 Badurina, Magdalene Pederin, Nike Radi\u0107, Ivane Franke, Martine Mezak, Ane Hu\u0161man i Andreje Kulun\u010di\u0107 s kolektivom ISTE.<\/p>\n<p>Umjetnice, kao i njihove radove, odabrale su autorice stru\u010dne koncepcije izlo\u017ebe dr. sc. Ljerka Dulibi\u0107, Iva Radmila Jankovi\u0107, vi\u0161a kustosica MSU-a u Zagrebu i dr. sc. Ivana Mance, a idejna autorica izlo\u017ebe je ravnateljica Umjetni\u010dkog paviljona, Jasminke Pokle\u010dki Sto\u0161i\u0107. Autorica prostorne koncepcije i likovnog postava izlo\u017ebe je je arhitektica Morana Vlahovi\u0107.<\/p>\n<p>Prva je ovo izlo\u017eba od samostalnosti Republike Hrvatske koja je posve\u0107ena samo umjetnicama u ovako velikome vremenskom razdoblju, a koja obuhva\u0107a radove umjetnica kroz sve medije \u2013 od klasi\u010dnih slikarstva i kiparstva do suvremenih na\u010dina umjetni\u010dkog izra\u017eavanja.<\/p>\n<p>Sama ideja izlo\u017ebe iza sebe ima i dublje, jednako va\u017eno zna\u010denje koje \u0107e biti vidljivo i u \u0161irem dru\u0161tvenom kontekstu kroz panel diskusije koje \u0107e biti popratni sadr\u017eaj izlo\u017ebe. Naime, Umjetni\u010dki paviljon u Zagrebu kroz ovu izlo\u017ebu \u017eeli obuhvatiti i \u0161iri dru\u0161tveni kontekst polo\u017eaja \u017eena u 21. stolje\u0107u \u2013 od op\u0107enitog polo\u017eaja, primjerice u poslovnom svijetu, do \u010dinjenice kako su \u017eene svakodnevno izlo\u017eene nasilju i agresiji od strane mu\u0161karaca, kao i poku\u0161ati utvrditi kakav je polo\u017eaj umjetnica u Hrvatskoj 2020. godine. \u017delja nam je kroz popratne panel diskusije dodatno osvijestiti javnost o sveukupnom polo\u017eaj \u017eena u Hrvatskoj (ali i \u0161ire) te propitati \u0161to mi kao zajednica i kao pojedinci mo\u017eemo u\u010diniti po tom pitanju.<\/p>\n<p>Izvor: <a href=\"https:\/\/www.umjetnicki-paviljon.hr\/portfolios\/zagreb-grad-umjetnica-djela-hrvatskih-umjetnica-od-kraja-19-do-21-stoljeca\/\">https:\/\/www.umjetnicki-paviljon.hr\/portfolios\/zagreb-grad-umjetnica-djela-hrvatskih-umjetnica-od-kraja-19-do-21-stoljeca\/<\/a><\/p>\n<p>&nbsp;<\/p>\n<p>&nbsp;<\/p>\n","protected":false},"excerpt":{"rendered":"","protected":false},"author":2,"featured_media":18995,"comment_status":"open","ping_status":"open","sticky":false,"template":"","format":"standard","meta":{"_acf_changed":false,"jetpack_post_was_ever_published":false,"_jetpack_newsletter_access":"","_jetpack_dont_email_post_to_subs":false,"_jetpack_newsletter_tier_id":0,"_jetpack_memberships_contains_paywalled_content":false,"_jetpack_memberships_contains_paid_content":false,"footnotes":"","jetpack_publicize_message":"","jetpack_publicize_feature_enabled":true,"jetpack_social_post_already_shared":true,"jetpack_social_options":{"image_generator_settings":{"template":"highway","default_image_id":0,"font":"","enabled":false},"version":2}},"categories":[10,3],"tags":[],"class_list":["post-18994","post","type-post","status-publish","format-standard","has-post-thumbnail","hentry","category-izlozbe","category-novosti"],"acf":{"facebook_opis":""},"jetpack_publicize_connections":[],"jetpack_featured_media_url":"https:\/\/i0.wp.com\/historiografija.hr\/wp-content\/uploads\/2020\/02\/Zagreb_grad_umjetnica.jpg?fit=500%2C694&ssl=1","jetpack_sharing_enabled":true,"jetpack-related-posts":[{"id":52631,"url":"https:\/\/historiografija.hr\/?p=52631","url_meta":{"origin":18994,"position":0},"title":"Predavanje Ivana Tepe\u0161a: Djelovanje hrvatske politi\u010dke emigracije","author":"Branimir Jankovi\u0107","date":"23. travnja 2026.","format":false,"excerpt":"Odjel za me\u0111unarodnu suradnju i iseljeni\u0161tvo Matice hrvatske Predavanje Ivana Tepe\u0161a: Djelovanje hrvatske politi\u010dke emigracije Utorak, 28. travnja 2026. u 18:00 sati, Dvorana Ljudevita Jonkea (Mala dvorana MH), Strossmayerov trg 4, Zagreb dr. sc. Ivan Tepe\u0161, Institut za istra\u017eivanje migracija Hrvatska politi\u010dka emigracija obilje\u017eila je polustoljetnu hrvatsku povijest u drugoj\u2026","rel":"","context":"U &quot;Novosti&quot;","block_context":{"text":"Novosti","link":"https:\/\/historiografija.hr\/?cat=3"},"img":{"alt_text":"","src":"","width":0,"height":0},"classes":[]},{"id":52552,"url":"https:\/\/historiografija.hr\/?p=52552","url_meta":{"origin":18994,"position":1},"title":"Besplatni glazbeni antikvarijat","author":"Branimir Jankovi\u0107","date":"20. travnja 2026.","format":false,"excerpt":"Muzi\u010dka akademija Sveu\u010dili\u0161ta u Zagrebu 23. travnja 2026. od 10 do 17 sati Pozivamo Vas na Besplatni glazbeni antikvarijat, koji u sklopu manifestacije No\u0107 knjige 2026. organizira Hrvatska udruga muzi\u010dkih knji\u017enica, arhiva i dokumentacijskih centara (HUMKAD). Antikvarijat \u0107e se odr\u017eati na Svjetski dan knjige \u2013 u \u010detvrtak 23. travnja 2026.\u2026","rel":"","context":"U &quot;Novosti&quot;","block_context":{"text":"Novosti","link":"https:\/\/historiografija.hr\/?cat=3"},"img":{"alt_text":"","src":"https:\/\/i0.wp.com\/historiografija.hr\/wp-content\/uploads\/2026\/04\/Besplatni-glazbeni-antikvarijat-23.-4.-2026.jpg?fit=1200%2C848&ssl=1&resize=350%2C200","width":350,"height":200,"srcset":"https:\/\/i0.wp.com\/historiografija.hr\/wp-content\/uploads\/2026\/04\/Besplatni-glazbeni-antikvarijat-23.-4.-2026.jpg?fit=1200%2C848&ssl=1&resize=350%2C200 1x, https:\/\/i0.wp.com\/historiografija.hr\/wp-content\/uploads\/2026\/04\/Besplatni-glazbeni-antikvarijat-23.-4.-2026.jpg?fit=1200%2C848&ssl=1&resize=525%2C300 1.5x, https:\/\/i0.wp.com\/historiografija.hr\/wp-content\/uploads\/2026\/04\/Besplatni-glazbeni-antikvarijat-23.-4.-2026.jpg?fit=1200%2C848&ssl=1&resize=700%2C400 2x, https:\/\/i0.wp.com\/historiografija.hr\/wp-content\/uploads\/2026\/04\/Besplatni-glazbeni-antikvarijat-23.-4.-2026.jpg?fit=1200%2C848&ssl=1&resize=1050%2C600 3x"},"classes":[]},{"id":52592,"url":"https:\/\/historiografija.hr\/?p=52592","url_meta":{"origin":18994,"position":2},"title":"Predstavljanje knjige &#8220;Turska ku\u0107a u Rijeci&#8221; u Zagrebu","author":"Branimir Jankovi\u0107","date":"22. travnja 2026.","format":false,"excerpt":"U prostorijama Turskog kulturnog centra Yunus Emre u Zagrebu, u utorak 21. travnja 2026. godine, odr\u017eano je sve\u010dano predstavljanje dopunjenog izdanja knjige Turska ku\u0107a u Rijeci, u organizaciji Hrvatsko-turskog dru\u0161tva Rijeka i partnerstvu sa Skupinom prijateljstva Hrvatska-Turska Hrvatskog sabora, Veleposlanstvom Republike Turske u Republici Hrvatskoj te Turskim kulturnim centrom Yunus\u2026","rel":"","context":"U &quot;Novosti&quot;","block_context":{"text":"Novosti","link":"https:\/\/historiografija.hr\/?cat=3"},"img":{"alt_text":"","src":"https:\/\/i0.wp.com\/historiografija.hr\/wp-content\/uploads\/2026\/04\/Turska-kuca-ZG.jpg?fit=1200%2C800&ssl=1&resize=350%2C200","width":350,"height":200,"srcset":"https:\/\/i0.wp.com\/historiografija.hr\/wp-content\/uploads\/2026\/04\/Turska-kuca-ZG.jpg?fit=1200%2C800&ssl=1&resize=350%2C200 1x, https:\/\/i0.wp.com\/historiografija.hr\/wp-content\/uploads\/2026\/04\/Turska-kuca-ZG.jpg?fit=1200%2C800&ssl=1&resize=525%2C300 1.5x, https:\/\/i0.wp.com\/historiografija.hr\/wp-content\/uploads\/2026\/04\/Turska-kuca-ZG.jpg?fit=1200%2C800&ssl=1&resize=700%2C400 2x, https:\/\/i0.wp.com\/historiografija.hr\/wp-content\/uploads\/2026\/04\/Turska-kuca-ZG.jpg?fit=1200%2C800&ssl=1&resize=1050%2C600 3x"},"classes":[]},{"id":52666,"url":"https:\/\/historiografija.hr\/?p=52666","url_meta":{"origin":18994,"position":3},"title":"Najava programa Festivala povijesti Kliofest (5-8. V. 2026)","author":"Branimir Jankovi\u0107","date":"24. travnja 2026.","format":false,"excerpt":"Po trinaesti put odr\u017eava se Festival povijesti Kliofest! Do petka \u0107emo odr\u017eati osam okruglih stolova i dva kolokvija te niz predstavljanja knjiga i projekata razli\u010dite tematike, od antike do suvremenosti. Bit \u0107e predstavljeno i nekoliko izlo\u017ebi te odr\u017ean jedan povijesni kviz. Prikazat \u0107emo i jedan film \u2013 o generalu Boroevi\u0107u.\u2026","rel":"","context":"U &quot;Novosti&quot;","block_context":{"text":"Novosti","link":"https:\/\/historiografija.hr\/?cat=3"},"img":{"alt_text":"","src":"https:\/\/i0.wp.com\/historiografija.hr\/wp-content\/uploads\/2026\/04\/Kliofest-2026.jpg?fit=526%2C526&ssl=1&resize=350%2C200","width":350,"height":200,"srcset":"https:\/\/i0.wp.com\/historiografija.hr\/wp-content\/uploads\/2026\/04\/Kliofest-2026.jpg?fit=526%2C526&ssl=1&resize=350%2C200 1x, https:\/\/i0.wp.com\/historiografija.hr\/wp-content\/uploads\/2026\/04\/Kliofest-2026.jpg?fit=526%2C526&ssl=1&resize=525%2C300 1.5x"},"classes":[]},{"id":52505,"url":"https:\/\/historiografija.hr\/?p=52505","url_meta":{"origin":18994,"position":4},"title":"Izlo\u017eba &#8220;Eschenstock \/ Jasenov prut&#8221;","author":"Branimir Jankovi\u0107","date":"17. travnja 2026.","format":false,"excerpt":"Srpsko narodno vije\u0107e (SNV) i Vizura aperta postavljaju izlo\u017ebu \u0161vicarskog slikara Velimira Ili\u0161evi\u0107a: Eschenstock \/ Jasenov prut. Izlo\u017eba se uz prisustvo autora otvara povodom 81. godi\u0161njice proboja logora\u0161a iz usta\u0161kog logora smrti Jasenovac 22. aprila 2026. u 19 sati u Srpskom kulturnom centru (SKC) u Preradovi\u0107evoj ulici 21 u Zagrebu.\u2026","rel":"","context":"U &quot;Izlo\u017ebe&quot;","block_context":{"text":"Izlo\u017ebe","link":"https:\/\/historiografija.hr\/?cat=10"},"img":{"alt_text":"","src":"https:\/\/i0.wp.com\/historiografija.hr\/wp-content\/uploads\/2026\/04\/Jasenov_prut.jpg?fit=1024%2C640&ssl=1&resize=350%2C200","width":350,"height":200,"srcset":"https:\/\/i0.wp.com\/historiografija.hr\/wp-content\/uploads\/2026\/04\/Jasenov_prut.jpg?fit=1024%2C640&ssl=1&resize=350%2C200 1x, https:\/\/i0.wp.com\/historiografija.hr\/wp-content\/uploads\/2026\/04\/Jasenov_prut.jpg?fit=1024%2C640&ssl=1&resize=525%2C300 1.5x, https:\/\/i0.wp.com\/historiografija.hr\/wp-content\/uploads\/2026\/04\/Jasenov_prut.jpg?fit=1024%2C640&ssl=1&resize=700%2C400 2x"},"classes":[]},{"id":52607,"url":"https:\/\/historiografija.hr\/?p=52607","url_meta":{"origin":18994,"position":5},"title":"No\u0107 knjige: Kako je prije 410 godina smr\u0107u Shakespearea i Cervantesa zavr\u0161ilo razdoblje renesanse u knji\u017eevnosti","author":"Branimir Jankovi\u0107","date":"22. travnja 2026.","format":false,"excerpt":"\u010cetvrtak, 23. travnja 2026. u 18:00 sati, Knji\u017eara Matice hrvatske, Ulica Matice hrvatske 2, Zagreb Uvodna rije\u010d: dr. sc.\u00a0Dubravka Brezak Stama\u0107, pro\u010delnica Odjela za knji\u017eevnost Matice hrvatske Prof. dr. sc. Ivan Lupi\u0107, redoviti profesor u Odsjeku za anglistiku i Odsjeku za kroatistiku Sveu\u010dili\u0161ta u RijeciShakespeare, kazali\u0161te, glazbaKada se susre\u0107emo sa\u2026","rel":"","context":"U &quot;Novosti&quot;","block_context":{"text":"Novosti","link":"https:\/\/historiografija.hr\/?cat=3"},"img":{"alt_text":"","src":"https:\/\/i0.wp.com\/historiografija.hr\/wp-content\/uploads\/2026\/04\/noc_knjige_2026.jpg?fit=680%2C276&ssl=1&resize=350%2C200","width":350,"height":200,"srcset":"https:\/\/i0.wp.com\/historiografija.hr\/wp-content\/uploads\/2026\/04\/noc_knjige_2026.jpg?fit=680%2C276&ssl=1&resize=350%2C200 1x, https:\/\/i0.wp.com\/historiografija.hr\/wp-content\/uploads\/2026\/04\/noc_knjige_2026.jpg?fit=680%2C276&ssl=1&resize=525%2C300 1.5x"},"classes":[]}],"_links":{"self":[{"href":"https:\/\/historiografija.hr\/index.php?rest_route=\/wp\/v2\/posts\/18994","targetHints":{"allow":["GET"]}}],"collection":[{"href":"https:\/\/historiografija.hr\/index.php?rest_route=\/wp\/v2\/posts"}],"about":[{"href":"https:\/\/historiografija.hr\/index.php?rest_route=\/wp\/v2\/types\/post"}],"author":[{"embeddable":true,"href":"https:\/\/historiografija.hr\/index.php?rest_route=\/wp\/v2\/users\/2"}],"replies":[{"embeddable":true,"href":"https:\/\/historiografija.hr\/index.php?rest_route=%2Fwp%2Fv2%2Fcomments&post=18994"}],"version-history":[{"count":1,"href":"https:\/\/historiografija.hr\/index.php?rest_route=\/wp\/v2\/posts\/18994\/revisions"}],"predecessor-version":[{"id":18996,"href":"https:\/\/historiografija.hr\/index.php?rest_route=\/wp\/v2\/posts\/18994\/revisions\/18996"}],"wp:featuredmedia":[{"embeddable":true,"href":"https:\/\/historiografija.hr\/index.php?rest_route=\/wp\/v2\/media\/18995"}],"wp:attachment":[{"href":"https:\/\/historiografija.hr\/index.php?rest_route=%2Fwp%2Fv2%2Fmedia&parent=18994"}],"wp:term":[{"taxonomy":"category","embeddable":true,"href":"https:\/\/historiografija.hr\/index.php?rest_route=%2Fwp%2Fv2%2Fcategories&post=18994"},{"taxonomy":"post_tag","embeddable":true,"href":"https:\/\/historiografija.hr\/index.php?rest_route=%2Fwp%2Fv2%2Ftags&post=18994"}],"curies":[{"name":"wp","href":"https:\/\/api.w.org\/{rel}","templated":true}]}}