{"id":18988,"date":"2020-02-03T16:47:10","date_gmt":"2020-02-03T16:47:10","guid":{"rendered":"http:\/\/historiografija.hr\/?p=18988"},"modified":"2020-02-03T16:47:10","modified_gmt":"2020-02-03T16:47:10","slug":"izlozba-vegeta-60-paketic-povijesti-dizajn-i-evolucija-vegete-od-1959-do-2019","status":"publish","type":"post","link":"https:\/\/historiografija.hr\/?p=18988","title":{"rendered":"Izlo\u017eba \u201cVegeta 60 \u2013 Paketi\u0107 povijesti: Dizajn i evolucija Vegete od 1959. do 2019.\u201d"},"content":{"rendered":"<p>U HDD galeriji u Zagrebu otvorena je od 31. sije\u010dnja do 18. velja\u010de 2020. godine izlo\u017eba VEGETA 60 \u2013 PAKETI\u0106 POVIJESTI: DIZAJN I EVOLUCIJA VEGETE OD 1959. DO 2019. U kustoskoj koncepciji DRA\u017dENKE JAL\u0160I\u0106 ERNE\u010cI\u0106, izlo\u017eba daje pregled \u0161est desetlje\u0107a grafi\u010dkog dizajna i dizajna ambala\u017ee jednog od najslavnijih hrvatskih brendova \u2013 Podravkine \u201eVegete\u201c. Osim 60 muzejskih primjeraka ambala\u017ee za Vegetinih 60 godina, izlo\u017eba sadr\u017ei i veliku koli\u010dinu arhivskog materijala, fotografija, starih reklamnih spotova, isje\u010daka iz legendarnih \u201eMalih tajni velikih majstora kuhinje\u201c i tekstova koji o\u017eivljavaju pri\u010du o brendu s kojim su \u017eivjele generacije.<\/p>\n<p>&nbsp;<\/p>\n<p><strong>Iz teksta kustosice Dra\u017eenke Jal\u0161i\u0107 Erne\u010di\u0107:<\/strong><br \/>\n\u201e<em>Vegeta 60 \u2013 Paketi\u0107 povijesti<\/em> temelji se na pri\u010di o dizajnu ambala\u017ee i grafi\u010dkom dizajnu jedne od zasigurno najpoznatijih i najdugovje\u010dnijih brendova prehrambene industrije u Hrvatskoj. U svojoj osnovi temelji se na muzejskoj pri\u010di o predmetima koji se \u010duvaju u Zbirci grafi\u010dkog i produkt dizajna Muzeja grada Koprivnice, zbirci ambala\u017ee Muzeja prehrane Podravka te na predmetima sa\u010duvanima u slu\u017ebi Ambala\u017ea i dizajn, odnosno Marketingu Podravke. Sinergija ba\u0161tinske ustanove i privrede omogu\u0107ila je istra\u017eivanje povijesti dizajna i ambala\u017ee te evoluciju percepcije i recepcije dodatka jelima stvorenog u tvorni\u010dkom laboratoriju Prehrambene industrije Podravka u Koprivnici.<\/p>\n<p>Pri\u010da o razvoju i evoluciji marke proizvoda\u00a0 koja je u \u0161est desetlje\u0107a postala jedan od najzna\u010dajnijih hrvatskih brendova mogla bi se u kontekstu industrijske povijesti 20. stolje\u0107a temeljiti na povijesti istra\u017eivanja i razvoja tehnologije, ekonomske povijesti i povijesti marketinga i ogla\u0161avanja, no naglasak je ovom prilikom stavljen na povijesni razvoj ambala\u017ee i grafi\u010dkog dizajna Vegete te pregled agencijskog dizajna kroz \u0161est desetlje\u0107a. Vegeta kao predmet istra\u017eivanja u kontekstu povijesti primijenjenih umjetnosti i dizajna u 20. stolje\u0107u odra\u017eava prostor, vrijeme i ljude koji su je stvarali, razvijali i mijenjali u skladu sa zahtjevima vremena i tr\u017ei\u0161ta. Muzejska pri\u010da o industrijskoj ba\u0161tini Podravke i Vegete nije samo pri\u010da o oblikovanju ambala\u017ee i likovnim rje\u0161enjima grafi\u010dkog dizajna i redizajna ili o razvoju i evoluciji brenda. (\u2026)<\/p>\n<p>Izlo\u017eba u galeriji Hrvatskog dizajnerskog dru\u0161tva ima daleko dublje simboli\u010dno zna\u010denje nego \u0161to se to na prvi pogled \u010dini. Na razini <em>kustoskog koncepta <\/em>i pri\u010de o razvoju i evoluciji ambala\u017ee te grafi\u010dkom dizajnu jednog dugovje\u010dnog hrvatskog <em>brenda<\/em>, izlo\u017eba o Vegeti pri\u010da je o prostoru, vremenu i ljudima. Istra\u017eivanju i razvoju Ideja. Inovaciji. Kreaciji. Emocijama. Preispitivanju i analiti\u010dkom pristupu. Potrebi za novim spoznajama, novim tr\u017ei\u0161tima, novom izgledu ambala\u017ee.<\/p>\n<p>U takvoj percepciji le\u017ei snaga Vegete kao <em>brenda<\/em>, a inovativnost u razvoju ambala\u017ee i industrijskom dizajnu osnova je timske kreacije koja ve\u0107 \u0161est desetlje\u0107a postavlja nove trendove, u kojoj su dizajneri ambala\u017ee i grafi\u010dki dizajneri tek malen, ali bitan dio kolektivne (agencijske) pri\u010de. Stavljanje naglaska na industrijski i grafi\u010dki dizajn najpoznatijeg <em>hrvatskog za\u010dina<\/em>, stru\u010dnjake za marketing i ogla\u0161avanje, <em>ljude iz agencije<\/em>, kreativne i umjetni\u010dke direktore, dizajnere, ilustratore i tipografe, malen je, ali va\u017ean prilog istra\u017eivanju povijesti dizajna i vizualnih komunikacija na ovim prostorima.\u201c<\/p>\n<p>&nbsp;<\/p>\n<p><strong>VEGETA 60 \u2013 PAKETI\u0106 POVIJESTI: Dizajn i evolucija Vegete od 1959. do 2019.<\/strong><strong><br \/>\nHDD galerija 31.1. \u2013 18.2.2020.<\/strong><\/p>\n<p><strong>Autorica i kustosica izlo\u017ebe<\/strong>: Dra\u017eenka Jal\u0161i\u0107 Erne\u010di\u0107<br \/>\n<strong>Produkcija izlo\u017ebe<\/strong>: Muzej grada Koprivnice i Podravka d.d., Koprivnica<br \/>\n<strong>Organizacija izlo\u017ebe<\/strong>: Muzej grada Koprivnice, Podravka i Hrvatsko dizajnersko dru\u0161tvo<br \/>\n<strong>Prostorna koncepcija i postav izlo\u017ebe<\/strong>: Brigada<strong><br \/>\nVizualni identitet izlo\u017ebe i dizajn kataloga<\/strong>: Bruketa&amp;\u017dini\u0107&amp;Grey d.o.o.<br \/>\n<strong>Autorica kataloga<\/strong>: Dra\u017eenka Jal\u0161i\u0107 Erne\u010di\u0107<br \/>\n<strong>Glavna i odgovorna urednica<\/strong>: Sanja Garaj Milo\u0161<br \/>\n<strong>Lektura i prijevod<\/strong>: Papel d.o.o.<br \/>\n<strong>Fotografije<\/strong>: Boris Berc, Arhiva Podravka d.d. Koprivnica<br \/>\n<strong>Hrvatsko dizajnersko dru\u0161tvo \/ HDD galerija<\/strong><br \/>\nBo\u0161kovi\u0107eva 18, Zagreb<br \/>\nradno vrijeme: pon \u2013 pet, 10 \u2013 20h<br \/>\n<a href=\"http:\/\/www.dizajn.hr\">www.dizajn.hr<\/a><\/p>\n<p><strong>Voditelj galerije<\/strong>: Marko Golub<br \/>\n<strong>Asistentica voditelja<\/strong>: Ora Mu\u0161\u0107et<\/p>\n<p>Program HDD galerije podr\u017ean je od Ministarstva kulture Republike Hrvatske i Gradskog ureda za kulturu Grada Zagreba. Izlo\u017ebeni i diskurzivni program HDD galerije sufinanciran je sredstvima Zaklade Kultura Nova. Sponzori tiska HDD galerije: Ars kopija, Cerovski print boutique<\/p>\n<p>&nbsp;<\/p>\n<p>Izvor: <a href=\"http:\/\/dizajn.hr\/blog\/vegeta-60-paketic-povijesti-dizajn-evolucija-vegete-izlozba\/\">http:\/\/dizajn.hr\/blog\/vegeta-60-paketic-povijesti-dizajn-evolucija-vegete-izlozba\/<\/a><\/p>\n<p>&nbsp;<\/p>\n<p>&nbsp;<\/p>\n<p>&nbsp;<\/p>\n","protected":false},"excerpt":{"rendered":"","protected":false},"author":2,"featured_media":18989,"comment_status":"open","ping_status":"open","sticky":false,"template":"","format":"standard","meta":{"_acf_changed":false,"jetpack_post_was_ever_published":false,"_jetpack_newsletter_access":"","_jetpack_dont_email_post_to_subs":false,"_jetpack_newsletter_tier_id":0,"_jetpack_memberships_contains_paywalled_content":false,"_jetpack_memberships_contains_paid_content":false,"footnotes":"","jetpack_publicize_message":"","jetpack_publicize_feature_enabled":true,"jetpack_social_post_already_shared":true,"jetpack_social_options":{"image_generator_settings":{"template":"highway","default_image_id":0,"font":"","enabled":false},"version":2}},"categories":[10,3],"tags":[],"class_list":["post-18988","post","type-post","status-publish","format-standard","has-post-thumbnail","hentry","category-izlozbe","category-novosti"],"acf":{"facebook_opis":""},"jetpack_publicize_connections":[],"jetpack_featured_media_url":"https:\/\/i0.wp.com\/historiografija.hr\/wp-content\/uploads\/2020\/02\/paketic-povijesti.jpg?fit=900%2C600&ssl=1","jetpack_sharing_enabled":true,"jetpack-related-posts":[{"id":52760,"url":"https:\/\/historiografija.hr\/?p=52760","url_meta":{"origin":18988,"position":0},"title":"Izlo\u017eba \u201cLo\u0161injski brodovi, njihove zastave i ljudi\u201d, 4. svibnja u 19h","author":"Filip \u0160imunjak","date":"30. travnja 2026.","format":false,"excerpt":"Hrvatski pomorski muzej Split, Glagolja\u0161a 18 (Tvr\u0111ava Gripe) Nakon \u0161to je u rujnu 2025. godine na otoku Lo\u0161inju, u suradnji Lo\u0161injskog muzeja i Hrvatskog pomorskog muzeja Split, predstavljena izlo\u017eba posve\u0107ena bogatoj pomorskoj ba\u0161tini otoka, njezino pro\u0161ireno izdanje postavlja se u Splitu. Uo\u010di blagdana svetog Dujma splitskoj \u0107e se publici predstaviti\u2026","rel":"","context":"U &quot;Izlo\u017ebe&quot;","block_context":{"text":"Izlo\u017ebe","link":"https:\/\/historiografija.hr\/?cat=10"},"img":{"alt_text":"","src":"https:\/\/i0.wp.com\/historiografija.hr\/wp-content\/uploads\/2026\/04\/Losinjski-brodovi-Izlozba-1-scaled.webp?fit=840%2C1200&ssl=1&resize=350%2C200","width":350,"height":200,"srcset":"https:\/\/i0.wp.com\/historiografija.hr\/wp-content\/uploads\/2026\/04\/Losinjski-brodovi-Izlozba-1-scaled.webp?fit=840%2C1200&ssl=1&resize=350%2C200 1x, https:\/\/i0.wp.com\/historiografija.hr\/wp-content\/uploads\/2026\/04\/Losinjski-brodovi-Izlozba-1-scaled.webp?fit=840%2C1200&ssl=1&resize=525%2C300 1.5x, https:\/\/i0.wp.com\/historiografija.hr\/wp-content\/uploads\/2026\/04\/Losinjski-brodovi-Izlozba-1-scaled.webp?fit=840%2C1200&ssl=1&resize=700%2C400 2x"},"classes":[]},{"id":52575,"url":"https:\/\/historiografija.hr\/?p=52575","url_meta":{"origin":18988,"position":1},"title":"Izlo\u017eba dje\u010djih radova \u201cU po\u010detku bija\u0161e crte\u017e\u2026\u201d","author":"Branimir Jankovi\u0107","date":"21. travnja 2026.","format":false,"excerpt":"U subotu, 25. travnja 2026. u 11 sati u Galeriji Klovi\u0107evi dvori sve\u010dano otvaramo izlo\u017ebu dje\u010djih radova pod nazivom U po\u010detku bija\u0161e crte\u017e\u2026 Radovi su nastali u sklopu likovnih radionica uz izlo\u017ebu U po\u010detku bija\u0161e kraljevstvo \u2013 izlo\u017eba povodom 1100 godina Hrvatskoga Kraljevstva. Na brojnim likovnim radionicama, uz \u0161kolsku djecu,\u2026","rel":"","context":"U &quot;Izlo\u017ebe&quot;","block_context":{"text":"Izlo\u017ebe","link":"https:\/\/historiografija.hr\/?cat=10"},"img":{"alt_text":"","src":"https:\/\/i0.wp.com\/historiografija.hr\/wp-content\/uploads\/2025\/10\/Klovicevi_sluzbeni-plakat.png?fit=840%2C1200&ssl=1&resize=350%2C200","width":350,"height":200,"srcset":"https:\/\/i0.wp.com\/historiografija.hr\/wp-content\/uploads\/2025\/10\/Klovicevi_sluzbeni-plakat.png?fit=840%2C1200&ssl=1&resize=350%2C200 1x, https:\/\/i0.wp.com\/historiografija.hr\/wp-content\/uploads\/2025\/10\/Klovicevi_sluzbeni-plakat.png?fit=840%2C1200&ssl=1&resize=525%2C300 1.5x, https:\/\/i0.wp.com\/historiografija.hr\/wp-content\/uploads\/2025\/10\/Klovicevi_sluzbeni-plakat.png?fit=840%2C1200&ssl=1&resize=700%2C400 2x"},"classes":[]},{"id":52666,"url":"https:\/\/historiografija.hr\/?p=52666","url_meta":{"origin":18988,"position":2},"title":"Najava programa Festivala povijesti Kliofest (5-8. V. 2026)","author":"Branimir Jankovi\u0107","date":"24. travnja 2026.","format":false,"excerpt":"Po trinaesti put odr\u017eava se Festival povijesti Kliofest! Do petka \u0107emo odr\u017eati osam okruglih stolova i dva kolokvija te niz predstavljanja knjiga i projekata razli\u010dite tematike, od antike do suvremenosti. Bit \u0107e predstavljeno i nekoliko izlo\u017ebi te odr\u017ean jedan povijesni kviz. Prikazat \u0107emo i jedan film \u2013 o generalu Boroevi\u0107u.\u2026","rel":"","context":"U &quot;Novosti&quot;","block_context":{"text":"Novosti","link":"https:\/\/historiografija.hr\/?cat=3"},"img":{"alt_text":"","src":"https:\/\/i0.wp.com\/historiografija.hr\/wp-content\/uploads\/2026\/04\/Kliofest-2026.jpg?fit=526%2C526&ssl=1&resize=350%2C200","width":350,"height":200,"srcset":"https:\/\/i0.wp.com\/historiografija.hr\/wp-content\/uploads\/2026\/04\/Kliofest-2026.jpg?fit=526%2C526&ssl=1&resize=350%2C200 1x, https:\/\/i0.wp.com\/historiografija.hr\/wp-content\/uploads\/2026\/04\/Kliofest-2026.jpg?fit=526%2C526&ssl=1&resize=525%2C300 1.5x"},"classes":[]},{"id":52511,"url":"https:\/\/historiografija.hr\/?p=52511","url_meta":{"origin":18988,"position":3},"title":"Izlo\u017eba &#8220;Lica Sljemena&#8221;","author":"Branimir Jankovi\u0107","date":"17. travnja 2026.","format":false,"excerpt":"Srda\u010dno vas pozivamo na otvorenje izlo\u017ebe Lica Sljemena koje \u0107e se odr\u017eati u srijedu 22. travnja 2026. u 18 h ispred Muzeja Prigorja (Trg Dragutina Domjani\u0107a 5, Sesvete). Izlo\u017eba proizlazi iz istra\u017eivanja Nevene \u0160krbi\u0107 Alempijevi\u0107, Petre Kelemen i Sanje Potkonjak te intervjua sa Sljemena\u0161icama i Sljemena\u0161ima, koji su provedeni u\u2026","rel":"","context":"U &quot;Izlo\u017ebe&quot;","block_context":{"text":"Izlo\u017ebe","link":"https:\/\/historiografija.hr\/?cat=10"},"img":{"alt_text":"","src":"https:\/\/i0.wp.com\/historiografija.hr\/wp-content\/uploads\/2026\/04\/Izlozba-Lica-Sljemena.png?fit=1080%2C686&ssl=1&resize=350%2C200","width":350,"height":200,"srcset":"https:\/\/i0.wp.com\/historiografija.hr\/wp-content\/uploads\/2026\/04\/Izlozba-Lica-Sljemena.png?fit=1080%2C686&ssl=1&resize=350%2C200 1x, https:\/\/i0.wp.com\/historiografija.hr\/wp-content\/uploads\/2026\/04\/Izlozba-Lica-Sljemena.png?fit=1080%2C686&ssl=1&resize=525%2C300 1.5x, https:\/\/i0.wp.com\/historiografija.hr\/wp-content\/uploads\/2026\/04\/Izlozba-Lica-Sljemena.png?fit=1080%2C686&ssl=1&resize=700%2C400 2x, https:\/\/i0.wp.com\/historiografija.hr\/wp-content\/uploads\/2026\/04\/Izlozba-Lica-Sljemena.png?fit=1080%2C686&ssl=1&resize=1050%2C600 3x"},"classes":[]},{"id":52505,"url":"https:\/\/historiografija.hr\/?p=52505","url_meta":{"origin":18988,"position":4},"title":"Izlo\u017eba &#8220;Eschenstock \/ Jasenov prut&#8221;","author":"Branimir Jankovi\u0107","date":"17. travnja 2026.","format":false,"excerpt":"Srpsko narodno vije\u0107e (SNV) i Vizura aperta postavljaju izlo\u017ebu \u0161vicarskog slikara Velimira Ili\u0161evi\u0107a: Eschenstock \/ Jasenov prut. Izlo\u017eba se uz prisustvo autora otvara povodom 81. godi\u0161njice proboja logora\u0161a iz usta\u0161kog logora smrti Jasenovac 22. aprila 2026. u 19 sati u Srpskom kulturnom centru (SKC) u Preradovi\u0107evoj ulici 21 u Zagrebu.\u2026","rel":"","context":"U &quot;Izlo\u017ebe&quot;","block_context":{"text":"Izlo\u017ebe","link":"https:\/\/historiografija.hr\/?cat=10"},"img":{"alt_text":"","src":"https:\/\/i0.wp.com\/historiografija.hr\/wp-content\/uploads\/2026\/04\/Jasenov_prut.jpg?fit=1024%2C640&ssl=1&resize=350%2C200","width":350,"height":200,"srcset":"https:\/\/i0.wp.com\/historiografija.hr\/wp-content\/uploads\/2026\/04\/Jasenov_prut.jpg?fit=1024%2C640&ssl=1&resize=350%2C200 1x, https:\/\/i0.wp.com\/historiografija.hr\/wp-content\/uploads\/2026\/04\/Jasenov_prut.jpg?fit=1024%2C640&ssl=1&resize=525%2C300 1.5x, https:\/\/i0.wp.com\/historiografija.hr\/wp-content\/uploads\/2026\/04\/Jasenov_prut.jpg?fit=1024%2C640&ssl=1&resize=700%2C400 2x"},"classes":[]},{"id":52681,"url":"https:\/\/historiografija.hr\/?p=52681","url_meta":{"origin":18988,"position":5},"title":"XIII. Festival povijesti Kliofest 2026.","author":"Branimir Jankovi\u0107","date":"27. travnja 2026.","format":false,"excerpt":"Trinaesti Festival povijesti Kliofest odr\u017eava se od 5. do 8. svibnja 2026. u Nacionalnoj i sveu\u010dili\u0161noj knji\u017enici u Zagrebu, kao i na nekoliko drugih lokacija u gradu. Cjelokupni program nalazi se u programskoj knji\u017eici u nastavku. Festival povijesti Kliofest - 2026 - ProgramPreuzmi","rel":"","context":"U &quot;Prikazi i osvrti&quot;","block_context":{"text":"Prikazi i osvrti","link":"https:\/\/historiografija.hr\/?cat=4"},"img":{"alt_text":"","src":"","width":0,"height":0},"classes":[]}],"_links":{"self":[{"href":"https:\/\/historiografija.hr\/index.php?rest_route=\/wp\/v2\/posts\/18988","targetHints":{"allow":["GET"]}}],"collection":[{"href":"https:\/\/historiografija.hr\/index.php?rest_route=\/wp\/v2\/posts"}],"about":[{"href":"https:\/\/historiografija.hr\/index.php?rest_route=\/wp\/v2\/types\/post"}],"author":[{"embeddable":true,"href":"https:\/\/historiografija.hr\/index.php?rest_route=\/wp\/v2\/users\/2"}],"replies":[{"embeddable":true,"href":"https:\/\/historiografija.hr\/index.php?rest_route=%2Fwp%2Fv2%2Fcomments&post=18988"}],"version-history":[{"count":1,"href":"https:\/\/historiografija.hr\/index.php?rest_route=\/wp\/v2\/posts\/18988\/revisions"}],"predecessor-version":[{"id":18990,"href":"https:\/\/historiografija.hr\/index.php?rest_route=\/wp\/v2\/posts\/18988\/revisions\/18990"}],"wp:featuredmedia":[{"embeddable":true,"href":"https:\/\/historiografija.hr\/index.php?rest_route=\/wp\/v2\/media\/18989"}],"wp:attachment":[{"href":"https:\/\/historiografija.hr\/index.php?rest_route=%2Fwp%2Fv2%2Fmedia&parent=18988"}],"wp:term":[{"taxonomy":"category","embeddable":true,"href":"https:\/\/historiografija.hr\/index.php?rest_route=%2Fwp%2Fv2%2Fcategories&post=18988"},{"taxonomy":"post_tag","embeddable":true,"href":"https:\/\/historiografija.hr\/index.php?rest_route=%2Fwp%2Fv2%2Ftags&post=18988"}],"curies":[{"name":"wp","href":"https:\/\/api.w.org\/{rel}","templated":true}]}}