{"id":18970,"date":"2020-02-01T13:41:42","date_gmt":"2020-02-01T13:41:42","guid":{"rendered":"http:\/\/historiografija.hr\/?p=18970"},"modified":"2020-02-01T13:57:06","modified_gmt":"2020-02-01T13:57:06","slug":"call-for-papers-and-panels-the-making-of-the-humanities-ix-barcelona-21-23-september-2020","status":"publish","type":"post","link":"https:\/\/historiografija.hr\/?p=18970","title":{"rendered":"Call for Papers and Panels \u2018The Making of the Humanities IX\u2019 (Barcelona, 21-23 September, 2020)"},"content":{"rendered":"<p>The Universitat Pompeu Fabra (UPF) together with the Universitat Oberta de Catalunya (UOC) will host the 9th Making of the Humanities conference, from 21 till 23 September 2020, at the facilities of the UPF Faculty of Humanities, Ciutadella Campus, Jaume I building.<\/p>\n<p><strong>Goal of the Making of the Humanities (MoH) Conferences<\/strong><\/p>\n<p>The MoH conferences are organized by the <a href=\"http:\/\/www.historyofhumanities.org\/\">Society for the History of the Humanities<\/a> and bring together scholars and historians interested in the history of a wide variety of disciplines, including archaeology, art history, historiography, linguistics, literary studies, media studies, musicology, and philology, tracing these fields from their earliest developments to the modern day.<\/p>\n<p>We welcome panels and papers on any period or region. We are especially interested in work that transcends the history of specific humanities disciplines by comparing scholarly practices across disciplines and civilisations.<\/p>\n<p>This year there is a special conference theme. We encourage submissions that explore this theme, but remain fully open to submissions addressing other subjects.<\/p>\n<p>This year\u2019s conference theme is <strong>Unfolding Disciplines in the History of the Humanities.\u00a0\u00a0<\/strong><\/p>\n<p>A growing body of scholarship suggests that the historiography of the humanities is increasingly organized around new interdisciplinary collaborations that affect the very understanding of what it means to belong to a Humanities discipline. This year we invite contributions that interlace different disciplinary approaches in order to frame humanistic scholarship in terms of a continued engagement with the limits and possibilities offered by the softening and even erasure of disciplinary boundaries. Participants are also encouraged to think expansively about the impact of the ongoing process of reinvention of established as well as new disciplinary fields as a result of increased cross-pollination and collaboration.<\/p>\n<p>Please note that the Making of the Humanities conferences are not concerned with the history of art, the history of music or the history of literature, and so on, but instead with the history of art history, the history of musicology, the history of literary studies, etc.<\/p>\n<p><strong>Keynote Speakers MoH-IX<\/strong><\/p>\n<p>Cristina Dondi (Oxford University): \u201cThe history of the book and libraries: from bibliophilia to social and economic history\u201d<\/p>\n<p>Maribel Fierro (CCHS-CSIC Madrid): \u201cIberian humanities and the historical experience of religious pluralism\u201d<\/p>\n<p>Third keynote speaker to be announced.<\/p>\n<p><strong>Paper Submissions<\/strong><\/p>\n<p>Abstracts of single papers (30 minutes including discussion) should contain the name of the speaker, full contact address (including email address), the title and a summary of the paper of maximally 250 words. For more information about submitting abstracts, see the <a href=\"http:\/\/www.historyofhumanities.org\/how-to-submit-your-papers-and-panel-proposals-to-the-making-of-humanities-vii\/\">submission page<\/a>.<\/p>\n<p>Deadline for abstracts: <strong>7 May 2020<\/strong><\/p>\n<p>Notification of acceptance: June 2020<\/p>\n<p><strong>Panel Submissions<\/strong><\/p>\n<p>Panels last 1.5 to 2 hours and can consist of 3-4 papers and possibly a commentary on a coherent theme including discussion. Panel proposals should contain respectively the name of the chair, the names of the speakers and commentator, full contact addresses (including email addresses), the title of the panel, a short (150 words) description of the panel\u2019s content and for each paper an abstract of maximally 250 words. For more information about submitting panels, see the <a href=\"http:\/\/www.historyofhumanities.org\/how-to-submit-your-papers-and-panel-proposals-to-the-making-of-humanities-vii\/\">submission page<\/a>.<\/p>\n<p>Deadline for panel proposals: <strong>7 May 2020<\/strong><\/p>\n<p>Notification of acceptance: June 2020<\/p>\n<p><strong>Conference fee<\/strong><\/p>\n<p>The exact conference fee will be determined in spring 2020 and will be ca. \u20ac100 for regular participants and ca. \u20ac80 for PhD students. The fee includes access to all sessions, access to the welcoming reception, simple lunches, and tea and\/or coffee during the breaks.<\/p>\n<p>&nbsp;<\/p>\n<blockquote class=\"wp-embedded-content\" data-secret=\"LLeV19sN64\"><p><a href=\"http:\/\/www.historyofhumanities.org\/2019\/12\/13\/call-for-papers-and-panels-the-making-of-the-humanities-ix\/\">Call for Papers and Panels &#8216;The Making of the Humanities IX&#8217;, Barcelona<\/a><\/p><\/blockquote>\n<p><iframe loading=\"lazy\" class=\"wp-embedded-content\" sandbox=\"allow-scripts\" security=\"restricted\" style=\"position: absolute; clip: rect(1px, 1px, 1px, 1px);\" src=\"http:\/\/www.historyofhumanities.org\/2019\/12\/13\/call-for-papers-and-panels-the-making-of-the-humanities-ix\/embed\/#?secret=LLeV19sN64\" data-secret=\"LLeV19sN64\" width=\"600\" height=\"338\" title=\"&#8220;Call for Papers and Panels &#8216;The Making of the Humanities IX&#8217;, Barcelona&#8221; &#8212; Society for the History of the Humanities\" frameborder=\"0\" marginwidth=\"0\" marginheight=\"0\" scrolling=\"no\"><\/iframe><\/p>\n<p>&nbsp;<\/p>\n<p>&nbsp;<\/p>\n","protected":false},"excerpt":{"rendered":"","protected":false},"author":2,"featured_media":18971,"comment_status":"open","ping_status":"open","sticky":false,"template":"","format":"standard","meta":{"_acf_changed":false,"jetpack_post_was_ever_published":false,"_jetpack_newsletter_access":"","_jetpack_dont_email_post_to_subs":false,"_jetpack_newsletter_tier_id":0,"_jetpack_memberships_contains_paywalled_content":false,"_jetpack_memberships_contains_paid_content":false,"footnotes":"","jetpack_publicize_message":"","jetpack_publicize_feature_enabled":true,"jetpack_social_post_already_shared":true,"jetpack_social_options":{"image_generator_settings":{"template":"highway","default_image_id":0,"font":"","enabled":false},"version":2}},"categories":[3,9],"tags":[],"class_list":["post-18970","post","type-post","status-publish","format-standard","has-post-thumbnail","hentry","category-novosti","category-skupovi"],"acf":{"facebook_opis":""},"jetpack_publicize_connections":[],"jetpack_featured_media_url":"https:\/\/i0.wp.com\/historiografija.hr\/wp-content\/uploads\/2020\/02\/history-of-humanities.png?fit=642%2C276&ssl=1","jetpack_sharing_enabled":true,"jetpack-related-posts":[{"id":52664,"url":"https:\/\/historiografija.hr\/?p=52664","url_meta":{"origin":18970,"position":0},"title":"CfP: CONFERENCE OF THE HISTORY OF CONCEPTS GROUP, HELSINKI, 19TH\u201321ST AUGUST 2026 (DEADLINE: 30TH APRIL 2026)","author":"Branimir Jankovi\u0107","date":"24. travnja 2026.","format":false,"excerpt":"The annual conference of the History of Concepts Group is held at the University of Helsinki, 19-21 August 2026. Conference of the History of Concepts Group Conceptual history studies the use of concepts and tries to understand how historical actors have linguistically articulated views of the world. Studying concepts from\u2026","rel":"","context":"U &quot;Novosti&quot;","block_context":{"text":"Novosti","link":"https:\/\/historiografija.hr\/?cat=3"},"img":{"alt_text":"","src":"https:\/\/i0.wp.com\/historiografija.hr\/wp-content\/uploads\/2017\/10\/hsozkult.png?fit=1006%2C241&ssl=1&resize=350%2C200","width":350,"height":200,"srcset":"https:\/\/i0.wp.com\/historiografija.hr\/wp-content\/uploads\/2017\/10\/hsozkult.png?fit=1006%2C241&ssl=1&resize=350%2C200 1x, https:\/\/i0.wp.com\/historiografija.hr\/wp-content\/uploads\/2017\/10\/hsozkult.png?fit=1006%2C241&ssl=1&resize=525%2C300 1.5x, https:\/\/i0.wp.com\/historiografija.hr\/wp-content\/uploads\/2017\/10\/hsozkult.png?fit=1006%2C241&ssl=1&resize=700%2C400 2x"},"classes":[]},{"id":52643,"url":"https:\/\/historiografija.hr\/?p=52643","url_meta":{"origin":18970,"position":1},"title":"BRACEWELL TRAVELLING SCHOLARSHIP\u202fFOR PHD STUDENTS (DEADLINE: 30TH APRIL 2026)","author":"Branimir Jankovi\u0107","date":"24. travnja 2026.","format":false,"excerpt":"The Bracewell Travelling Scholarship\u202fis funded by a gift from SSEES Emeritus Professor of History Wendy Bracewell, whose research examines South Slav history, and travel writing in eastern Europe. The Scholarship honours the long tradition of mutual curiosity between the UK and eastern, central and southeastern Europe by supporting PhD students\u2026","rel":"","context":"U &quot;Novosti&quot;","block_context":{"text":"Novosti","link":"https:\/\/historiografija.hr\/?cat=3"},"img":{"alt_text":"","src":"https:\/\/i0.wp.com\/historiografija.hr\/wp-content\/uploads\/2026\/04\/Bracewell-Travelling-Scholarship-.webp?fit=980%2C700&ssl=1&resize=350%2C200","width":350,"height":200,"srcset":"https:\/\/i0.wp.com\/historiografija.hr\/wp-content\/uploads\/2026\/04\/Bracewell-Travelling-Scholarship-.webp?fit=980%2C700&ssl=1&resize=350%2C200 1x, https:\/\/i0.wp.com\/historiografija.hr\/wp-content\/uploads\/2026\/04\/Bracewell-Travelling-Scholarship-.webp?fit=980%2C700&ssl=1&resize=525%2C300 1.5x, https:\/\/i0.wp.com\/historiografija.hr\/wp-content\/uploads\/2026\/04\/Bracewell-Travelling-Scholarship-.webp?fit=980%2C700&ssl=1&resize=700%2C400 2x"},"classes":[]},{"id":52641,"url":"https:\/\/historiografija.hr\/?p=52641","url_meta":{"origin":18970,"position":2},"title":"CfP: WHO OWNS THE PAST? VERNACULAR MEMORY, STATE MEMORY, AND THE POLITICS OF OWNERSHIP","author":"Branimir Jankovi\u0107","date":"24. travnja 2026.","format":false,"excerpt":"VIENNA, 31ST AUGUST\u20133RD SEPTEMBER 2026 (DEADLINE: 24TH APRIL 2026) The Center for Austrian Studies at the European Forum at the Hebrew University and the Austrian Academy of Sciences\/Institute of Culture Studies invite early postdocs, PhD candidates, and advanced Master\u2019s students from the Hebrew University of Jerusalem and universities and academic\u2026","rel":"","context":"U &quot;Novosti&quot;","block_context":{"text":"Novosti","link":"https:\/\/historiografija.hr\/?cat=3"},"img":{"alt_text":"","src":"https:\/\/i0.wp.com\/historiografija.hr\/wp-content\/uploads\/2017\/10\/hsozkult.png?fit=1006%2C241&ssl=1&resize=350%2C200","width":350,"height":200,"srcset":"https:\/\/i0.wp.com\/historiografija.hr\/wp-content\/uploads\/2017\/10\/hsozkult.png?fit=1006%2C241&ssl=1&resize=350%2C200 1x, https:\/\/i0.wp.com\/historiografija.hr\/wp-content\/uploads\/2017\/10\/hsozkult.png?fit=1006%2C241&ssl=1&resize=525%2C300 1.5x, https:\/\/i0.wp.com\/historiografija.hr\/wp-content\/uploads\/2017\/10\/hsozkult.png?fit=1006%2C241&ssl=1&resize=700%2C400 2x"},"classes":[]},{"id":52622,"url":"https:\/\/historiografija.hr\/?p=52622","url_meta":{"origin":18970,"position":3},"title":"Annual CAPONEU conference: Political Novel in Europe Between Democracy and Authoritarianism","author":"Branimir Jankovi\u0107","date":"23. travnja 2026.","format":false,"excerpt":"Caponeu event 22.04.2026 - 24.04.2026 Location: The Faculty of Polish and Classical Philology AMU (Fredry 10, Pozna\u0144)Organized by: Tomasz Mizerkiewicz, Krystyna Pieni\u0105\u017cek-Markovi\u0107, Anna Gawarecka, Ewa Szperlik, Magda Potok, B\u0142a\u017cej Warkocki, Gerard Ronge (all Adam Mickiewicz University in Pozna\u0144)Contact: gerron@amu.edu.pl The Adam Mickiewicz University team, as part of the international CAPONEU\u2026","rel":"","context":"U &quot;Novosti&quot;","block_context":{"text":"Novosti","link":"https:\/\/historiografija.hr\/?cat=3"},"img":{"alt_text":"","src":"https:\/\/i0.wp.com\/historiografija.hr\/wp-content\/uploads\/2026\/04\/Caponeu-political-novel.jpg?fit=500%2C261&ssl=1&resize=350%2C200","width":350,"height":200},"classes":[]},{"id":52531,"url":"https:\/\/historiografija.hr\/?p=52531","url_meta":{"origin":18970,"position":4},"title":"Jonathan G. Leslie, \u201eFear and Insecurity: Israel and the Iran Threat Narrative\u201c","author":"Branimir Jankovi\u0107","date":"17. travnja 2026.","format":false,"excerpt":"Why is Israel\u2019s former ally Iran now perceived as the country\u2019s greatest threat? Description To observers of the Iran-Israel conflict, its vitriolic rhetoric might suggest an ancient hatred between Jews and Muslims\u2013a biblical feud dating back hundreds, or thousands, of years. But this rivalry is a far more modern development.\u2026","rel":"","context":"U &quot;Knjige&quot;","block_context":{"text":"Knjige","link":"https:\/\/historiografija.hr\/?cat=8"},"img":{"alt_text":"","src":"https:\/\/i0.wp.com\/historiografija.hr\/wp-content\/uploads\/2026\/04\/Leslie.jpg?fit=391%2C612&ssl=1&resize=350%2C200","width":350,"height":200},"classes":[]},{"id":52625,"url":"https:\/\/historiografija.hr\/?p=52625","url_meta":{"origin":18970,"position":5},"title":"Omer Bartov, \u201eIsrael: What Went Wrong?\u201c","author":"Branimir Jankovi\u0107","date":"23. travnja 2026.","format":false,"excerpt":"Professor Omer Bartov was born on a kibbutz, grew up in Tel Aviv and served in the Israel Defence Forces during the Yom Kippur War. He went on to become an expert on the German army and the Holocaust, before turning his attention to his native country.In Israel: What Went\u2026","rel":"","context":"U &quot;Knjige&quot;","block_context":{"text":"Knjige","link":"https:\/\/historiografija.hr\/?cat=8"},"img":{"alt_text":"","src":"https:\/\/i0.wp.com\/historiografija.hr\/wp-content\/uploads\/2026\/04\/Bartov.jpeg?fit=320%2C500&ssl=1&resize=350%2C200","width":350,"height":200},"classes":[]}],"_links":{"self":[{"href":"https:\/\/historiografija.hr\/index.php?rest_route=\/wp\/v2\/posts\/18970","targetHints":{"allow":["GET"]}}],"collection":[{"href":"https:\/\/historiografija.hr\/index.php?rest_route=\/wp\/v2\/posts"}],"about":[{"href":"https:\/\/historiografija.hr\/index.php?rest_route=\/wp\/v2\/types\/post"}],"author":[{"embeddable":true,"href":"https:\/\/historiografija.hr\/index.php?rest_route=\/wp\/v2\/users\/2"}],"replies":[{"embeddable":true,"href":"https:\/\/historiografija.hr\/index.php?rest_route=%2Fwp%2Fv2%2Fcomments&post=18970"}],"version-history":[{"count":2,"href":"https:\/\/historiografija.hr\/index.php?rest_route=\/wp\/v2\/posts\/18970\/revisions"}],"predecessor-version":[{"id":18979,"href":"https:\/\/historiografija.hr\/index.php?rest_route=\/wp\/v2\/posts\/18970\/revisions\/18979"}],"wp:featuredmedia":[{"embeddable":true,"href":"https:\/\/historiografija.hr\/index.php?rest_route=\/wp\/v2\/media\/18971"}],"wp:attachment":[{"href":"https:\/\/historiografija.hr\/index.php?rest_route=%2Fwp%2Fv2%2Fmedia&parent=18970"}],"wp:term":[{"taxonomy":"category","embeddable":true,"href":"https:\/\/historiografija.hr\/index.php?rest_route=%2Fwp%2Fv2%2Fcategories&post=18970"},{"taxonomy":"post_tag","embeddable":true,"href":"https:\/\/historiografija.hr\/index.php?rest_route=%2Fwp%2Fv2%2Ftags&post=18970"}],"curies":[{"name":"wp","href":"https:\/\/api.w.org\/{rel}","templated":true}]}}