{"id":18945,"date":"2020-01-31T13:39:50","date_gmt":"2020-01-31T13:39:50","guid":{"rendered":"http:\/\/historiografija.hr\/?p=18945"},"modified":"2020-01-31T13:39:50","modified_gmt":"2020-01-31T13:39:50","slug":"noc-muzeja-2020-u-dubrovackim-muzejima","status":"publish","type":"post","link":"https:\/\/historiografija.hr\/?p=18945","title":{"rendered":"No\u0107 muzeja 2020. u Dubrova\u010dkim muzejima"},"content":{"rendered":"<p>\u010citaonicom stripa \u201cIntervju s Orlandom\u201d i nagradnim kvizom za djecu od 10 do 12 godina, te radionicom bojanja za pred\u0161kolce u petak, 31. sije\u010dnja u 18 sati u Kne\u017eevu dvoru \u0107e zapo\u010deti 14. dubrova\u010dka No\u0107 muzeja. Muzejski pedagog pripravnik Bruno Bija\u0111ija voditelj je oba programa bazirana na stripu kojeg je, u okviru obilje\u017eavanja 600. obljetnice postavljanja Orlandova stupa, pro\u0161le godine realizirala vi\u0161a muzejska pedagoginja Dubrova\u010dkih muzeja Aleksandra Pite\u0161a. Sudionici \u0107e nau\u010diti za\u0161to se Orlando zove jo\u0161 i Roland, \u010diji je vitez bio, kako se legenda o njemu pro\u0161irila Europom, kako je stigao u na\u0161 Grad i kakva je bila njegova uloga u njemu, \u010dega se sve nagledao u ovih 600 godina i je li oduvijek gledao prema Sr\u0111u.<\/p>\n<p>&nbsp;<\/p>\n<p>Sukladno temi ovogodi\u0161nje No\u0107i muzeja, bogat program Dubrova\u010dkih muzeja bit \u0107e ispunjen predavanjima, radionicama i prezentacijama posve\u0107enim velikim obljetnicama, a bit \u0107e organizirana i stru\u010dna vodstva kroz stalne postave te izlo\u017ebu \u201eOrlando \u2013 simbol slobode\u201c.<\/p>\n<p>&nbsp;<\/p>\n<p>U glazbenoj dvorani Kne\u017eeva dvora bit \u0107e odr\u017ean niz zanimljivih predavanja. Uz 90. obljetnicu smrti Iva Vojnovi\u0107a, kustos Dino Lokas \u0107e predstaviti zbirku Kulturno-povijesnog muzeja koja sadr\u017ei predmete vezane uz \u017eivot i djelo poznatog dubrova\u010dkog i hrvatskog knji\u017eevnika. Premda broj\u010dano nevelika, zbirka Iva Vojnovi\u0107a itekako je vrijedna s obzirom da se me\u0111u gra\u0111om nalaze predmeti iz Vojnovi\u0107eve osobne ostav\u0161tine, kao i korespondencija koju je vodio s mnogim poznatim osobama iz javnog \u017eivota, ali i predmeti koji dokumentiraju djelovanje inicijativnog odbora za osnutak Muzeja Iva Vojnovi\u0107a. U sklopu predavanja \u0107e polaznici Dramske grupe O\u0160 Marin Getaldi\u0107 \u010ditati ulomke iz Dubrova\u010dke trilogije.<\/p>\n<p>&nbsp;<\/p>\n<p>O ljekarni Domus Christi u Dubrovniku, prvoj bolni\u010dkoj ljekarni na na\u0161im prostorima, ujedno i prvoj ljekarni s pravom javnosti, govorit \u0107e kustosica Lucija Vukovi\u0107. U svojoj dugoj povijesti, po\u010dev\u0161i od 1420. godine, bila je kultno mjesto zdravstvene kulture, ali i dru\u0161tvenog \u017eivota grada. Vrijedna zbirka ljekarni\u010dkih vaza i opreme stare ljekarne od 1914. godine dio je fundusa Dubrova\u010dkih muzeja. U predavanju \u0107e biti rije\u010di o stjecanju, o\u010duvanju i prezentaciji ove vrijedne zbirke koja danas svoje mjesto ima u Kulturno-povijesnom muzeju u Kne\u017eevu dvoru te pru\u017ea \u0161iroke mogu\u0107nosti interpretacije dubrova\u010dke svakodnevice.<\/p>\n<p>&nbsp;<\/p>\n<p>Povodom 600. obljetnice osnivanja ljekarne Domus Christi, u suradnji s Medicinskom \u0161kolom \u0107e biti organizirana i radionica izrade prirodne kozmetike \u2013 balzama za usne. Radionicu \u0107e voditi nastavnica Sun\u010dica Mar\u010dinko i u\u010denice 2. razreda smjera Medicinska kozmeti\u010darka.<\/p>\n<p>&nbsp;<\/p>\n<p>Muzejski savjetnik \u0110ivo Ba\u0161i\u0107 \u0107e, u suorganizaciji s Dru\u0161tvom prijatelja otoka Lokruma, odr\u017eati predavanje \u201eRichard Lavljeg Srca i otok Lokrum\u201c u kojem \u0107e iznijeti cijeli niz zanimljivosti o Richardu i njegovom bogatstvu, putu u Svetu zemlju i brodolomu kraj Lokruma, navodnom poklonu za gradnju Katedrale te obavezama Dubrov\u010dana koje su iz toga proistekle.<\/p>\n<p>&nbsp;<\/p>\n<p>Posljednje u nizu predavanja, posve\u0107eno prvoj arheologinji Dubrova\u010dkih muzeja Spomenki Petrak, voditeljica Arheolo\u0161kog muzeja Liljana Kova\u010di\u0107 odr\u017eat \u0107e u tvr\u0111avi \u201eRevelin\u201c. Spomenka Petrak je, izme\u0111u ostaloga, \u0161ezdesetih godina pro\u0161log stolje\u0107a zapo\u010dela sustavna arheolo\u0161ka istra\u017eivanja jednog od najpoznatijih prapovijesnih arheolo\u0161kih lokaliteta, pe\u0107ine Gudnje kod Stona na Pelje\u0161cu. Njezini debeli kulturni slojevi\u00a0 nezaobilazni su u rje\u0161avanju razvitka od neolitika do kasnog bron\u010danog doba na isto\u010dnoj jadranskoj obali i u njezinom zale\u0111u. U Revelinu \u0107e biti predstavljena i manja izlo\u017eba dokumentacije koja prezentira tada\u0161nje metode rada i vo\u0111enja arheolo\u0161ke dokumentacije.<\/p>\n<p>&nbsp;<\/p>\n<p>Program Pomorskog muzeja tako\u0111er \u0107e biti posve\u0107en biv\u0161em djelatniku. Prezentacija posve\u0107ena obilje\u017eavanju 100. obljetnice ro\u0111enja prvog ravnatelja Pomorskog muzeja u Dubrovniku Josipa Lueti\u0107a bit \u0107e dostupna tijekom cijele ve\u010deri. Hrvatski povjesni\u010dar Josip Lueti\u0107 se u svojemu znanstvenoistra\u017eiva\u010dkom radu prvenstveno bavio pomorskom povije\u0161\u0107u Dubrova\u010dke Republike. Na mjesto ravnatelja novoosnovanog Pomorskog muzeja postavljen je 1949. i na toj funkciji ostao je sve do umirovljena 1984. Pod njegovim vodstvom Muzej se uspje\u0161no razvijao u muzeolo\u0161kom, istra\u017eiva\u010dkom i znanstvenom smjeru. Lueti\u0107ev doprinos hrvatskoj historiografiji i valorizaciji dubrova\u010dkog pomorstva je iznimno velik i dragocjen.<\/p>\n<p>&nbsp;<\/p>\n<p>Program Etnografskog muzeja obilje\u017eit \u0107e scenski prikaz \u201e\u0160areni svijet Grge \u010cvarka\u201c te dramsko uprizorenje \u201eU domu me\u0161trinje Jelke\u201c.<\/p>\n<p>&nbsp;<\/p>\n<p>\u201e\u0160areni svijet Grge \u010cvarka\u201c su, povodom stogodi\u0161njice ro\u0111enja istaknutog hrvatskog dje\u010djeg knji\u017eevnika Ratka Zvrka rodom iz konavoskog sela Drvenik, osmislili kustos Ivica Kipre i profesorica hrvatskog jezika Jelena Sukurica. Program je namijenjen djeci ni\u017eih razreda osnovne \u0161kole i njihovim roditeljima, a realizirat \u0107e ga polaznici Dramske sekcije Osnovne \u0161kole Cavtat.\u00a0 Kroz osebujan i ma\u0161tovit svijet Zvrkova pjesni\u0161tva provest \u0107e nas neki od zanimljivih likova njegovih pjesama. Ideja projekta je istaknuti va\u017enost dje\u010dje igre i znati\u017eeljnog istra\u017eivanja svijeta oko sebe, ali i o\u017eivjeti sliku radosnih trenutaka djetinjstva provedenog na selu, u \u0161kolskom parku, u prirodi ili sa \u017eivotinjama.<\/p>\n<p>&nbsp;<\/p>\n<p>U povodu 145. obljetnice ro\u0111enja Jelke Mi\u0161, vrijedne donatorice Etnografskoga muzeja, kustosica Branka Hajdi\u0107 \u0107e sa suradnicama Katarinom Dujakovi\u0107, Nikom Lasi\u0107 i Jelom Monkovi\u0107 te uz sudjelovanje u\u010denica O.\u0160. Lapad, polaznica \u201eMale \u0161kole vezenja\u201c u organizaciji Dru\u0161tva \u201eBa\u0161tina\u201c Dubrovnik, uprizoriti \u201e\u017eivu sliku\u201c doma Jelke Mi\u0161. Gospo\u0111ica Jelka, poznatija kao Me\u0161trinja, podu\u010davala je dubrova\u010dke gospo\u0111e, djevoj\u010dice i one najmanje, p\u010delice, ru\u010dnim radovima, poglavito vezu. Neumornim terensko-istra\u017eiva\u010dkim i skuplja\u010dkim radom omogu\u0107ila je osnivanje Etnografskog muzeja u Dubrovniku.<\/p>\n<p>&nbsp;<\/p>\n<p><strong>PROGRAM\u00a0<\/strong><\/p>\n<p>&nbsp;<\/p>\n<p><strong>Kne\u017eev dvor<\/strong><\/p>\n<p>18:00 \u2013 01:00 Stalni postav Kulturno-povijesnog muzeja<\/p>\n<p>18:00 \u2013 19:00 \u010citaonica stripa \u201cIntervju s Orlandom\u201d i nagradni kviz za djecu od 10 do 12 godina (20 sudionika), radionica bojanja Orlanda za pred\u0161kolce (10 sudionika); voditelj Bruno Bija\u0111ija<\/p>\n<p>18:45 \u2013 19:15 \u2013 Predavanje Dina Lokasa povodom 90. obljetnice smrti Iva Vojnovi\u0107a uz \u010ditanje ulomaka iz Dubrova\u010dke trilogije; sudjeluju polaznici Dramske grupe O\u0160 Marin Getaldi\u0107 s mentoricom Anom Lokas<\/p>\n<p>19:30 \u2013 20:00 \u2013 Predavanje Lucije Vukovi\u0107 \u201e600 godina ljekarne Domus Christi u Dubrovniku\u201c<\/p>\n<p>20:00 \u2013 21:30 \u2013 Radionica izrade prirodne kozmetike \u2013 balzama za usne u suradnji s Medicinskom \u0161kolom Dubrovnik; voditeljica: Sun\u010dica Mar\u010dinko, sudjeluju u\u010denice 2. razrada smjera Medicinska kozmeti\u010darka<\/p>\n<p>20:00 \u2013 21:00 &#8211; \u010citaonica stripa \u201cIntervju s Orlandom\u201d i nagradni kviz za djecu od 10 do 12 godina (20 sudionika), radionica bojanja Orlanda za pred\u0161kolce (10 sudionika); voditelj Bruno Bija\u0111ija<\/p>\n<p>20:15 \u2013 20:45 \u2013 Predavanje \u0110iva Ba\u0161i\u0107a \u201eRichard Lavljeg Srca i otok Lokrum\u201c u suorganizaciji Dru\u0161tva prijatelja otoka Lokruma<\/p>\n<p>21:00 \u2013 21:30 \u2013 Vodstvo kroz stalni postav Kulturno-povijesnog muzeja<\/p>\n<p>21:30 \u2013 22:00 Vodstvo kroz izlo\u017ebu \u201eOrlando \u2013 simbol slobode\u201c<\/p>\n<p>&nbsp;<\/p>\n<p><strong>\u017ditnica Rupe<\/strong><\/p>\n<p>18:00 \u2013 01:00 &#8211; Stalni postav Etnografskog muzeja<\/p>\n<p>18:00 \u2013 18:30 &#8211; Vodstvo kroz stalni postav Etnografskog muzeja<\/p>\n<p>19:00 \u2013 19:40 &#8211; Scenski prikaz \u201e\u0160areni svijet Grge \u010cvarka\u201c, program posve\u0107en Ratku Zvrku; autori Ivica Kipre i Jelena Sukurica, sudjeluju polaznici Dramske sekcije Osnovne \u0161kole Cavtat.<\/p>\n<p>20:30 \u2013 21:10 Dramsko uprizorenje \u201eU domu me\u0161trinje Jelke\u201c, program posve\u0107en Jelki Mi\u0161; autorica Branka Hajdi\u0107, suradnice Katarina Dujakovi\u0107, Nika Lasi\u0107, Jele Monkovi\u0107, sudjeluju u\u010denice O\u0160 Lapad &#8211; polaznice \u201eMale \u0161kole vezenja\u201c u organizaciji Dru\u0161tva \u201eBa\u0161tina\u201c Dubrovnik s u\u010diteljicom Gordanom Nodilo.<\/p>\n<p>&nbsp;<\/p>\n<p><strong>Tvr\u0111ava sv. Ivana<\/strong><\/p>\n<p>18:00 \u2013 01:00 Stalni postav Pomorskoga muzeja<\/p>\n<p>18:00-01:00 &#8211; Prezentacija posve\u0107ena obilje\u017eavanju 100. obljetnice ro\u0111enja Josipa Lueti\u0107a, prvoga ravnatelja Pomorskog muzeja u Dubrovnika; autorica Ana Kazna\u010di\u0107 Skuri\u0107<\/p>\n<p>20:00-20:30 \u2013 Vodstvo kroz stalni postav Pomorskoga muzeja<\/p>\n<p>&nbsp;<\/p>\n<p><strong>Tvr\u0111ava Revelin<\/strong><\/p>\n<p>18:00 &#8211; 01:00 \u00ac- Izlo\u017eba \u201eRanosrednjovjekovna skulptura u Dubrovniku i okolici\u201d<\/p>\n<p>18:00 &#8211; 01:00 \u2013 Prezentacija posve\u0107ena Spomenki Petrak, prvoj arheologinji Dubrova\u010dkih muzeja; autorica Liljana Kova\u010di\u0107<\/p>\n<p>19:00 &#8211; 19:30 \u2013 Vodstvo kroz izlo\u017ebu \u201eRanosrednjovjekovna skulptura u Dubrovniku i okolici\u201c<\/p>\n<p>20:00 &#8211; 20:30 \u2013 Predavanje Liljane Kova\u010di\u0107 posve\u0107eno Spomenki Petrak, prvoj arheologinji Dubrova\u010dkih muzeja<\/p>\n<p>22:00 \u2013 Domjenak i izvla\u010denje dobitnika nagradne igre<\/p>\n<p>*Nagradna igra<\/p>\n<p>*Prigodni popust u muzejskoj prodavaonici<\/p>\n<p>&nbsp;<\/p>\n<p>Izvor: <a href=\"http:\/\/www.mdc.hr\/\">http:\/\/www.mdc.hr\/<\/a><\/p>\n<p>&nbsp;<\/p>\n<p>&nbsp;<\/p>\n<p>&nbsp;<\/p>\n","protected":false},"excerpt":{"rendered":"","protected":false},"author":2,"featured_media":18946,"comment_status":"open","ping_status":"open","sticky":false,"template":"","format":"standard","meta":{"_acf_changed":false,"jetpack_post_was_ever_published":false,"_jetpack_newsletter_access":"","_jetpack_dont_email_post_to_subs":false,"_jetpack_newsletter_tier_id":0,"_jetpack_memberships_contains_paywalled_content":false,"_jetpack_memberships_contains_paid_content":false,"footnotes":"","jetpack_publicize_message":"","jetpack_publicize_feature_enabled":true,"jetpack_social_post_already_shared":true,"jetpack_social_options":{"image_generator_settings":{"template":"highway","default_image_id":0,"font":"","enabled":false},"version":2}},"categories":[10,3],"tags":[],"class_list":["post-18945","post","type-post","status-publish","format-standard","has-post-thumbnail","hentry","category-izlozbe","category-novosti"],"acf":{"facebook_opis":""},"jetpack_publicize_connections":[],"jetpack_featured_media_url":"https:\/\/i0.wp.com\/historiografija.hr\/wp-content\/uploads\/2020\/01\/orlando_simbol-slobode_vizual.jpg?fit=558%2C621&ssl=1","jetpack_sharing_enabled":true,"jetpack-related-posts":[{"id":52633,"url":"https:\/\/historiografija.hr\/?p=52633","url_meta":{"origin":18945,"position":0},"title":"POVIJEST TRE\u0160NJEVA\u010cKE GLAZBE: prikupljanje virtualnog fundusa Muzeja susjedstva Tre\u0161njevka","author":"Branimir Jankovi\u0107","date":"23. travnja 2026.","format":false,"excerpt":"utorak 28. 4. 2026. 14 - 18 h Nova BAZA, Nova cesta 66, Zagreb Prvi su dani ljeta 1957. godine. Bo\u017eica Kalafati\u0107 poha\u0111a drugi razred Osnovne \u0161kole Bratstvo i jedinstvo, danas kralja Tomislava, a ide i na muzi\u010dke satove u Mo\u0161\u0107eni\u010dkoj ulici. Na fotografiji s harmonikom u rukama stoji u\u2026","rel":"","context":"U &quot;Novosti&quot;","block_context":{"text":"Novosti","link":"https:\/\/historiografija.hr\/?cat=3"},"img":{"alt_text":"","src":"https:\/\/i0.wp.com\/historiografija.hr\/wp-content\/uploads\/2026\/04\/MST_prikupljanje.jpg?fit=380%2C475&ssl=1&resize=350%2C200","width":350,"height":200},"classes":[]},{"id":52760,"url":"https:\/\/historiografija.hr\/?p=52760","url_meta":{"origin":18945,"position":1},"title":"Izlo\u017eba \u201cLo\u0161injski brodovi, njihove zastave i ljudi\u201d, 4. svibnja u 19h","author":"Filip \u0160imunjak","date":"30. travnja 2026.","format":false,"excerpt":"Hrvatski pomorski muzej Split, Glagolja\u0161a 18 (Tvr\u0111ava Gripe) Nakon \u0161to je u rujnu 2025. godine na otoku Lo\u0161inju, u suradnji Lo\u0161injskog muzeja i Hrvatskog pomorskog muzeja Split, predstavljena izlo\u017eba posve\u0107ena bogatoj pomorskoj ba\u0161tini otoka, njezino pro\u0161ireno izdanje postavlja se u Splitu. Uo\u010di blagdana svetog Dujma splitskoj \u0107e se publici predstaviti\u2026","rel":"","context":"U &quot;Izlo\u017ebe&quot;","block_context":{"text":"Izlo\u017ebe","link":"https:\/\/historiografija.hr\/?cat=10"},"img":{"alt_text":"","src":"https:\/\/i0.wp.com\/historiografija.hr\/wp-content\/uploads\/2026\/04\/Losinjski-brodovi-Izlozba-1-scaled.webp?fit=840%2C1200&ssl=1&resize=350%2C200","width":350,"height":200,"srcset":"https:\/\/i0.wp.com\/historiografija.hr\/wp-content\/uploads\/2026\/04\/Losinjski-brodovi-Izlozba-1-scaled.webp?fit=840%2C1200&ssl=1&resize=350%2C200 1x, https:\/\/i0.wp.com\/historiografija.hr\/wp-content\/uploads\/2026\/04\/Losinjski-brodovi-Izlozba-1-scaled.webp?fit=840%2C1200&ssl=1&resize=525%2C300 1.5x, https:\/\/i0.wp.com\/historiografija.hr\/wp-content\/uploads\/2026\/04\/Losinjski-brodovi-Izlozba-1-scaled.webp?fit=840%2C1200&ssl=1&resize=700%2C400 2x"},"classes":[]},{"id":52511,"url":"https:\/\/historiografija.hr\/?p=52511","url_meta":{"origin":18945,"position":2},"title":"Izlo\u017eba &#8220;Lica Sljemena&#8221;","author":"Branimir Jankovi\u0107","date":"17. travnja 2026.","format":false,"excerpt":"Srda\u010dno vas pozivamo na otvorenje izlo\u017ebe Lica Sljemena koje \u0107e se odr\u017eati u srijedu 22. travnja 2026. u 18 h ispred Muzeja Prigorja (Trg Dragutina Domjani\u0107a 5, Sesvete). Izlo\u017eba proizlazi iz istra\u017eivanja Nevene \u0160krbi\u0107 Alempijevi\u0107, Petre Kelemen i Sanje Potkonjak te intervjua sa Sljemena\u0161icama i Sljemena\u0161ima, koji su provedeni u\u2026","rel":"","context":"U &quot;Izlo\u017ebe&quot;","block_context":{"text":"Izlo\u017ebe","link":"https:\/\/historiografija.hr\/?cat=10"},"img":{"alt_text":"","src":"https:\/\/i0.wp.com\/historiografija.hr\/wp-content\/uploads\/2026\/04\/Izlozba-Lica-Sljemena.png?fit=1080%2C686&ssl=1&resize=350%2C200","width":350,"height":200,"srcset":"https:\/\/i0.wp.com\/historiografija.hr\/wp-content\/uploads\/2026\/04\/Izlozba-Lica-Sljemena.png?fit=1080%2C686&ssl=1&resize=350%2C200 1x, https:\/\/i0.wp.com\/historiografija.hr\/wp-content\/uploads\/2026\/04\/Izlozba-Lica-Sljemena.png?fit=1080%2C686&ssl=1&resize=525%2C300 1.5x, https:\/\/i0.wp.com\/historiografija.hr\/wp-content\/uploads\/2026\/04\/Izlozba-Lica-Sljemena.png?fit=1080%2C686&ssl=1&resize=700%2C400 2x, https:\/\/i0.wp.com\/historiografija.hr\/wp-content\/uploads\/2026\/04\/Izlozba-Lica-Sljemena.png?fit=1080%2C686&ssl=1&resize=1050%2C600 3x"},"classes":[]},{"id":52666,"url":"https:\/\/historiografija.hr\/?p=52666","url_meta":{"origin":18945,"position":3},"title":"Najava programa Festivala povijesti Kliofest (5-8. V. 2026)","author":"Branimir Jankovi\u0107","date":"24. travnja 2026.","format":false,"excerpt":"Po trinaesti put odr\u017eava se Festival povijesti Kliofest! Do petka \u0107emo odr\u017eati osam okruglih stolova i dva kolokvija te niz predstavljanja knjiga i projekata razli\u010dite tematike, od antike do suvremenosti. Bit \u0107e predstavljeno i nekoliko izlo\u017ebi te odr\u017ean jedan povijesni kviz. Prikazat \u0107emo i jedan film \u2013 o generalu Boroevi\u0107u.\u2026","rel":"","context":"U &quot;Novosti&quot;","block_context":{"text":"Novosti","link":"https:\/\/historiografija.hr\/?cat=3"},"img":{"alt_text":"","src":"https:\/\/i0.wp.com\/historiografija.hr\/wp-content\/uploads\/2026\/04\/Kliofest-2026.jpg?fit=526%2C526&ssl=1&resize=350%2C200","width":350,"height":200,"srcset":"https:\/\/i0.wp.com\/historiografija.hr\/wp-content\/uploads\/2026\/04\/Kliofest-2026.jpg?fit=526%2C526&ssl=1&resize=350%2C200 1x, https:\/\/i0.wp.com\/historiografija.hr\/wp-content\/uploads\/2026\/04\/Kliofest-2026.jpg?fit=526%2C526&ssl=1&resize=525%2C300 1.5x"},"classes":[]},{"id":52752,"url":"https:\/\/historiografija.hr\/?p=52752","url_meta":{"origin":18945,"position":4},"title":"Otvaranje izlo\u017ebe &#8220;Hrvati na So\u010danskom frontu&#8221; i predavanje &#8220;So\u010danska fronta u Prvome svjetskom ratu&#8221;","author":"Filip \u0160imunjak","date":"30. travnja 2026.","format":false,"excerpt":"Otvaranje izlo\u017ebe \u201eHrvati na So\u010danskom frontu\u201c, Kobari\u0161ki muzej Prvog svjetskog rata, Kobarid, odr\u017eat \u0107e se u sklopu ovogodi\u0161njega Festivala povijesti Kliofest u Nacionalnoj i sveu\u010dili\u0161noj knji\u017enici u Zagrebu, u utorak 5. svibnja, s po\u010detkom u 10 sati, uz sudjelovanje: Ga\u0161pera Dov\u017eana, veleposlanika Republike Slovenije u RH, te Martina \u0160olara, direktora\u2026","rel":"","context":"U &quot;Izlo\u017ebe&quot;","block_context":{"text":"Izlo\u017ebe","link":"https:\/\/historiografija.hr\/?cat=10"},"img":{"alt_text":"","src":"https:\/\/i0.wp.com\/historiografija.hr\/wp-content\/uploads\/2026\/04\/Kliofest-01-utorak-II-08-P-Socanska-fronta.jpg?fit=1200%2C566&ssl=1&resize=350%2C200","width":350,"height":200,"srcset":"https:\/\/i0.wp.com\/historiografija.hr\/wp-content\/uploads\/2026\/04\/Kliofest-01-utorak-II-08-P-Socanska-fronta.jpg?fit=1200%2C566&ssl=1&resize=350%2C200 1x, https:\/\/i0.wp.com\/historiografija.hr\/wp-content\/uploads\/2026\/04\/Kliofest-01-utorak-II-08-P-Socanska-fronta.jpg?fit=1200%2C566&ssl=1&resize=525%2C300 1.5x, https:\/\/i0.wp.com\/historiografija.hr\/wp-content\/uploads\/2026\/04\/Kliofest-01-utorak-II-08-P-Socanska-fronta.jpg?fit=1200%2C566&ssl=1&resize=700%2C400 2x, https:\/\/i0.wp.com\/historiografija.hr\/wp-content\/uploads\/2026\/04\/Kliofest-01-utorak-II-08-P-Socanska-fronta.jpg?fit=1200%2C566&ssl=1&resize=1050%2C600 3x"},"classes":[]},{"id":52578,"url":"https:\/\/historiografija.hr\/?p=52578","url_meta":{"origin":18945,"position":5},"title":"Poziv za sudjelovanje: XXII. Dani Julija Bene\u0161i\u0107a u Iloku","author":"Branimir Jankovi\u0107","date":"21. travnja 2026.","format":false,"excerpt":"Zavod za lingvisti\u010dka istra\u017eivanja Hrvatske akademije znanosti i umjetnosti, zajedno s Muzejom grada Iloka, organizira XXII. Dane Julija Bene\u0161i\u0107a, koji \u0107e se odr\u017eati od 28. do 30. listopada 2026. u Iloku.\u00a0Teme ovogodi\u0161njih Dana podijeljene su u dvije cjeline: Knji\u017eevno-jezikoslovni d\u00ecv\u0101n s Bene\u0161i\u0107em te Ilok i Srijem u povijesnim stalnicama i\u2026","rel":"","context":"U &quot;Novosti&quot;","block_context":{"text":"Novosti","link":"https:\/\/historiografija.hr\/?cat=3"},"img":{"alt_text":"","src":"https:\/\/i0.wp.com\/historiografija.hr\/wp-content\/uploads\/2019\/10\/HE2_Benesic.jpg?fit=413%2C591&ssl=1&resize=350%2C200","width":350,"height":200},"classes":[]}],"_links":{"self":[{"href":"https:\/\/historiografija.hr\/index.php?rest_route=\/wp\/v2\/posts\/18945","targetHints":{"allow":["GET"]}}],"collection":[{"href":"https:\/\/historiografija.hr\/index.php?rest_route=\/wp\/v2\/posts"}],"about":[{"href":"https:\/\/historiografija.hr\/index.php?rest_route=\/wp\/v2\/types\/post"}],"author":[{"embeddable":true,"href":"https:\/\/historiografija.hr\/index.php?rest_route=\/wp\/v2\/users\/2"}],"replies":[{"embeddable":true,"href":"https:\/\/historiografija.hr\/index.php?rest_route=%2Fwp%2Fv2%2Fcomments&post=18945"}],"version-history":[{"count":1,"href":"https:\/\/historiografija.hr\/index.php?rest_route=\/wp\/v2\/posts\/18945\/revisions"}],"predecessor-version":[{"id":18947,"href":"https:\/\/historiografija.hr\/index.php?rest_route=\/wp\/v2\/posts\/18945\/revisions\/18947"}],"wp:featuredmedia":[{"embeddable":true,"href":"https:\/\/historiografija.hr\/index.php?rest_route=\/wp\/v2\/media\/18946"}],"wp:attachment":[{"href":"https:\/\/historiografija.hr\/index.php?rest_route=%2Fwp%2Fv2%2Fmedia&parent=18945"}],"wp:term":[{"taxonomy":"category","embeddable":true,"href":"https:\/\/historiografija.hr\/index.php?rest_route=%2Fwp%2Fv2%2Fcategories&post=18945"},{"taxonomy":"post_tag","embeddable":true,"href":"https:\/\/historiografija.hr\/index.php?rest_route=%2Fwp%2Fv2%2Ftags&post=18945"}],"curies":[{"name":"wp","href":"https:\/\/api.w.org\/{rel}","templated":true}]}}