{"id":18942,"date":"2020-01-31T13:36:08","date_gmt":"2020-01-31T13:36:08","guid":{"rendered":"http:\/\/historiografija.hr\/?p=18942"},"modified":"2020-01-31T13:36:08","modified_gmt":"2020-01-31T13:36:08","slug":"izlozba-ako-tebe-zaboravim-holokaust-u-hrvatskoj-1941-1945-zadnje-odrediste-auschwitz","status":"publish","type":"post","link":"https:\/\/historiografija.hr\/?p=18942","title":{"rendered":"Izlo\u017eba \u201eAKO TEBE ZABORAVIM\u2026 &#8211; Holokaust u Hrvatskoj 1941. \u2013 1945. \/ zadnje odredi\u0161te Auschwitz\u201c"},"content":{"rendered":"<p>Hrvatski povijesni muzej na inicijativu Ministarstva kulture Republike Hrvatske priredio je izlo\u017ebu pod naslovom <strong><em>AKO TEBE ZABORAVIM\u2026 &#8211; Holokaust u Hrvatskoj 1941. \u2013 1945. \/ zadnje odredi\u0161te Auschwitz.<\/em><\/strong><\/p>\n<p>Izlo\u017eba se tematski odnosi na stradanja \u017didova iz Hrvatske za vrijeme Drugoga svjetskog rata s posebnim naglaskom na sudbine \u017didova deportiranih u Koncentracijski logor Auschwitz-Birkenau u Poljskoj. Otvorena je u Francuskom paviljonu, autenti\u010dnom mjestu stradanja \u017didova iz Zagreba i drugih mjesta Hrvatske ispred kojega su bili sabirani i deportirani \u017eeljezni\u010dkim vagonima u koncentracijske logore.<\/p>\n<p>Izlo\u017ebena gra\u0111a \u2013 sudbine ubijenih, svjedo\u010danstva pre\u017eivjelih, sa\u010duvani, malobrojni izvorni predmeti iz logora, fotografije i dokumenti iz hrvatskih i me\u0111unarodnih muzejskih i arhivskih institucija kao i oni posu\u0111eni od obitelji stradalnika te Pravednika me\u0111u narodima \u2013 raspore\u0111ena je u \u010detiri tematske cjeline:<\/p>\n<ol>\n<li>Ekskomunikacija<br \/>\nII. Koncentracija i likvidacija<br \/>\nIII. Auschwitz (O\u015bwi\u0119cim) \u2013 tvornica smrti<br \/>\nIV. Sjaj u tami<\/li>\n<\/ol>\n<p>Prva cjelina, \u201eEkskomunikacija\u201csmje\u0161ta nas u prostor i vrijeme. Njome se posjetiteljima pru\u017ea uvid u \u0161iri kontekst povijesnih zbivanja te ukazuje na sustav terora uspostavljen na podru\u010dju Nezavisne Dr\u017eave Hrvatske (NDH) protiv \u017eidovskog, srpskog i romskog stanovni\u0161tva, komunista i antifa\u0161ista te posebice na odnos prema \u017eidovskom stanovni\u0161tvu koje je bilo podvrgnuto rasnim zakonima i kao takvo posve obespravljeno.<\/p>\n<p>U drugoj se cjelini, nazvanoj \u201eKoncentracija i likvidacija\u201c, nastoji ukazati na sustav logora u NDH kao i na drugim podru\u010djima dana\u0161nje Republike Hrvatske (Istra i Hrvatsko Primorje te Me\u0111imurje) koja su u to vrijeme bila pod talijanskom, odnosno ma\u0111arskom aneksijom i\/ili okupacijom. Daje se naglasak i na logor Jasenovac koji je postao simbolom usta\u0161kog terora i stradanja \u017didova, Srba, Roma i antifa\u0161ista. Naime, i prije masovnih deportacija \u017didova u logor Auschwitz u kolovozu 1942. i svibnju 1943. godine, u logorima na podru\u010dju NDH ubijena je ve\u0107ina hrvatskih i bosansko-hercegova\u010dkih \u017didova.<\/p>\n<p>U tre\u0107oj cjelini\u201eAuschwitz (O\u015bwi\u0119cim) \u2013 tvornica smrti\u201c napose se prezentira logor u kojemu je u razdoblju od 1942. do 1944. stradao velik dio \u017eidovskog stanovni\u0161tva s podru\u010dja NDH, ali i s podru\u010dja Istre, Hrvatskog primorja i Me\u0111imurja. Obuhva\u0107eni su i neki drugi logori, poput Mauthausena, Bergen-Belsena i Buchenwalda, u kojima je tako\u0111er stradavalo \u017eidovsko i drugo stanovni\u0161tvo.<\/p>\n<p>Posljednja cjelina, nazvana \u201eSjaj u tami\u201c prezentira \u017didove, sudionike antifa\u0161isti\u010dkog otpora te hrvatske Pravednike me\u0111u narodima, pojedince koji su sudjelovali u spa\u0161avanju \u017didova, time izla\u017eu\u0107i pogibelji i vlastiti \u017eivot.<\/p>\n<p>U okviru ovih tematskih cjelina, prikazane su pojedina\u010dne sudbine stradalnika, posebice \u017didova. Organizatori i izvr\u0161itelji zlo\u010dina predstavljeni su unutar pojedinih tematskih cjelina s obzirom na kontekst, njihovu ulogu u datom vremenu i prostoru. Izlo\u017eba obuhva\u0107a i izbor fotografija stradalnika, \u017didova iz razli\u010ditih hrvatskih gradova i mjesta, koji su stradali u usta\u0161kim logorima i Auschwitzu.<\/p>\n<p>Prikazani su i videoisje\u010dci, svjedo\u010denja pre\u017eivjelih logora\u0161a iz Auschwitza \u2013 Branka Lustiga, Tonke Petri\u010devi\u0107, Olega Mandi\u0107a i Ota Konsteina.<\/p>\n<p>Pored navedenih cjelina na izlo\u017ebi je prikazana i metodologija izrade poimeni\u010dnog popisa \u017ertava logora Auschwitz-Birkenau s podru\u010dja Hrvatske, a koja se od 2017. godine provodi u Hrvatskome dr\u017eavnom arhivu. U cilju obja\u0161njenja postupka verifikacije \u017ertava, zasnovanog na izvornom povijesnom gradivu, na izlo\u017ebi je prezentirano nekoliko primjera utvr\u0111ivanja \u017ertava toga logorskog sustava.<\/p>\n<p>U tom pogledu valja napomenuti da su se u pripremi izlo\u017ebe ujedno koristili i rezultati vi\u0161egodi\u0161njeg istra\u017eivanja za potrebe izrade novoga nacionalnog postava Republike Hrvatske u Dr\u017eavnom muzeju Auschwitz-Birkenau u Poljskoj koji se odvija uz potporu UNESCO-ovog ureda u Veneciji te IHRA-e (International Holocaust Remembrance Alliance).<\/p>\n<p>Kona\u010dno, izlo\u017ebom <em>AKO TEBE ZABORAVIM\u2026 &#8211; Holokaust u Hrvatskoj 1941. \u2013 1945. \/ zadnje odredi\u0161te Auschwitz <\/em>Hrvatski povijesni muzej nastavlja svoju osnovnu programsku djelatnost u prezentaciji zna\u010dajnih zbivanja u hrvatskoj povijesti i tema te\u0161koga povijesnog naslije\u0111a s kona\u010dnim ciljem realizacije stalnog postava.<\/p>\n<p>Naslovom izlo\u017ebe <em>AKO TEBE ZABORAVIM&#8230;<\/em> preuzetim iz biblijskog Psalma 137,5 simboli\u010dno upu\u0107ujemo na posljedice djelovanja nedemokratskog, netolerantnog i rasisti\u010dkog usta\u0161kog re\u017eima koje se ne smiju zaboraviti.<\/p>\n<p>Ujedno, ukazujemo na potrebu daljnjeg promicanja znanstvenog rada i istra\u017eivanja te odgovornost struke u propitivanju i prezentaciji izuzetno turbulentnog, tragi\u010dnog i kratkog razdoblja hrvatske povijesti (1941. \u20131945.) na temelju znanstveno utvr\u0111enih povijesnih \u010dinjenica i suvremenih metoda muzeolo\u0161ke prakse.<\/p>\n<p>&nbsp;<\/p>\n<p><strong>IMPRESUM<\/strong><\/p>\n<p><strong>Izlo\u017eba se odr\u017eava pod visokim pokroviteljstvom Vlade Republike Hrvatske.<\/strong><\/p>\n<p><strong>\u00a0<\/strong>ORGANIZATOR<\/p>\n<p>Hrvatski povijesni muzej<\/p>\n<p>SUORGANIZATOR<\/p>\n<p>Hrvatski dr\u017eavni arhiv<\/p>\n<p>GLAVNI PARTNER NA IZLO\u017dBI<\/p>\n<p>Studentski centar u Zagrebu, Sveu\u010dili\u0161te u Zagrebu<\/p>\n<p><strong>\u00a0<\/strong>AUTORICA IDEJNE KONCEPCIJE IZLO\u017dBE<\/p>\n<p>Nata\u0161a Matau\u0161i\u0107, Hrvatski povijesni muzej<\/p>\n<p>AUTORICE IZLO\u017dBE I TEKSTOVA<\/p>\n<p>Nata\u0161a Matau\u0161i\u0107, Hrvatski povijesni muzej<\/p>\n<p>Rajka Bu\u0107in, Hrvatski dr\u017eavni arhiv<\/p>\n<p><strong>\u00a0<\/strong>POSTAV I VIZUALNI IDENTITET IZLO\u017dBE<\/p>\n<p>Damir Gamulin<\/p>\n<p>Antun Sev\u0161ek<\/p>\n<p>ZVU\u010cNA KULISA<\/p>\n<p>Nives Serti\u0107<\/p>\n<p>VIDEO<\/p>\n<p>Izjave biv\u0161ih zato\u010denika logora Auschwitz-Birkenau:<\/p>\n<p>Oto Konstein (autorica: Mira Wolf, snimatelj: Miljenko Bolan\u010da)<\/p>\n<p>Branko Lustig (autorica: Mira Wolf, snimatelj: Miljenko Bolan\u010da)<\/p>\n<p>Oleg Mandi\u0107 (snimatelj: Robert Kal\u010di\u0107)<\/p>\n<p>Tonka Petri\u010devi\u0107 (snimatelj: Dubravko Kuhta)<\/p>\n<p>Postprodukcija: Mira Wolf<\/p>\n<p>&nbsp;<\/p>\n<p>TEHNI\u010cKA IZVEDBA I POSTAV<\/p>\n<p>Hrvatski povijesni muzej: Tomislav Degme\u010di\u0107, Mirana Ju\u0161i\u0107, Ivo Margareti\u0107, Ozren Soli\u0107, Ivica Tarle, Zdenka \u0160inki\u0107<\/p>\n<p>Studentski centar u Zagrebu<\/p>\n<p>Ars kopija d.o.o.<\/p>\n<p>Prima promus d.o.o.<\/p>\n<p>Sli\u0161ko Trio FML j.d.o.o.<\/p>\n<p>RASVJETA<\/p>\n<p>Ivica Tarle, Hrvatski povijesni muzej<\/p>\n<p>LEKTURA<\/p>\n<p>Silvija Brki\u0107 Mid\u017ei\u0107<\/p>\n<p>PRIJEVOD<\/p>\n<p>Marina Schumann<\/p>\n<p>&nbsp;<\/p>\n<p>POSUDBE I KORI\u0160TENJE FOTOGRAFIJA GRA\u0110E<\/p>\n<p>Obitelj Birti\u0107-Ujevi\u0107, Zagreb<\/p>\n<p>Jasminka Doma\u0161, \u017didovska vjerska zajednica Bet Israel, Zagreb<\/p>\n<p>Milivoj Dretar, Ludbreg<\/p>\n<p>Vladimir Kal\u0161an, \u010cakovec<\/p>\n<p>Oleg Mandi\u0107, Opatija<\/p>\n<p>Sanja Simper, Lovran<\/p>\n<p>Stribor Uzelac Schwendemann, Slavonski Brod<\/p>\n<p>Mira Wolf, \u017didovska op\u0107ina Zagreb<\/p>\n<p>Dr\u017eavni arhiv Rijeka<\/p>\n<p>Dr\u017eavni muzej Auschwitz-Birkenau<\/p>\n<p>Gradski muzej Vinkovci<\/p>\n<p>Gradski muzej Vara\u017edin<\/p>\n<p>Hrvatska akademija znanosti i umjetnosti<\/p>\n<p>Hrvatski dr\u017eavni arhiv<\/p>\n<p>Hrvatski povijesni muzej<\/p>\n<p>Istorijski arhiv Beograd<\/p>\n<p>Javna ustanova Spomen podru\u010dje Jasenovac<\/p>\n<p>Jevrejski istorijski muzej, Beograd<\/p>\n<p>Muzej Brodskog Posavlja<\/p>\n<p>Muzej grada Koprivnice<\/p>\n<p>Muzej grada Rijeke<\/p>\n<p>Muzej Me\u0111imurja \u010cakovec<\/p>\n<p>Muzej Slavonije Osijek<\/p>\n<p>Nacionalna i sveu\u010dili\u0161na knji\u017enica u Zagrebu<\/p>\n<p>\u017didovska op\u0107ina Osijek<\/p>\n<p>\u017didovska op\u0107ina Zagreb<\/p>\n<p>\u017didovska vjerska zajednica Bet Israel, Zagreb<\/p>\n<p>&nbsp;<\/p>\n<p>KONZULTANTI<\/p>\n<p>Naida Michal Brandl, Filozofski fakultet Sveu\u010dili\u0161ta u Zagrebu<\/p>\n<p>Ivo Goldstein, Filozofski fakultet Sveu\u010dili\u0161ta u Zagrebu<\/p>\n<p>&nbsp;<\/p>\n<p>STRU\u010cNI SURADNICI<\/p>\n<p>Nata\u0161a Babi\u0107, Muzej grada Rijeke<\/p>\n<p>Ivanka Cafuta, Muzej Brodskog Posavlja<\/p>\n<p>Goran Hutinec, Filozofski fakultet Sveu\u010dili\u0161ta u Zagrebu<\/p>\n<p>Grgur Marko Ivankovi\u0107, Muzej Slavonije Osijek<\/p>\n<p>Dra\u017eenka Jal\u0161i\u0107-Erne\u010di\u0107, Muzej grada Koprivnice<\/p>\n<p>Danijel Petkovi\u0107, Gradski muzej Vinkovci<\/p>\n<p>Spomenka Te\u017eak, Gradski muzej Vara\u017edin<\/p>\n<p>&nbsp;<\/p>\n<p>ZAHVALJUJEMO SVIMA KOJI SU ULO\u017dILI SVOJE VRIJEME I ENERGIJU TE DOPRINIJELI OSTVARENJU OVOGA IZLO\u017dBENOG PROJEKTA.<\/p>\n<p>&nbsp;<\/p>\n<p>Izvor: <a href=\"http:\/\/www.hismus.hr\/hr\/novosti\/aktualno\/izlozba\/najava-izlozbe-ako-tebe-zaboravimholokaust-u-hrvatskoj-1941-1945-zadnje-odrediste-auschwitz\/\">http:\/\/www.hismus.hr\/hr\/novosti\/aktualno\/izlozba\/najava-izlozbe-ako-tebe-zaboravimholokaust-u-hrvatskoj-1941-1945-zadnje-odrediste-auschwitz\/<\/a><\/p>\n<p>&nbsp;<\/p>\n<p>&nbsp;<\/p>\n","protected":false},"excerpt":{"rendered":"","protected":false},"author":2,"featured_media":18943,"comment_status":"open","ping_status":"open","sticky":false,"template":"","format":"standard","meta":{"_acf_changed":false,"jetpack_post_was_ever_published":false,"_jetpack_newsletter_access":"","_jetpack_dont_email_post_to_subs":false,"_jetpack_newsletter_tier_id":0,"_jetpack_memberships_contains_paywalled_content":false,"_jetpack_memberships_contains_paid_content":false,"footnotes":"","jetpack_publicize_message":"","jetpack_publicize_feature_enabled":true,"jetpack_social_post_already_shared":true,"jetpack_social_options":{"image_generator_settings":{"template":"highway","default_image_id":0,"font":"","enabled":false},"version":2}},"categories":[10,3],"tags":[],"class_list":["post-18942","post","type-post","status-publish","format-standard","has-post-thumbnail","hentry","category-izlozbe","category-novosti"],"acf":{"facebook_opis":""},"jetpack_publicize_connections":[],"jetpack_featured_media_url":"https:\/\/i0.wp.com\/historiografija.hr\/wp-content\/uploads\/2020\/01\/Ako-tebe-zaboravim.jpg?fit=1400%2C784&ssl=1","jetpack_sharing_enabled":true,"jetpack-related-posts":[{"id":52505,"url":"https:\/\/historiografija.hr\/?p=52505","url_meta":{"origin":18942,"position":0},"title":"Izlo\u017eba &#8220;Eschenstock \/ Jasenov prut&#8221;","author":"Branimir Jankovi\u0107","date":"17. travnja 2026.","format":false,"excerpt":"Srpsko narodno vije\u0107e (SNV) i Vizura aperta postavljaju izlo\u017ebu \u0161vicarskog slikara Velimira Ili\u0161evi\u0107a: Eschenstock \/ Jasenov prut. Izlo\u017eba se uz prisustvo autora otvara povodom 81. godi\u0161njice proboja logora\u0161a iz usta\u0161kog logora smrti Jasenovac 22. aprila 2026. u 19 sati u Srpskom kulturnom centru (SKC) u Preradovi\u0107evoj ulici 21 u Zagrebu.\u2026","rel":"","context":"U &quot;Izlo\u017ebe&quot;","block_context":{"text":"Izlo\u017ebe","link":"https:\/\/historiografija.hr\/?cat=10"},"img":{"alt_text":"","src":"https:\/\/i0.wp.com\/historiografija.hr\/wp-content\/uploads\/2026\/04\/Jasenov_prut.jpg?fit=1024%2C640&ssl=1&resize=350%2C200","width":350,"height":200,"srcset":"https:\/\/i0.wp.com\/historiografija.hr\/wp-content\/uploads\/2026\/04\/Jasenov_prut.jpg?fit=1024%2C640&ssl=1&resize=350%2C200 1x, https:\/\/i0.wp.com\/historiografija.hr\/wp-content\/uploads\/2026\/04\/Jasenov_prut.jpg?fit=1024%2C640&ssl=1&resize=525%2C300 1.5x, https:\/\/i0.wp.com\/historiografija.hr\/wp-content\/uploads\/2026\/04\/Jasenov_prut.jpg?fit=1024%2C640&ssl=1&resize=700%2C400 2x"},"classes":[]},{"id":52511,"url":"https:\/\/historiografija.hr\/?p=52511","url_meta":{"origin":18942,"position":1},"title":"Izlo\u017eba &#8220;Lica Sljemena&#8221;","author":"Branimir Jankovi\u0107","date":"17. travnja 2026.","format":false,"excerpt":"Srda\u010dno vas pozivamo na otvorenje izlo\u017ebe Lica Sljemena koje \u0107e se odr\u017eati u srijedu 22. travnja 2026. u 18 h ispred Muzeja Prigorja (Trg Dragutina Domjani\u0107a 5, Sesvete). Izlo\u017eba proizlazi iz istra\u017eivanja Nevene \u0160krbi\u0107 Alempijevi\u0107, Petre Kelemen i Sanje Potkonjak te intervjua sa Sljemena\u0161icama i Sljemena\u0161ima, koji su provedeni u\u2026","rel":"","context":"U &quot;Izlo\u017ebe&quot;","block_context":{"text":"Izlo\u017ebe","link":"https:\/\/historiografija.hr\/?cat=10"},"img":{"alt_text":"","src":"https:\/\/i0.wp.com\/historiografija.hr\/wp-content\/uploads\/2026\/04\/Izlozba-Lica-Sljemena.png?fit=1080%2C686&ssl=1&resize=350%2C200","width":350,"height":200,"srcset":"https:\/\/i0.wp.com\/historiografija.hr\/wp-content\/uploads\/2026\/04\/Izlozba-Lica-Sljemena.png?fit=1080%2C686&ssl=1&resize=350%2C200 1x, https:\/\/i0.wp.com\/historiografija.hr\/wp-content\/uploads\/2026\/04\/Izlozba-Lica-Sljemena.png?fit=1080%2C686&ssl=1&resize=525%2C300 1.5x, https:\/\/i0.wp.com\/historiografija.hr\/wp-content\/uploads\/2026\/04\/Izlozba-Lica-Sljemena.png?fit=1080%2C686&ssl=1&resize=700%2C400 2x, https:\/\/i0.wp.com\/historiografija.hr\/wp-content\/uploads\/2026\/04\/Izlozba-Lica-Sljemena.png?fit=1080%2C686&ssl=1&resize=1050%2C600 3x"},"classes":[]},{"id":52502,"url":"https:\/\/historiografija.hr\/?p=52502","url_meta":{"origin":18942,"position":2},"title":"Novi znanstveni projekt Hrvatskog instituta za povijest: \u201c\u017drtve ratova i dr\u017eavnog\/politi\u010dkog nasilja u hrvatskoj povijesti 20. stolje\u0107a\u201d","author":"Branimir Jankovi\u0107","date":"17. travnja 2026.","format":false,"excerpt":"Na redovitoj sjednici Vlade RH, 16. travnja 2026., donijet je Zaklju\u010dak kojim se pokre\u0107e znanstveni projekt \u201c\u017drtve ratova i dr\u017eavnog\/politi\u010dkog nasilja u hrvatskoj povijesti 20. stolje\u0107a\u201d. Projekt \u0107e provoditi i koordinirati Hrvatski institut za povijest u razdoblju trajanja projekta od pet godina. Zakljucak Vlade RH Iz teksta projektnog prijedloga: Problematika\u2026","rel":"","context":"U &quot;Novosti&quot;","block_context":{"text":"Novosti","link":"https:\/\/historiografija.hr\/?cat=3"},"img":{"alt_text":"","src":"https:\/\/i0.wp.com\/historiografija.hr\/wp-content\/uploads\/2026\/04\/Vlada-RH.jpg?fit=1200%2C557&ssl=1&resize=350%2C200","width":350,"height":200,"srcset":"https:\/\/i0.wp.com\/historiografija.hr\/wp-content\/uploads\/2026\/04\/Vlada-RH.jpg?fit=1200%2C557&ssl=1&resize=350%2C200 1x, https:\/\/i0.wp.com\/historiografija.hr\/wp-content\/uploads\/2026\/04\/Vlada-RH.jpg?fit=1200%2C557&ssl=1&resize=525%2C300 1.5x, https:\/\/i0.wp.com\/historiografija.hr\/wp-content\/uploads\/2026\/04\/Vlada-RH.jpg?fit=1200%2C557&ssl=1&resize=700%2C400 2x, https:\/\/i0.wp.com\/historiografija.hr\/wp-content\/uploads\/2026\/04\/Vlada-RH.jpg?fit=1200%2C557&ssl=1&resize=1050%2C600 3x"},"classes":[]},{"id":52666,"url":"https:\/\/historiografija.hr\/?p=52666","url_meta":{"origin":18942,"position":3},"title":"Najava programa Festivala povijesti Kliofest (5-8. V. 2026)","author":"Branimir Jankovi\u0107","date":"24. travnja 2026.","format":false,"excerpt":"Po trinaesti put odr\u017eava se Festival povijesti Kliofest! Do petka \u0107emo odr\u017eati osam okruglih stolova i dva kolokvija te niz predstavljanja knjiga i projekata razli\u010dite tematike, od antike do suvremenosti. Bit \u0107e predstavljeno i nekoliko izlo\u017ebi te odr\u017ean jedan povijesni kviz. Prikazat \u0107emo i jedan film \u2013 o generalu Boroevi\u0107u.\u2026","rel":"","context":"U &quot;Novosti&quot;","block_context":{"text":"Novosti","link":"https:\/\/historiografija.hr\/?cat=3"},"img":{"alt_text":"","src":"https:\/\/i0.wp.com\/historiografija.hr\/wp-content\/uploads\/2026\/04\/Kliofest-2026.jpg?fit=526%2C526&ssl=1&resize=350%2C200","width":350,"height":200,"srcset":"https:\/\/i0.wp.com\/historiografija.hr\/wp-content\/uploads\/2026\/04\/Kliofest-2026.jpg?fit=526%2C526&ssl=1&resize=350%2C200 1x, https:\/\/i0.wp.com\/historiografija.hr\/wp-content\/uploads\/2026\/04\/Kliofest-2026.jpg?fit=526%2C526&ssl=1&resize=525%2C300 1.5x"},"classes":[]},{"id":52768,"url":"https:\/\/historiografija.hr\/?p=52768","url_meta":{"origin":18942,"position":4},"title":"Poziv za prijavu na me\u0111unarodni ljetni kamp za mlade \u201cYouth in Cold-War Europe\u201d","author":"Filip \u0160imunjak","date":"30. travnja 2026.","format":false,"excerpt":"Otvoren je poziv za prijavu na me\u0111unarodni ljetni kamp \"Youth in Cold-War Europe\", koji se odr\u017eava od 28.08. do 06.09. 2026. godine u Weimaru (Njema\u010dka). Kamp se odr\u017eava u organizaciji Europskog centra za obrazovanje mladih (EJBW) iz Weimara i njegovih me\u0111unarodnih partnera, te uz financijsku podr\u0161ku Europske unije i Savezne\u2026","rel":"","context":"U &quot;Novosti&quot;","block_context":{"text":"Novosti","link":"https:\/\/historiografija.hr\/?cat=3"},"img":{"alt_text":"","src":"https:\/\/i0.wp.com\/historiografija.hr\/wp-content\/uploads\/2026\/04\/LJETNI-KAMP-ZA-MLADE-YOUTH-IN-COLD-WAR-EUROPE.jpg?fit=667%2C375&ssl=1&resize=350%2C200","width":350,"height":200,"srcset":"https:\/\/i0.wp.com\/historiografija.hr\/wp-content\/uploads\/2026\/04\/LJETNI-KAMP-ZA-MLADE-YOUTH-IN-COLD-WAR-EUROPE.jpg?fit=667%2C375&ssl=1&resize=350%2C200 1x, https:\/\/i0.wp.com\/historiografija.hr\/wp-content\/uploads\/2026\/04\/LJETNI-KAMP-ZA-MLADE-YOUTH-IN-COLD-WAR-EUROPE.jpg?fit=667%2C375&ssl=1&resize=525%2C300 1.5x"},"classes":[]},{"id":52499,"url":"https:\/\/historiografija.hr\/?p=52499","url_meta":{"origin":18942,"position":5},"title":"POTPISAN UGOVOR O ZNANSTVENO-ISTRA\u017dIVA\u010cKOJ SURADNJI: PROJEKT \u201eTEMELJI HRVATSKE SAMOSTALNOSTI\u201d","author":"Branimir Jankovi\u0107","date":"17. travnja 2026.","format":false,"excerpt":"Hrvatski institut za povijest, Sveu\u010dili\u0161te obrane i sigurnosti \u201eDr. Franjo Tu\u0111man\u201d, Institut dru\u0161tvenih znanosti Ivo Pilar i Hrvatski dr\u017eavni arhiv\u00a0potpisali su 23. o\u017eujka 2026.\u00a0Ugovor o znanstveno-istra\u017eiva\u010dkoj suradnji s ciljem provedbe projekta \u201eTemelji hrvatske samostalnosti\u201d. Tim projektom obuhva\u0107a se istra\u017eivanje arhivskoga gradiva, priprema znanstvenih publikacija, digitalizacija i javna prezentacija rezultata istra\u017eivanja\u2026","rel":"","context":"U &quot;Novosti&quot;","block_context":{"text":"Novosti","link":"https:\/\/historiografija.hr\/?cat=3"},"img":{"alt_text":"","src":"https:\/\/i0.wp.com\/historiografija.hr\/wp-content\/uploads\/2026\/04\/THS_sporazum.jpg?fit=1200%2C583&ssl=1&resize=350%2C200","width":350,"height":200,"srcset":"https:\/\/i0.wp.com\/historiografija.hr\/wp-content\/uploads\/2026\/04\/THS_sporazum.jpg?fit=1200%2C583&ssl=1&resize=350%2C200 1x, https:\/\/i0.wp.com\/historiografija.hr\/wp-content\/uploads\/2026\/04\/THS_sporazum.jpg?fit=1200%2C583&ssl=1&resize=525%2C300 1.5x, https:\/\/i0.wp.com\/historiografija.hr\/wp-content\/uploads\/2026\/04\/THS_sporazum.jpg?fit=1200%2C583&ssl=1&resize=700%2C400 2x, https:\/\/i0.wp.com\/historiografija.hr\/wp-content\/uploads\/2026\/04\/THS_sporazum.jpg?fit=1200%2C583&ssl=1&resize=1050%2C600 3x"},"classes":[]}],"_links":{"self":[{"href":"https:\/\/historiografija.hr\/index.php?rest_route=\/wp\/v2\/posts\/18942","targetHints":{"allow":["GET"]}}],"collection":[{"href":"https:\/\/historiografija.hr\/index.php?rest_route=\/wp\/v2\/posts"}],"about":[{"href":"https:\/\/historiografija.hr\/index.php?rest_route=\/wp\/v2\/types\/post"}],"author":[{"embeddable":true,"href":"https:\/\/historiografija.hr\/index.php?rest_route=\/wp\/v2\/users\/2"}],"replies":[{"embeddable":true,"href":"https:\/\/historiografija.hr\/index.php?rest_route=%2Fwp%2Fv2%2Fcomments&post=18942"}],"version-history":[{"count":1,"href":"https:\/\/historiografija.hr\/index.php?rest_route=\/wp\/v2\/posts\/18942\/revisions"}],"predecessor-version":[{"id":18944,"href":"https:\/\/historiografija.hr\/index.php?rest_route=\/wp\/v2\/posts\/18942\/revisions\/18944"}],"wp:featuredmedia":[{"embeddable":true,"href":"https:\/\/historiografija.hr\/index.php?rest_route=\/wp\/v2\/media\/18943"}],"wp:attachment":[{"href":"https:\/\/historiografija.hr\/index.php?rest_route=%2Fwp%2Fv2%2Fmedia&parent=18942"}],"wp:term":[{"taxonomy":"category","embeddable":true,"href":"https:\/\/historiografija.hr\/index.php?rest_route=%2Fwp%2Fv2%2Fcategories&post=18942"},{"taxonomy":"post_tag","embeddable":true,"href":"https:\/\/historiografija.hr\/index.php?rest_route=%2Fwp%2Fv2%2Ftags&post=18942"}],"curies":[{"name":"wp","href":"https:\/\/api.w.org\/{rel}","templated":true}]}}