{"id":18931,"date":"2020-01-31T10:50:50","date_gmt":"2020-01-31T10:50:50","guid":{"rendered":"http:\/\/historiografija.hr\/?p=18931"},"modified":"2020-01-31T10:50:50","modified_gmt":"2020-01-31T10:50:50","slug":"izlozba-jan-vitovec-ceski-vitez-zagorski-grof","status":"publish","type":"post","link":"https:\/\/historiografija.hr\/?p=18931","title":{"rendered":"Izlo\u017eba \u201eJan Vitovec \u2013 \u010de\u0161ki vitez, zagorski grof\u201c"},"content":{"rendered":"<p>Izlo\u017ebom <em>Jan Vitovec \u2013 \u010de\u0161ki vitez, zagorski grof<\/em> Muzeji Hrvatskog zagorja, Muzej selja\u010dkih buna javnosti predstavlja zanimljiv \u017eivot Jana Vitovca Grebengradskog, \u010de\u0161kog plemi\u0107a i vojnog pla\u0107enika koji je uvelike obilje\u017eio povijest Hrvatskog zagorja, ali i \u010ditave srednjovjekovne Slavonije. Izlo\u017eba je nastala u suradnji s Hrvatskim povijesnim muzejom u Zagrebu, Pokrajinskim muzejom u Celju, Pu\u010dkim otvorenim u\u010dili\u0161tem Krapina \u2013 Galerijom grada Krapine, Arhivom Hrvatske akademije znanosti i umjetnosti, Arheolo\u0161kim muzejom u Zagrebu, Sveu\u010dili\u0161tem Sjever u Koprivnici i Muzejom \u010cesk\u00e9ho lesa u Tachovu. Realizirana je u \u010detiri osnovne tematske cjeline: 1. \u010ce\u0161ke zemlje u vrijeme Jana Vitovca, 2. Grofovi Celjski i Jan Vitovec, 3. Izme\u0111u dvije vatre &#8211; u slu\u017ebi njema\u010dkog Cara i ugarskog kralja, i 4. Vitov\u010devi sinovi. Posjetiteljima se burno 15. stolje\u0107e na hrvatskim prostorima predstavlja kroz \u017eivotnu pri\u010du o usponu Jana Vitovca iz redova profesionalnih vojnih slu\u017ebenika grofova Celjskih do velika\u0161kog statusa i slavonske banske \u010dasti u Ugarsko-Hrvatskom Kraljevstvu, i to prvenstveno arheolo\u0161kom gra\u0111om iskopanom na zagorskim utvrdama Veliki Tabor, Vrbovec pored Huma na Sutli i Stari grad Krapina, te arheolo\u0161kim nalazima iz 15. stolje\u0107a s \u010de\u0161kih prostora. Autorica izlo\u017ebe je dr. sc. Ivana \u0160kiljan, a glavni stru\u010dni suradnik Milan Prohaska. Izlo\u017eba je realizirana uz priloge i doprinos ostalih stru\u010dnih suradnika: dr. sc. Maje Bausovac, mag. hist. Leona Bo\u0161njaka, mr. sc. Branka \u010ci\u010dka, dr. sc. Zlate Gersdorfove, prof. dr. Borislava Grgina, mag. hist. Lidije Kelemen, prof. dr. Mirjane Matijevi\u0107 Sokol, Miroslava Na\u0111a, dipl. arheol., mag. hist. Igora Razuma, dr. sc. Kre\u0161imira Regana, doc. dr. sc. Tatjane Tkal\u010dec i mag. hist. Damira \u017deri\u0107a.<\/p>\n<p>&nbsp;<\/p>\n<p>JAN VITOVEC \u2013 \u010cE\u0160KI VITEZ, ZAGORSKI GROF<\/p>\n<p>Muzej selja\u010dkih buna \/ Galerija dvorca Or\u0161i\u0107, Gornja Stubica<\/p>\n<p>31. I \u2013 31. III. 2020.<\/p>\n<p>izlo\u017eba u okviru programa Muzeja selja\u010dkih buna u No\u0107i muzeja &#8217;20<\/p>\n<p>&nbsp;<\/p>\n<p><strong>Zanimljivosti iz \u017eivota \u010de\u0161kog <em>kondotijera<\/em> (viteza-pla\u0107enika) Jana Vitovca (? \u2013 1468.\/1469.)<\/strong><\/p>\n<p>U vrijeme husitskih ratova koji su trajali od 1419. do 1434. godine, \u010de\u0161ki vojnici bili su strah i trepet Europe. \u010ce\u0161ki husiti, prista\u0161e u\u010denja vjerskog reformatora Jana Husa, pod vodstvom svog najslavnijeg zapovjednika Jana \u017di\u017eke i njegova nasljednika Prokopa Velikog (ili \u0106elavog) ne samo \u0161to su odolijevali kri\u017earskim (katoli\u010dkim) vojskama, ve\u0107 su i upadali u susjedne zemlje, a uz to su unijeli i mnoge novosti u tada\u0161nje naoru\u017eanje i vojnu taktiku. Jedan od spomenutih dobro uvije\u017ebanih \u010de\u0161kih vojnika &#8211; pla\u0107enika bio je i Jan Vitovac. O njegovom podrijetlu zna se vrlo malo. Vjerojatno je pripadao vite\u0161kom rodu V\u00edt\u016f iz Rzav\u00e9 iz sitnoplemi\u0107ke obitelji Vitovi\u0161kih i Zlinskih (Vitovic a ze Zl\u00edna). Datum i godina njegova ro\u0111enja nisu preciznije poznati. U izvorima i literaturi navodi se jo\u0161 kao Vitovac, Bitovec, Witowec, Wittowecz, Wittobecz, Bythowecz de Gereben, a suvremenici su ga \u010desto zvali <em>Pan Jan<\/em> (gospodin Jan). Vitovec se vrlo dobro uklapao u profil kasnosrednjovjekovnog profesionalnog ratnika \u2013 pla\u0107enika na \u0161irem regionalnom i europskom prostoru. Dobro uvje\u017ebani i moderno naoru\u017eani profesionalni vojnici-pla\u0107enici po\u010deli su igrati sve va\u017eniju ulogu u vojskama mnogih monarhija i komuna, poglavito u Italiji, ali i drugdje u Europi. Naravno da je vje\u0161tim, sposobnim i u\u010dinkovitim zapovjednicima me\u0111u njima to moglo olak\u0161ati uspon na dru\u0161tvenoj ljestvici. Tako je i Vitovec, ispo\u010detka u slu\u017ebi grofova Celjskih,\u00a0 zahvaljuju\u0107i vrlinama i kvalitetama uspje\u0161nog vojnog zapovjednika krajem ovog razdoblja zapo\u010deo dobivenim du\u017enostima (kri\u017eeva\u010dki \u017eupan) i posjedima (Grebengrad i pripadaju\u0107e vlastelinstvo) postupan uspon u redove zemljoposjedni\u010dkog plemstva Slavonije iz svog ranijeg statusa profesionalnog vojnika i k tomu stranca \u2013 do\u0161ljaka iz drugoga kraljevstva.\u00a0 Jedan od prvih zna\u010dajnijih sukoba na prostoru dana\u0161nje sjeverozapadne Hrvatske u kojoj se <em>Pan Jan<\/em> istaknuo je bitka kod Samobora iz 1441. godine. U vrijeme dugogodi\u0161njih dinasti\u010dkih borbi izme\u0111u Korvina, Jagelovi\u0107a i Habsburgovaca, u kojima je Vitovec \u010desto mijenjao strane, do\u017eivio je strelovit uspon. Nakon smrti posljednjih Celjskih, Vitovec dolazi u posjed ve\u0107ine slavonskih posjeda Celjskih u Hrvatskoj, pogotovo u Zagorju, te stje\u010de titulu Grofa Zagorja. Obna\u0161ao je i du\u017enost slavonskog bana. Vitovec je od Habsbur\u0161kog cara dobiva i presti\u017eno pravo kovanja novca, te kra\u0107e vrijeme kuje srebrene krajcare u Krapini. \u017divot je proveo u ratovanju, uglavnom u ime Matija\u0161a Korvina, i to diljem kraljevstva, pa tako i u Dalmaciji protiv bosanskog kralja Stjepana Toma\u0161a, ali i protiv Osmanlija. Nakon smrti Jana Vitovca, njegovi sinovi nisu bili tako snala\u017eljivi u politici kao otac. Optu\u017eeni za izdaju, kralj Matija\u0161 Korvin 1488. godine oduzima im imanja i \u010dasti koja dodjeljuje svojem izvanbra\u010dnom sinu Ivani\u0161u Korvinu.<\/p>\n<p>&nbsp;<\/p>\n<p><a href=\"https:\/\/i0.wp.com\/historiografija.hr\/wp-content\/uploads\/2020\/01\/pozivnica-internet.jpg?ssl=1\"><img data-recalc-dims=\"1\" loading=\"lazy\" decoding=\"async\" data-attachment-id=\"18932\" data-permalink=\"https:\/\/historiografija.hr\/?attachment_id=18932\" data-orig-file=\"https:\/\/i0.wp.com\/historiografija.hr\/wp-content\/uploads\/2020\/01\/pozivnica-internet.jpg?fit=519%2C882&amp;ssl=1\" data-orig-size=\"519,882\" data-comments-opened=\"1\" data-image-meta=\"{&quot;aperture&quot;:&quot;0&quot;,&quot;credit&quot;:&quot;Ivica Dru\\u017eak&quot;,&quot;camera&quot;:&quot;&quot;,&quot;caption&quot;:&quot;&quot;,&quot;created_timestamp&quot;:&quot;1578913138&quot;,&quot;copyright&quot;:&quot;&quot;,&quot;focal_length&quot;:&quot;0&quot;,&quot;iso&quot;:&quot;0&quot;,&quot;shutter_speed&quot;:&quot;0&quot;,&quot;title&quot;:&quot;&quot;,&quot;orientation&quot;:&quot;1&quot;}\" data-image-title=\"pozivnica internet\" data-image-description=\"\" data-image-caption=\"\" data-large-file=\"https:\/\/i0.wp.com\/historiografija.hr\/wp-content\/uploads\/2020\/01\/pozivnica-internet.jpg?fit=519%2C882&amp;ssl=1\" class=\"alignnone size-medium wp-image-18932\" src=\"https:\/\/i0.wp.com\/historiografija.hr\/wp-content\/uploads\/2020\/01\/pozivnica-internet.jpg?resize=177%2C300&#038;ssl=1\" alt=\"\" width=\"177\" height=\"300\" srcset=\"https:\/\/i0.wp.com\/historiografija.hr\/wp-content\/uploads\/2020\/01\/pozivnica-internet.jpg?resize=177%2C300&amp;ssl=1 177w, https:\/\/i0.wp.com\/historiografija.hr\/wp-content\/uploads\/2020\/01\/pozivnica-internet.jpg?w=519&amp;ssl=1 519w\" sizes=\"auto, (max-width: 177px) 100vw, 177px\" \/><\/a><\/p>\n<p>&nbsp;<\/p>\n<p><a href=\"https:\/\/i0.wp.com\/historiografija.hr\/wp-content\/uploads\/2020\/01\/pozivnica-tiskanica.jpg?ssl=1\"><img data-recalc-dims=\"1\" loading=\"lazy\" decoding=\"async\" data-attachment-id=\"18933\" data-permalink=\"https:\/\/historiografija.hr\/?attachment_id=18933\" data-orig-file=\"https:\/\/i0.wp.com\/historiografija.hr\/wp-content\/uploads\/2020\/01\/pozivnica-tiskanica.jpg?fit=1841%2C984&amp;ssl=1\" data-orig-size=\"1841,984\" data-comments-opened=\"1\" data-image-meta=\"{&quot;aperture&quot;:&quot;0&quot;,&quot;credit&quot;:&quot;Ivica Dru\\u017eak&quot;,&quot;camera&quot;:&quot;&quot;,&quot;caption&quot;:&quot;&quot;,&quot;created_timestamp&quot;:&quot;1578848497&quot;,&quot;copyright&quot;:&quot;&quot;,&quot;focal_length&quot;:&quot;0&quot;,&quot;iso&quot;:&quot;0&quot;,&quot;shutter_speed&quot;:&quot;0&quot;,&quot;title&quot;:&quot;&quot;,&quot;orientation&quot;:&quot;0&quot;}\" data-image-title=\"pozivnica tiskanica\" data-image-description=\"\" data-image-caption=\"\" data-large-file=\"https:\/\/i0.wp.com\/historiografija.hr\/wp-content\/uploads\/2020\/01\/pozivnica-tiskanica.jpg?fit=860%2C459&amp;ssl=1\" class=\"alignnone size-medium wp-image-18933\" src=\"https:\/\/i0.wp.com\/historiografija.hr\/wp-content\/uploads\/2020\/01\/pozivnica-tiskanica.jpg?resize=300%2C160&#038;ssl=1\" alt=\"\" width=\"300\" height=\"160\" srcset=\"https:\/\/i0.wp.com\/historiografija.hr\/wp-content\/uploads\/2020\/01\/pozivnica-tiskanica.jpg?resize=300%2C160&amp;ssl=1 300w, https:\/\/i0.wp.com\/historiografija.hr\/wp-content\/uploads\/2020\/01\/pozivnica-tiskanica.jpg?resize=768%2C410&amp;ssl=1 768w, https:\/\/i0.wp.com\/historiografija.hr\/wp-content\/uploads\/2020\/01\/pozivnica-tiskanica.jpg?resize=1024%2C547&amp;ssl=1 1024w, https:\/\/i0.wp.com\/historiografija.hr\/wp-content\/uploads\/2020\/01\/pozivnica-tiskanica.jpg?w=1841&amp;ssl=1 1841w, https:\/\/i0.wp.com\/historiografija.hr\/wp-content\/uploads\/2020\/01\/pozivnica-tiskanica.jpg?w=1720&amp;ssl=1 1720w\" sizes=\"auto, (max-width: 300px) 100vw, 300px\" \/><\/a><\/p>\n<p>&nbsp;<\/p>\n<p>&nbsp;<\/p>\n<p>&nbsp;<\/p>\n","protected":false},"excerpt":{"rendered":"","protected":false},"author":2,"featured_media":18932,"comment_status":"open","ping_status":"open","sticky":false,"template":"","format":"standard","meta":{"_acf_changed":false,"jetpack_post_was_ever_published":false,"_jetpack_newsletter_access":"","_jetpack_dont_email_post_to_subs":false,"_jetpack_newsletter_tier_id":0,"_jetpack_memberships_contains_paywalled_content":false,"_jetpack_memberships_contains_paid_content":false,"footnotes":"","jetpack_publicize_message":"","jetpack_publicize_feature_enabled":true,"jetpack_social_post_already_shared":true,"jetpack_social_options":{"image_generator_settings":{"template":"highway","default_image_id":0,"font":"","enabled":false},"version":2}},"categories":[10,3],"tags":[],"class_list":["post-18931","post","type-post","status-publish","format-standard","has-post-thumbnail","hentry","category-izlozbe","category-novosti"],"acf":{"facebook_opis":""},"jetpack_publicize_connections":[],"jetpack_featured_media_url":"https:\/\/i0.wp.com\/historiografija.hr\/wp-content\/uploads\/2020\/01\/pozivnica-internet.jpg?fit=519%2C882&ssl=1","jetpack_sharing_enabled":true,"jetpack-related-posts":[{"id":52760,"url":"https:\/\/historiografija.hr\/?p=52760","url_meta":{"origin":18931,"position":0},"title":"Izlo\u017eba \u201cLo\u0161injski brodovi, njihove zastave i ljudi\u201d, 4. svibnja u 19h","author":"Filip \u0160imunjak","date":"30. travnja 2026.","format":false,"excerpt":"Hrvatski pomorski muzej Split, Glagolja\u0161a 18 (Tvr\u0111ava Gripe) Nakon \u0161to je u rujnu 2025. godine na otoku Lo\u0161inju, u suradnji Lo\u0161injskog muzeja i Hrvatskog pomorskog muzeja Split, predstavljena izlo\u017eba posve\u0107ena bogatoj pomorskoj ba\u0161tini otoka, njezino pro\u0161ireno izdanje postavlja se u Splitu. Uo\u010di blagdana svetog Dujma splitskoj \u0107e se publici predstaviti\u2026","rel":"","context":"U &quot;Izlo\u017ebe&quot;","block_context":{"text":"Izlo\u017ebe","link":"https:\/\/historiografija.hr\/?cat=10"},"img":{"alt_text":"","src":"https:\/\/i0.wp.com\/historiografija.hr\/wp-content\/uploads\/2026\/04\/Losinjski-brodovi-Izlozba-1-scaled.webp?fit=840%2C1200&ssl=1&resize=350%2C200","width":350,"height":200,"srcset":"https:\/\/i0.wp.com\/historiografija.hr\/wp-content\/uploads\/2026\/04\/Losinjski-brodovi-Izlozba-1-scaled.webp?fit=840%2C1200&ssl=1&resize=350%2C200 1x, https:\/\/i0.wp.com\/historiografija.hr\/wp-content\/uploads\/2026\/04\/Losinjski-brodovi-Izlozba-1-scaled.webp?fit=840%2C1200&ssl=1&resize=525%2C300 1.5x, https:\/\/i0.wp.com\/historiografija.hr\/wp-content\/uploads\/2026\/04\/Losinjski-brodovi-Izlozba-1-scaled.webp?fit=840%2C1200&ssl=1&resize=700%2C400 2x"},"classes":[]},{"id":52666,"url":"https:\/\/historiografija.hr\/?p=52666","url_meta":{"origin":18931,"position":1},"title":"Najava programa Festivala povijesti Kliofest (5-8. V. 2026)","author":"Branimir Jankovi\u0107","date":"24. travnja 2026.","format":false,"excerpt":"Po trinaesti put odr\u017eava se Festival povijesti Kliofest! Do petka \u0107emo odr\u017eati osam okruglih stolova i dva kolokvija te niz predstavljanja knjiga i projekata razli\u010dite tematike, od antike do suvremenosti. Bit \u0107e predstavljeno i nekoliko izlo\u017ebi te odr\u017ean jedan povijesni kviz. Prikazat \u0107emo i jedan film \u2013 o generalu Boroevi\u0107u.\u2026","rel":"","context":"U &quot;Novosti&quot;","block_context":{"text":"Novosti","link":"https:\/\/historiografija.hr\/?cat=3"},"img":{"alt_text":"","src":"https:\/\/i0.wp.com\/historiografija.hr\/wp-content\/uploads\/2026\/04\/Kliofest-2026.jpg?fit=526%2C526&ssl=1&resize=350%2C200","width":350,"height":200,"srcset":"https:\/\/i0.wp.com\/historiografija.hr\/wp-content\/uploads\/2026\/04\/Kliofest-2026.jpg?fit=526%2C526&ssl=1&resize=350%2C200 1x, https:\/\/i0.wp.com\/historiografija.hr\/wp-content\/uploads\/2026\/04\/Kliofest-2026.jpg?fit=526%2C526&ssl=1&resize=525%2C300 1.5x"},"classes":[]},{"id":52660,"url":"https:\/\/historiografija.hr\/?p=52660","url_meta":{"origin":18931,"position":2},"title":"Medijski odjeci \u010dlanka Steve \u0110ura\u0161kovi\u0107a \u201e\u017dupanovljeva ne\u017eeljena djeca: ideolo\u0161ko pribli\u017eavanje neoliberala i kr\u0161\u0107anske radikalne desnice u Hrvatskoj\u201c","author":"Branimir Jankovi\u0107","date":"24. travnja 2026.","format":false,"excerpt":"U sklopu projekta \u201eIzazovi intelektualne povijesti: recepcije, preobrazbe i upotrebe politi\u010dkih ideja\u201c objavljen je polemi\u010dki \u010dlanak Steve \u0110ura\u0161kovi\u0107a \u201e\u017dupanovljeva ne\u017eeljena djeca: ideolo\u0161ko pribli\u017eavanje neoliberala i kr\u0161\u0107anske radikalne desnice u Hrvatskoj\u201c, koji je izazvao odre\u0111ene medijske reakcije. Stevo \u0110ura\u0161kovi\u0107 \u017dupanovljeva ne\u017eeljena djeca: ideolo\u0161ko pribli\u017eavanje neoliberala i kr\u0161\u0107anske radikalne desnice u Hrvatskoj\u2026","rel":"","context":"U &quot;Novosti&quot;","block_context":{"text":"Novosti","link":"https:\/\/historiografija.hr\/?cat=3"},"img":{"alt_text":"","src":"https:\/\/i0.wp.com\/historiografija.hr\/wp-content\/uploads\/2026\/04\/SD.png?fit=809%2C821&ssl=1&resize=350%2C200","width":350,"height":200,"srcset":"https:\/\/i0.wp.com\/historiografija.hr\/wp-content\/uploads\/2026\/04\/SD.png?fit=809%2C821&ssl=1&resize=350%2C200 1x, https:\/\/i0.wp.com\/historiografija.hr\/wp-content\/uploads\/2026\/04\/SD.png?fit=809%2C821&ssl=1&resize=525%2C300 1.5x, https:\/\/i0.wp.com\/historiografija.hr\/wp-content\/uploads\/2026\/04\/SD.png?fit=809%2C821&ssl=1&resize=700%2C400 2x"},"classes":[]},{"id":52505,"url":"https:\/\/historiografija.hr\/?p=52505","url_meta":{"origin":18931,"position":3},"title":"Izlo\u017eba &#8220;Eschenstock \/ Jasenov prut&#8221;","author":"Branimir Jankovi\u0107","date":"17. travnja 2026.","format":false,"excerpt":"Srpsko narodno vije\u0107e (SNV) i Vizura aperta postavljaju izlo\u017ebu \u0161vicarskog slikara Velimira Ili\u0161evi\u0107a: Eschenstock \/ Jasenov prut. Izlo\u017eba se uz prisustvo autora otvara povodom 81. godi\u0161njice proboja logora\u0161a iz usta\u0161kog logora smrti Jasenovac 22. aprila 2026. u 19 sati u Srpskom kulturnom centru (SKC) u Preradovi\u0107evoj ulici 21 u Zagrebu.\u2026","rel":"","context":"U &quot;Izlo\u017ebe&quot;","block_context":{"text":"Izlo\u017ebe","link":"https:\/\/historiografija.hr\/?cat=10"},"img":{"alt_text":"","src":"https:\/\/i0.wp.com\/historiografija.hr\/wp-content\/uploads\/2026\/04\/Jasenov_prut.jpg?fit=1024%2C640&ssl=1&resize=350%2C200","width":350,"height":200,"srcset":"https:\/\/i0.wp.com\/historiografija.hr\/wp-content\/uploads\/2026\/04\/Jasenov_prut.jpg?fit=1024%2C640&ssl=1&resize=350%2C200 1x, https:\/\/i0.wp.com\/historiografija.hr\/wp-content\/uploads\/2026\/04\/Jasenov_prut.jpg?fit=1024%2C640&ssl=1&resize=525%2C300 1.5x, https:\/\/i0.wp.com\/historiografija.hr\/wp-content\/uploads\/2026\/04\/Jasenov_prut.jpg?fit=1024%2C640&ssl=1&resize=700%2C400 2x"},"classes":[]},{"id":52592,"url":"https:\/\/historiografija.hr\/?p=52592","url_meta":{"origin":18931,"position":4},"title":"Predstavljanje knjige &#8220;Turska ku\u0107a u Rijeci&#8221; u Zagrebu","author":"Branimir Jankovi\u0107","date":"22. travnja 2026.","format":false,"excerpt":"U prostorijama Turskog kulturnog centra Yunus Emre u Zagrebu, u utorak 21. travnja 2026. godine, odr\u017eano je sve\u010dano predstavljanje dopunjenog izdanja knjige Turska ku\u0107a u Rijeci, u organizaciji Hrvatsko-turskog dru\u0161tva Rijeka i partnerstvu sa Skupinom prijateljstva Hrvatska-Turska Hrvatskog sabora, Veleposlanstvom Republike Turske u Republici Hrvatskoj te Turskim kulturnim centrom Yunus\u2026","rel":"","context":"U &quot;Novosti&quot;","block_context":{"text":"Novosti","link":"https:\/\/historiografija.hr\/?cat=3"},"img":{"alt_text":"","src":"https:\/\/i0.wp.com\/historiografija.hr\/wp-content\/uploads\/2026\/04\/Turska-kuca-ZG.jpg?fit=1200%2C800&ssl=1&resize=350%2C200","width":350,"height":200,"srcset":"https:\/\/i0.wp.com\/historiografija.hr\/wp-content\/uploads\/2026\/04\/Turska-kuca-ZG.jpg?fit=1200%2C800&ssl=1&resize=350%2C200 1x, https:\/\/i0.wp.com\/historiografija.hr\/wp-content\/uploads\/2026\/04\/Turska-kuca-ZG.jpg?fit=1200%2C800&ssl=1&resize=525%2C300 1.5x, https:\/\/i0.wp.com\/historiografija.hr\/wp-content\/uploads\/2026\/04\/Turska-kuca-ZG.jpg?fit=1200%2C800&ssl=1&resize=700%2C400 2x, https:\/\/i0.wp.com\/historiografija.hr\/wp-content\/uploads\/2026\/04\/Turska-kuca-ZG.jpg?fit=1200%2C800&ssl=1&resize=1050%2C600 3x"},"classes":[]},{"id":52511,"url":"https:\/\/historiografija.hr\/?p=52511","url_meta":{"origin":18931,"position":5},"title":"Izlo\u017eba &#8220;Lica Sljemena&#8221;","author":"Branimir Jankovi\u0107","date":"17. travnja 2026.","format":false,"excerpt":"Srda\u010dno vas pozivamo na otvorenje izlo\u017ebe Lica Sljemena koje \u0107e se odr\u017eati u srijedu 22. travnja 2026. u 18 h ispred Muzeja Prigorja (Trg Dragutina Domjani\u0107a 5, Sesvete). Izlo\u017eba proizlazi iz istra\u017eivanja Nevene \u0160krbi\u0107 Alempijevi\u0107, Petre Kelemen i Sanje Potkonjak te intervjua sa Sljemena\u0161icama i Sljemena\u0161ima, koji su provedeni u\u2026","rel":"","context":"U &quot;Izlo\u017ebe&quot;","block_context":{"text":"Izlo\u017ebe","link":"https:\/\/historiografija.hr\/?cat=10"},"img":{"alt_text":"","src":"https:\/\/i0.wp.com\/historiografija.hr\/wp-content\/uploads\/2026\/04\/Izlozba-Lica-Sljemena.png?fit=1080%2C686&ssl=1&resize=350%2C200","width":350,"height":200,"srcset":"https:\/\/i0.wp.com\/historiografija.hr\/wp-content\/uploads\/2026\/04\/Izlozba-Lica-Sljemena.png?fit=1080%2C686&ssl=1&resize=350%2C200 1x, https:\/\/i0.wp.com\/historiografija.hr\/wp-content\/uploads\/2026\/04\/Izlozba-Lica-Sljemena.png?fit=1080%2C686&ssl=1&resize=525%2C300 1.5x, https:\/\/i0.wp.com\/historiografija.hr\/wp-content\/uploads\/2026\/04\/Izlozba-Lica-Sljemena.png?fit=1080%2C686&ssl=1&resize=700%2C400 2x, https:\/\/i0.wp.com\/historiografija.hr\/wp-content\/uploads\/2026\/04\/Izlozba-Lica-Sljemena.png?fit=1080%2C686&ssl=1&resize=1050%2C600 3x"},"classes":[]}],"_links":{"self":[{"href":"https:\/\/historiografija.hr\/index.php?rest_route=\/wp\/v2\/posts\/18931","targetHints":{"allow":["GET"]}}],"collection":[{"href":"https:\/\/historiografija.hr\/index.php?rest_route=\/wp\/v2\/posts"}],"about":[{"href":"https:\/\/historiografija.hr\/index.php?rest_route=\/wp\/v2\/types\/post"}],"author":[{"embeddable":true,"href":"https:\/\/historiografija.hr\/index.php?rest_route=\/wp\/v2\/users\/2"}],"replies":[{"embeddable":true,"href":"https:\/\/historiografija.hr\/index.php?rest_route=%2Fwp%2Fv2%2Fcomments&post=18931"}],"version-history":[{"count":1,"href":"https:\/\/historiografija.hr\/index.php?rest_route=\/wp\/v2\/posts\/18931\/revisions"}],"predecessor-version":[{"id":18934,"href":"https:\/\/historiografija.hr\/index.php?rest_route=\/wp\/v2\/posts\/18931\/revisions\/18934"}],"wp:featuredmedia":[{"embeddable":true,"href":"https:\/\/historiografija.hr\/index.php?rest_route=\/wp\/v2\/media\/18932"}],"wp:attachment":[{"href":"https:\/\/historiografija.hr\/index.php?rest_route=%2Fwp%2Fv2%2Fmedia&parent=18931"}],"wp:term":[{"taxonomy":"category","embeddable":true,"href":"https:\/\/historiografija.hr\/index.php?rest_route=%2Fwp%2Fv2%2Fcategories&post=18931"},{"taxonomy":"post_tag","embeddable":true,"href":"https:\/\/historiografija.hr\/index.php?rest_route=%2Fwp%2Fv2%2Ftags&post=18931"}],"curies":[{"name":"wp","href":"https:\/\/api.w.org\/{rel}","templated":true}]}}