{"id":18825,"date":"2020-01-27T08:56:56","date_gmt":"2020-01-27T08:56:56","guid":{"rendered":"http:\/\/historiografija.hr\/?p=18825"},"modified":"2020-03-04T23:38:48","modified_gmt":"2020-03-04T23:38:48","slug":"najava-konferencije-jasenovac-past-and-present-history-and-memory-of-institutionalised-destruction","status":"publish","type":"post","link":"https:\/\/historiografija.hr\/?p=18825","title":{"rendered":"Najava konferencije \u201cJasenovac Past and Present: History and Memory of Institutionalised Destruction\u201d"},"content":{"rendered":"<p>Podsje\u0107amo na va\u017enu konferenciju \u201cJasenovac: pro\u0161lost i sada\u0161njost \u2013 povijest i sje\u0107anje na institucionalno uni\u0161tenje\u201d koja \u0107e se odr\u017eati u Beogradu, Jasenovcu i Zagrebu od 24. do 26. o\u017eujka 2020. godine.<\/p>\n<p>&nbsp;<\/p>\n<p>&#8212;<\/p>\n<p>&nbsp;<\/p>\n<p><strong>Jasenovac Past and Present<\/strong><\/p>\n<p><strong>History and Memory of Institutionalised Destruction<\/strong><\/p>\n<p>&nbsp;<\/p>\n<p>Posljednjih godina u\u010destale su javne rasprave i kontroverze oko logora Jasenovac izgra\u0111enoga u kolovozu 1941. godine nakon osnivanja Nezavisne Dr\u017eave Hrvatske (NDH). Istodobno, znanstvenici se sve vi\u0161e pribli\u017eavaju konsenzusu o uvjetima \u017eivota i smrti u logoru te po\u010dinju s istra\u017eivanjem \u200b\u200bkako kultura pam\u0107enja oko Jasenovca utje\u010de na dana\u0161nja dru\u0161tva u Srbiji, Hrvatskoj i drugim dijelovima tada\u0161nje SFR Jugoslavije.<\/p>\n<p>Konferencija <em>Jasenovac: pro\u0161lost i sada\u0161njost \u2013 povijest i sje\u0107anje na institucionalno uni\u0161tenje<\/em>, koja \u0107e se odr\u017eati od 24.\u201326. o\u017eujka 2020. godine, okupit \u0107e tim me\u0111unarodnih stru\u010dnjaka koji istra\u017euju \u200b\u200bpovijest i sje\u0107anje na Jasenovac metodom kriti\u010dke analize slo\u017eene mre\u017ee koja povezuje pro\u0161lost i sada\u0161njost. Znanstvenici \u0107e preispitivati dugogodi\u0161nje povijesne kontroverze i predstaviti nova istra\u017eivanja, ali i doprinijeti boljem razumijevanju mijenjanja kulture pam\u0107enja tijekom godina.<\/p>\n<p>Povezuju\u0107i lokalnu povijest i pam\u0107enje sa \u0161irim europskim trendovima, konferencija \u0107e otvoriti put intenziviranju istra\u017eiva\u010dke suradnje preko nacionalnih granica te istodobno pomo\u0107i \u0161irenju svijesti o logoru Jasenovac kao jednome od va\u017enijih mjesta holokausta. Konferencija \u0107e suradnjom s medijima, politi\u010dkim akterima, edukatorima i \u0161irom javno\u0161\u0107u, pripomo\u0107i suzbijanju naru\u0161avanja \u010dinjenica i manipulacija koje i dalje optere\u0107uju javnu raspravu i percepcije o logoru.<\/p>\n<p>U Beogradu, Jasenovcu i Zagrebu \u0107e se tijekom tri dana odr\u017eavati razli\u010dite aktivnosti kako bi se postigao \u0161to ve\u0107i utjecaj u dru\u0161tvima najvi\u0161e pogo\u0111ena bolnom ba\u0161tinom koju predstavlja logor Jasenovac. Aktivnosti se sastoje od kombinacije znanstvenih rasprava na panelima s nizom javnih doga\u0111anja koji te\u017ee<\/p>\n<ul>\n<li>pove\u0107anju znanja o trenutnom stanju istra\u017eivanja<\/li>\n<li>poticanju regionalne i \u0161ire me\u0111unarodne istra\u017eiva\u010dke suradnje<\/li>\n<li>povezivanju povijesti i kulture sje\u0107anja na logor Jasenovac sa \u0161irim europskim trendovima<\/li>\n<li>poticanju javne rasprave o logoru<\/li>\n<li>podizanju svijesti o manipulacijama, iskrivljavanju \u010dinjenica i negiranju Jasenovca<\/li>\n<\/ul>\n<p>&nbsp;<\/p>\n<p><strong>Javna doga\u0111anja<\/strong><\/p>\n<ol start=\"23\">\n<li>o\u017eujka:<strong> Beograd<\/strong><\/li>\n<\/ol>\n<ul>\n<li>Diskusija: \u201cJasenovac u srpsko-hrvatskim odnosima\u201d<\/li>\n<\/ul>\n<ol start=\"24\">\n<li>o\u017eujka:<strong> Beograd<\/strong><\/li>\n<\/ol>\n<ul>\n<li>Plenarno predavanje Ulricha Herberta, Sveu\u010dili\u0161te Albert-Ludwig u Freiburgu:\u00a0 \u201cJasenovac and the Concentration Camp System in Europe\u201d (<em>Jasenovac i sustav koncentracijskih logora u Europi<\/em>)<\/li>\n<li>Paneli\n<ul>\n<li><em>Genocid i masovni zlo\u010dini u NDH<\/em><\/li>\n<li><em>\u017drtve u jasenova\u010dkom logorskom kompleksu<\/em><\/li>\n<li><em>Perspektive na po\u010dinitelje<\/em><\/li>\n<li><em>Estimacije i statisi\u010dki podaci o broju ubijenih<\/em><\/li>\n<\/ul>\n<\/li>\n<\/ul>\n<ol start=\"26\">\n<li>o\u017eujka:<strong> Zagreb<\/strong><\/li>\n<\/ol>\n<ul>\n<li>Plenarno predavanje Tomislava Duli\u0107a, Uppsala University:<br \/>\nLinking Past and Present: Distortion and Denial in Perspective<\/li>\n<li>Paneli:\n<ul>\n<li><em>Kultura sje\u0107anja na terror u NDH<\/em><\/li>\n<li><em>Sje\u0107anje na Jasenovac u komparativnoj perspektivi<\/em><\/li>\n<li><em>Jasenovac i obrazovanje<\/em><\/li>\n<li><em>Okrugli stol<\/em><\/li>\n<\/ul>\n<\/li>\n<\/ul>\n<p>&nbsp;<\/p>\n<p>Izvor: <a href=\"https:\/\/jasenovac-past-and-present.org\/home\/hr\/\">https:\/\/jasenovac-past-and-present.org\/home\/hr\/<\/a><\/p>\n<p>&nbsp;<\/p>\n<p>&nbsp;<\/p>\n","protected":false},"excerpt":{"rendered":"","protected":false},"author":2,"featured_media":16272,"comment_status":"open","ping_status":"open","sticky":false,"template":"","format":"standard","meta":{"_acf_changed":false,"jetpack_post_was_ever_published":false,"_jetpack_newsletter_access":"","_jetpack_dont_email_post_to_subs":false,"_jetpack_newsletter_tier_id":0,"_jetpack_memberships_contains_paywalled_content":false,"_jetpack_memberships_contains_paid_content":false,"footnotes":"","jetpack_publicize_message":"","jetpack_publicize_feature_enabled":true,"jetpack_social_post_already_shared":true,"jetpack_social_options":{"image_generator_settings":{"template":"highway","default_image_id":0,"font":"","enabled":false},"version":2}},"categories":[3,9],"tags":[],"class_list":["post-18825","post","type-post","status-publish","format-standard","has-post-thumbnail","hentry","category-novosti","category-skupovi"],"acf":{"facebook_opis":""},"jetpack_publicize_connections":[],"jetpack_featured_media_url":"https:\/\/i0.wp.com\/historiografija.hr\/wp-content\/uploads\/2019\/09\/Jasenovac.png?fit=2560%2C1200&ssl=1","jetpack_sharing_enabled":true,"jetpack-related-posts":[{"id":52148,"url":"https:\/\/historiografija.hr\/?p=52148","url_meta":{"origin":18825,"position":0},"title":"Poziv za prijavu na me\u0111unarodnu znanstvenu konferenciju \u201eGranice (ne)slobode: Zadarski krug 1966. Intelektualna opozicija u totalitarnom dru\u0161tvu\u201c","author":"Branimir Jankovi\u0107","date":"27. o\u017eujka 2026.","format":false,"excerpt":"\u00a0\u00a0\u00a0\u00a0 Povodom \u0161ezdesete obljetnice poku\u0161aja osnivanja \u010dasopisa Slobodan glas u Zadru 1966. godine, pozivamo vas na znanstvenu konferenciju posve\u0107enu istra\u017eivanju disidentstva, intelektualne opozicije i granica divergentnog mi\u0161ljenja nasuprot slu\u017ebenoj ideologiji u komunisti\u010dkoj Jugoslaviji. Ideja konferencije je analizirati konkretan fenomen zadarskog slu\u010daja razloge i okolnosti njegove pojave, ali uz otvaranje komparativnih\u2026","rel":"","context":"U &quot;Novosti&quot;","block_context":{"text":"Novosti","link":"https:\/\/historiografija.hr\/?cat=3"},"img":{"alt_text":"","src":"https:\/\/i0.wp.com\/historiografija.hr\/wp-content\/uploads\/2026\/03\/Poziv-konferencija-Zadar.jpg?fit=1200%2C509&ssl=1&resize=350%2C200","width":350,"height":200,"srcset":"https:\/\/i0.wp.com\/historiografija.hr\/wp-content\/uploads\/2026\/03\/Poziv-konferencija-Zadar.jpg?fit=1200%2C509&ssl=1&resize=350%2C200 1x, https:\/\/i0.wp.com\/historiografija.hr\/wp-content\/uploads\/2026\/03\/Poziv-konferencija-Zadar.jpg?fit=1200%2C509&ssl=1&resize=525%2C300 1.5x, https:\/\/i0.wp.com\/historiografija.hr\/wp-content\/uploads\/2026\/03\/Poziv-konferencija-Zadar.jpg?fit=1200%2C509&ssl=1&resize=700%2C400 2x, https:\/\/i0.wp.com\/historiografija.hr\/wp-content\/uploads\/2026\/03\/Poziv-konferencija-Zadar.jpg?fit=1200%2C509&ssl=1&resize=1050%2C600 3x"},"classes":[]},{"id":52539,"url":"https:\/\/historiografija.hr\/?p=52539","url_meta":{"origin":18825,"position":1},"title":"Drugi po redu studentski simpozij &#8220;In fonte veritas&#8221;","author":"Branimir Jankovi\u0107","date":"20. travnja 2026.","format":false,"excerpt":"U srijedu, 22. travnja 2026. godine, u dvorani C 0.4 na Hrvatskom katoli\u010dkom sveu\u010dili\u0161tu odr\u017eat \u0107e se drugi studentski simpozij \u201eIn fonte veritas\". Ovogodi\u0161nja sredi\u0161nja tema simpozija je Papinstvo. Kroz istra\u017eiva\u010dko suo\u010davanje s povijesnim izvorima deset \u0107e studenata predstaviti rezultate svojih istra\u017eivanja o instituciji koja je stolje\u0107ima oblikovala europsku i\u2026","rel":"","context":"U &quot;Novosti&quot;","block_context":{"text":"Novosti","link":"https:\/\/historiografija.hr\/?cat=3"},"img":{"alt_text":"","src":"https:\/\/i0.wp.com\/historiografija.hr\/wp-content\/uploads\/2026\/04\/Papinstvo.png?fit=1024%2C500&ssl=1&resize=350%2C200","width":350,"height":200,"srcset":"https:\/\/i0.wp.com\/historiografija.hr\/wp-content\/uploads\/2026\/04\/Papinstvo.png?fit=1024%2C500&ssl=1&resize=350%2C200 1x, https:\/\/i0.wp.com\/historiografija.hr\/wp-content\/uploads\/2026\/04\/Papinstvo.png?fit=1024%2C500&ssl=1&resize=525%2C300 1.5x, https:\/\/i0.wp.com\/historiografija.hr\/wp-content\/uploads\/2026\/04\/Papinstvo.png?fit=1024%2C500&ssl=1&resize=700%2C400 2x"},"classes":[]},{"id":52543,"url":"https:\/\/historiografija.hr\/?p=52543","url_meta":{"origin":18825,"position":2},"title":"Znanstveno-stru\u010dni skup \u201eOto\u010dne pu\u010dke pobo\u017enosti: kontinuiteti i transformacije\u201c","author":"Branimir Jankovi\u0107","date":"20. travnja 2026.","format":false,"excerpt":"Najavljujemo\u00a0znanstveno-stru\u010dni skup \u201eOto\u010dne pu\u010dke pobo\u017enosti: kontinuiteti i transformacije\u201c,\u00a0koji \u0107e se odr\u017eati\u00a0u Rabu od 24. do 26. travnja 2026.,\u00a0u organizaciji i uz potporu\u00a0Instituta za etnologiju i folkloristiku, Zagreb, \u00a0Grada Raba, Pu\u010dkog otvorenog u\u010dili\u0161ta Rab i Centra za istra\u017eivanje srednjovjekovne ba\u0161tine Jadrana RIMAH. Skup okuplja vode\u0107e doma\u0107e stru\u010dnjake koji \u0107e kroz niz\u2026","rel":"","context":"U &quot;Novosti&quot;","block_context":{"text":"Novosti","link":"https:\/\/historiografija.hr\/?cat=3"},"img":{"alt_text":"","src":"https:\/\/i0.wp.com\/historiografija.hr\/wp-content\/uploads\/2026\/04\/Skup_Rab.jpg?fit=848%2C1200&ssl=1&resize=350%2C200","width":350,"height":200,"srcset":"https:\/\/i0.wp.com\/historiografija.hr\/wp-content\/uploads\/2026\/04\/Skup_Rab.jpg?fit=848%2C1200&ssl=1&resize=350%2C200 1x, https:\/\/i0.wp.com\/historiografija.hr\/wp-content\/uploads\/2026\/04\/Skup_Rab.jpg?fit=848%2C1200&ssl=1&resize=525%2C300 1.5x, https:\/\/i0.wp.com\/historiografija.hr\/wp-content\/uploads\/2026\/04\/Skup_Rab.jpg?fit=848%2C1200&ssl=1&resize=700%2C400 2x"},"classes":[]},{"id":52573,"url":"https:\/\/historiografija.hr\/?p=52573","url_meta":{"origin":18825,"position":3},"title":"Znanstvena konferencija &#8220;Filozofija odgoja: povijest, praksa, perspektive&#8221;","author":"Branimir Jankovi\u0107","date":"21. travnja 2026.","format":false,"excerpt":"Znanstvena konferencija \"Filozofija odgoja: povijest, praksa, perspektive\" odr\u017eat \u0107e se 23. i 24. travnja 2026. u Konferencijskoj dvorani Knji\u017enice Filozofskog fakulteta u Zagrebu (2. kat).\u00a0Konferencija je organizirana u okviru projekta\u00a0SUMKOS (voditeljica prof. dr. sc. Ivana Zagorac, financiran\u00a0sredstvima NextGenerationEU), uz potporu Odsjeka za filozofiju.\u00a0 Uz izlaga\u010dki dio, konferencija obuhva\u0107a i izlo\u017ebu\u2026","rel":"","context":"U &quot;Novosti&quot;","block_context":{"text":"Novosti","link":"https:\/\/historiografija.hr\/?cat=3"},"img":{"alt_text":"","src":"","width":0,"height":0},"classes":[]},{"id":52578,"url":"https:\/\/historiografija.hr\/?p=52578","url_meta":{"origin":18825,"position":4},"title":"Poziv za sudjelovanje: XXII. Dani Julija Bene\u0161i\u0107a u Iloku","author":"Branimir Jankovi\u0107","date":"21. travnja 2026.","format":false,"excerpt":"Zavod za lingvisti\u010dka istra\u017eivanja Hrvatske akademije znanosti i umjetnosti, zajedno s Muzejom grada Iloka, organizira XXII. Dane Julija Bene\u0161i\u0107a, koji \u0107e se odr\u017eati od 28. do 30. listopada 2026. u Iloku.\u00a0Teme ovogodi\u0161njih Dana podijeljene su u dvije cjeline: Knji\u017eevno-jezikoslovni d\u00ecv\u0101n s Bene\u0161i\u0107em te Ilok i Srijem u povijesnim stalnicama i\u2026","rel":"","context":"U &quot;Novosti&quot;","block_context":{"text":"Novosti","link":"https:\/\/historiografija.hr\/?cat=3"},"img":{"alt_text":"","src":"https:\/\/i0.wp.com\/historiografija.hr\/wp-content\/uploads\/2019\/10\/HE2_Benesic.jpg?fit=413%2C591&ssl=1&resize=350%2C200","width":350,"height":200},"classes":[]},{"id":52641,"url":"https:\/\/historiografija.hr\/?p=52641","url_meta":{"origin":18825,"position":5},"title":"CfP: WHO OWNS THE PAST? VERNACULAR MEMORY, STATE MEMORY, AND THE POLITICS OF OWNERSHIP","author":"Branimir Jankovi\u0107","date":"24. travnja 2026.","format":false,"excerpt":"VIENNA, 31ST AUGUST\u20133RD SEPTEMBER 2026 (DEADLINE: 24TH APRIL 2026) The Center for Austrian Studies at the European Forum at the Hebrew University and the Austrian Academy of Sciences\/Institute of Culture Studies invite early postdocs, PhD candidates, and advanced Master\u2019s students from the Hebrew University of Jerusalem and universities and academic\u2026","rel":"","context":"U &quot;Novosti&quot;","block_context":{"text":"Novosti","link":"https:\/\/historiografija.hr\/?cat=3"},"img":{"alt_text":"","src":"https:\/\/i0.wp.com\/historiografija.hr\/wp-content\/uploads\/2017\/10\/hsozkult.png?fit=1006%2C241&ssl=1&resize=350%2C200","width":350,"height":200,"srcset":"https:\/\/i0.wp.com\/historiografija.hr\/wp-content\/uploads\/2017\/10\/hsozkult.png?fit=1006%2C241&ssl=1&resize=350%2C200 1x, https:\/\/i0.wp.com\/historiografija.hr\/wp-content\/uploads\/2017\/10\/hsozkult.png?fit=1006%2C241&ssl=1&resize=525%2C300 1.5x, https:\/\/i0.wp.com\/historiografija.hr\/wp-content\/uploads\/2017\/10\/hsozkult.png?fit=1006%2C241&ssl=1&resize=700%2C400 2x"},"classes":[]}],"_links":{"self":[{"href":"https:\/\/historiografija.hr\/index.php?rest_route=\/wp\/v2\/posts\/18825","targetHints":{"allow":["GET"]}}],"collection":[{"href":"https:\/\/historiografija.hr\/index.php?rest_route=\/wp\/v2\/posts"}],"about":[{"href":"https:\/\/historiografija.hr\/index.php?rest_route=\/wp\/v2\/types\/post"}],"author":[{"embeddable":true,"href":"https:\/\/historiografija.hr\/index.php?rest_route=\/wp\/v2\/users\/2"}],"replies":[{"embeddable":true,"href":"https:\/\/historiografija.hr\/index.php?rest_route=%2Fwp%2Fv2%2Fcomments&post=18825"}],"version-history":[{"count":2,"href":"https:\/\/historiografija.hr\/index.php?rest_route=\/wp\/v2\/posts\/18825\/revisions"}],"predecessor-version":[{"id":19451,"href":"https:\/\/historiografija.hr\/index.php?rest_route=\/wp\/v2\/posts\/18825\/revisions\/19451"}],"wp:featuredmedia":[{"embeddable":true,"href":"https:\/\/historiografija.hr\/index.php?rest_route=\/wp\/v2\/media\/16272"}],"wp:attachment":[{"href":"https:\/\/historiografija.hr\/index.php?rest_route=%2Fwp%2Fv2%2Fmedia&parent=18825"}],"wp:term":[{"taxonomy":"category","embeddable":true,"href":"https:\/\/historiografija.hr\/index.php?rest_route=%2Fwp%2Fv2%2Fcategories&post=18825"},{"taxonomy":"post_tag","embeddable":true,"href":"https:\/\/historiografija.hr\/index.php?rest_route=%2Fwp%2Fv2%2Ftags&post=18825"}],"curies":[{"name":"wp","href":"https:\/\/api.w.org\/{rel}","templated":true}]}}