{"id":18735,"date":"2020-01-22T10:44:31","date_gmt":"2020-01-22T10:44:31","guid":{"rendered":"http:\/\/historiografija.hr\/?p=18735"},"modified":"2020-01-22T10:57:19","modified_gmt":"2020-01-22T10:57:19","slug":"%d0%b5%d0%bb%d0%b5%d0%bd%d0%b0-%d0%ba%d0%be%d1%81%d1%82%d0%be%d0%b2%d0%b0-%d0%b1%d1%8a%d0%bb%d0%b3%d0%b0%d1%80%d0%b8%d1%8f-%d0%b4%d1%83%d0%b1%d1%80%d0%be%d0%b2%d0%bd%d0%b8%d0%ba-%d0%b8-%d0%b1%d0%b0","status":"publish","type":"post","link":"https:\/\/historiografija.hr\/?p=18735","title":{"rendered":"\u0415\u043b\u0435\u043d\u0430 \u041a\u043e\u0441\u0442\u043e\u0432\u0430, &#8220;\u0411\u044a\u043b\u0433\u0430\u0440\u0438\u044f, \u0414\u0443\u0431\u0440\u043e\u0432\u043d\u0438\u043a \u0438 \u0411\u0430\u043b\u043a\u0430\u043d\u0438\u0442\u0435: \u043f\u043e\u043b\u0438\u0442\u0438\u0447\u0435\u0441\u043a\u0438, \u0438\u043a\u043e\u043d\u043e\u043c\u0438\u0447\u0435\u0441\u043a\u0438 \u0438 \u0434\u0438\u043f\u043b\u043e\u043c\u0430\u0442\u0438\u0447\u0435\u0441\u043a\u0438 \u0432\u0437\u0430\u0438\u043c\u043e\u043e\u0442\u043d\u043e\u0448\u0435\u043d\u0438\u044f (\u043a\u0440\u0430\u044f \u043d\u0430 \u0425\u0406\u0406\u2013\u0425\u0406V \u0432.)&#8221;"},"content":{"rendered":"<p>Objavljena je knjiga Elene Kostove, \u201cBugarska, Dubrovnik i Balkan: Politi\u010dki, ekonomski i diplomatski odnosi (kraj XII.-XIV. st.), Plovdiv 2019 (209 str.). Vi\u0161e u prilogu.<\/p>\n<p>&nbsp;<\/p>\n<p>Elena Kostova<\/p>\n<p><strong>Bugarska, Dubrovnik i Balkan: Politi\u010dki, ekonomski i diplomatski odnosi (kraj XII.- XIV. st.)<\/strong><\/p>\n<p>Plovdiv 2019.<\/p>\n<p>Prvi dio rada se fokusira na razvoj politi\u010dkih i ekonomskih odnosa izme\u0111u Bugarske i Dubrovnika, s analizom ure\u0111enja pravnih, diplomatskih i religijskih pitanja, obja\u0161njavaju\u0107i njihove veze u kontekstu doga\u0111anja na Balkanu od kraja XII. do XIV. stolje\u0107a. Drugi dio rada prati stvaranje trgova\u010dkih veza izme\u0111u Dubrova\u010dke Republike i balkanskih dr\u017eava, posebice veze s Bugarskom. Obja\u0161njavaju se porezi koje su Dubrov\u010dani pla\u0107ali, kao i porezi koje su pla\u0107ali drugi, inozemni trgovci, koji su do\u0161li na Balkan i na teritorij Bugarskog Carstva. Osim toga, obja\u0161njava se uloga, funkcija i statut dubrova\u010dkih konzularnih slu\u017ebi na Balkanu. Tre\u0107i dio \u010ditatelju predstavlja razli\u010dite povijesne osobe, povezane s razvojem bugarsko-dubrova\u010dkih veza u Srednjem vijeku.<\/p>\n<p>(preveo s bugarskog Igor Despot)<\/p>\n<p>&nbsp;<\/p>\n<p>&#8212;<\/p>\n<p>&nbsp;<\/p>\n<p>\u0415\u043b\u0435\u043d\u0430 \u041a\u043e\u0441\u0442\u043e\u0432\u0430<\/p>\n<p><strong>\u0411\u042a\u041b\u0413\u0410\u0420\u0418\u042f, \u0414\u0423\u0411\u0420\u041e\u0412\u041d\u0418\u041a \u0418 \u0411\u0410\u041b\u041a\u0410\u041d\u0418\u0422\u0415: \u041f\u041e\u041b\u0418\u0422\u0418\u0427\u0415\u0421\u041a\u0418, \u0418\u041a\u041e\u041d\u041e\u041c\u0418\u0427\u0415\u0421\u041a\u0418 \u0418 \u0414\u0418\u041f\u041b\u041e\u041c\u0410\u0422\u0418\u0427\u0415\u0421\u041a\u0418 \u0412\u0417\u0410\u0418\u041c\u041e\u041e\u0422\u041d\u041e\u0428\u0415\u041d\u0418\u042f (\u041a\u0420\u0410\u042f \u041d\u0410 \u0425\u0406\u0406\u2013\u0425\u0406V \u0412.)<\/strong><\/p>\n<p>\u041f\u043b\u043e\u0432\u0434\u0438\u0432 2019, VI+209 \u0441\u0442\u0440.<\/p>\n<p>\u041f\u044a\u0440\u0432\u0430\u0442\u0430 \u0447\u0430\u0441\u0442 \u043e\u0442 \u0442\u0440\u0443\u0434\u0430 \u0441\u0435 \u0444\u043e\u043a\u0443\u0441\u0438\u0440\u0430 \u0432\u044a\u0440\u0445\u0443 \u0440\u0430\u0437\u0432\u0438\u0442\u0438\u0435\u0442\u043e \u043d\u0430 \u043f\u043e\u043b\u0438\u0442\u0438\u0447\u0435\u0441\u043a\u0438\u0442\u0435 \u0438 \u0438\u043a\u043e\u043d\u043e\u043c\u0438\u0447\u0435\u0441\u043a\u0438\u0442\u0435 \u0432\u0437\u0430\u0438\u043c\u043e\u043e\u0442\u043d\u043e\u0448\u0435\u043d\u0438\u044f \u043c\u0435\u0436\u0434\u0443 \u0411\u044a\u043b\u0433\u0430\u0440\u0438\u044f \u0438 \u0414\u0443\u0431\u0440\u043e\u0432\u043d\u0438\u043a, \u043a\u0430\u0442\u043e \u043d\u0435 \u043b\u0438\u043f\u0441\u0432\u0430 \u0438 \u0430\u043d\u0430\u043b\u0438\u0437 \u043d\u0430 \u0441\u0432\u0435\u0434\u0435\u043d\u0438\u044f \u0437\u0430 \u0443\u0440\u0435\u0436\u0434\u0430\u043d\u0435\u0442\u043e \u043d\u0430 \u0440\u0435\u0434\u0438\u0446\u0430 \u043f\u0440\u0430\u0432\u043d\u0438, \u0434\u0438\u043f\u043b\u043e\u043c\u0430\u0442\u0438\u0447\u0435\u0441\u043a\u0438, \u0434\u043e\u0440\u0438 \u0440\u0435\u043b\u0438\u0433\u0438\u043e\u0437\u043d\u0438 \u0432\u044a\u043f\u0440\u043e\u0441\u0438, \u043e\u0442\u0440\u0430\u0437\u044f\u0432\u0430\u0449\u0438 \u0432\u0440\u044a\u0437\u043a\u0438\u0442\u0435 \u043c\u0435\u0436\u0434\u0443 \u0434\u0432\u0435\u0442\u0435 \u0441\u0442\u0440\u0430\u043d\u0438 \u0432 \u043a\u043e\u043d\u0442\u0435\u043a\u0441\u0442\u0430 \u043d\u0430 \u0441\u043b\u0443\u0447\u0432\u0430\u0449\u043e\u0442\u043e \u0441\u0435 \u043d\u0430 \u0411\u0430\u043b\u043a\u0430\u043d\u0438\u0442\u0435 \u0432 \u043a\u0440\u0430\u044f \u043d\u0430 \u0425\u0406\u0406\u2013\u0425\u0406V \u0432\u0435\u043a. \u0412\u0442\u043e\u0440\u0430\u0442\u0430 \u0447\u0430\u0441\u0442 \u043d\u0430 \u0438\u0437\u0441\u043b\u0435\u0434\u0432\u0430\u043d\u0435\u0442\u043e \u0440\u0430\u0437\u0433\u043b\u0435\u0436\u0434\u0430 \u0443\u0440\u0435\u0436\u0434\u0430\u043d\u0435\u0442\u043e \u043d\u0430 \u0442\u044a\u0440\u0433\u043e\u0432\u0441\u043a\u0438\u0442\u0435 \u0432\u0440\u044a\u0437\u043a\u0438, \u043d\u0430\u043b\u043e\u0436\u0435\u043d\u0438 \u043c\u0435\u0436\u0434\u0443 \u0414\u0430\u043b\u043c\u0430\u0442\u0438\u043d\u0441\u043a\u0430\u0442\u0430 \u0440\u0435\u043f\u0443\u0431\u043b\u0438\u043a\u0430 \u0438 \u0431\u0430\u043b\u043a\u0430\u043d\u0441\u043a\u0438\u0442\u0435 \u0434\u044a\u0440\u0436\u0430\u0432\u0438, \u0438 \u0432 \u0447\u0430\u0441\u0442\u043d\u043e\u0441\u0442 \u2013 \u0431\u044a\u043b\u0433\u0430\u0440\u0441\u043a\u0438\u0442\u0435 \u0437\u0435\u043c\u0438. \u0425\u0432\u044a\u0440\u043b\u044f \u0441\u0435 \u0441\u0432\u0435\u0442\u043b\u0438\u043d\u0430 \u0432\u044a\u0440\u0445\u0443 \u0440\u0430\u0437\u043c\u0435\u0440\u0430 \u043d\u0430 \u043c\u0438\u0442\u043d\u0438\u0447\u0435\u0441\u043a\u0438\u0442\u0435 \u0442\u0430\u043a\u0441\u0438, \u043f\u043b\u0430\u0449\u0430\u043d\u0438 \u043e\u0442 \u0434\u0443\u0431\u0440\u043e\u0432\u043d\u0438\u0447\u0430\u043d\u0438, \u043a\u0430\u043a\u0442\u043e \u0438 \u043e\u0442 \u043e\u0441\u0442\u0430\u043d\u0430\u043b\u0438\u0442\u0435 \u0447\u0443\u0436\u0434\u0438 \u0442\u044a\u0440\u0433\u043e\u0432\u0446\u0438, \u0434\u043e\u0441\u0442\u0438\u0433\u0430\u0449\u0438 \u043f\u043e\u043b\u0443\u043e\u0441\u0442\u0440\u043e\u0432\u0430 \u0438 \u043f\u0440\u0435\u0434\u0435\u043b\u0438\u0442\u0435 \u043d\u0430 \u0411\u044a\u043b\u0433\u0430\u0440\u0441\u043a\u043e\u0442\u043e \u0446\u0430\u0440\u0441\u0442\u0432\u043e. \u041e\u0441\u0432\u0435\u043d \u0442\u043e\u0432\u0430 \u0441\u0435 \u0438\u0437\u044f\u0441\u043d\u044f\u0432\u0430 \u0440\u043e\u043b\u044f\u0442\u0430, \u0444\u0443\u043d\u043a\u0446\u0438\u0438\u0442\u0435 \u0438 \u0441\u0442\u0430\u0442\u0443\u0442\u0430 \u043d\u0430 \u0434\u0443\u0431\u0440\u043e\u0432\u043d\u0438\u0448\u043a\u0438\u0442\u0435 \u043a\u043e\u043d\u0441\u0443\u043b\u0441\u043a\u0438 \u0441\u043b\u0443\u0436\u0431\u0438 \u043d\u0430 \u0411\u0430\u043b\u043a\u0430\u043d\u0438\u0442\u0435. \u0422\u0440\u0435\u0442\u0430\u0442\u0430 \u0447\u0430\u0441\u0442 \u043d\u0430 \u043f\u0440\u043e\u0443\u0447\u0432\u0430\u043d\u0435\u0442\u043e \u0438\u043c\u0430 \u0437\u0430 \u0446\u0435\u043b \u0434\u0430 \u0440\u0430\u0437\u043a\u0440\u0438\u0435 \u043f\u0440\u0435\u0434 \u0447\u0438\u0442\u0430\u0442\u0435\u043b\u044f \u043e\u0431\u0440\u0430\u0437\u0438\u0442\u0435 \u043d\u0430 \u0440\u0430\u0437\u043b\u0438\u0447\u043d\u0438 \u0438\u0441\u0442\u043e\u0440\u0438\u0447\u0435\u0441\u043a\u0438 \u0444\u0438\u0433\u0443\u0440\u0438, \u0441\u0432\u044a\u0440\u0437\u0430\u043d\u0438 \u0441 \u0440\u0430\u0437\u0432\u0438\u0442\u0438\u0435\u0442\u043e \u043d\u0430 \u0431\u044a\u043b\u0433\u0430\u0440\u043e-\u0434\u0443\u0431\u0440\u043e\u0432\u043d\u0438\u0448\u043a\u0438\u0442\u0435 \u0432\u0440\u044a\u0437\u043a\u0438 \u043f\u0440\u0435\u0437 \u0421\u0440\u0435\u0434\u043d\u0438\u0442\u0435 \u0432\u0435\u043a\u043e\u0432\u0435.<\/p>\n<p>&nbsp;<\/p>\n<p><a href=\"https:\/\/www.facebook.com\/bulgarianhistoricalheritagefoundation\/\">https:\/\/www.facebook.com\/bulgarianhistoricalheritagefoundation\/<\/a><\/p>\n<p>&nbsp;<\/p>\n<p>&nbsp;<\/p>\n","protected":false},"excerpt":{"rendered":"","protected":false},"author":2,"featured_media":18736,"comment_status":"open","ping_status":"open","sticky":false,"template":"","format":"standard","meta":{"_acf_changed":false,"jetpack_post_was_ever_published":false,"_jetpack_newsletter_access":"","_jetpack_dont_email_post_to_subs":false,"_jetpack_newsletter_tier_id":0,"_jetpack_memberships_contains_paywalled_content":false,"_jetpack_memberships_contains_paid_content":false,"footnotes":"","jetpack_publicize_message":"","jetpack_publicize_feature_enabled":true,"jetpack_social_post_already_shared":true,"jetpack_social_options":{"image_generator_settings":{"template":"highway","default_image_id":0,"font":"","enabled":false},"version":2}},"categories":[8,3],"tags":[],"class_list":["post-18735","post","type-post","status-publish","format-standard","has-post-thumbnail","hentry","category-knjige","category-novosti"],"acf":{"facebook_opis":""},"jetpack_publicize_connections":[],"jetpack_featured_media_url":"https:\/\/i0.wp.com\/historiografija.hr\/wp-content\/uploads\/2020\/01\/Kostova.jpg?fit=639%2C960&ssl=1","jetpack_sharing_enabled":true,"jetpack-related-posts":[{"id":52619,"url":"https:\/\/historiografija.hr\/?p=52619","url_meta":{"origin":18735,"position":0},"title":"Predavanje \u0110ur\u0111ice Vitkovi\u0107 &#8220;Izme\u0111u pera i objektiva: Zagorka i Foto Tonka&#8221;","author":"Branimir Jankovi\u0107","date":"23. travnja 2026.","format":false,"excerpt":"Memorijalni stan Marije Juri\u0107 Zagorke poziva Vas na predavanje \u0110ur\u0111ice Vitkovi\u0107 \u201eIzme\u0111u pera i objektiva: Zagorka i Foto Tonka\u201c koje \u0107e se odr\u017eati u utorak, 28. travnja 2026. s po\u010detkom u 18 h u sklopu Ciklusa predavanja u Memorijalnom stanu Marije Juri\u0107 Zagorke. Kako su se susrele knji\u017eevnost i fotografija\u2026","rel":"","context":"U &quot;Novosti&quot;","block_context":{"text":"Novosti","link":"https:\/\/historiografija.hr\/?cat=3"},"img":{"alt_text":"","src":"https:\/\/i0.wp.com\/historiografija.hr\/wp-content\/uploads\/2024\/11\/Zagorka_ciklus.jpg?fit=1200%2C1006&ssl=1&resize=350%2C200","width":350,"height":200,"srcset":"https:\/\/i0.wp.com\/historiografija.hr\/wp-content\/uploads\/2024\/11\/Zagorka_ciklus.jpg?fit=1200%2C1006&ssl=1&resize=350%2C200 1x, https:\/\/i0.wp.com\/historiografija.hr\/wp-content\/uploads\/2024\/11\/Zagorka_ciklus.jpg?fit=1200%2C1006&ssl=1&resize=525%2C300 1.5x, https:\/\/i0.wp.com\/historiografija.hr\/wp-content\/uploads\/2024\/11\/Zagorka_ciklus.jpg?fit=1200%2C1006&ssl=1&resize=700%2C400 2x, https:\/\/i0.wp.com\/historiografija.hr\/wp-content\/uploads\/2024\/11\/Zagorka_ciklus.jpg?fit=1200%2C1006&ssl=1&resize=1050%2C600 3x"},"classes":[]},{"id":52569,"url":"https:\/\/historiografija.hr\/?p=52569","url_meta":{"origin":18735,"position":1},"title":"[Predavanje] Ne \u010dekaju\u0107i inspiraciju \u2013 anga\u017eovane intelektualne, kulturalne i umetni\u010dke prakse u me\u0111uratnom periodu: teorija i praksa kriti\u010dke levice u jugoslovenskoj kulturi (YugoLab)","author":"Branimir Jankovi\u0107","date":"21. travnja 2026.","format":false,"excerpt":"U vreme agresivnog ja\u010danja globalne desnice, (pro)fa\u0161isti\u010dkih, rasisti\u010dkih i imperijalisti\u010dkih politika, dok je istovremeno globalna levica izrazito slaba, a progresivni pokreti atomizirani i fragmentisani, va\u017eno je iz savremene perspektive vratiti se revolucionarnim i emancipatorskim zbivanjima u jugoslovenskom (ali i s njima u vezi internacionalnim de\u0161avanjima), kao i dru\u0161tvenoj ulozi kulturalnih\u2026","rel":"","context":"U &quot;Novosti&quot;","block_context":{"text":"Novosti","link":"https:\/\/historiografija.hr\/?cat=3"},"img":{"alt_text":"","src":"","width":0,"height":0},"classes":[]},{"id":52592,"url":"https:\/\/historiografija.hr\/?p=52592","url_meta":{"origin":18735,"position":2},"title":"Predstavljanje knjige &#8220;Turska ku\u0107a u Rijeci&#8221; u Zagrebu","author":"Branimir Jankovi\u0107","date":"22. travnja 2026.","format":false,"excerpt":"U prostorijama Turskog kulturnog centra Yunus Emre u Zagrebu, u utorak 21. travnja 2026. godine, odr\u017eano je sve\u010dano predstavljanje dopunjenog izdanja knjige Turska ku\u0107a u Rijeci, u organizaciji Hrvatsko-turskog dru\u0161tva Rijeka i partnerstvu sa Skupinom prijateljstva Hrvatska-Turska Hrvatskog sabora, Veleposlanstvom Republike Turske u Republici Hrvatskoj te Turskim kulturnim centrom Yunus\u2026","rel":"","context":"U &quot;Novosti&quot;","block_context":{"text":"Novosti","link":"https:\/\/historiografija.hr\/?cat=3"},"img":{"alt_text":"","src":"https:\/\/i0.wp.com\/historiografija.hr\/wp-content\/uploads\/2026\/04\/Turska-kuca-ZG.jpg?fit=1200%2C800&ssl=1&resize=350%2C200","width":350,"height":200,"srcset":"https:\/\/i0.wp.com\/historiografija.hr\/wp-content\/uploads\/2026\/04\/Turska-kuca-ZG.jpg?fit=1200%2C800&ssl=1&resize=350%2C200 1x, https:\/\/i0.wp.com\/historiografija.hr\/wp-content\/uploads\/2026\/04\/Turska-kuca-ZG.jpg?fit=1200%2C800&ssl=1&resize=525%2C300 1.5x, https:\/\/i0.wp.com\/historiografija.hr\/wp-content\/uploads\/2026\/04\/Turska-kuca-ZG.jpg?fit=1200%2C800&ssl=1&resize=700%2C400 2x, https:\/\/i0.wp.com\/historiografija.hr\/wp-content\/uploads\/2026\/04\/Turska-kuca-ZG.jpg?fit=1200%2C800&ssl=1&resize=1050%2C600 3x"},"classes":[]},{"id":52607,"url":"https:\/\/historiografija.hr\/?p=52607","url_meta":{"origin":18735,"position":3},"title":"No\u0107 knjige: Kako je prije 410 godina smr\u0107u Shakespearea i Cervantesa zavr\u0161ilo razdoblje renesanse u knji\u017eevnosti","author":"Branimir Jankovi\u0107","date":"22. travnja 2026.","format":false,"excerpt":"\u010cetvrtak, 23. travnja 2026. u 18:00 sati, Knji\u017eara Matice hrvatske, Ulica Matice hrvatske 2, Zagreb Uvodna rije\u010d: dr. sc.\u00a0Dubravka Brezak Stama\u0107, pro\u010delnica Odjela za knji\u017eevnost Matice hrvatske Prof. dr. sc. Ivan Lupi\u0107, redoviti profesor u Odsjeku za anglistiku i Odsjeku za kroatistiku Sveu\u010dili\u0161ta u RijeciShakespeare, kazali\u0161te, glazbaKada se susre\u0107emo sa\u2026","rel":"","context":"U &quot;Novosti&quot;","block_context":{"text":"Novosti","link":"https:\/\/historiografija.hr\/?cat=3"},"img":{"alt_text":"","src":"https:\/\/i0.wp.com\/historiografija.hr\/wp-content\/uploads\/2026\/04\/noc_knjige_2026.jpg?fit=680%2C276&ssl=1&resize=350%2C200","width":350,"height":200,"srcset":"https:\/\/i0.wp.com\/historiografija.hr\/wp-content\/uploads\/2026\/04\/noc_knjige_2026.jpg?fit=680%2C276&ssl=1&resize=350%2C200 1x, https:\/\/i0.wp.com\/historiografija.hr\/wp-content\/uploads\/2026\/04\/noc_knjige_2026.jpg?fit=680%2C276&ssl=1&resize=525%2C300 1.5x"},"classes":[]},{"id":52502,"url":"https:\/\/historiografija.hr\/?p=52502","url_meta":{"origin":18735,"position":4},"title":"Novi znanstveni projekt Hrvatskog instituta za povijest: \u201c\u017drtve ratova i dr\u017eavnog\/politi\u010dkog nasilja u hrvatskoj povijesti 20. stolje\u0107a\u201d","author":"Branimir Jankovi\u0107","date":"17. travnja 2026.","format":false,"excerpt":"Na redovitoj sjednici Vlade RH, 16. travnja 2026., donijet je Zaklju\u010dak kojim se pokre\u0107e znanstveni projekt \u201c\u017drtve ratova i dr\u017eavnog\/politi\u010dkog nasilja u hrvatskoj povijesti 20. stolje\u0107a\u201d. Projekt \u0107e provoditi i koordinirati Hrvatski institut za povijest u razdoblju trajanja projekta od pet godina. Zakljucak Vlade RH Iz teksta projektnog prijedloga: Problematika\u2026","rel":"","context":"U &quot;Novosti&quot;","block_context":{"text":"Novosti","link":"https:\/\/historiografija.hr\/?cat=3"},"img":{"alt_text":"","src":"https:\/\/i0.wp.com\/historiografija.hr\/wp-content\/uploads\/2026\/04\/Vlada-RH.jpg?fit=1200%2C557&ssl=1&resize=350%2C200","width":350,"height":200,"srcset":"https:\/\/i0.wp.com\/historiografija.hr\/wp-content\/uploads\/2026\/04\/Vlada-RH.jpg?fit=1200%2C557&ssl=1&resize=350%2C200 1x, https:\/\/i0.wp.com\/historiografija.hr\/wp-content\/uploads\/2026\/04\/Vlada-RH.jpg?fit=1200%2C557&ssl=1&resize=525%2C300 1.5x, https:\/\/i0.wp.com\/historiografija.hr\/wp-content\/uploads\/2026\/04\/Vlada-RH.jpg?fit=1200%2C557&ssl=1&resize=700%2C400 2x, https:\/\/i0.wp.com\/historiografija.hr\/wp-content\/uploads\/2026\/04\/Vlada-RH.jpg?fit=1200%2C557&ssl=1&resize=1050%2C600 3x"},"classes":[]},{"id":52536,"url":"https:\/\/historiografija.hr\/?p=52536","url_meta":{"origin":18735,"position":5},"title":"Kader Abdolah, \u201ePrije nego \u0161to bude kasno\u201c","author":"Branimir Jankovi\u0107","date":"20. travnja 2026.","format":false,"excerpt":"Kader Abdolah \u017eeli se vratiti ku\u0107i. Ali povratak je nemogu\u0107: u Iranu bi bio uhap\u0161en. Pod la\u017enim imenom i s krivotvorenim paso\u0161em ipak uspijeva u\u0107i u domovinu i sti\u017ee do roditeljske ku\u0107e, visoko u planinama. Majka ga ne prepoznaje, otac je mrtav, a sve \u0161to je tra\u017eio izmi\u010de mu pred\u2026","rel":"","context":"U &quot;Novosti&quot;","block_context":{"text":"Novosti","link":"https:\/\/historiografija.hr\/?cat=3"},"img":{"alt_text":"","src":"https:\/\/i0.wp.com\/historiografija.hr\/wp-content\/uploads\/2026\/04\/Prije-nego-sto-bude-kasno.webp?fit=566%2C872&ssl=1&resize=350%2C200","width":350,"height":200,"srcset":"https:\/\/i0.wp.com\/historiografija.hr\/wp-content\/uploads\/2026\/04\/Prije-nego-sto-bude-kasno.webp?fit=566%2C872&ssl=1&resize=350%2C200 1x, https:\/\/i0.wp.com\/historiografija.hr\/wp-content\/uploads\/2026\/04\/Prije-nego-sto-bude-kasno.webp?fit=566%2C872&ssl=1&resize=525%2C300 1.5x"},"classes":[]}],"_links":{"self":[{"href":"https:\/\/historiografija.hr\/index.php?rest_route=\/wp\/v2\/posts\/18735","targetHints":{"allow":["GET"]}}],"collection":[{"href":"https:\/\/historiografija.hr\/index.php?rest_route=\/wp\/v2\/posts"}],"about":[{"href":"https:\/\/historiografija.hr\/index.php?rest_route=\/wp\/v2\/types\/post"}],"author":[{"embeddable":true,"href":"https:\/\/historiografija.hr\/index.php?rest_route=\/wp\/v2\/users\/2"}],"replies":[{"embeddable":true,"href":"https:\/\/historiografija.hr\/index.php?rest_route=%2Fwp%2Fv2%2Fcomments&post=18735"}],"version-history":[{"count":2,"href":"https:\/\/historiografija.hr\/index.php?rest_route=\/wp\/v2\/posts\/18735\/revisions"}],"predecessor-version":[{"id":18738,"href":"https:\/\/historiografija.hr\/index.php?rest_route=\/wp\/v2\/posts\/18735\/revisions\/18738"}],"wp:featuredmedia":[{"embeddable":true,"href":"https:\/\/historiografija.hr\/index.php?rest_route=\/wp\/v2\/media\/18736"}],"wp:attachment":[{"href":"https:\/\/historiografija.hr\/index.php?rest_route=%2Fwp%2Fv2%2Fmedia&parent=18735"}],"wp:term":[{"taxonomy":"category","embeddable":true,"href":"https:\/\/historiografija.hr\/index.php?rest_route=%2Fwp%2Fv2%2Fcategories&post=18735"},{"taxonomy":"post_tag","embeddable":true,"href":"https:\/\/historiografija.hr\/index.php?rest_route=%2Fwp%2Fv2%2Ftags&post=18735"}],"curies":[{"name":"wp","href":"https:\/\/api.w.org\/{rel}","templated":true}]}}