{"id":18725,"date":"2020-01-22T09:56:35","date_gmt":"2020-01-22T09:56:35","guid":{"rendered":"http:\/\/historiografija.hr\/?p=18725"},"modified":"2020-01-22T09:56:35","modified_gmt":"2020-01-22T09:56:35","slug":"1-medunarodna-znanstvena-arhiz-konferencija-zagreb-23-24-sijecnja-2020","status":"publish","type":"post","link":"https:\/\/historiografija.hr\/?p=18725","title":{"rendered":"1. me\u0111unarodna znanstvena ArHIZ konferencija (Zagreb, 23. &#8211; 24. sije\u010dnja 2020.)"},"content":{"rendered":"<table width=\"602\">\n<tbody>\n<tr>\n<td width=\"602\">Konferencija okuplja stru\u010dnjake iz podru\u010dja arheologije, arhivistike, muzeologije, knji\u017eni\u010darstva, povijesti i drugih znanosti, koji \u0107e primjerima iz prakse pokazati kojim se metodama koriste u svome radu s izvorima, kako ih identificiraju, tuma\u010de i interpretiraju. Posebna \u0107e se pa\u017enja posvetiti i pitanju dostupnosti izvora svim dru\u0161tvenim skupinama, uklju\u010duju\u0107i i one najranjivije, osobe s invaliditetom.<\/p>\n<p>1. me\u0111unarodna znanstvena ArHIZ konferencija koja se odr\u017eava pod pokroviteljstvom gradona\u010delnika Grada Zagreba, Milana Bandi\u0107a, sastoji se od nekoliko tematski grupiranih panela s predvi\u0111enim terminima za diskusije. U zavr\u0161nom panelu odr\u017eat \u0107e se Okrugli stol na kojem \u0107e se poku\u0161ati usporediti na koje se sve na\u010dine ugro\u017eava opstanak kulturnih i znanstvenih ustanova u Hrvatskoj, Bosni i Hercegovini i Sloveniji te kako se postaviti u toj situaciji.<\/p>\n<p><strong>\u010detvrtak, 23. sije\u010dnja 2020.<\/strong><br \/>\nsve\u010dana najava 1. ArHIZ konferencije<br \/>\n<strong>u Muzeju grada Zagreba, Opati\u010dka 20 s po\u010detkom u 18 sati<\/strong><\/p>\n<p>Program:<br \/>\nVokalni trio PISALADI<br \/>\nPozdravni govori<br \/>\nRazgled izlo\u017ebe &#8220;Zagreba\u010dki solisti&#8221; u Muzeju grada Zagreba<\/p>\n<p>&nbsp;<\/p>\n<p><strong>petak, 24. sije\u010dnja 2020.<\/strong><br \/>\n1. ArHIZ konferencija<br \/>\n<strong>u Arheolo\u0161kom muzeju u Zagrebu s po\u010detkom u 9 sati<\/strong><\/p>\n<p>Program konferencije:<\/p>\n<p><strong>1. PANEL<\/strong><strong><br \/>\nINFORMACIJE IZ DUBINE ZEMLJE &#8211; ANALIZA I INTERPRETACIJA<br \/>\n9,00 \u2013 10,00 sati<\/strong><\/p>\n<p>1. Arheologija \u2013 povlastica i odgovornost bivanja na izvoru<br \/>\n(Aleksandra BUGAR)<\/p>\n<p>2. Ljudske kosti kao izvor informacija<br \/>\n(\u017deljka BEDI\u0106)<\/p>\n<p>3. Grobovi: ogledalo vjere i tradicije ranoga Novog vijeka<br \/>\n(Luka \u0160TEFAN)<\/p>\n<p>4. Pokretanje prirodoslovne informacije<br \/>\n(Martina \u0160A\u0160I\u0106)<\/p>\n<p>PAUZA 10,00 \u2013 10,20 sati<\/p>\n<p><strong>2. PANEL<\/strong><br \/>\n<strong>\u010cITANJE I TUMA\u010cENJE<\/strong><br \/>\n<strong>10,20 \u2013 11,20 sati<\/strong><\/p>\n<p>5. Za ljubav, ne za mr\u017enju ja sam ro\u0111ena -Izbor pisama iz Istorijske zbirke Arhiva SANU u Beogradu<br \/>\n(Ivana SPASOVI\u0106)<\/p>\n<p>6. Korespondenca Fidelisa in Jo\u017eefine Terpinc (1823\u20131875)<br \/>\n(Nata\u0161a BUDNA KODRI\u010c)<\/p>\n<p>7. Primer uporabe programa Transkribus: poenostavljeno transkribiranje pisane gotice<br \/>\n(Jo\u017ee GLAVI\u010c)<\/p>\n<p>8. Otrovne knjige &#8211; skriveno blago i opasnost svjetskih knji\u017enica<br \/>\n(Magdalena KULE\u0160)<\/p>\n<p>PAUZA 11,20 \u2013 11,40 sati<\/p>\n<p><strong>3. PANEL<\/strong><strong><br \/>\nARHIVSKE (PRI)POVIJESTI<br \/>\n11,40 \u2013 12,40 sati<\/strong><\/p>\n<p>9. Kulinarika v arhivskih virih Zgodovinskog arhiva Ljubljana<br \/>\n(Dunja MU\u0160I\u010c)<\/p>\n<p>10. Kako i koliko stvarnost iz arhiva mo\u017ee da utje\u010de na oblikovanje (pri)povijesti?<br \/>\n(Ema i Dina PA\u0160I\u0106)<\/p>\n<p>11. Gradivo zagreba\u010dkog Gradskog redarstva kao izvor za povijesna istra\u017eivanja<br \/>\n(Katarina HORVAT)<\/p>\n<p>12. Lje\u010dili\u0161te Brestovac \u2013 odjek zaboravljene pro\u0161losti<br \/>\n(Lucija PRUSAC)<\/p>\n<p>PAUZA \u2013 12,40 \u2013 13,00 sati<\/p>\n<p><strong>4. PANEL<\/strong><strong><br \/>\nPOPULARIZACIJA, DOSTUPNOST I DIGITALNO<br \/>\n13,00 \u2013 13,45 sati<\/strong><\/p>\n<p>13. Arheologija i popularizacija znanosti kroz rad neprofitnih organizacija &#8211; primjer udruge ZipArh<br \/>\n(Dalibor BRANKOVI\u0106 i Franka OV\u010cARI\u0106)<\/p>\n<p>14. Hrvatska ba\u0161tina u digitalnom okru\u017eenju: nove mogu\u0107nosti predstavljanja arhivskih izvora<br \/>\n(Vlatka LEMI\u0106)<\/p>\n<p>15. Stecak.map: projekt digitalnog popisa i registracije ste\u0107aka u Bosni i Hercegovini<br \/>\n(Gor\u010din DIZDAR)<\/p>\n<p>PAUZA 13,45 \u2013 14,00 sati<\/p>\n<p>16. OKRUGLI STOL 14,00 \u2013 14,45<br \/>\nDostupnost izvora svim dru\u0161tvenim skupinama s naglaskom na osobe s invaliditetom<br \/>\n(Marinka BAKULA AN\u0110ELI\u0106, Branimir \u0160UTALO i Vojin PERI\u0106)<br \/>\nModerator: Vesna LEINER<\/p>\n<p>PAUZA \u2013 14,45 \u2013 15,00<\/p>\n<p><strong>5. PANEL<\/strong><strong><br \/>\nMUZEJI U NASTAJANJU<br \/>\n15,00 \u2013 16,15 sati<\/strong><\/p>\n<p>17. \u010cuvam ovu staru gramofonsku plo\u010du da me uvek podse\u0107a za\u0161to sam danas ovakav kakav sam<br \/>\n(Miroslav CVETKOVI\u0106)<\/p>\n<p>18. Neravnopravni odnosi izmedju gradskih i privatnih prostora kulture<br \/>\n(Valentino VALJAK)<\/p>\n<p>19. OKRUGLI STOL: (Samo)odr\u017eanje ili nomadski \u017eivot AKM ustanova?<br \/>\n(Martina KRIVI\u0106 LEKI\u0106, Miroslav CVETKOVI\u0106, Valentino VALJAK, Luka VEVEREC)<br \/>\nModerator: Branka MOLNAR<\/p>\n<p>DISKUSIJA 16,15 \u2013 17,00 sati<\/p>\n<p>&nbsp;<\/p>\n<p><strong>Knjiga sa\u017eetaka:<\/strong> <a href=\"http:\/\/www.amz.hr\/media\/xwshtzj2\/1-arhiz-konferencija-program.pdf\">http:\/\/www.amz.hr\/media\/xwshtzj2\/1-arhiz-konferencija-program.pdf<\/a><\/td>\n<\/tr>\n<\/tbody>\n<\/table>\n<p><strong>Prijave na mre\u017enoj stranici konferencije:\u00a0<\/strong><a href=\"http:\/\/www.z-a-d.net\/arhiz\/\">www.z-a-d.net<\/a><\/p>\n<p><strong>\u00a0<\/strong><\/p>\n<p><strong>Programski odbor:<\/strong><br \/>\nBranka Molnar, Vesna Leiner, Luka \u0160tefan, Tatjana Vlahovi\u0107, Ana Azinovi\u0107 Bebek, Sanjin Miheli\u0107<\/p>\n<p><strong>Organizacijski odbor: <\/strong><br \/>\nBranka Molnar, Vesna Leiner, Luka \u0160tefan, Sanja Sekuli\u0107, Magdalena Kule\u0161<\/p>\n<p><strong>Suorganizatori:<\/strong><br \/>\nArheolo\u0161ki muzej u Zagrebu, Zagreb<br \/>\n<a href=\"https:\/\/z-a-d.net\/\">Zagreba\u010dko arhivisti\u010dko dru\u0161tvo, Zagreb<\/a><br \/>\n<a href=\"http:\/\/www.h-r-z.hr\/\">Hrvatski restauratorski zavod, Zagreb<\/a><br \/>\n<a href=\"http:\/\/www.mgz.hr\/en\/\">Muzej grada Zagreba, Zagreb<\/a><br \/>\n<a href=\"http:\/\/www.hpm.hr\/\">Hrvatski prirodoslovni muzej, Zagreb<\/a><br \/>\n<a href=\"https:\/\/www.zal-lj.si\/\">Zgodovinski arhiv Ljubljana, Ljubljana<\/a><br \/>\n<a href=\"http:\/\/www.arhivsa.ba\/wordpress\/\">Historijski arhiv Sarajevo, Sarajevo<\/a><\/p>\n<p>&nbsp;<\/p>\n<p>Izvor: <a href=\"http:\/\/www.amz.hr\/hr\/dogadanja\/posebna-dogadanja\/arhiz-konferencija\/\">http:\/\/www.amz.hr\/hr\/dogadanja\/posebna-dogadanja\/arhiz-konferencija\/<\/a><\/p>\n<p>&nbsp;<\/p>\n","protected":false},"excerpt":{"rendered":"","protected":false},"author":2,"featured_media":18726,"comment_status":"open","ping_status":"open","sticky":false,"template":"","format":"standard","meta":{"_acf_changed":false,"jetpack_post_was_ever_published":false,"_jetpack_newsletter_access":"","_jetpack_dont_email_post_to_subs":false,"_jetpack_newsletter_tier_id":0,"_jetpack_memberships_contains_paywalled_content":false,"_jetpack_memberships_contains_paid_content":false,"footnotes":"","jetpack_publicize_message":"","jetpack_publicize_feature_enabled":true,"jetpack_social_post_already_shared":true,"jetpack_social_options":{"image_generator_settings":{"template":"highway","default_image_id":0,"font":"","enabled":false},"version":2}},"categories":[3,9],"tags":[],"class_list":["post-18725","post","type-post","status-publish","format-standard","has-post-thumbnail","hentry","category-novosti","category-skupovi"],"acf":{"facebook_opis":""},"jetpack_publicize_connections":[],"jetpack_featured_media_url":"https:\/\/i0.wp.com\/historiografija.hr\/wp-content\/uploads\/2020\/01\/arhiz.jpg?fit=820%2C462&ssl=1","jetpack_sharing_enabled":true,"jetpack-related-posts":[{"id":52573,"url":"https:\/\/historiografija.hr\/?p=52573","url_meta":{"origin":18725,"position":0},"title":"Znanstvena konferencija &#8220;Filozofija odgoja: povijest, praksa, perspektive&#8221;","author":"Branimir Jankovi\u0107","date":"21. travnja 2026.","format":false,"excerpt":"Znanstvena konferencija \"Filozofija odgoja: povijest, praksa, perspektive\" odr\u017eat \u0107e se 23. i 24. travnja 2026. u Konferencijskoj dvorani Knji\u017enice Filozofskog fakulteta u Zagrebu (2. kat).\u00a0Konferencija je organizirana u okviru projekta\u00a0SUMKOS (voditeljica prof. dr. sc. Ivana Zagorac, financiran\u00a0sredstvima NextGenerationEU), uz potporu Odsjeka za filozofiju.\u00a0 Uz izlaga\u010dki dio, konferencija obuhva\u0107a i izlo\u017ebu\u2026","rel":"","context":"U &quot;Novosti&quot;","block_context":{"text":"Novosti","link":"https:\/\/historiografija.hr\/?cat=3"},"img":{"alt_text":"","src":"","width":0,"height":0},"classes":[]},{"id":52148,"url":"https:\/\/historiografija.hr\/?p=52148","url_meta":{"origin":18725,"position":1},"title":"Poziv za prijavu na me\u0111unarodnu znanstvenu konferenciju \u201eGranice (ne)slobode: Zadarski krug 1966. Intelektualna opozicija u totalitarnom dru\u0161tvu\u201c","author":"Branimir Jankovi\u0107","date":"27. o\u017eujka 2026.","format":false,"excerpt":"\u00a0\u00a0\u00a0\u00a0 Povodom \u0161ezdesete obljetnice poku\u0161aja osnivanja \u010dasopisa Slobodan glas u Zadru 1966. godine, pozivamo vas na znanstvenu konferenciju posve\u0107enu istra\u017eivanju disidentstva, intelektualne opozicije i granica divergentnog mi\u0161ljenja nasuprot slu\u017ebenoj ideologiji u komunisti\u010dkoj Jugoslaviji. Ideja konferencije je analizirati konkretan fenomen zadarskog slu\u010daja razloge i okolnosti njegove pojave, ali uz otvaranje komparativnih\u2026","rel":"","context":"U &quot;Novosti&quot;","block_context":{"text":"Novosti","link":"https:\/\/historiografija.hr\/?cat=3"},"img":{"alt_text":"","src":"https:\/\/i0.wp.com\/historiografija.hr\/wp-content\/uploads\/2026\/03\/Poziv-konferencija-Zadar.jpg?fit=1200%2C509&ssl=1&resize=350%2C200","width":350,"height":200,"srcset":"https:\/\/i0.wp.com\/historiografija.hr\/wp-content\/uploads\/2026\/03\/Poziv-konferencija-Zadar.jpg?fit=1200%2C509&ssl=1&resize=350%2C200 1x, https:\/\/i0.wp.com\/historiografija.hr\/wp-content\/uploads\/2026\/03\/Poziv-konferencija-Zadar.jpg?fit=1200%2C509&ssl=1&resize=525%2C300 1.5x, https:\/\/i0.wp.com\/historiografija.hr\/wp-content\/uploads\/2026\/03\/Poziv-konferencija-Zadar.jpg?fit=1200%2C509&ssl=1&resize=700%2C400 2x, https:\/\/i0.wp.com\/historiografija.hr\/wp-content\/uploads\/2026\/03\/Poziv-konferencija-Zadar.jpg?fit=1200%2C509&ssl=1&resize=1050%2C600 3x"},"classes":[]},{"id":52499,"url":"https:\/\/historiografija.hr\/?p=52499","url_meta":{"origin":18725,"position":2},"title":"POTPISAN UGOVOR O ZNANSTVENO-ISTRA\u017dIVA\u010cKOJ SURADNJI: PROJEKT \u201eTEMELJI HRVATSKE SAMOSTALNOSTI\u201d","author":"Branimir Jankovi\u0107","date":"17. travnja 2026.","format":false,"excerpt":"Hrvatski institut za povijest, Sveu\u010dili\u0161te obrane i sigurnosti \u201eDr. Franjo Tu\u0111man\u201d, Institut dru\u0161tvenih znanosti Ivo Pilar i Hrvatski dr\u017eavni arhiv\u00a0potpisali su 23. o\u017eujka 2026.\u00a0Ugovor o znanstveno-istra\u017eiva\u010dkoj suradnji s ciljem provedbe projekta \u201eTemelji hrvatske samostalnosti\u201d. Tim projektom obuhva\u0107a se istra\u017eivanje arhivskoga gradiva, priprema znanstvenih publikacija, digitalizacija i javna prezentacija rezultata istra\u017eivanja\u2026","rel":"","context":"U &quot;Novosti&quot;","block_context":{"text":"Novosti","link":"https:\/\/historiografija.hr\/?cat=3"},"img":{"alt_text":"","src":"https:\/\/i0.wp.com\/historiografija.hr\/wp-content\/uploads\/2026\/04\/THS_sporazum.jpg?fit=1200%2C583&ssl=1&resize=350%2C200","width":350,"height":200,"srcset":"https:\/\/i0.wp.com\/historiografija.hr\/wp-content\/uploads\/2026\/04\/THS_sporazum.jpg?fit=1200%2C583&ssl=1&resize=350%2C200 1x, https:\/\/i0.wp.com\/historiografija.hr\/wp-content\/uploads\/2026\/04\/THS_sporazum.jpg?fit=1200%2C583&ssl=1&resize=525%2C300 1.5x, https:\/\/i0.wp.com\/historiografija.hr\/wp-content\/uploads\/2026\/04\/THS_sporazum.jpg?fit=1200%2C583&ssl=1&resize=700%2C400 2x, https:\/\/i0.wp.com\/historiografija.hr\/wp-content\/uploads\/2026\/04\/THS_sporazum.jpg?fit=1200%2C583&ssl=1&resize=1050%2C600 3x"},"classes":[]},{"id":52502,"url":"https:\/\/historiografija.hr\/?p=52502","url_meta":{"origin":18725,"position":3},"title":"Novi znanstveni projekt Hrvatskog instituta za povijest: \u201c\u017drtve ratova i dr\u017eavnog\/politi\u010dkog nasilja u hrvatskoj povijesti 20. stolje\u0107a\u201d","author":"Branimir Jankovi\u0107","date":"17. travnja 2026.","format":false,"excerpt":"Na redovitoj sjednici Vlade RH, 16. travnja 2026., donijet je Zaklju\u010dak kojim se pokre\u0107e znanstveni projekt \u201c\u017drtve ratova i dr\u017eavnog\/politi\u010dkog nasilja u hrvatskoj povijesti 20. stolje\u0107a\u201d. Projekt \u0107e provoditi i koordinirati Hrvatski institut za povijest u razdoblju trajanja projekta od pet godina. Zakljucak Vlade RH Iz teksta projektnog prijedloga: Problematika\u2026","rel":"","context":"U &quot;Novosti&quot;","block_context":{"text":"Novosti","link":"https:\/\/historiografija.hr\/?cat=3"},"img":{"alt_text":"","src":"https:\/\/i0.wp.com\/historiografija.hr\/wp-content\/uploads\/2026\/04\/Vlada-RH.jpg?fit=1200%2C557&ssl=1&resize=350%2C200","width":350,"height":200,"srcset":"https:\/\/i0.wp.com\/historiografija.hr\/wp-content\/uploads\/2026\/04\/Vlada-RH.jpg?fit=1200%2C557&ssl=1&resize=350%2C200 1x, https:\/\/i0.wp.com\/historiografija.hr\/wp-content\/uploads\/2026\/04\/Vlada-RH.jpg?fit=1200%2C557&ssl=1&resize=525%2C300 1.5x, https:\/\/i0.wp.com\/historiografija.hr\/wp-content\/uploads\/2026\/04\/Vlada-RH.jpg?fit=1200%2C557&ssl=1&resize=700%2C400 2x, https:\/\/i0.wp.com\/historiografija.hr\/wp-content\/uploads\/2026\/04\/Vlada-RH.jpg?fit=1200%2C557&ssl=1&resize=1050%2C600 3x"},"classes":[]},{"id":52547,"url":"https:\/\/historiografija.hr\/?p=52547","url_meta":{"origin":18725,"position":4},"title":"ISHA Zagreb \u2013 Filmska ve\u010der: Povratak Martina Guerrea","author":"Branimir Jankovi\u0107","date":"20. travnja 2026.","format":false,"excerpt":"Klub studenata povijesti \u2013 ISHA Zagreb poziva Vas na filmsku ve\u010der na kojoj \u0107e se prikazivati \u201ePovratak Martina Guerrea\u201c, povijesna drama iz 1982. godine s radnjom smje\u0161tenom u 16. stolje\u0107u. Radnja je utemeljena na stvarnoj povijesnoj li\u010dnosti Martina Guerrea koji se nakon mnogo godina izbivanja vra\u0107a u svoje rodno mjesto\u2026","rel":"","context":"U &quot;Filmovi i serije&quot;","block_context":{"text":"Filmovi i serije","link":"https:\/\/historiografija.hr\/?cat=13"},"img":{"alt_text":"","src":"https:\/\/i0.wp.com\/historiografija.hr\/wp-content\/uploads\/2026\/04\/M-Guerre.png?fit=702%2C1006&ssl=1&resize=350%2C200","width":350,"height":200,"srcset":"https:\/\/i0.wp.com\/historiografija.hr\/wp-content\/uploads\/2026\/04\/M-Guerre.png?fit=702%2C1006&ssl=1&resize=350%2C200 1x, https:\/\/i0.wp.com\/historiografija.hr\/wp-content\/uploads\/2026\/04\/M-Guerre.png?fit=702%2C1006&ssl=1&resize=525%2C300 1.5x, https:\/\/i0.wp.com\/historiografija.hr\/wp-content\/uploads\/2026\/04\/M-Guerre.png?fit=702%2C1006&ssl=1&resize=700%2C400 2x"},"classes":[]},{"id":52511,"url":"https:\/\/historiografija.hr\/?p=52511","url_meta":{"origin":18725,"position":5},"title":"Izlo\u017eba &#8220;Lica Sljemena&#8221;","author":"Branimir Jankovi\u0107","date":"17. travnja 2026.","format":false,"excerpt":"Srda\u010dno vas pozivamo na otvorenje izlo\u017ebe Lica Sljemena koje \u0107e se odr\u017eati u srijedu 22. travnja 2026. u 18 h ispred Muzeja Prigorja (Trg Dragutina Domjani\u0107a 5, Sesvete). Izlo\u017eba proizlazi iz istra\u017eivanja Nevene \u0160krbi\u0107 Alempijevi\u0107, Petre Kelemen i Sanje Potkonjak te intervjua sa Sljemena\u0161icama i Sljemena\u0161ima, koji su provedeni u\u2026","rel":"","context":"U &quot;Izlo\u017ebe&quot;","block_context":{"text":"Izlo\u017ebe","link":"https:\/\/historiografija.hr\/?cat=10"},"img":{"alt_text":"","src":"https:\/\/i0.wp.com\/historiografija.hr\/wp-content\/uploads\/2026\/04\/Izlozba-Lica-Sljemena.png?fit=1080%2C686&ssl=1&resize=350%2C200","width":350,"height":200,"srcset":"https:\/\/i0.wp.com\/historiografija.hr\/wp-content\/uploads\/2026\/04\/Izlozba-Lica-Sljemena.png?fit=1080%2C686&ssl=1&resize=350%2C200 1x, https:\/\/i0.wp.com\/historiografija.hr\/wp-content\/uploads\/2026\/04\/Izlozba-Lica-Sljemena.png?fit=1080%2C686&ssl=1&resize=525%2C300 1.5x, https:\/\/i0.wp.com\/historiografija.hr\/wp-content\/uploads\/2026\/04\/Izlozba-Lica-Sljemena.png?fit=1080%2C686&ssl=1&resize=700%2C400 2x, https:\/\/i0.wp.com\/historiografija.hr\/wp-content\/uploads\/2026\/04\/Izlozba-Lica-Sljemena.png?fit=1080%2C686&ssl=1&resize=1050%2C600 3x"},"classes":[]}],"_links":{"self":[{"href":"https:\/\/historiografija.hr\/index.php?rest_route=\/wp\/v2\/posts\/18725","targetHints":{"allow":["GET"]}}],"collection":[{"href":"https:\/\/historiografija.hr\/index.php?rest_route=\/wp\/v2\/posts"}],"about":[{"href":"https:\/\/historiografija.hr\/index.php?rest_route=\/wp\/v2\/types\/post"}],"author":[{"embeddable":true,"href":"https:\/\/historiografija.hr\/index.php?rest_route=\/wp\/v2\/users\/2"}],"replies":[{"embeddable":true,"href":"https:\/\/historiografija.hr\/index.php?rest_route=%2Fwp%2Fv2%2Fcomments&post=18725"}],"version-history":[{"count":1,"href":"https:\/\/historiografija.hr\/index.php?rest_route=\/wp\/v2\/posts\/18725\/revisions"}],"predecessor-version":[{"id":18727,"href":"https:\/\/historiografija.hr\/index.php?rest_route=\/wp\/v2\/posts\/18725\/revisions\/18727"}],"wp:featuredmedia":[{"embeddable":true,"href":"https:\/\/historiografija.hr\/index.php?rest_route=\/wp\/v2\/media\/18726"}],"wp:attachment":[{"href":"https:\/\/historiografija.hr\/index.php?rest_route=%2Fwp%2Fv2%2Fmedia&parent=18725"}],"wp:term":[{"taxonomy":"category","embeddable":true,"href":"https:\/\/historiografija.hr\/index.php?rest_route=%2Fwp%2Fv2%2Fcategories&post=18725"},{"taxonomy":"post_tag","embeddable":true,"href":"https:\/\/historiografija.hr\/index.php?rest_route=%2Fwp%2Fv2%2Ftags&post=18725"}],"curies":[{"name":"wp","href":"https:\/\/api.w.org\/{rel}","templated":true}]}}