{"id":18717,"date":"2020-01-21T09:48:40","date_gmt":"2020-01-21T09:48:40","guid":{"rendered":"http:\/\/historiografija.hr\/?p=18717"},"modified":"2020-01-21T09:48:40","modified_gmt":"2020-01-21T09:48:40","slug":"sergej-flere-rudi-klanjsek-the-rise-and-fall-of-socialist-yugoslavia-elite-nationalism-and-the-collapse-of-a-federation","status":"publish","type":"post","link":"https:\/\/historiografija.hr\/?p=18717","title":{"rendered":"Sergej Flere, Rudi Klanj\u0161ek, \u201cThe Rise and Fall of Socialist Yugoslavia: Elite Nationalism and the Collapse of a Federation\u201d"},"content":{"rendered":"<p>This book examines the relationship between nationalism and the rise and fall of Yugoslavia under the rule of Josip Broz Tito. It deals particularly with the interactions between communist and intellectual elites. The authors analyze elites\u2019 initial enthusiasm about the Yugoslav federation and how, with time, they found themselves unable to suppress the nationalists in Yugoslavia. Other scholars have argued that, in a certain sense, Tito\u2019s Yugoslavia proved to be a \u201chatchery\u201d for the nations that once constituted Yugoslavia, making them ever closer to \u201ccompleteness.\u201d However, as the authors highlight in this study, this process was one of conflict. The personal role of Tito as an arbiter was essential, although, for the majority of his time in power, he did not act as a dictator. His departure was strongly felt in the 1980s, when ethnic entrepreneurial activity began to flourish\u2014and when ethnic and political relations had gone out of control. While a significant part of this book follows the chronology of ethnic elite interaction in communist Yugoslavia, the global context of Yugoslavia\u2019s rise and fall is taken into account. The authors also use Yugoslavia as a case study to test the validity of nationalism studies more generally.<\/p>\n<p>&nbsp;<\/p>\n<p>Lexington Books<\/p>\n<p>Pages: 364<\/p>\n<p>September 2019<\/p>\n<p>&nbsp;<\/p>\n<p><strong>Sergej Flere<\/strong> is emeritus member of the Slovene Sociological Society.<\/p>\n<p><strong>Rudi Klanjsek<\/strong> is associate professor of sociology and researcher at the Center for the Study of Post-Socialist Societies at the University of Maribor.<\/p>\n<p>&nbsp;<\/p>\n<p>CHAPTER 1: THE PROCESS OF FORMATION OF THE YUGOSLAV STATE AT THE END OF WORLD WAR II<\/p>\n<p>CHAPTER 2: COMMUNIST \u201cDICTATORSHIPS\u201d<\/p>\n<p>CHAPTER 3: WAS \u201cTITO\u2019S\u201d YUGOSLAVIA TOTALITARIAN?<\/p>\n<p>CHAPTER 4: TITO\u2019S \u201cLETTER\u201d INTERVENTION IN 1972<\/p>\n<p>CHAPTER 5: DENOUEMENT: THE EIGHTIES<\/p>\n<p>CHAPTER 6: SECESSION, DISUNION, DISSOLUTION, CESSATION: BETWEEN THE LEGAL AND THE FACTUAL<\/p>\n<p>CHAPTER 7: THEORETICAL EXPLANATIONS OF THE DISSOLUTION OF ETHNICITIES AND NATIONALISM<\/p>\n<p>CHAPTER 8: THE ECHOES OF YUGOSLAVIA: HOW DID THE POST-YUGOSLAV STATES FARE AND DOES THE YUGOSLAV CASE HOLD ANY RELEVANCE IN THE EUROPEAN CONTEXT?<\/p>\n<p>&nbsp;<\/p>\n<p>This is an interesting and insightful analysis focusing of the role political elites have played in the creation, maintenance and collapse of the Yugoslav federal state. Flere and Klanj\u0161ek offer a comprehensive and in-depth analysis which highlights the complex and contradictory nature of the Yugoslav state project. This book makes an important contribution to the wider scholarly literature on state formation, nationalism and the dissolution of complex state structures.<br \/>\n<strong>\u2014 Sini\u0161a Male\u0161evi\u0107, University College, Dublin<\/strong><\/p>\n<p>This is an important study which complements the existing arguments and what some have embraced as definite explanations of the Yugoslav drama. By reviewing the voluminous literature and pointing the finger at problematic academic agendas, the authors unpack a whole range of dilemmas and discrepancies, but also invite new contributions. Moreover, the complex Yugoslav puzzle is of great relevance for assessments of the current European context, either in terms of lessons learnt or disintegrationist tendencies characterizing the European project.<br \/>\n<strong>\u2014 Branislav Radelji\u0107, University of East London<\/strong><\/p>\n<p>&nbsp;<\/p>\n<p><a href=\"https:\/\/rowman.com\/ISBN\/9781498541961\/The-Rise-and-Fall-of-Socialist-Yugoslavia-Elite-Nationalism-and-the-Collapse-of-a-Federation\">https:\/\/rowman.com\/ISBN\/9781498541961\/The-Rise-and-Fall-of-Socialist-Yugoslavia-Elite-Nationalism-and-the-Collapse-of-a-Federation<\/a><\/p>\n<p>&nbsp;<\/p>\n<p>&nbsp;<\/p>\n<hr \/>\n<p>&nbsp;<\/p>\n<p>&nbsp;<\/p>\n<p><strong>The Tito\u2013Stalin Split and Yugoslavia&#8217;s Military Opening toward the West, 1950\u20131954<\/strong><\/p>\n<p><strong>In NATO&#8217;s Backyard<\/strong><\/p>\n<p>Ivan Lakovi\u0107 and Dmitar Tasi\u0107<\/p>\n<p>Lexington Books<\/p>\n<p>2016<\/p>\n<p><a href=\"https:\/\/rowman.com\/ISBN\/9781498539333\/The-Tito%E2%80%93Stalin-Split-and-Yugoslavia%27s-Military-Opening-toward-the-West-1950%E2%80%931954-In-NATO%27s-Backyard\">https:\/\/rowman.com\/ISBN\/9781498539333\/The-Tito%E2%80%93Stalin-Split-and-Yugoslavia%27s-Military-Opening-toward-the-West-1950%E2%80%931954-In-NATO%27s-Backyard<\/a><\/p>\n<p>&nbsp;<\/p>\n<p>&nbsp;<\/p>\n<p>&nbsp;<\/p>\n","protected":false},"excerpt":{"rendered":"","protected":false},"author":2,"featured_media":18718,"comment_status":"open","ping_status":"open","sticky":false,"template":"","format":"standard","meta":{"_acf_changed":false,"jetpack_post_was_ever_published":false,"_jetpack_newsletter_access":"","_jetpack_dont_email_post_to_subs":false,"_jetpack_newsletter_tier_id":0,"_jetpack_memberships_contains_paywalled_content":false,"_jetpack_memberships_contains_paid_content":false,"footnotes":"","jetpack_publicize_message":"","jetpack_publicize_feature_enabled":true,"jetpack_social_post_already_shared":true,"jetpack_social_options":{"image_generator_settings":{"template":"highway","default_image_id":0,"font":"","enabled":false},"version":2}},"categories":[8,3],"tags":[],"class_list":["post-18717","post","type-post","status-publish","format-standard","has-post-thumbnail","hentry","category-knjige","category-novosti"],"acf":{"facebook_opis":""},"jetpack_publicize_connections":[],"jetpack_featured_media_url":"https:\/\/i0.wp.com\/historiografija.hr\/wp-content\/uploads\/2020\/01\/Flere.jpg?fit=315%2C506&ssl=1","jetpack_sharing_enabled":true,"jetpack-related-posts":[{"id":52516,"url":"https:\/\/historiografija.hr\/?p=52516","url_meta":{"origin":18717,"position":0},"title":"Marko Grde\u0161i\u0107, Mislav \u017ditko, \u201eSocialist Economics in Yugoslavia: A Critical History\u201c","author":"Branimir Jankovi\u0107","date":"17. travnja 2026.","format":false,"excerpt":"This book presents a critical history of Yugoslav socialist economics, from its inception in the late 1940s to its dissolution in the late 1980s. After the dramatic break with the Soviet Union in 1948, Yugoslavia found itself in urgent need of a third way: A socialist trajectory which would not\u2026","rel":"","context":"U &quot;Knjige&quot;","block_context":{"text":"Knjige","link":"https:\/\/historiografija.hr\/?cat=8"},"img":{"alt_text":"","src":"https:\/\/i0.wp.com\/historiografija.hr\/wp-content\/uploads\/2026\/04\/Zitko_Grdesic.jpg?fit=350%2C535&ssl=1&resize=350%2C200","width":350,"height":200},"classes":[]},{"id":52520,"url":"https:\/\/historiografija.hr\/?p=52520","url_meta":{"origin":18717,"position":1},"title":"Predstavljanje knjige &#8220;Socialist Economics in Yugoslavia: A Critical History&#8221; u Zagrebu","author":"Branimir Jankovi\u0107","date":"17. travnja 2026.","format":false,"excerpt":"Pozivamo vas na predstavljanje knjige \"Socialist Economics in Yugoslavia: A Critical History\", autora Mislava \u00a0\u017ditka i Marka Grde\u0161i\u0107a (Routledge, 2026). Na predstavljanju \u0107e govoriti Branko Milanovi\u0107 (CUNY), Milica Uvali\u0107 (EUI), Zdravko Petak (FPZG) te autori.\u00a0 Predstavljanje \u0107e se odr\u017eati u srijedu 22. travnja u 16:00 sati na Fakultetu politi\u010dkih znanosti\u2026","rel":"","context":"U &quot;Novosti&quot;","block_context":{"text":"Novosti","link":"https:\/\/historiografija.hr\/?cat=3"},"img":{"alt_text":"","src":"https:\/\/i0.wp.com\/historiografija.hr\/wp-content\/uploads\/2026\/04\/Poziv-na-predstavljanje.png?fit=800%2C652&ssl=1&resize=350%2C200","width":350,"height":200,"srcset":"https:\/\/i0.wp.com\/historiografija.hr\/wp-content\/uploads\/2026\/04\/Poziv-na-predstavljanje.png?fit=800%2C652&ssl=1&resize=350%2C200 1x, https:\/\/i0.wp.com\/historiografija.hr\/wp-content\/uploads\/2026\/04\/Poziv-na-predstavljanje.png?fit=800%2C652&ssl=1&resize=525%2C300 1.5x, https:\/\/i0.wp.com\/historiografija.hr\/wp-content\/uploads\/2026\/04\/Poziv-na-predstavljanje.png?fit=800%2C652&ssl=1&resize=700%2C400 2x"},"classes":[]},{"id":52580,"url":"https:\/\/historiografija.hr\/?p=52580","url_meta":{"origin":18717,"position":2},"title":"Conference &#8220;Living in the aftermaths: Trauma, politics and survival in Yugoslavia and successor states, 1945 \u2013 present&#8221;","author":"Branimir Jankovi\u0107","date":"21. travnja 2026.","format":false,"excerpt":"The conference aims to explore how war-related psychological distress was experienced, narrated, debated and reframed in Yugoslavia in the second half of the twentieth century. It asks how the theme of wounded psyche and wartime suffering was addressed and acknowledged in political, psychiatric and broader cultural discourses of socialist Yugoslavia,\u2026","rel":"","context":"U &quot;Novosti&quot;","block_context":{"text":"Novosti","link":"https:\/\/historiografija.hr\/?cat=3"},"img":{"alt_text":"","src":"https:\/\/i0.wp.com\/historiografija.hr\/wp-content\/uploads\/2026\/04\/Battle_of_Neretva_Picasso_poster-Conference-Living-in-the-aftermaths.webp?fit=564%2C954&ssl=1&resize=350%2C200","width":350,"height":200,"srcset":"https:\/\/i0.wp.com\/historiografija.hr\/wp-content\/uploads\/2026\/04\/Battle_of_Neretva_Picasso_poster-Conference-Living-in-the-aftermaths.webp?fit=564%2C954&ssl=1&resize=350%2C200 1x, https:\/\/i0.wp.com\/historiografija.hr\/wp-content\/uploads\/2026\/04\/Battle_of_Neretva_Picasso_poster-Conference-Living-in-the-aftermaths.webp?fit=564%2C954&ssl=1&resize=525%2C300 1.5x"},"classes":[]},{"id":52625,"url":"https:\/\/historiografija.hr\/?p=52625","url_meta":{"origin":18717,"position":3},"title":"Omer Bartov, \u201eIsrael: What Went Wrong?\u201c","author":"Branimir Jankovi\u0107","date":"23. travnja 2026.","format":false,"excerpt":"Professor Omer Bartov was born on a kibbutz, grew up in Tel Aviv and served in the Israel Defence Forces during the Yom Kippur War. He went on to become an expert on the German army and the Holocaust, before turning his attention to his native country.In Israel: What Went\u2026","rel":"","context":"U &quot;Knjige&quot;","block_context":{"text":"Knjige","link":"https:\/\/historiografija.hr\/?cat=8"},"img":{"alt_text":"","src":"https:\/\/i0.wp.com\/historiografija.hr\/wp-content\/uploads\/2026\/04\/Bartov.jpeg?fit=320%2C500&ssl=1&resize=350%2C200","width":350,"height":200},"classes":[]}],"_links":{"self":[{"href":"https:\/\/historiografija.hr\/index.php?rest_route=\/wp\/v2\/posts\/18717","targetHints":{"allow":["GET"]}}],"collection":[{"href":"https:\/\/historiografija.hr\/index.php?rest_route=\/wp\/v2\/posts"}],"about":[{"href":"https:\/\/historiografija.hr\/index.php?rest_route=\/wp\/v2\/types\/post"}],"author":[{"embeddable":true,"href":"https:\/\/historiografija.hr\/index.php?rest_route=\/wp\/v2\/users\/2"}],"replies":[{"embeddable":true,"href":"https:\/\/historiografija.hr\/index.php?rest_route=%2Fwp%2Fv2%2Fcomments&post=18717"}],"version-history":[{"count":1,"href":"https:\/\/historiografija.hr\/index.php?rest_route=\/wp\/v2\/posts\/18717\/revisions"}],"predecessor-version":[{"id":18719,"href":"https:\/\/historiografija.hr\/index.php?rest_route=\/wp\/v2\/posts\/18717\/revisions\/18719"}],"wp:featuredmedia":[{"embeddable":true,"href":"https:\/\/historiografija.hr\/index.php?rest_route=\/wp\/v2\/media\/18718"}],"wp:attachment":[{"href":"https:\/\/historiografija.hr\/index.php?rest_route=%2Fwp%2Fv2%2Fmedia&parent=18717"}],"wp:term":[{"taxonomy":"category","embeddable":true,"href":"https:\/\/historiografija.hr\/index.php?rest_route=%2Fwp%2Fv2%2Fcategories&post=18717"},{"taxonomy":"post_tag","embeddable":true,"href":"https:\/\/historiografija.hr\/index.php?rest_route=%2Fwp%2Fv2%2Ftags&post=18717"}],"curies":[{"name":"wp","href":"https:\/\/api.w.org\/{rel}","templated":true}]}}