{"id":18669,"date":"2020-01-18T14:44:41","date_gmt":"2020-01-18T14:44:41","guid":{"rendered":"http:\/\/historiografija.hr\/?p=18669"},"modified":"2020-03-18T23:14:12","modified_gmt":"2020-03-18T23:14:12","slug":"prikazivanje-dokumentarno-igrane-serije-predsjednik-o-franji-tudmanu","status":"publish","type":"post","link":"https:\/\/historiografija.hr\/?p=18669","title":{"rendered":"Prikazivanje dokumentarno-igrane serije &#8220;Predsjednik\u201d o Franji Tu\u0111manu"},"content":{"rendered":"<p><strong>Hrvatska radiotelevizija (HRT) od ponedjeljka, 20. sije\u010dnja u 20:05 na svom Prvom programu (HRT-HTV1) po\u010dinje prikazivati dokumentarno-igranu seriju &#8220;Predsjednik&#8221;, prvo audiovizualno djelo koje u povodu 20. obljetnice smrti dr. Franje Tu\u0111mana obra\u0111uje \u017eivot i djelo osniva\u010da moderne hrvatske dr\u017eave i prvog hrvatskog predsjednika.<\/strong><\/p>\n<p>U 10 epizoda kroz nekoliko klju\u010dnih razdoblja 20. stolje\u0107a i nekoliko dr\u017eava i re\u017eima, ispreple\u0107e se \u017eivot <strong>Franje Tu\u0111mana<\/strong> i sudbina hrvatskog naroda \u2013 od tradicionalnog odgoja, utjecaja oca HSS-ovca na politi\u010dko i nacionalno opredjeljenje, obiteljske tragedije, \u0161kolovanja u Zagrebu, do odlaska u partizane.<\/p>\n<p>Jo\u0161 kao mladi \u010dasnik, intelektualac, Tu\u0111man se u Beogradu bori za istinu o zastupljenosti Hrvata u NOP-u, \u0161to \u0107e kasnije sna\u017eno odrediti njegov politi\u010dki \u017eivot. Potkraj sedamdesetih po\u010dinje se pripremati se za posttitovsko razdoblje, a potkraj osamdesetih staje na \u010delo dr\u017eavotvornog pokreta.<\/p>\n<p>Ratovi, ubojstva roditelja i prijatelja, osobni usponi i padovi, politi\u010dki obra\u010duni, privatna dru\u017eenja, montirani sudski procesi, tajna putovanja, politi\u010dki savezi, izdaje, politi\u010dki programi, pobjede, prijateljstva, urote&#8230; Sve je to \u017eivot Franje Tu\u0111mana.<\/p>\n<p>Dvadeset godina nakon njegove smrti gledateljima se otkriva za\u0161to je Franjo Tu\u0111man uspio u onome u \u010demu politi\u010dki vo\u0111e hrvatskog naroda prije njega nisu. Tko je zapravo bio dr. Franjo Tu\u0111man i \u0161to o njemu danas misle njegovi nasljednici i gra\u0111ani Hrvatske?<\/p>\n<p>Serija je ra\u0111ena prema scenariju i re\u017eiji <strong>Gordana Mali\u0107a<\/strong> i <strong>Miljenka Manjkasa<\/strong>. \u010cak 80-ak sugovornika koje je Gordan Mali\u0107 intervjuirao, snimano je na lokacijama u Zagrebu, Puli, Cavtatu, Beogradu, Sarajevu, Vatikanu, Berlinu&#8230; Me\u0111u njima su <strong>Miroslav Tu\u0111man<\/strong>, <strong>Zdravka Bu\u0161i\u0107<\/strong>, <strong>Stipe Mesi\u0107<\/strong>, <strong>Andrija Hebrang<\/strong>, <strong>Franjo Greguri\u0107<\/strong>, <strong>Ivi\u0107 Pa\u0161ali\u0107<\/strong>, <strong>Ivan Mi\u0161kovi\u0107<\/strong>, <strong>Marin Sopta<\/strong>, <strong>Mate Grani\u0107<\/strong>, <strong>Pavao Miljavac<\/strong>, <strong>Neva \u0160ibl<\/strong>, <strong>Vinko Grubi\u0161i\u0107<\/strong>, <strong>\u0106iro Bla\u017eevi\u0107<\/strong>, <strong>Latinka Perovi\u0107<\/strong>, <strong>Stjepan Kljui\u0107<\/strong>, <strong>Milomir Mari\u0107<\/strong>, <strong>Bakir Izetbegovi\u0107<\/strong>, msgr. <strong>Nikola Eterovi\u0107<\/strong>, <strong>William Montgomery<\/strong>, <strong>Doris Pack<\/strong>.<\/p>\n<p>Serija, koja se u velikoj mjeri bavi i Tu\u0111manom privatno, poku\u0161at \u0107e rekonstruirati dru\u0161tveni milje u kojem se kretao u Beogradu te u Zagrebu od 60-ih godina, sve dok nije postao predsjednik.<\/p>\n<p>Prvog hrvatskog predsjednika glumi <strong>Vinko Kraljevi\u0107<\/strong>, Tita <strong>Boris Svrtan<\/strong>, a Krle\u017eu <strong>Neboj\u0161a Borojevi\u0107<\/strong>. Ekipa serije broji vi\u0161e od 50 ljudi, me\u0111u kojima su i redatelj filmskih ilustracija <strong>Ivan Mokrovi\u0107<\/strong>, direktor fotografije <strong>Filip Stare\u0161ini\u0107<\/strong>, autor glazbe <strong>Alfi Kabiljo<\/strong>, \u0161minke <strong>Marija Bingula<\/strong> te kostima <strong>Marija \u0160ari\u0107 Ban<\/strong> i <strong>Emilija \u0160u\u0161kovi\u0107<\/strong> <strong>Jakopac<\/strong>.<\/p>\n<p>Autori: Gordan Mali\u0107 i Miljenko Manjkas<br \/>\nProdukcija: Intermedia grupa<\/p>\n<p>&nbsp;<\/p>\n<p>Izvor:<\/p>\n<p><a href=\"https:\/\/hrtprikazuje.hrt.hr\/572210\/dokumentarno-igrana-serija-predsjednik-uskoro-na-prvom\">https:\/\/hrtprikazuje.hrt.hr\/572210\/dokumentarno-igrana-serija-predsjednik-uskoro-na-prvom<\/a><\/p>\n<p><a href=\"https:\/\/raspored.hrt.hr\/\">https:\/\/raspored.hrt.hr\/<\/a><\/p>\n<p>&nbsp;<\/p>\n<p>Iz medija:<\/p>\n<p><a href=\"https:\/\/www.tportal.hr\/vijesti\/clanak\/gordan-malic-tudman-je-bio-nas-prvi-revolucionar-koji-se-nije-ponasao-poput-pavelica-i-tita-a-jedna-epizoda-s-kraja-njegova-zivota-otkriva-osobinu-koju-danas-ne-vidim-medu-politicarima-foto-20200118\">https:\/\/www.tportal.hr\/vijesti\/clanak\/gordan-malic-tudman-je-bio-nas-prvi-revolucionar-koji-se-nije-ponasao-poput-pavelica-i-tita-a-jedna-epizoda-s-kraja-njegova-zivota-otkriva-osobinu-koju-danas-ne-vidim-medu-politicarima-foto-20200118<\/a><\/p>\n<p><a href=\"https:\/\/www.telegram.hr\/politika-kriminal\/zamolili-smo-povjesnicare-da-odgledaju-prvu-epizodu-predsjednika-i-recenziraju-je-za-nas\/\">https:\/\/www.telegram.hr\/politika-kriminal\/zamolili-smo-povjesnicare-da-odgledaju-prvu-epizodu-predsjednika-i-recenziraju-je-za-nas\/<\/a><\/p>\n<p><a href=\"https:\/\/www.jutarnji.hr\/vijesti\/hrvatska\/povjesnicari-o-seriji-o-tudmanu-marijan-bolje-od-ocekivanja-klasic-u-seriji-se-mnogo-stvari-presucuje-ocito-se-opet-gradi-kult-licnosti\/9880000\/\">https:\/\/www.jutarnji.hr\/vijesti\/hrvatska\/povjesnicari-o-seriji-o-tudmanu-marijan-bolje-od-ocekivanja-klasic-u-seriji-se-mnogo-stvari-presucuje-ocito-se-opet-gradi-kult-licnosti\/9880000\/<\/a><\/p>\n<p><a href=\"https:\/\/direktno.hr\/direkt\/davor-marijan-za-direktno-tudmana-treba-promatrati-uravnotezeno-on-nije-kriv-za-sve-lose-u-hrvatskoj-i-serija-ide-u-dobrom-smjeru-179814\/\">https:\/\/direktno.hr\/direkt\/davor-marijan-za-direktno-tudmana-treba-promatrati-uravnotezeno-on-nije-kriv-za-sve-lose-u-hrvatskoj-i-serija-ide-u-dobrom-smjeru-179814\/<\/a><\/p>\n<p><a href=\"https:\/\/www.telegram.hr\/price\/kako-je-hrt-ov-predsjednik-natrpan-iskljucivo-ljudima-koji-mu-se-dive-nesvjesno-prikazao-pravi-karakter-tudmana-i-njegove-vlasti\/\">https:\/\/www.telegram.hr\/price\/kako-je-hrt-ov-predsjednik-natrpan-iskljucivo-ljudima-koji-mu-se-dive-nesvjesno-prikazao-pravi-karakter-tudmana-i-njegove-vlasti\/<\/a><\/p>\n<p><a href=\"https:\/\/www.index.hr\/vijesti\/clanak\/htvov-predsjednik-sluzi-samo-jednom-sirenju-mita-o-tudjmanu\/2149703.aspx\">https:\/\/www.index.hr\/vijesti\/clanak\/htvov-predsjednik-sluzi-samo-jednom-sirenju-mita-o-tudjmanu\/2149703.aspx<\/a><\/p>\n<p><a href=\"https:\/\/www.portalnovosti.com\/cuvari-grobnice\">https:\/\/www.portalnovosti.com\/cuvari-grobnice<\/a><\/p>\n<p><a href=\"https:\/\/direktno.hr\/kolumne\/seriju-predsjednik-je-prerano-ocjenjivati-ali-pocela-je-preispitivati-istine-179874\/\">https:\/\/direktno.hr\/kolumne\/seriju-predsjednik-je-prerano-ocjenjivati-ali-pocela-je-preispitivati-istine-179874\/<\/a><\/p>\n<p><a href=\"https:\/\/www.portalnovosti.com\/zlatne-devedesete\">https:\/\/www.portalnovosti.com\/zlatne-devedesete<\/a><\/p>\n<p><a href=\"https:\/\/direktno.hr\/direkt\/gordan-malic-zestoko-uzvratio-borisu-dezulovicu-tudman-se-okusavao-u-cenzuri-ali-nije-bio-dosljedan-to-je-poslije-ucinio-sanader-180463\/\">https:\/\/direktno.hr\/direkt\/gordan-malic-zestoko-uzvratio-borisu-dezulovicu-tudman-se-okusavao-u-cenzuri-ali-nije-bio-dosljedan-to-je-poslije-ucinio-sanader-180463\/<\/a><\/p>\n<p><a href=\"https:\/\/lupiga.com\/vijesti\/jednako-grozno-i-jednako-isto-kakva-je-to-istina-koju-nam-servira-serija-predsjednik\">https:\/\/lupiga.com\/vijesti\/jednako-grozno-i-jednako-isto-kakva-je-to-istina-koju-nam-servira-serija-predsjednik<\/a><\/p>\n<p>&nbsp;<\/p>\n<p>&nbsp;<\/p>\n","protected":false},"excerpt":{"rendered":"","protected":false},"author":2,"featured_media":18670,"comment_status":"open","ping_status":"open","sticky":false,"template":"","format":"standard","meta":{"_acf_changed":false,"jetpack_post_was_ever_published":false,"_jetpack_newsletter_access":"","_jetpack_dont_email_post_to_subs":false,"_jetpack_newsletter_tier_id":0,"_jetpack_memberships_contains_paywalled_content":false,"_jetpack_memberships_contains_paid_content":false,"footnotes":"","jetpack_publicize_message":"","jetpack_publicize_feature_enabled":true,"jetpack_social_post_already_shared":true,"jetpack_social_options":{"image_generator_settings":{"template":"highway","default_image_id":0,"font":"","enabled":false},"version":2}},"categories":[13,3],"tags":[],"class_list":["post-18669","post","type-post","status-publish","format-standard","has-post-thumbnail","hentry","category-filmovi-i-serije","category-novosti"],"acf":{"facebook_opis":""},"jetpack_publicize_connections":[],"jetpack_featured_media_url":"https:\/\/i0.wp.com\/historiografija.hr\/wp-content\/uploads\/2020\/01\/predsjednik.jpg?fit=688%2C388&ssl=1","jetpack_sharing_enabled":true,"jetpack-related-posts":[{"id":52666,"url":"https:\/\/historiografija.hr\/?p=52666","url_meta":{"origin":18669,"position":0},"title":"Najava programa Festivala povijesti Kliofest (5-8. V. 2026)","author":"Branimir Jankovi\u0107","date":"24. travnja 2026.","format":false,"excerpt":"Po trinaesti put odr\u017eava se Festival povijesti Kliofest! Do petka \u0107emo odr\u017eati osam okruglih stolova i dva kolokvija te niz predstavljanja knjiga i projekata razli\u010dite tematike, od antike do suvremenosti. Bit \u0107e predstavljeno i nekoliko izlo\u017ebi te odr\u017ean jedan povijesni kviz. Prikazat \u0107emo i jedan film \u2013 o generalu Boroevi\u0107u.\u2026","rel":"","context":"U &quot;Novosti&quot;","block_context":{"text":"Novosti","link":"https:\/\/historiografija.hr\/?cat=3"},"img":{"alt_text":"","src":"https:\/\/i0.wp.com\/historiografija.hr\/wp-content\/uploads\/2026\/04\/Kliofest-2026.jpg?fit=526%2C526&ssl=1&resize=350%2C200","width":350,"height":200,"srcset":"https:\/\/i0.wp.com\/historiografija.hr\/wp-content\/uploads\/2026\/04\/Kliofest-2026.jpg?fit=526%2C526&ssl=1&resize=350%2C200 1x, https:\/\/i0.wp.com\/historiografija.hr\/wp-content\/uploads\/2026\/04\/Kliofest-2026.jpg?fit=526%2C526&ssl=1&resize=525%2C300 1.5x"},"classes":[]},{"id":52733,"url":"https:\/\/historiografija.hr\/?p=52733","url_meta":{"origin":18669,"position":1},"title":"Vlado Raji\u0107 \u201eGranica na kraju stolje\u0107a\u201c","author":"Filip \u0160imunjak","date":"29. travnja 2026.","format":false,"excerpt":"U suizdanju Durieuxa i Beletre objavljena je 2025. godine knjiga Granica na kraju stolje\u0107a autora Vlade Raji\u0107a.\u00a0 O knjizi\u00a0 Romansirana biografija Vladimira Iblera mnogo je vi\u0161e od zanimljive pri\u010de o privatnom \u017eivotu i impresivnoj profesionalnoj karijeri istaknutog stru\u010dnjaka za me\u0111unarodno pravo i dugo\u00adgodi\u0161njeg profesora na zagreba\u010dkom Pravnom fakultetu, akademika, koji\u2026","rel":"","context":"U &quot;Knjige&quot;","block_context":{"text":"Knjige","link":"https:\/\/historiografija.hr\/?cat=8"},"img":{"alt_text":"","src":"https:\/\/i0.wp.com\/historiografija.hr\/wp-content\/uploads\/2026\/04\/VLADO-RAJIC-GRANICA-NA-KRAJU-STOLJECA.jpg?fit=450%2C650&ssl=1&resize=350%2C200","width":350,"height":200},"classes":[]},{"id":52563,"url":"https:\/\/historiografija.hr\/?p=52563","url_meta":{"origin":18669,"position":2},"title":"Predavanje Nenada Fabijani\u0107a o stadionu Poljud u Splitu","author":"Branimir Jankovi\u0107","date":"21. travnja 2026.","format":false,"excerpt":"Znanstveno vije\u0107e za arhitekturu, urbanizam i ure\u0111enje prostora Hrvatske akademije znanosti i umjetnosti organizira predavanje \u201cPo Poljudu\u201d koje \u0107e u srijedu 22. travnja 2026. s po\u010detkom u 14 sati u Knji\u017enici HAZU, Strossmayerov trg 14 u Zagrebu, odr\u017eati\u00a0prof. emerit. dr. art. Nenad Fabijani\u0107,\u00a0\u010dlan suradnik HAZU. Predavanje \u201ePo Poljudu\u201c (Projekt obnove)\u2026","rel":"","context":"U &quot;Novosti&quot;","block_context":{"text":"Novosti","link":"https:\/\/historiografija.hr\/?cat=3"},"img":{"alt_text":"","src":"https:\/\/i0.wp.com\/historiografija.hr\/wp-content\/uploads\/2026\/04\/Poljud-scaled.jpeg?fit=1200%2C800&ssl=1&resize=350%2C200","width":350,"height":200,"srcset":"https:\/\/i0.wp.com\/historiografija.hr\/wp-content\/uploads\/2026\/04\/Poljud-scaled.jpeg?fit=1200%2C800&ssl=1&resize=350%2C200 1x, https:\/\/i0.wp.com\/historiografija.hr\/wp-content\/uploads\/2026\/04\/Poljud-scaled.jpeg?fit=1200%2C800&ssl=1&resize=525%2C300 1.5x, https:\/\/i0.wp.com\/historiografija.hr\/wp-content\/uploads\/2026\/04\/Poljud-scaled.jpeg?fit=1200%2C800&ssl=1&resize=700%2C400 2x, https:\/\/i0.wp.com\/historiografija.hr\/wp-content\/uploads\/2026\/04\/Poljud-scaled.jpeg?fit=1200%2C800&ssl=1&resize=1050%2C600 3x"},"classes":[]},{"id":52675,"url":"https:\/\/historiografija.hr\/?p=52675","url_meta":{"origin":18669,"position":3},"title":"Predstavljanje knjige Luke Peji\u0107a &#8220;U taboru anarhista: \u017divot Ivana Zeppa&#8221; u Osijeku","author":"Branimir Jankovi\u0107","date":"27. travnja 2026.","format":false,"excerpt":"U \u010detvrtak, 30. travnja 2026.\u00a0u\u00a019.00 sati\u00a0u Klubu knji\u017eare Nova\u00a0(Trg Ante Star\u010devi\u0107a 4, Osijek) odr\u017eat \u0107e se predstavljanje nove knjige Luke Peji\u0107a U taboru anarhista: \u017divot Ivana Zeppa (DAF, 2025.). Uz autora o knjizi \u0107e govoriti recenzent i povjesni\u010dar Nikola Toma\u0161egovi\u0107 te povjesni\u010darka Ana Rajkovi\u0107 Peji\u0107. Razgovor \u0107e moderirati doktorandica\u00a0Valentina Kezi\u0107.\u2026","rel":"","context":"U &quot;Novosti&quot;","block_context":{"text":"Novosti","link":"https:\/\/historiografija.hr\/?cat=3"},"img":{"alt_text":"","src":"https:\/\/i0.wp.com\/historiografija.hr\/wp-content\/uploads\/2025\/11\/Pejic.jpg?fit=574%2C790&ssl=1&resize=350%2C200","width":350,"height":200,"srcset":"https:\/\/i0.wp.com\/historiografija.hr\/wp-content\/uploads\/2025\/11\/Pejic.jpg?fit=574%2C790&ssl=1&resize=350%2C200 1x, https:\/\/i0.wp.com\/historiografija.hr\/wp-content\/uploads\/2025\/11\/Pejic.jpg?fit=574%2C790&ssl=1&resize=525%2C300 1.5x"},"classes":[]},{"id":52592,"url":"https:\/\/historiografija.hr\/?p=52592","url_meta":{"origin":18669,"position":4},"title":"Predstavljanje knjige &#8220;Turska ku\u0107a u Rijeci&#8221; u Zagrebu","author":"Branimir Jankovi\u0107","date":"22. travnja 2026.","format":false,"excerpt":"U prostorijama Turskog kulturnog centra Yunus Emre u Zagrebu, u utorak 21. travnja 2026. godine, odr\u017eano je sve\u010dano predstavljanje dopunjenog izdanja knjige Turska ku\u0107a u Rijeci, u organizaciji Hrvatsko-turskog dru\u0161tva Rijeka i partnerstvu sa Skupinom prijateljstva Hrvatska-Turska Hrvatskog sabora, Veleposlanstvom Republike Turske u Republici Hrvatskoj te Turskim kulturnim centrom Yunus\u2026","rel":"","context":"U &quot;Novosti&quot;","block_context":{"text":"Novosti","link":"https:\/\/historiografija.hr\/?cat=3"},"img":{"alt_text":"","src":"https:\/\/i0.wp.com\/historiografija.hr\/wp-content\/uploads\/2026\/04\/Turska-kuca-ZG.jpg?fit=1200%2C800&ssl=1&resize=350%2C200","width":350,"height":200,"srcset":"https:\/\/i0.wp.com\/historiografija.hr\/wp-content\/uploads\/2026\/04\/Turska-kuca-ZG.jpg?fit=1200%2C800&ssl=1&resize=350%2C200 1x, https:\/\/i0.wp.com\/historiografija.hr\/wp-content\/uploads\/2026\/04\/Turska-kuca-ZG.jpg?fit=1200%2C800&ssl=1&resize=525%2C300 1.5x, https:\/\/i0.wp.com\/historiografija.hr\/wp-content\/uploads\/2026\/04\/Turska-kuca-ZG.jpg?fit=1200%2C800&ssl=1&resize=700%2C400 2x, https:\/\/i0.wp.com\/historiografija.hr\/wp-content\/uploads\/2026\/04\/Turska-kuca-ZG.jpg?fit=1200%2C800&ssl=1&resize=1050%2C600 3x"},"classes":[]},{"id":52502,"url":"https:\/\/historiografija.hr\/?p=52502","url_meta":{"origin":18669,"position":5},"title":"Novi znanstveni projekt Hrvatskog instituta za povijest: \u201c\u017drtve ratova i dr\u017eavnog\/politi\u010dkog nasilja u hrvatskoj povijesti 20. stolje\u0107a\u201d","author":"Branimir Jankovi\u0107","date":"17. travnja 2026.","format":false,"excerpt":"Na redovitoj sjednici Vlade RH, 16. travnja 2026., donijet je Zaklju\u010dak kojim se pokre\u0107e znanstveni projekt \u201c\u017drtve ratova i dr\u017eavnog\/politi\u010dkog nasilja u hrvatskoj povijesti 20. stolje\u0107a\u201d. Projekt \u0107e provoditi i koordinirati Hrvatski institut za povijest u razdoblju trajanja projekta od pet godina. Zakljucak Vlade RH Iz teksta projektnog prijedloga: Problematika\u2026","rel":"","context":"U &quot;Novosti&quot;","block_context":{"text":"Novosti","link":"https:\/\/historiografija.hr\/?cat=3"},"img":{"alt_text":"","src":"https:\/\/i0.wp.com\/historiografija.hr\/wp-content\/uploads\/2026\/04\/Vlada-RH.jpg?fit=1200%2C557&ssl=1&resize=350%2C200","width":350,"height":200,"srcset":"https:\/\/i0.wp.com\/historiografija.hr\/wp-content\/uploads\/2026\/04\/Vlada-RH.jpg?fit=1200%2C557&ssl=1&resize=350%2C200 1x, https:\/\/i0.wp.com\/historiografija.hr\/wp-content\/uploads\/2026\/04\/Vlada-RH.jpg?fit=1200%2C557&ssl=1&resize=525%2C300 1.5x, https:\/\/i0.wp.com\/historiografija.hr\/wp-content\/uploads\/2026\/04\/Vlada-RH.jpg?fit=1200%2C557&ssl=1&resize=700%2C400 2x, https:\/\/i0.wp.com\/historiografija.hr\/wp-content\/uploads\/2026\/04\/Vlada-RH.jpg?fit=1200%2C557&ssl=1&resize=1050%2C600 3x"},"classes":[]}],"_links":{"self":[{"href":"https:\/\/historiografija.hr\/index.php?rest_route=\/wp\/v2\/posts\/18669","targetHints":{"allow":["GET"]}}],"collection":[{"href":"https:\/\/historiografija.hr\/index.php?rest_route=\/wp\/v2\/posts"}],"about":[{"href":"https:\/\/historiografija.hr\/index.php?rest_route=\/wp\/v2\/types\/post"}],"author":[{"embeddable":true,"href":"https:\/\/historiografija.hr\/index.php?rest_route=\/wp\/v2\/users\/2"}],"replies":[{"embeddable":true,"href":"https:\/\/historiografija.hr\/index.php?rest_route=%2Fwp%2Fv2%2Fcomments&post=18669"}],"version-history":[{"count":6,"href":"https:\/\/historiografija.hr\/index.php?rest_route=\/wp\/v2\/posts\/18669\/revisions"}],"predecessor-version":[{"id":19726,"href":"https:\/\/historiografija.hr\/index.php?rest_route=\/wp\/v2\/posts\/18669\/revisions\/19726"}],"wp:featuredmedia":[{"embeddable":true,"href":"https:\/\/historiografija.hr\/index.php?rest_route=\/wp\/v2\/media\/18670"}],"wp:attachment":[{"href":"https:\/\/historiografija.hr\/index.php?rest_route=%2Fwp%2Fv2%2Fmedia&parent=18669"}],"wp:term":[{"taxonomy":"category","embeddable":true,"href":"https:\/\/historiografija.hr\/index.php?rest_route=%2Fwp%2Fv2%2Fcategories&post=18669"},{"taxonomy":"post_tag","embeddable":true,"href":"https:\/\/historiografija.hr\/index.php?rest_route=%2Fwp%2Fv2%2Ftags&post=18669"}],"curies":[{"name":"wp","href":"https:\/\/api.w.org\/{rel}","templated":true}]}}