{"id":18666,"date":"2020-01-18T14:42:09","date_gmt":"2020-01-18T14:42:09","guid":{"rendered":"http:\/\/historiografija.hr\/?p=18666"},"modified":"2020-01-18T15:00:23","modified_gmt":"2020-01-18T15:00:23","slug":"mate-granic-diplomatska-oluja-sjecanja-najdugovjecnijeg-tudmanovog-ministra","status":"publish","type":"post","link":"https:\/\/historiografija.hr\/?p=18666","title":{"rendered":"Mate Grani\u0107, \u201cDiplomatska oluja. Sje\u0107anja najdugovje\u010dnijeg Tu\u0111manovog ministra\u201d"},"content":{"rendered":"<p>Ve\u010dernji list objavio je 2019. knjigu Mate Grani\u0107a \u201cDiplomatska oluja. Sje\u0107anja najdugovje\u010dnijeg Tu\u0111manovog ministra\u201d (244 str.) te ju iste godine objavio i na engleskom jeziku pod naslovom \u201cDiplomatic storm\u201d.<\/p>\n<p>&nbsp;<\/p>\n<p>&#8212;<\/p>\n<p><strong>\u00a0<\/strong><\/p>\n<p><strong>Diplomatska oluja<\/strong><\/p>\n<p>Mate Grani\u0107<\/p>\n<p>Sje\u0107anja najdugovje\u010dnijeg Tu\u0111manovog ministra<\/p>\n<p>&nbsp;<\/p>\n<p>U poslijepodnevnim satima 28. prosinca 1992. do\u0161ao sam u Zagreb. Pozvali su me na sastanak s ministrom vanjskih poslova Republike Hrvatske, gospodinom Matom Grani\u0107em. Bio je to moj prvi sastanak s \u010dovjekom koji je ve\u0107 imao klju\u010dnu ulogu u pregovorima i s kojim \u0107u poslije provesti dosta vremena. Pro\u0107elav, besprijekorno odjeven, \u0161armantan i pristojan, pozdravio me i gotovo odmah po\u010deo obja\u0161njavati za\u0161to je jo\u0161 jedan rat izme\u0111u Srbije i Hrvatske neizbje\u017ean ako Ujedinjeni narodi ne ispune svoje obveze iz Vanceova plana i ako ne vrate Krajinu njezinim zakonitim vlasnicima. Grani\u0107 mi je rekao da sjednem na kau\u010d \u2013 \u201ena isto mjesto na kojem Cyrus Vance sjedi\u201d, rekao je s o\u010diglednim ponosom i izvadio veliku zemljopisnu kartu svoje zemlje. Zatim je kontroliranim, ali o\u0161trim rije\u010dima opisao kako su Srbi pod krinkom Vanceova plana istjerali Hrvate s njihovih posjeda u Krajini. \u201eVi\u0161e od 25 posto na\u0161e zemlje okupirali su Srbi\u201d, rekao je Grani\u0107. \u201ePrije rata bilo je 295 tisu\u0107a Hrvata u Krajini. Sada ih je samo 3500. Ovo je na\u0161 teritorij. Ovo je na\u0161a zemlja. Srbi su je gotovo prepolovili. To nam je potpuno neprihvatljivo.\u201d<\/p>\n<p>Grani\u0107ev blagi stil, pun po\u0161tovanja, bio je potpuno opre\u010dan rije\u010dima koje je izgovarao.Ako Srbi ne vrate Krajinu mirnim putem, rekao je, njegova \u0107e zemlja ponovno zaratiti. Kako su Grani\u0107eve ruke brzo prelazile po karti koja je bila ispred nas, pokazuju\u0107i \u201eizgubljeni teritorij\u201d Hrvatske, \u010dinilo mi se da su se upravo tako i Francuzi osje\u0107ali zbog pokrajine Alsace-Lorraine, koja je pripala Nijemcima nakon rata 1870.\u20131871., sve dok je nisu povratili nakon Prvoga svjetskog rata; kao \u0161to je Henry Kissinger napisao, u napore \u201eda se vrati ta regija francuska je politika ulagala pola stolje\u0107a\u201d.<\/p>\n<p>Grani\u0107 je ostavio dojam da \u0107e se rat za vra\u0107anje Krajine voditi najkasnije u ljeto 1993. To\u010dnije, bit \u0107e to dvije i pol godine prije Tu\u0111manova napada. Ne\u0107u nikad zaboraviti taj razgovor, koji je zapravo bio prvo upozorenje da je Vlada iz Zagreba neumoljivo odlu\u010dna da povrati svaki centimetar svoga teritorija.&#8221;<br \/>\n(Iz knjige Richarda Holbrookea To End a War, Modern Library, 1999., SAD)<\/p>\n<p>&nbsp;<\/p>\n<p><strong>Mate Grani\u0107<\/strong>\u00a0(Ba\u0161ka Voda,\u00a019. rujna\u00a01947.),\u00a0hrvatski\u00a0politi\u010dar. Specijalizirao je internu medicinu i dijabetologiju. Profesionalnu lije\u010dni\u010dku karijeru izgradio je u klasi prof. dr. Zdenka \u0160krabala, a njegov pravi zavr\u0161ni ispit bila je izgradnja Instituta za dijabetes Vuk Vrhovac. Mate Grani\u0107 i Zdenko \u0160krabalo uspjeli su izgraditi jedan od najboljih zavoda za dijabetes u ovom djelu Europe (1985.). Godine 1990. postaje dekan Medicinskog fakulteta u Zagrebu, kao najmla\u0111i dekan u povijesti Zagreba\u010dkog sveu\u010dili\u0161ta. Gostuju\u0107i je profesor i gost predava\u010d na Harvard Medical School, na Medicinskom fakultetu u M\u00fcnchenu i na Kentucky Diabetes Foundation, te savjetnik Svjetske zdravstvene organizacije. Potpredsjednik Vlade Republike Hrvatske od 31. srpnja 1991. godine i ministar vanjskih poslova od 1. lipnja 1993. godine do 27. sije\u010dnja 2000. godine. U sje\u010dnju 2005. godine Mate Grani\u0107 postaje posebni savjetnik Predsjedni\u0161tva HSP-a. 2007. godine je Grani\u0107 prvi dekan NCL Visoke novinarske \u0161kole ,koja danas djeluje kao dio Veleu\u010dili\u0161ta VERN&#8217;. U studenom 2005., godine izdaje knjigu VANJSKI POSLOVI &#8211; iza kulisa politike U knjizi govori o svom putu od Ba\u0161ke Vode do Banskih dvora i svih svjetskih metropola; od dekanske \u010dasti i glavnog pregovara\u010da u hrvatskim mirovnim bitkama do istra\u017enog zatvora.<\/p>\n<p>&nbsp;<\/p>\n<p>Izvor:<\/p>\n<p><a href=\"https:\/\/www.ljevak.hr\/publicistika\/22765-diplomatska-oluja.html\">https:\/\/www.ljevak.hr\/publicistika\/22765-diplomatska-oluja.html<\/a><\/p>\n<p>&nbsp;<\/p>\n<p>Iz medija:<\/p>\n<p><a href=\"https:\/\/www.vecernji.hr\/vijesti\/predstavljena-je-knjiga-diplomatska-oluja-mate-granica-1315454\">https:\/\/www.vecernji.hr\/vijesti\/predstavljena-je-knjiga-diplomatska-oluja-mate-granica-1315454<\/a><\/p>\n<p><a href=\"https:\/\/www.vecernji.hr\/vijesti\/veliko-zanimanje-za-granicevu-knjigu-diplomatska-oluja-na-engleskom-jeziku-1353902\">https:\/\/www.vecernji.hr\/vijesti\/veliko-zanimanje-za-granicevu-knjigu-diplomatska-oluja-na-engleskom-jeziku-1353902<\/a><\/p>\n<p><a href=\"https:\/\/www.vecernji.hr\/premium\/tu-man-mi-je-povjerio-da-je-1991-u-jednom-trenutku-pomisljao-na-ostavku-1314475\">https:\/\/www.vecernji.hr\/premium\/tu-man-mi-je-povjerio-da-je-1991-u-jednom-trenutku-pomisljao-na-ostavku-1314475<\/a><\/p>\n<p><a href=\"https:\/\/vijesti.hrt.hr\/508038\/predstavljena-knjiga-mate-granica-diplomatska-oluja\">https:\/\/vijesti.hrt.hr\/508038\/predstavljena-knjiga-mate-granica-diplomatska-oluja<\/a><\/p>\n<p><a href=\"http:\/\/hr.n1info.com\/Vijesti\/a397612\/Predstavljena-knjiga-Mate-Granica-Diplomatska-oluja-okupio-se-drzavni-vrh.html\">http:\/\/hr.n1info.com\/Vijesti\/a397612\/Predstavljena-knjiga-Mate-Granica-Diplomatska-oluja-okupio-se-drzavni-vrh.html<\/a><\/p>\n<p><a href=\"https:\/\/www.jutarnji.hr\/vijesti\/hrvatska\/drzavni-vrh-i-brojne-javne-osobe-na-predstavljanju-knjige-mate-granica-htio-sam-razbiti-razne-kontroverze-da-je-tudman-dijelio-s-milosevicem-bih\/8786012\/\">https:\/\/www.jutarnji.hr\/vijesti\/hrvatska\/drzavni-vrh-i-brojne-javne-osobe-na-predstavljanju-knjige-mate-granica-htio-sam-razbiti-razne-kontroverze-da-je-tudman-dijelio-s-milosevicem-bih\/8786012\/<\/a><\/p>\n<p><a href=\"http:\/\/www.mega-media.hr\/diplomatska-laz-mate-granica\/\">http:\/\/www.mega-media.hr\/diplomatska-laz-mate-granica\/<\/a><\/p>\n<p><a href=\"https:\/\/teleskop.hr\/hebrang-napao-granica-i-knjigu-diplomatska-oluja-zasto-u-knjizi-ne-spominje-udbase-i-komuniste\">https:\/\/teleskop.hr\/hebrang-napao-granica-i-knjigu-diplomatska-oluja-zasto-u-knjizi-ne-spominje-udbase-i-komuniste<\/a><\/p>\n<p><a href=\"https:\/\/www.oslobodjenje.ba\/vijesti\/region\/sjecanja-tudmanovog-diplomate-476019\">https:\/\/www.oslobodjenje.ba\/vijesti\/region\/sjecanja-tudmanovog-diplomate-476019<\/a><\/p>\n<p>&nbsp;<\/p>\n<p>&nbsp;<\/p>\n","protected":false},"excerpt":{"rendered":"","protected":false},"author":2,"featured_media":18667,"comment_status":"open","ping_status":"open","sticky":false,"template":"","format":"standard","meta":{"_acf_changed":false,"jetpack_post_was_ever_published":false,"_jetpack_newsletter_access":"","_jetpack_dont_email_post_to_subs":false,"_jetpack_newsletter_tier_id":0,"_jetpack_memberships_contains_paywalled_content":false,"_jetpack_memberships_contains_paid_content":false,"footnotes":"","jetpack_publicize_message":"","jetpack_publicize_feature_enabled":true,"jetpack_social_post_already_shared":true,"jetpack_social_options":{"image_generator_settings":{"template":"highway","default_image_id":0,"font":"","enabled":false},"version":2}},"categories":[8,3],"tags":[],"class_list":["post-18666","post","type-post","status-publish","format-standard","has-post-thumbnail","hentry","category-knjige","category-novosti"],"acf":{"facebook_opis":""},"jetpack_publicize_connections":[],"jetpack_featured_media_url":"https:\/\/i0.wp.com\/historiografija.hr\/wp-content\/uploads\/2020\/01\/diplomatska-oluja.jpg?fit=570%2C678&ssl=1","jetpack_sharing_enabled":true,"jetpack-related-posts":[{"id":52499,"url":"https:\/\/historiografija.hr\/?p=52499","url_meta":{"origin":18666,"position":0},"title":"POTPISAN UGOVOR O ZNANSTVENO-ISTRA\u017dIVA\u010cKOJ SURADNJI: PROJEKT \u201eTEMELJI HRVATSKE SAMOSTALNOSTI\u201d","author":"Branimir Jankovi\u0107","date":"17. travnja 2026.","format":false,"excerpt":"Hrvatski institut za povijest, Sveu\u010dili\u0161te obrane i sigurnosti \u201eDr. Franjo Tu\u0111man\u201d, Institut dru\u0161tvenih znanosti Ivo Pilar i Hrvatski dr\u017eavni arhiv\u00a0potpisali su 23. o\u017eujka 2026.\u00a0Ugovor o znanstveno-istra\u017eiva\u010dkoj suradnji s ciljem provedbe projekta \u201eTemelji hrvatske samostalnosti\u201d. Tim projektom obuhva\u0107a se istra\u017eivanje arhivskoga gradiva, priprema znanstvenih publikacija, digitalizacija i javna prezentacija rezultata istra\u017eivanja\u2026","rel":"","context":"U &quot;Novosti&quot;","block_context":{"text":"Novosti","link":"https:\/\/historiografija.hr\/?cat=3"},"img":{"alt_text":"","src":"https:\/\/i0.wp.com\/historiografija.hr\/wp-content\/uploads\/2026\/04\/THS_sporazum.jpg?fit=1200%2C583&ssl=1&resize=350%2C200","width":350,"height":200,"srcset":"https:\/\/i0.wp.com\/historiografija.hr\/wp-content\/uploads\/2026\/04\/THS_sporazum.jpg?fit=1200%2C583&ssl=1&resize=350%2C200 1x, https:\/\/i0.wp.com\/historiografija.hr\/wp-content\/uploads\/2026\/04\/THS_sporazum.jpg?fit=1200%2C583&ssl=1&resize=525%2C300 1.5x, https:\/\/i0.wp.com\/historiografija.hr\/wp-content\/uploads\/2026\/04\/THS_sporazum.jpg?fit=1200%2C583&ssl=1&resize=700%2C400 2x, https:\/\/i0.wp.com\/historiografija.hr\/wp-content\/uploads\/2026\/04\/THS_sporazum.jpg?fit=1200%2C583&ssl=1&resize=1050%2C600 3x"},"classes":[]},{"id":52502,"url":"https:\/\/historiografija.hr\/?p=52502","url_meta":{"origin":18666,"position":1},"title":"Novi znanstveni projekt Hrvatskog instituta za povijest: \u201c\u017drtve ratova i dr\u017eavnog\/politi\u010dkog nasilja u hrvatskoj povijesti 20. stolje\u0107a\u201d","author":"Branimir Jankovi\u0107","date":"17. travnja 2026.","format":false,"excerpt":"Na redovitoj sjednici Vlade RH, 16. travnja 2026., donijet je Zaklju\u010dak kojim se pokre\u0107e znanstveni projekt \u201c\u017drtve ratova i dr\u017eavnog\/politi\u010dkog nasilja u hrvatskoj povijesti 20. stolje\u0107a\u201d. Projekt \u0107e provoditi i koordinirati Hrvatski institut za povijest u razdoblju trajanja projekta od pet godina. Zakljucak Vlade RH Iz teksta projektnog prijedloga: Problematika\u2026","rel":"","context":"U &quot;Novosti&quot;","block_context":{"text":"Novosti","link":"https:\/\/historiografija.hr\/?cat=3"},"img":{"alt_text":"","src":"https:\/\/i0.wp.com\/historiografija.hr\/wp-content\/uploads\/2026\/04\/Vlada-RH.jpg?fit=1200%2C557&ssl=1&resize=350%2C200","width":350,"height":200,"srcset":"https:\/\/i0.wp.com\/historiografija.hr\/wp-content\/uploads\/2026\/04\/Vlada-RH.jpg?fit=1200%2C557&ssl=1&resize=350%2C200 1x, https:\/\/i0.wp.com\/historiografija.hr\/wp-content\/uploads\/2026\/04\/Vlada-RH.jpg?fit=1200%2C557&ssl=1&resize=525%2C300 1.5x, https:\/\/i0.wp.com\/historiografija.hr\/wp-content\/uploads\/2026\/04\/Vlada-RH.jpg?fit=1200%2C557&ssl=1&resize=700%2C400 2x, https:\/\/i0.wp.com\/historiografija.hr\/wp-content\/uploads\/2026\/04\/Vlada-RH.jpg?fit=1200%2C557&ssl=1&resize=1050%2C600 3x"},"classes":[]},{"id":52505,"url":"https:\/\/historiografija.hr\/?p=52505","url_meta":{"origin":18666,"position":2},"title":"Izlo\u017eba &#8220;Eschenstock \/ Jasenov prut&#8221;","author":"Branimir Jankovi\u0107","date":"17. travnja 2026.","format":false,"excerpt":"Srpsko narodno vije\u0107e (SNV) i Vizura aperta postavljaju izlo\u017ebu \u0161vicarskog slikara Velimira Ili\u0161evi\u0107a: Eschenstock \/ Jasenov prut. Izlo\u017eba se uz prisustvo autora otvara povodom 81. godi\u0161njice proboja logora\u0161a iz usta\u0161kog logora smrti Jasenovac 22. aprila 2026. u 19 sati u Srpskom kulturnom centru (SKC) u Preradovi\u0107evoj ulici 21 u Zagrebu.\u2026","rel":"","context":"U &quot;Izlo\u017ebe&quot;","block_context":{"text":"Izlo\u017ebe","link":"https:\/\/historiografija.hr\/?cat=10"},"img":{"alt_text":"","src":"https:\/\/i0.wp.com\/historiografija.hr\/wp-content\/uploads\/2026\/04\/Jasenov_prut.jpg?fit=1024%2C640&ssl=1&resize=350%2C200","width":350,"height":200,"srcset":"https:\/\/i0.wp.com\/historiografija.hr\/wp-content\/uploads\/2026\/04\/Jasenov_prut.jpg?fit=1024%2C640&ssl=1&resize=350%2C200 1x, https:\/\/i0.wp.com\/historiografija.hr\/wp-content\/uploads\/2026\/04\/Jasenov_prut.jpg?fit=1024%2C640&ssl=1&resize=525%2C300 1.5x, https:\/\/i0.wp.com\/historiografija.hr\/wp-content\/uploads\/2026\/04\/Jasenov_prut.jpg?fit=1024%2C640&ssl=1&resize=700%2C400 2x"},"classes":[]},{"id":52536,"url":"https:\/\/historiografija.hr\/?p=52536","url_meta":{"origin":18666,"position":3},"title":"Kader Abdolah, \u201ePrije nego \u0161to bude kasno\u201c","author":"Branimir Jankovi\u0107","date":"20. travnja 2026.","format":false,"excerpt":"Kader Abdolah \u017eeli se vratiti ku\u0107i. Ali povratak je nemogu\u0107: u Iranu bi bio uhap\u0161en. Pod la\u017enim imenom i s krivotvorenim paso\u0161em ipak uspijeva u\u0107i u domovinu i sti\u017ee do roditeljske ku\u0107e, visoko u planinama. Majka ga ne prepoznaje, otac je mrtav, a sve \u0161to je tra\u017eio izmi\u010de mu pred\u2026","rel":"","context":"U &quot;Novosti&quot;","block_context":{"text":"Novosti","link":"https:\/\/historiografija.hr\/?cat=3"},"img":{"alt_text":"","src":"https:\/\/i0.wp.com\/historiografija.hr\/wp-content\/uploads\/2026\/04\/Prije-nego-sto-bude-kasno.webp?fit=566%2C872&ssl=1&resize=350%2C200","width":350,"height":200,"srcset":"https:\/\/i0.wp.com\/historiografija.hr\/wp-content\/uploads\/2026\/04\/Prije-nego-sto-bude-kasno.webp?fit=566%2C872&ssl=1&resize=350%2C200 1x, https:\/\/i0.wp.com\/historiografija.hr\/wp-content\/uploads\/2026\/04\/Prije-nego-sto-bude-kasno.webp?fit=566%2C872&ssl=1&resize=525%2C300 1.5x"},"classes":[]},{"id":52631,"url":"https:\/\/historiografija.hr\/?p=52631","url_meta":{"origin":18666,"position":4},"title":"Predavanje Ivana Tepe\u0161a: Djelovanje hrvatske politi\u010dke emigracije","author":"Branimir Jankovi\u0107","date":"23. travnja 2026.","format":false,"excerpt":"Odjel za me\u0111unarodnu suradnju i iseljeni\u0161tvo Matice hrvatske Predavanje Ivana Tepe\u0161a: Djelovanje hrvatske politi\u010dke emigracije Utorak, 28. travnja 2026. u 18:00 sati, Dvorana Ljudevita Jonkea (Mala dvorana MH), Strossmayerov trg 4, Zagreb dr. sc. Ivan Tepe\u0161, Institut za istra\u017eivanje migracija Hrvatska politi\u010dka emigracija obilje\u017eila je polustoljetnu hrvatsku povijest u drugoj\u2026","rel":"","context":"U &quot;Novosti&quot;","block_context":{"text":"Novosti","link":"https:\/\/historiografija.hr\/?cat=3"},"img":{"alt_text":"","src":"","width":0,"height":0},"classes":[]},{"id":52633,"url":"https:\/\/historiografija.hr\/?p=52633","url_meta":{"origin":18666,"position":5},"title":"POVIJEST TRE\u0160NJEVA\u010cKE GLAZBE: prikupljanje virtualnog fundusa Muzeja susjedstva Tre\u0161njevka","author":"Branimir Jankovi\u0107","date":"23. travnja 2026.","format":false,"excerpt":"utorak 28. 4. 2026. 14 - 18 h Nova BAZA, Nova cesta 66, Zagreb Prvi su dani ljeta 1957. godine. Bo\u017eica Kalafati\u0107 poha\u0111a drugi razred Osnovne \u0161kole Bratstvo i jedinstvo, danas kralja Tomislava, a ide i na muzi\u010dke satove u Mo\u0161\u0107eni\u010dkoj ulici. Na fotografiji s harmonikom u rukama stoji u\u2026","rel":"","context":"U &quot;Novosti&quot;","block_context":{"text":"Novosti","link":"https:\/\/historiografija.hr\/?cat=3"},"img":{"alt_text":"","src":"https:\/\/i0.wp.com\/historiografija.hr\/wp-content\/uploads\/2026\/04\/MST_prikupljanje.jpg?fit=380%2C475&ssl=1&resize=350%2C200","width":350,"height":200},"classes":[]}],"_links":{"self":[{"href":"https:\/\/historiografija.hr\/index.php?rest_route=\/wp\/v2\/posts\/18666","targetHints":{"allow":["GET"]}}],"collection":[{"href":"https:\/\/historiografija.hr\/index.php?rest_route=\/wp\/v2\/posts"}],"about":[{"href":"https:\/\/historiografija.hr\/index.php?rest_route=\/wp\/v2\/types\/post"}],"author":[{"embeddable":true,"href":"https:\/\/historiografija.hr\/index.php?rest_route=\/wp\/v2\/users\/2"}],"replies":[{"embeddable":true,"href":"https:\/\/historiografija.hr\/index.php?rest_route=%2Fwp%2Fv2%2Fcomments&post=18666"}],"version-history":[{"count":2,"href":"https:\/\/historiografija.hr\/index.php?rest_route=\/wp\/v2\/posts\/18666\/revisions"}],"predecessor-version":[{"id":18676,"href":"https:\/\/historiografija.hr\/index.php?rest_route=\/wp\/v2\/posts\/18666\/revisions\/18676"}],"wp:featuredmedia":[{"embeddable":true,"href":"https:\/\/historiografija.hr\/index.php?rest_route=\/wp\/v2\/media\/18667"}],"wp:attachment":[{"href":"https:\/\/historiografija.hr\/index.php?rest_route=%2Fwp%2Fv2%2Fmedia&parent=18666"}],"wp:term":[{"taxonomy":"category","embeddable":true,"href":"https:\/\/historiografija.hr\/index.php?rest_route=%2Fwp%2Fv2%2Fcategories&post=18666"},{"taxonomy":"post_tag","embeddable":true,"href":"https:\/\/historiografija.hr\/index.php?rest_route=%2Fwp%2Fv2%2Ftags&post=18666"}],"curies":[{"name":"wp","href":"https:\/\/api.w.org\/{rel}","templated":true}]}}