{"id":18571,"date":"2020-01-13T11:29:38","date_gmt":"2020-01-13T11:29:38","guid":{"rendered":"http:\/\/historiografija.hr\/?p=18571"},"modified":"2020-01-13T11:29:38","modified_gmt":"2020-01-13T11:29:38","slug":"philipp-ther-the-outsiders-refugees-in-europe-since-1492","status":"publish","type":"post","link":"https:\/\/historiografija.hr\/?p=18571","title":{"rendered":"Philipp Ther, \u201cThe Outsiders: Refugees in Europe since 1492\u201d"},"content":{"rendered":"<p>European history has been permeated with refugees. <em>The Outsiders<\/em> chronicles every major refugee movement since 1492, when the Catholic rulers of Spain set in motion the first mass flight and expulsion in modern European history. Philipp Ther provides needed perspective on today\u2019s \u201crefugee crisis,\u201d demonstrating how Europe has taken in far greater numbers of refugees in earlier periods of its history, in wartime as well as peacetime. His sweeping narrative crosses the Mediterranean and the Atlantic, taking readers from the Middle East to the shores of\u00a0America.<\/p>\n<p>In this compelling book, Ther examines the major causes of mass flight, from religious intolerance and ethnic cleansing to political persecution and war. He describes the perils and traumas of flight and explains why refugees and asylum seekers have been welcomed in some periods\u2014such as during the Cold War\u2014and why they are rejected in times such as our own. He also examines the afterlives of the refugees in the receiving countries, which almost always benefited from admitting them. Tracing the lengthy routes of the refugees, he reconceptualizes Europe as a unit of geography and historiography. Turning to the history of refugees in the United States, Ther also discusses the anti-refugee politics of the Trump administration, explaining why they are un-American and bad for the\u00a0country.<\/p>\n<p>By setting mass flight against fifteen biographical case studies, and drawing on his subjects\u2019 experiences, itineraries, and personal convictions, Ther puts a human face on a global phenomenon that concerns all of\u00a0us.<\/p>\n<p>&nbsp;<\/p>\n<p>&nbsp;<\/p>\n<p><strong>Philipp Ther<\/strong> is professor of Central European history at the University of Vienna. His books include <em>Europe since 1989: A History<\/em> (Princeton), <em>The Dark Side of Nation-States: Ethnic Cleansing in Modern Europe<\/em>, and <em>Center Stage: Operatic Culture and Nation Building in Nineteenth-Century Central Europe<\/em>. He lives in Vienna.<\/p>\n<p>&nbsp;<\/p>\n<p>&nbsp;<\/p>\n<p>&#8220;Ther&#8217;s book is indispensable reading for anybody interested in the history of flight and migration in Europe. It also confirms how important a<em> longue dur\u00e9e <\/em>approach is to understanding all the recent conflicts surrounding refugee politics. Once more, Ther has managed to write a Pan-European book, although the specter extends far beyond, across the Atlantic and the Mediterranean.&#8221;\u2014W\u0142odzimierz Borodziej, author of <em>The Warsaw Uprising of 1944<\/em><\/p>\n<p>&#8220;A stimulating and informative read. <em>The Outsiders<\/em> is probably the most complete story of population movements in Europe&#8217;s modern era ever written.&#8221;\u2014John Connelly, author of <em>From Enemy to Brother: The Revolution in Catholic Teaching on the Jews, 1933\u20131965<\/em><\/p>\n<p>&#8220;Philipp Ther has written a comprehensive and humane history essential for understanding what has become the most divisive issue in European and American politics today\u2014the claims of the millions of refugees uprooted from their homelands and seeking sanctuary across borders. From the Spanish expulsions of 1492 to the crisis in Syria today, <em>The Outsiders<\/em> sheds light on why refugees fled and the contradictory policies with which they were greeted.&#8221;\u2014Charles S. Maier, author of <em>Once within Borders: Territories of Power, Wealth, and Belonging since 1500<\/em><\/p>\n<p>&#8220;Providing needed perspective on an issue that looms large on the global agenda, Philipp Ther&#8217;s engaging book is the definitive historical account of the legal, demographic, and humanitarian aspects of refugee crises in Europe over the course of five hundred years.&#8221;\u2014Maria Todorova, University of Illinois, Urbana-Champaign<\/p>\n<p>&#8220;This is a brilliant and important book that takes the current European refugee crisis as a point of departure for exploring the longer history of refugees to and from Europe. <em>The Outsiders<\/em> is highly original in its approach to contemporary history and exceptionally valuable in its historical treatment of the refugee phenomenon.&#8221;\u2014Larry Wolff, author of <em>The Singing Turk <\/em><\/p>\n<p>&nbsp;<\/p>\n<p>&nbsp;<\/p>\n<p><strong>The Outsiders: Refugees in Europe since 1492<\/strong><\/p>\n<p>Philipp Ther<\/p>\n<p>&nbsp;<\/p>\n<p>Translated by Jeremiah Riemer<\/p>\n<p>&nbsp;<\/p>\n<p>The history of Europe as a continent of refugees<\/p>\n<p>&nbsp;<\/p>\n<p><strong>Princeton University Press<\/strong><\/p>\n<p>Published: 11\/26\/2019<\/p>\n<p>Pages: 304<\/p>\n<p><a href=\"https:\/\/press.princeton.edu\/books\/hardcover\/9780691179520\/the-outsiders\">https:\/\/press.princeton.edu\/books\/hardcover\/9780691179520\/the-outsiders<\/a><\/p>\n<p>&nbsp;<\/p>\n<p>&nbsp;<\/p>\n<p>&nbsp;<\/p>\n<p>&nbsp;<\/p>\n<p>&nbsp;<\/p>\n","protected":false},"excerpt":{"rendered":"","protected":false},"author":2,"featured_media":18572,"comment_status":"open","ping_status":"open","sticky":false,"template":"","format":"standard","meta":{"_acf_changed":false,"jetpack_post_was_ever_published":false,"_jetpack_newsletter_access":"","_jetpack_dont_email_post_to_subs":false,"_jetpack_newsletter_tier_id":0,"_jetpack_memberships_contains_paywalled_content":false,"_jetpack_memberships_contains_paid_content":false,"footnotes":"","jetpack_publicize_message":"","jetpack_publicize_feature_enabled":true,"jetpack_social_post_already_shared":true,"jetpack_social_options":{"image_generator_settings":{"template":"highway","default_image_id":0,"font":"","enabled":false},"version":2}},"categories":[8,3],"tags":[],"class_list":["post-18571","post","type-post","status-publish","format-standard","has-post-thumbnail","hentry","category-knjige","category-novosti"],"acf":{"facebook_opis":""},"jetpack_publicize_connections":[],"jetpack_featured_media_url":"https:\/\/i0.wp.com\/historiografija.hr\/wp-content\/uploads\/2020\/01\/refugees.jpg?fit=640%2C973&ssl=1","jetpack_sharing_enabled":true,"jetpack-related-posts":[{"id":52641,"url":"https:\/\/historiografija.hr\/?p=52641","url_meta":{"origin":18571,"position":0},"title":"CfP: WHO OWNS THE PAST? VERNACULAR MEMORY, STATE MEMORY, AND THE POLITICS OF OWNERSHIP","author":"Branimir Jankovi\u0107","date":"24. travnja 2026.","format":false,"excerpt":"VIENNA, 31ST AUGUST\u20133RD SEPTEMBER 2026 (DEADLINE: 24TH APRIL 2026) The Center for Austrian Studies at the European Forum at the Hebrew University and the Austrian Academy of Sciences\/Institute of Culture Studies invite early postdocs, PhD candidates, and advanced Master\u2019s students from the Hebrew University of Jerusalem and universities and academic\u2026","rel":"","context":"U &quot;Novosti&quot;","block_context":{"text":"Novosti","link":"https:\/\/historiografija.hr\/?cat=3"},"img":{"alt_text":"","src":"https:\/\/i0.wp.com\/historiografija.hr\/wp-content\/uploads\/2017\/10\/hsozkult.png?fit=1006%2C241&ssl=1&resize=350%2C200","width":350,"height":200,"srcset":"https:\/\/i0.wp.com\/historiografija.hr\/wp-content\/uploads\/2017\/10\/hsozkult.png?fit=1006%2C241&ssl=1&resize=350%2C200 1x, https:\/\/i0.wp.com\/historiografija.hr\/wp-content\/uploads\/2017\/10\/hsozkult.png?fit=1006%2C241&ssl=1&resize=525%2C300 1.5x, https:\/\/i0.wp.com\/historiografija.hr\/wp-content\/uploads\/2017\/10\/hsozkult.png?fit=1006%2C241&ssl=1&resize=700%2C400 2x"},"classes":[]},{"id":52673,"url":"https:\/\/historiografija.hr\/?p=52673","url_meta":{"origin":18571,"position":1},"title":"TWO POSTDOCTORAL POSITIONS IN THE &#8220;PROLETGARD ERC STARTING GRANT PROJECT&#8221;, KASS\u00c1K FOUNDATION, BUDAPEST (DEADLINE: 1ST MAY 2026)","author":"Branimir Jankovi\u0107","date":"27. travnja 2026.","format":false,"excerpt":"This five-year ERC-funded project examines how avant-garde art contributed to the formation of a workers\u2019 movement counterculture in East Central Europe after 1918. It argues that socialist and avant-garde periodicals, groups, and figures shaped both avant-garde culture and transnational workers\u2019 movements. Focusing on the successor states of the Austro\u2013Hungarian Empire\u2026","rel":"","context":"U &quot;Novosti&quot;","block_context":{"text":"Novosti","link":"https:\/\/historiografija.hr\/?cat=3"},"img":{"alt_text":"","src":"https:\/\/i0.wp.com\/historiografija.hr\/wp-content\/uploads\/2017\/10\/hsozkult.png?fit=1006%2C241&ssl=1&resize=350%2C200","width":350,"height":200,"srcset":"https:\/\/i0.wp.com\/historiografija.hr\/wp-content\/uploads\/2017\/10\/hsozkult.png?fit=1006%2C241&ssl=1&resize=350%2C200 1x, https:\/\/i0.wp.com\/historiografija.hr\/wp-content\/uploads\/2017\/10\/hsozkult.png?fit=1006%2C241&ssl=1&resize=525%2C300 1.5x, https:\/\/i0.wp.com\/historiografija.hr\/wp-content\/uploads\/2017\/10\/hsozkult.png?fit=1006%2C241&ssl=1&resize=700%2C400 2x"},"classes":[]},{"id":52643,"url":"https:\/\/historiografija.hr\/?p=52643","url_meta":{"origin":18571,"position":2},"title":"BRACEWELL TRAVELLING SCHOLARSHIP\u202fFOR PHD STUDENTS (DEADLINE: 30TH APRIL 2026)","author":"Branimir Jankovi\u0107","date":"24. travnja 2026.","format":false,"excerpt":"The Bracewell Travelling Scholarship\u202fis funded by a gift from SSEES Emeritus Professor of History Wendy Bracewell, whose research examines South Slav history, and travel writing in eastern Europe. The Scholarship honours the long tradition of mutual curiosity between the UK and eastern, central and southeastern Europe by supporting PhD students\u2026","rel":"","context":"U &quot;Novosti&quot;","block_context":{"text":"Novosti","link":"https:\/\/historiografija.hr\/?cat=3"},"img":{"alt_text":"","src":"https:\/\/i0.wp.com\/historiografija.hr\/wp-content\/uploads\/2026\/04\/Bracewell-Travelling-Scholarship-.webp?fit=980%2C700&ssl=1&resize=350%2C200","width":350,"height":200,"srcset":"https:\/\/i0.wp.com\/historiografija.hr\/wp-content\/uploads\/2026\/04\/Bracewell-Travelling-Scholarship-.webp?fit=980%2C700&ssl=1&resize=350%2C200 1x, https:\/\/i0.wp.com\/historiografija.hr\/wp-content\/uploads\/2026\/04\/Bracewell-Travelling-Scholarship-.webp?fit=980%2C700&ssl=1&resize=525%2C300 1.5x, https:\/\/i0.wp.com\/historiografija.hr\/wp-content\/uploads\/2026\/04\/Bracewell-Travelling-Scholarship-.webp?fit=980%2C700&ssl=1&resize=700%2C400 2x"},"classes":[]},{"id":52664,"url":"https:\/\/historiografija.hr\/?p=52664","url_meta":{"origin":18571,"position":3},"title":"CfP: CONFERENCE OF THE HISTORY OF CONCEPTS GROUP, HELSINKI, 19TH\u201321ST AUGUST 2026 (DEADLINE: 30TH APRIL 2026)","author":"Branimir Jankovi\u0107","date":"24. travnja 2026.","format":false,"excerpt":"The annual conference of the History of Concepts Group is held at the University of Helsinki, 19-21 August 2026. Conference of the History of Concepts Group Conceptual history studies the use of concepts and tries to understand how historical actors have linguistically articulated views of the world. Studying concepts from\u2026","rel":"","context":"U &quot;Novosti&quot;","block_context":{"text":"Novosti","link":"https:\/\/historiografija.hr\/?cat=3"},"img":{"alt_text":"","src":"https:\/\/i0.wp.com\/historiografija.hr\/wp-content\/uploads\/2017\/10\/hsozkult.png?fit=1006%2C241&ssl=1&resize=350%2C200","width":350,"height":200,"srcset":"https:\/\/i0.wp.com\/historiografija.hr\/wp-content\/uploads\/2017\/10\/hsozkult.png?fit=1006%2C241&ssl=1&resize=350%2C200 1x, https:\/\/i0.wp.com\/historiografija.hr\/wp-content\/uploads\/2017\/10\/hsozkult.png?fit=1006%2C241&ssl=1&resize=525%2C300 1.5x, https:\/\/i0.wp.com\/historiografija.hr\/wp-content\/uploads\/2017\/10\/hsozkult.png?fit=1006%2C241&ssl=1&resize=700%2C400 2x"},"classes":[]},{"id":52677,"url":"https:\/\/historiografija.hr\/?p=52677","url_meta":{"origin":18571,"position":4},"title":"CfP: NAVIGATING THE PAST, FACING THE PRESENT: CHALLENGES AND OPPORTUNITIES IN RE-PRESENTING CONFLICTS AND VIOLENCE IN MEMORY AND EDUCATION INSTITUTIONS, WARSAW, 22ND\u201324TH OCTOBER 2026 (DEADLINE: 30TH APRIL 2026)","author":"Branimir Jankovi\u0107","date":"27. travnja 2026.","format":false,"excerpt":"The conference and graduate workshop (October 22-24, 2026, Warsaw) addresses the representation of history in public and institutional contexts, with a focus beyond the often-studied field of \u201cmemory culture\u201d. Rather than emphasizing the politicization of memory and cultural institutions, the discussion shifts toward new methods, media, and challenges in historical\u2026","rel":"","context":"U &quot;Novosti&quot;","block_context":{"text":"Novosti","link":"https:\/\/historiografija.hr\/?cat=3"},"img":{"alt_text":"","src":"https:\/\/i0.wp.com\/historiografija.hr\/wp-content\/uploads\/2017\/10\/hsozkult.png?fit=1006%2C241&ssl=1&resize=350%2C200","width":350,"height":200,"srcset":"https:\/\/i0.wp.com\/historiografija.hr\/wp-content\/uploads\/2017\/10\/hsozkult.png?fit=1006%2C241&ssl=1&resize=350%2C200 1x, https:\/\/i0.wp.com\/historiografija.hr\/wp-content\/uploads\/2017\/10\/hsozkult.png?fit=1006%2C241&ssl=1&resize=525%2C300 1.5x, https:\/\/i0.wp.com\/historiografija.hr\/wp-content\/uploads\/2017\/10\/hsozkult.png?fit=1006%2C241&ssl=1&resize=700%2C400 2x"},"classes":[]},{"id":52520,"url":"https:\/\/historiografija.hr\/?p=52520","url_meta":{"origin":18571,"position":5},"title":"Predstavljanje knjige &#8220;Socialist Economics in Yugoslavia: A Critical History&#8221; u Zagrebu","author":"Branimir Jankovi\u0107","date":"17. travnja 2026.","format":false,"excerpt":"Pozivamo vas na predstavljanje knjige \"Socialist Economics in Yugoslavia: A Critical History\", autora Mislava \u00a0\u017ditka i Marka Grde\u0161i\u0107a (Routledge, 2026). Na predstavljanju \u0107e govoriti Branko Milanovi\u0107 (CUNY), Milica Uvali\u0107 (EUI), Zdravko Petak (FPZG) te autori.\u00a0 Predstavljanje \u0107e se odr\u017eati u srijedu 22. travnja u 16:00 sati na Fakultetu politi\u010dkih znanosti\u2026","rel":"","context":"U &quot;Novosti&quot;","block_context":{"text":"Novosti","link":"https:\/\/historiografija.hr\/?cat=3"},"img":{"alt_text":"","src":"https:\/\/i0.wp.com\/historiografija.hr\/wp-content\/uploads\/2026\/04\/Poziv-na-predstavljanje.png?fit=800%2C652&ssl=1&resize=350%2C200","width":350,"height":200,"srcset":"https:\/\/i0.wp.com\/historiografija.hr\/wp-content\/uploads\/2026\/04\/Poziv-na-predstavljanje.png?fit=800%2C652&ssl=1&resize=350%2C200 1x, https:\/\/i0.wp.com\/historiografija.hr\/wp-content\/uploads\/2026\/04\/Poziv-na-predstavljanje.png?fit=800%2C652&ssl=1&resize=525%2C300 1.5x, https:\/\/i0.wp.com\/historiografija.hr\/wp-content\/uploads\/2026\/04\/Poziv-na-predstavljanje.png?fit=800%2C652&ssl=1&resize=700%2C400 2x"},"classes":[]}],"_links":{"self":[{"href":"https:\/\/historiografija.hr\/index.php?rest_route=\/wp\/v2\/posts\/18571","targetHints":{"allow":["GET"]}}],"collection":[{"href":"https:\/\/historiografija.hr\/index.php?rest_route=\/wp\/v2\/posts"}],"about":[{"href":"https:\/\/historiografija.hr\/index.php?rest_route=\/wp\/v2\/types\/post"}],"author":[{"embeddable":true,"href":"https:\/\/historiografija.hr\/index.php?rest_route=\/wp\/v2\/users\/2"}],"replies":[{"embeddable":true,"href":"https:\/\/historiografija.hr\/index.php?rest_route=%2Fwp%2Fv2%2Fcomments&post=18571"}],"version-history":[{"count":1,"href":"https:\/\/historiografija.hr\/index.php?rest_route=\/wp\/v2\/posts\/18571\/revisions"}],"predecessor-version":[{"id":18573,"href":"https:\/\/historiografija.hr\/index.php?rest_route=\/wp\/v2\/posts\/18571\/revisions\/18573"}],"wp:featuredmedia":[{"embeddable":true,"href":"https:\/\/historiografija.hr\/index.php?rest_route=\/wp\/v2\/media\/18572"}],"wp:attachment":[{"href":"https:\/\/historiografija.hr\/index.php?rest_route=%2Fwp%2Fv2%2Fmedia&parent=18571"}],"wp:term":[{"taxonomy":"category","embeddable":true,"href":"https:\/\/historiografija.hr\/index.php?rest_route=%2Fwp%2Fv2%2Fcategories&post=18571"},{"taxonomy":"post_tag","embeddable":true,"href":"https:\/\/historiografija.hr\/index.php?rest_route=%2Fwp%2Fv2%2Ftags&post=18571"}],"curies":[{"name":"wp","href":"https:\/\/api.w.org\/{rel}","templated":true}]}}