{"id":18566,"date":"2020-01-13T11:22:55","date_gmt":"2020-01-13T11:22:55","guid":{"rendered":"http:\/\/historiografija.hr\/?p=18566"},"modified":"2020-01-13T11:40:28","modified_gmt":"2020-01-13T11:40:28","slug":"lesung-und-gesprach-michael-martens-im-brand-der-welten-ivo-andric-ein-europaisches-leben","status":"publish","type":"post","link":"https:\/\/historiografija.hr\/?p=18566","title":{"rendered":"Lesung und Gespr\u00e4ch \u2013 Michael Martens: Im Brand der Welten. Ivo Andri\u0107. Ein europ\u00e4isches Leben"},"content":{"rendered":"<p>Tijekom 2019. i 2020. odr\u017eava se niz predstavljanja i razgovora o biografiji Ive Andri\u0107a Michaela Martensa \u201cU po\u017earu svjetova. Ivo Andri\u0107: jedan europski \u017eivot\u201d, a na razgovoru u Grazu 15. sije\u010dnja 2020. sudjelovat \u0107e Florian Bieber i Renate Hansen-Kokoru\u0161.<\/p>\n<p>&nbsp;<\/p>\n<p>&#8212;<\/p>\n<p>&nbsp;<\/p>\n<p><strong>Michael Martens: &#8220;Im Brand der Welten. Ivo Andri\u0107. Ein europ\u00e4isches Leben&#8221;<\/strong><\/p>\n<p>&nbsp;<\/p>\n<p>Im Gespr\u00e4ch mit Florian Bieber, Renate Hansen-Kokoru\u0161. Moderation: Norbert Mappes-Niediek<\/p>\n<p>&nbsp;<\/p>\n<p>\u201eF\u00fcr die epische Kraft, mit der er Motive und Schicksale aus der Geschichte seines Landes gestaltet\u201c, bekam Ivo Andri\u0107 1961 den Nobelpreis f\u00fcr Literatur.<\/p>\n<p>&nbsp;<\/p>\n<p>Michael Martens\u2018 Biographie ist \u201eweit mehr als eine fesselnd erz\u00e4hlte Dichterbiographie. Ebenso kenntnisreich wie spannend entwirft er ein Panorama der verwickelten Geschichte der jugoslawischen Konf\u00f6deration im 20. Jahrhundert\u201c und zeichnet einen au\u00dfergew\u00f6hnlichen Lebensweg nach: Von der Kindheit in Bosnien \u00fcber das Attentat von Sarajevo 1914, zu Andri\u0107s Zeit als Diplomat des K\u00f6nigreichs Jugoslawien in Hitlers Berlin bis zu den Jahren im besetzten Belgrad, als Andric in v\u00f6lliger Zur\u00fcckgezogenheit die gro\u00dfen Romane schreibt, die ihm Weltruhm einbringen werden.<\/p>\n<p>&nbsp;<\/p>\n<p>Michael Martens, geboren 1973 in Hamburg, lebte viele Jahre in St. Petersburg, Kiew, Belgrad, Istanbul und Athen, seit 2019 in Wien. Seit 2002 politischer Korrespondent der F.A.Z. Zuletzt: &#8220;Im Brand der Welten&#8221; (Zsolnay 2019).<\/p>\n<p>&nbsp;<\/p>\n<p>In Kooperation mit Zentrum f\u00fcr S\u00fcdosteuropastudien<\/p>\n<p>&nbsp;<\/p>\n<p class=\"info\"><span class=\"date\"> 15.01.2020 <\/span> <span class=\"time\"> 19:00 &#8211; 21:00 <\/span><\/p>\n<p class=\"organizer\">Literaturhaus Graz<\/p>\n<p>&nbsp;<\/p>\n<p><a href=\"https:\/\/events.uni-graz.at\/de\/detail\/article\/michael-martens-im-brand-der-welten-ivo-andric-ein-europaeisches-leben\/\">https:\/\/events.uni-graz.at\/de\/detail\/article\/michael-martens-im-brand-der-welten-ivo-andric-ein-europaeisches-leben\/<\/a><\/p>\n<p>&nbsp;<\/p>\n<p><a href=\"http:\/\/www.literaturhaus-graz.at\/veranstaltung\/michael-martens-andric\/\">http:\/\/www.literaturhaus-graz.at\/veranstaltung\/michael-martens-andric\/<\/a><\/p>\n<p>&nbsp;<\/p>\n<p>&#8212;<\/p>\n<p>&nbsp;<\/p>\n<blockquote class=\"wp-embedded-content\" data-secret=\"GaVVkiYI3g\"><p><a href=\"https:\/\/historiografija.hr\/?p=18299\">Michael Martens, \u201cU po\u017earu svjetova. Ivo Andri\u0107: jedan evropski \u017eivot\u201d<\/a><\/p><\/blockquote>\n<p><iframe loading=\"lazy\" class=\"wp-embedded-content\" sandbox=\"allow-scripts\" security=\"restricted\" style=\"position: absolute; clip: rect(1px, 1px, 1px, 1px);\" title=\"&#8220;Michael Martens, \u201cU po\u017earu svjetova. Ivo Andri\u0107: jedan evropski \u017eivot\u201d&#8221; &#8212; Historiografija.hr\" src=\"https:\/\/historiografija.hr\/?p=18299&#038;embed=true#?secret=GaVVkiYI3g\" data-secret=\"GaVVkiYI3g\" width=\"600\" height=\"338\" frameborder=\"0\" marginwidth=\"0\" marginheight=\"0\" scrolling=\"no\"><\/iframe><\/p>\n<p>&nbsp;<\/p>\n<p>&nbsp;<\/p>\n","protected":false},"excerpt":{"rendered":"","protected":false},"author":2,"featured_media":18567,"comment_status":"open","ping_status":"open","sticky":false,"template":"","format":"standard","meta":{"_acf_changed":false,"jetpack_post_was_ever_published":false,"_jetpack_newsletter_access":"","_jetpack_dont_email_post_to_subs":false,"_jetpack_newsletter_tier_id":0,"_jetpack_memberships_contains_paywalled_content":false,"_jetpack_memberships_contains_paid_content":false,"footnotes":"","jetpack_publicize_message":"","jetpack_publicize_feature_enabled":true,"jetpack_social_post_already_shared":true,"jetpack_social_options":{"image_generator_settings":{"template":"highway","default_image_id":0,"font":"","enabled":false},"version":2}},"categories":[3],"tags":[],"class_list":["post-18566","post","type-post","status-publish","format-standard","has-post-thumbnail","hentry","category-novosti"],"acf":{"facebook_opis":""},"jetpack_publicize_connections":[],"jetpack_featured_media_url":"https:\/\/i0.wp.com\/historiografija.hr\/wp-content\/uploads\/2020\/01\/Martens_Cover.jpg?fit=800%2C400&ssl=1","jetpack_sharing_enabled":true,"jetpack-related-posts":[{"id":52692,"url":"https:\/\/historiografija.hr\/?p=52692","url_meta":{"origin":18566,"position":0},"title":"Florian Bieber \u201eHvar in the Modern Age: Identity and Change in Southeast Europe\u201c","author":"Filip \u0160imunjak","date":"28. travnja 2026.","format":false,"excerpt":"Description\u00a0 In this open-access book, Florian Bieber traces the history of the Adriatic island of Hvar over half a millennium, from the advent of Venetian rule in the 15th century to the end of Yugoslavia in the late 20th century. The history of Hvar tells a larger story about modernity,\u2026","rel":"","context":"U &quot;Knjige&quot;","block_context":{"text":"Knjige","link":"https:\/\/historiografija.hr\/?cat=8"},"img":{"alt_text":"","src":"https:\/\/i0.wp.com\/historiografija.hr\/wp-content\/uploads\/2026\/04\/Florian-Bieber-Hvar-in-the-Modern-Age-Identity-and-Change-in-Southeast-Europe.webp?fit=540%2C810&ssl=1&resize=350%2C200","width":350,"height":200,"srcset":"https:\/\/i0.wp.com\/historiografija.hr\/wp-content\/uploads\/2026\/04\/Florian-Bieber-Hvar-in-the-Modern-Age-Identity-and-Change-in-Southeast-Europe.webp?fit=540%2C810&ssl=1&resize=350%2C200 1x, https:\/\/i0.wp.com\/historiografija.hr\/wp-content\/uploads\/2026\/04\/Florian-Bieber-Hvar-in-the-Modern-Age-Identity-and-Change-in-Southeast-Europe.webp?fit=540%2C810&ssl=1&resize=525%2C300 1.5x"},"classes":[]}],"_links":{"self":[{"href":"https:\/\/historiografija.hr\/index.php?rest_route=\/wp\/v2\/posts\/18566","targetHints":{"allow":["GET"]}}],"collection":[{"href":"https:\/\/historiografija.hr\/index.php?rest_route=\/wp\/v2\/posts"}],"about":[{"href":"https:\/\/historiografija.hr\/index.php?rest_route=\/wp\/v2\/types\/post"}],"author":[{"embeddable":true,"href":"https:\/\/historiografija.hr\/index.php?rest_route=\/wp\/v2\/users\/2"}],"replies":[{"embeddable":true,"href":"https:\/\/historiografija.hr\/index.php?rest_route=%2Fwp%2Fv2%2Fcomments&post=18566"}],"version-history":[{"count":4,"href":"https:\/\/historiografija.hr\/index.php?rest_route=\/wp\/v2\/posts\/18566\/revisions"}],"predecessor-version":[{"id":18577,"href":"https:\/\/historiografija.hr\/index.php?rest_route=\/wp\/v2\/posts\/18566\/revisions\/18577"}],"wp:featuredmedia":[{"embeddable":true,"href":"https:\/\/historiografija.hr\/index.php?rest_route=\/wp\/v2\/media\/18567"}],"wp:attachment":[{"href":"https:\/\/historiografija.hr\/index.php?rest_route=%2Fwp%2Fv2%2Fmedia&parent=18566"}],"wp:term":[{"taxonomy":"category","embeddable":true,"href":"https:\/\/historiografija.hr\/index.php?rest_route=%2Fwp%2Fv2%2Fcategories&post=18566"},{"taxonomy":"post_tag","embeddable":true,"href":"https:\/\/historiografija.hr\/index.php?rest_route=%2Fwp%2Fv2%2Ftags&post=18566"}],"curies":[{"name":"wp","href":"https:\/\/api.w.org\/{rel}","templated":true}]}}