{"id":18501,"date":"2020-01-09T13:46:29","date_gmt":"2020-01-09T13:46:29","guid":{"rendered":"http:\/\/historiografija.hr\/?p=18501"},"modified":"2020-01-09T13:46:29","modified_gmt":"2020-01-09T13:46:29","slug":"zlatni-globusi-filmu-1917-i-seriji-cernobil","status":"publish","type":"post","link":"https:\/\/historiografija.hr\/?p=18501","title":{"rendered":"Zlatni globusi filmu &#8216;1917&#8217; i seriji \u201c\u010cernobil\u201d"},"content":{"rendered":"<p>Nagrade Zlatni globus dobili su film redatelja Sama Mendesa o Prvom svjetskom ratu &#8220;1917&#8221; i BBC-jeva serija o nuklearnoj katastrofi &#8220;\u010cernobil&#8221;.<\/p>\n<p><strong>\u00a0<\/strong><\/p>\n<p><strong>&#8212;<\/strong><\/p>\n<p><strong>\u00a0<\/strong><\/p>\n<p><strong>Zlatni globusi: &#8216;1917&#8217; najbolja drama, &#8216;Bilo jednom u Holywoodu&#8217; najbolja komedija<\/strong><\/p>\n<p>&nbsp;<\/p>\n<p>Drama o prvom svjetskom ratu &#8220;1917&#8221; i &#8220;Bilo jednom u Hollywoodu&#8221; osvojili su nagradu Zlatni globus u kategoriji drame odnosno komedije na sve\u010danoj docjeli u nedjelju na Beverly Hillsu.<\/p>\n<p>Film redatelja <strong>Sama Mendesa<\/strong> &#8220;1917&#8221; je u kategoriji najbolje drame pobijedio favorite &#8220;Irca&#8221; i &#8220;Bra\u010dne pri\u010de&#8221;, dok je nostalgi\u010dni &#8220;Bilo jednom u Hollywoodu&#8221; osvojio nagradu kao najbolja komedija uz jo\u0161 dvije velike nagrade &#8211; Zlatni globus za najbolji scenarij koji je pripao<strong> Quentinu Tarantinu <\/strong>i Zlatni globus za najboljeg sporednog glumca <strong>Bradu Pittu<\/strong>. Veliki gubitnik ve\u010deri ispao je &#8220;Irac&#8221; <strong>Martina Scosesea<\/strong> koji je imao pet nominacija a na kraju nije osvojio ni jedan Zlatni globus.<\/p>\n<p>Najbolja glumica u drami je <strong>Renee Zellweger<\/strong> koja je utjelovila Judy Garland u istoimenom filmu, dok je <strong>Joaquinu Phoenixu <\/strong>nagrada u kategoriji za najboljeg glumca pripala za ulogu Jokera. U kategoriji komedije ili mjuzikla najboljom glumicom je progla\u0161ena <strong>Awkwafina<\/strong> (The Farewell), dok je<strong> Taron Egerton<\/strong> (Rocketman) slavio u kategoriji najboljeg glumca u komediji ili mjuziklu.<\/p>\n<p>Britanski redatelj <strong>Sam Mendes<\/strong> osvojio je globus kao najbolji redatelj.<\/p>\n<p>Najboljom televizijskom kratkom serijom ili filmom progla\u0161ena je BBC-ijeva serija o nuklearnoj katastrofi &#8220;\u010cernobil&#8221;.<\/p>\n<p>Nagrada za \u017eivotno djelo pripala je dobitniku dvaju Oscara te \u010detiriju Zlatnih globusa <strong>Tomu Hanksu<\/strong> za velika dostignu\u0107a u filmskome svijetu u kojemu je poznat i kao filmski producent, a ne samo kao glumac.<\/p>\n<p>Sve\u010danost dodjele je rekordni peti put vodio britanski komi\u010dar <strong>Ricky Gervais.<\/strong><\/p>\n<p>&nbsp;<\/p>\n<p><strong>Sve nagrade<\/strong><\/p>\n<p>&nbsp;<\/p>\n<p><strong>Najbolji film \u2013 drama: <\/strong>&#8220;1917&#8221;<\/p>\n<p><strong>Najbolji film \u2013 komedija ili mjuzikl: <\/strong>&#8220;Bilo jednom u &#8230; Hollywoodu&#8221;<\/p>\n<p><strong>Najbolji glumac \u2013 drama: <\/strong>Joaquin Phoenix (Joker)<\/p>\n<p><strong>Najbolja glumica \u2013 drama: <\/strong>Renee Zellweger (Judy)<\/p>\n<p><strong>Najbolji glumac \u2013 komedija ili mjuzikl: <\/strong>Taron Egerton (Rocketman)<\/p>\n<p><strong>Najbolja glumica \u2013 komedija ili mjuzikl: <\/strong>Awkwafina (The Farewell)<\/p>\n<p><strong>Najbolji sporedni glumac: <\/strong>Brad Pitt (Bilo jednom u&#8230;Hollywoodu)<\/p>\n<p><strong>Najbolja sporedna glumica: <\/strong>Laura Dern (Bra\u010dne pri\u010de)<\/p>\n<p><strong>Najbolji redatelj: <\/strong>Sam Mendes za &#8220;1917&#8221;<\/p>\n<p><strong>Najbolji scenarij: <\/strong>Quentin Tarantino za &#8220;Bilo jednom u \u2026 Hollywoodu&#8221;<\/p>\n<p><strong>Najbolji animirani film: <\/strong>&#8220;Gospodin Link: U potrazi za skrivenim gradom&#8221;<\/p>\n<p><strong>Najbolji film na stranom jeziku: <\/strong>Parazit (Bong Joon-ho)<\/p>\n<p><strong>Najbolja originalna pjesma: <\/strong>&#8220;(I&#8217;m Gonna) Love Me Again,&#8221; Elton John and Bernie Taupin (&#8220;Rocketman&#8221;)<\/p>\n<p><strong>Najbolja televizijska dramska serija: <\/strong>&#8220;Naslje\u0111e&#8221; (HBO)<\/p>\n<p><strong>Najbolji glumac u dramskoj seriji: <\/strong>Brian Cox (Naslje\u0111e)<\/p>\n<p><strong>Najbolja glumica u televizijskoj dramskoj seriji: <\/strong>Olivia Coleman<\/p>\n<p><strong>Najbolja kratka televizijska serija ili film: <\/strong>&#8220;\u010cernobil&#8221;<\/p>\n<p><strong>Najbolja televizijska serija komedija ili mjuzikl: <\/strong>&#8220;Fleabag&#8221;<\/p>\n<p><strong>Najbolji glumac u televizijskoj seriji komediji ili mjuziklu: <\/strong>Ramy Youssef &#8211; &#8220;Ramy&#8221;<\/p>\n<p><strong>Najbolja glumica u televizijskoj seriji ili komediji: <\/strong>Phoebe Waller-Bridge &#8211; \u201cFleabag\u201d<\/p>\n<p><strong>Nagrada za \u017eivotno djelo:<\/strong> Tom Hanks<\/p>\n<p>&nbsp;<\/p>\n<p>Izvor: <a href=\"https:\/\/www.tportal.hr\/kultura\/clanak\/zlatni-globusi-1917-najbolja-drama-bilo-jednom-u-holywoodu-najbolja-komedija-20200106\">https:\/\/www.tportal.hr\/kultura\/clanak\/zlatni-globusi-1917-najbolja-drama-bilo-jednom-u-holywoodu-najbolja-komedija-20200106<\/a><\/p>\n<p>&nbsp;<\/p>\n<p>&nbsp;<\/p>\n<p>&nbsp;<\/p>\n","protected":false},"excerpt":{"rendered":"","protected":false},"author":2,"featured_media":18502,"comment_status":"open","ping_status":"open","sticky":false,"template":"","format":"standard","meta":{"_acf_changed":false,"jetpack_post_was_ever_published":false,"_jetpack_newsletter_access":"","_jetpack_dont_email_post_to_subs":false,"_jetpack_newsletter_tier_id":0,"_jetpack_memberships_contains_paywalled_content":false,"_jetpack_memberships_contains_paid_content":false,"footnotes":"","jetpack_publicize_message":"","jetpack_publicize_feature_enabled":true,"jetpack_social_post_already_shared":true,"jetpack_social_options":{"image_generator_settings":{"template":"highway","default_image_id":0,"font":"","enabled":false},"version":2}},"categories":[13,3],"tags":[],"class_list":["post-18501","post","type-post","status-publish","format-standard","has-post-thumbnail","hentry","category-filmovi-i-serije","category-novosti"],"acf":{"facebook_opis":""},"jetpack_publicize_connections":[],"jetpack_featured_media_url":"https:\/\/i0.wp.com\/historiografija.hr\/wp-content\/uploads\/2020\/01\/1917.jpg?fit=178%2C283&ssl=1","jetpack_sharing_enabled":true,"jetpack-related-posts":[{"id":52563,"url":"https:\/\/historiografija.hr\/?p=52563","url_meta":{"origin":18501,"position":0},"title":"Predavanje Nenada Fabijani\u0107a o stadionu Poljud u Splitu","author":"Branimir Jankovi\u0107","date":"21. travnja 2026.","format":false,"excerpt":"Znanstveno vije\u0107e za arhitekturu, urbanizam i ure\u0111enje prostora Hrvatske akademije znanosti i umjetnosti organizira predavanje \u201cPo Poljudu\u201d koje \u0107e u srijedu 22. travnja 2026. s po\u010detkom u 14 sati u Knji\u017enici HAZU, Strossmayerov trg 14 u Zagrebu, odr\u017eati\u00a0prof. emerit. dr. art. Nenad Fabijani\u0107,\u00a0\u010dlan suradnik HAZU. Predavanje \u201ePo Poljudu\u201c (Projekt obnove)\u2026","rel":"","context":"U &quot;Novosti&quot;","block_context":{"text":"Novosti","link":"https:\/\/historiografija.hr\/?cat=3"},"img":{"alt_text":"","src":"https:\/\/i0.wp.com\/historiografija.hr\/wp-content\/uploads\/2026\/04\/Poljud-scaled.jpeg?fit=1200%2C800&ssl=1&resize=350%2C200","width":350,"height":200,"srcset":"https:\/\/i0.wp.com\/historiografija.hr\/wp-content\/uploads\/2026\/04\/Poljud-scaled.jpeg?fit=1200%2C800&ssl=1&resize=350%2C200 1x, https:\/\/i0.wp.com\/historiografija.hr\/wp-content\/uploads\/2026\/04\/Poljud-scaled.jpeg?fit=1200%2C800&ssl=1&resize=525%2C300 1.5x, https:\/\/i0.wp.com\/historiografija.hr\/wp-content\/uploads\/2026\/04\/Poljud-scaled.jpeg?fit=1200%2C800&ssl=1&resize=700%2C400 2x, https:\/\/i0.wp.com\/historiografija.hr\/wp-content\/uploads\/2026\/04\/Poljud-scaled.jpeg?fit=1200%2C800&ssl=1&resize=1050%2C600 3x"},"classes":[]},{"id":52559,"url":"https:\/\/historiografija.hr\/?p=52559","url_meta":{"origin":18501,"position":1},"title":"Dobitnici dr\u017eavne nagrade za znanost za 2024. godinu","author":"Branimir Jankovi\u0107","date":"20. travnja 2026.","format":false,"excerpt":"Na sjednici Odbora za podjelu dr\u017eavnih nagrada za znanost odr\u017eanoj 16. travnja 2026. godine donesena je Odluka o dodjeli dr\u017eavnih nagrada za znanost za 2024. godinu. Godi\u0161njom nagradom za popularizaciju i promid\u017ebu znanosti nagra\u0111eni su u podru\u010dju humanisti\u010dkih znanosti znanstveni suradnici dr. sc. Josip Mihaljevi\u0107 i dr. sc. Gordan Ravan\u010di\u0107,\u2026","rel":"","context":"U &quot;Novosti&quot;","block_context":{"text":"Novosti","link":"https:\/\/historiografija.hr\/?cat=3"},"img":{"alt_text":"","src":"https:\/\/i0.wp.com\/historiografija.hr\/wp-content\/uploads\/2021\/12\/povijesne-kontroverze.jpg?fit=1200%2C675&ssl=1&resize=350%2C200","width":350,"height":200,"srcset":"https:\/\/i0.wp.com\/historiografija.hr\/wp-content\/uploads\/2021\/12\/povijesne-kontroverze.jpg?fit=1200%2C675&ssl=1&resize=350%2C200 1x, https:\/\/i0.wp.com\/historiografija.hr\/wp-content\/uploads\/2021\/12\/povijesne-kontroverze.jpg?fit=1200%2C675&ssl=1&resize=525%2C300 1.5x, https:\/\/i0.wp.com\/historiografija.hr\/wp-content\/uploads\/2021\/12\/povijesne-kontroverze.jpg?fit=1200%2C675&ssl=1&resize=700%2C400 2x, https:\/\/i0.wp.com\/historiografija.hr\/wp-content\/uploads\/2021\/12\/povijesne-kontroverze.jpg?fit=1200%2C675&ssl=1&resize=1050%2C600 3x"},"classes":[]},{"id":52528,"url":"https:\/\/historiografija.hr\/?p=52528","url_meta":{"origin":18501,"position":2},"title":"[Promocija knjige] Banja Luka u ratu: Etnopolitika i svakodnevica (1990\u20131995) (ActiveLab, YugoLab)","author":"Branimir Jankovi\u0107","date":"17. travnja 2026.","format":false,"excerpt":"Institut za filozofiju i dru\u0161tvenu teoriju i O\u0161tra Nula organizuju promociju knjige Banja Luka u ratu: Etnopolitika i svakodnevica (1990\u20131995) autorke Armine Galija\u0161, koja \u0107e se odr\u017eati 20. aprila 2026. u 12.00 sati u prostorijama Instituta (Kraljice Natalije 45, Beograd). Re\u010d je o prvom nau\u010dno utemeljenom i sistematskom radu koji\u2026","rel":"","context":"U &quot;Novosti&quot;","block_context":{"text":"Novosti","link":"https:\/\/historiografija.hr\/?cat=3"},"img":{"alt_text":"","src":"https:\/\/i0.wp.com\/historiografija.hr\/wp-content\/uploads\/2026\/04\/20-april-RS.jpg?fit=1200%2C675&ssl=1&resize=350%2C200","width":350,"height":200,"srcset":"https:\/\/i0.wp.com\/historiografija.hr\/wp-content\/uploads\/2026\/04\/20-april-RS.jpg?fit=1200%2C675&ssl=1&resize=350%2C200 1x, https:\/\/i0.wp.com\/historiografija.hr\/wp-content\/uploads\/2026\/04\/20-april-RS.jpg?fit=1200%2C675&ssl=1&resize=525%2C300 1.5x, https:\/\/i0.wp.com\/historiografija.hr\/wp-content\/uploads\/2026\/04\/20-april-RS.jpg?fit=1200%2C675&ssl=1&resize=700%2C400 2x, https:\/\/i0.wp.com\/historiografija.hr\/wp-content\/uploads\/2026\/04\/20-april-RS.jpg?fit=1200%2C675&ssl=1&resize=1050%2C600 3x"},"classes":[]},{"id":52631,"url":"https:\/\/historiografija.hr\/?p=52631","url_meta":{"origin":18501,"position":3},"title":"Predavanje Ivana Tepe\u0161a: Djelovanje hrvatske politi\u010dke emigracije","author":"Branimir Jankovi\u0107","date":"23. travnja 2026.","format":false,"excerpt":"Odjel za me\u0111unarodnu suradnju i iseljeni\u0161tvo Matice hrvatske Predavanje Ivana Tepe\u0161a: Djelovanje hrvatske politi\u010dke emigracije Utorak, 28. travnja 2026. u 18:00 sati, Dvorana Ljudevita Jonkea (Mala dvorana MH), Strossmayerov trg 4, Zagreb dr. sc. Ivan Tepe\u0161, Institut za istra\u017eivanje migracija Hrvatska politi\u010dka emigracija obilje\u017eila je polustoljetnu hrvatsku povijest u drugoj\u2026","rel":"","context":"U &quot;Novosti&quot;","block_context":{"text":"Novosti","link":"https:\/\/historiografija.hr\/?cat=3"},"img":{"alt_text":"","src":"","width":0,"height":0},"classes":[]},{"id":52505,"url":"https:\/\/historiografija.hr\/?p=52505","url_meta":{"origin":18501,"position":4},"title":"Izlo\u017eba &#8220;Eschenstock \/ Jasenov prut&#8221;","author":"Branimir Jankovi\u0107","date":"17. travnja 2026.","format":false,"excerpt":"Srpsko narodno vije\u0107e (SNV) i Vizura aperta postavljaju izlo\u017ebu \u0161vicarskog slikara Velimira Ili\u0161evi\u0107a: Eschenstock \/ Jasenov prut. Izlo\u017eba se uz prisustvo autora otvara povodom 81. godi\u0161njice proboja logora\u0161a iz usta\u0161kog logora smrti Jasenovac 22. aprila 2026. u 19 sati u Srpskom kulturnom centru (SKC) u Preradovi\u0107evoj ulici 21 u Zagrebu.\u2026","rel":"","context":"U &quot;Izlo\u017ebe&quot;","block_context":{"text":"Izlo\u017ebe","link":"https:\/\/historiografija.hr\/?cat=10"},"img":{"alt_text":"","src":"https:\/\/i0.wp.com\/historiografija.hr\/wp-content\/uploads\/2026\/04\/Jasenov_prut.jpg?fit=1024%2C640&ssl=1&resize=350%2C200","width":350,"height":200,"srcset":"https:\/\/i0.wp.com\/historiografija.hr\/wp-content\/uploads\/2026\/04\/Jasenov_prut.jpg?fit=1024%2C640&ssl=1&resize=350%2C200 1x, https:\/\/i0.wp.com\/historiografija.hr\/wp-content\/uploads\/2026\/04\/Jasenov_prut.jpg?fit=1024%2C640&ssl=1&resize=525%2C300 1.5x, https:\/\/i0.wp.com\/historiografija.hr\/wp-content\/uploads\/2026\/04\/Jasenov_prut.jpg?fit=1024%2C640&ssl=1&resize=700%2C400 2x"},"classes":[]},{"id":52669,"url":"https:\/\/historiografija.hr\/?p=52669","url_meta":{"origin":18501,"position":5},"title":"Predavanje Igora Dude &#8220;Odmor kao \u017eivotna potreba: o slobodnom vremenu u socijalisti\u010dkoj Jugoslaviji&#8221;","author":"Branimir Jankovi\u0107","date":"27. travnja 2026.","format":false,"excerpt":"U sklopu proljetnog ciklusa programa\u00a0Kriti\u010dka dramaturgija: pauza, u\u00a0subotu, 25. travnja 2026. u 19 sati\u00a0u prostoru Udru\u017eenja hrvatskih arhitekata povjesni\u010dar Igor Duda\u00a0odr\u017eao je predavanje naslovljeno\u00a0Odmor kao \u017eivotna potreba: o slobodnom vremenu u socijalisti\u010dkoj Jugoslaviji. Industrijalizacija i urbanizacija dru\u0161tava u povijesti su zna\u010dile i prelazak s predindustrijskog na industrijsko shva\u0107anje vremena. Ono\u2026","rel":"","context":"U &quot;Novosti&quot;","block_context":{"text":"Novosti","link":"https:\/\/historiografija.hr\/?cat=3"},"img":{"alt_text":"","src":"https:\/\/i0.wp.com\/historiografija.hr\/wp-content\/uploads\/2026\/04\/Duda.png?fit=1200%2C628&ssl=1&resize=350%2C200","width":350,"height":200,"srcset":"https:\/\/i0.wp.com\/historiografija.hr\/wp-content\/uploads\/2026\/04\/Duda.png?fit=1200%2C628&ssl=1&resize=350%2C200 1x, https:\/\/i0.wp.com\/historiografija.hr\/wp-content\/uploads\/2026\/04\/Duda.png?fit=1200%2C628&ssl=1&resize=525%2C300 1.5x, https:\/\/i0.wp.com\/historiografija.hr\/wp-content\/uploads\/2026\/04\/Duda.png?fit=1200%2C628&ssl=1&resize=700%2C400 2x, https:\/\/i0.wp.com\/historiografija.hr\/wp-content\/uploads\/2026\/04\/Duda.png?fit=1200%2C628&ssl=1&resize=1050%2C600 3x"},"classes":[]}],"_links":{"self":[{"href":"https:\/\/historiografija.hr\/index.php?rest_route=\/wp\/v2\/posts\/18501","targetHints":{"allow":["GET"]}}],"collection":[{"href":"https:\/\/historiografija.hr\/index.php?rest_route=\/wp\/v2\/posts"}],"about":[{"href":"https:\/\/historiografija.hr\/index.php?rest_route=\/wp\/v2\/types\/post"}],"author":[{"embeddable":true,"href":"https:\/\/historiografija.hr\/index.php?rest_route=\/wp\/v2\/users\/2"}],"replies":[{"embeddable":true,"href":"https:\/\/historiografija.hr\/index.php?rest_route=%2Fwp%2Fv2%2Fcomments&post=18501"}],"version-history":[{"count":1,"href":"https:\/\/historiografija.hr\/index.php?rest_route=\/wp\/v2\/posts\/18501\/revisions"}],"predecessor-version":[{"id":18503,"href":"https:\/\/historiografija.hr\/index.php?rest_route=\/wp\/v2\/posts\/18501\/revisions\/18503"}],"wp:featuredmedia":[{"embeddable":true,"href":"https:\/\/historiografija.hr\/index.php?rest_route=\/wp\/v2\/media\/18502"}],"wp:attachment":[{"href":"https:\/\/historiografija.hr\/index.php?rest_route=%2Fwp%2Fv2%2Fmedia&parent=18501"}],"wp:term":[{"taxonomy":"category","embeddable":true,"href":"https:\/\/historiografija.hr\/index.php?rest_route=%2Fwp%2Fv2%2Fcategories&post=18501"},{"taxonomy":"post_tag","embeddable":true,"href":"https:\/\/historiografija.hr\/index.php?rest_route=%2Fwp%2Fv2%2Ftags&post=18501"}],"curies":[{"name":"wp","href":"https:\/\/api.w.org\/{rel}","templated":true}]}}