{"id":18458,"date":"2020-01-07T18:06:01","date_gmt":"2020-01-07T18:06:01","guid":{"rendered":"http:\/\/historiografija.hr\/?p=18458"},"modified":"2020-12-21T17:00:40","modified_gmt":"2020-12-21T17:00:40","slug":"preminuo-povjesnicar-rade-petrovic","status":"publish","type":"post","link":"https:\/\/historiografija.hr\/?p=18458","title":{"rendered":"Preminuo povjesni\u010dar Rade Petrovi\u0107"},"content":{"rendered":"<p>Dana 2. sije\u010dnja 2020. godine u svome domu u 87. godini umro je dubrova\u010dki povjesni\u010dar dr. sc. Rade (Radoslav) Petrovi\u0107, a pokopan je u krugu obitelji 7. sije\u010dnja na pravoslavnome groblju na Boninovu. Prema pokojnikovoj \u017eelji vijest o njegovoj smrti objavljujemo nakon sahrane.<\/p>\n<p>Profesor Petrovi\u0107 bio je osoba \u0161irokih interesa, dru\u0161tveno anga\u017eiran intelektualac, predani pedagog, zaljubljenik u svoju struku i u svoj rodni grad.<\/p>\n<p>Ro\u0111en je u Gru\u017eu 10. velja\u010de 1932. godine u obitelji obrtnika koji je kao mladi obu\u0107arski \u0161egrt u Dubrovnik doselio s Banije (Banovine), u njemu zavr\u0161io zanat i u njemu se udoma\u0107io. Rade Petrovi\u0107 u rodnome je gradu zavr\u0161io Trgova\u010dku akademiju te je kra\u0107e vrijeme radio kao slu\u017ebenik u carinskoj slu\u017ebi. Me\u0111utim, sna\u017ena znanstvena znati\u017eelja i \u017eelja za stjecanjenjem znanja odveli su ga na daljnje \u0161kolovanje u Sarajevo gdje je 1959. na Filozofskome fakultetu Univerziteta u Sarajevu zavr\u0161io studij povijesti i na kojemu je doktorirao 1964. godine.<\/p>\n<p>Uz Sarajevo \u0107e biti vezana i ve\u0107ina njegove akademske karijere, jer je s vremenom postao predava\u010d na studiju povijesti Filozofskoga fakulteta Univerziteta u Sarajevu, napreduju\u0107i ondje u svim nastavnim i znanstvenim zvanjima, do statusa redovnog profesora. Na stru\u010dnim stipendijama boravio je, izme\u0111u ostaloga, akademske godine 1965.\/66. na sveu\u010dili\u0161tu \u201eLa Sapienza\u201c u Rimu te 1979.\/80. i 1986.\/87. na sveu\u010dili\u0161tu \u201eLomonosov\u201c u Moskvi. Tijekom svoje bogate znanstvene karijere bio je gostuju\u0107i predava\u010d na \u010ditavome nizu europskih i ameri\u010dkih sveu\u010dili\u0161ta (Rim, Venecija, Prag, Bratislava, Bukure\u0161t, Temi\u0161var, Kijev, Lenjingrad (Sankt Petersburg), Solun, Be\u010d, London, Washington, Harvard, Stanford&#8230;) te, naravno, i na katedrama za povijest diljem biv\u0161e Jugoslavije (Zagreb, Ljubljana, Beograd, Novi Sad i Pri\u0161tina).<\/p>\n<p>Na mati\u010dnome fakultetu bio je jedno vrijeme \u0161ef Odsjeka za historiju (jedan od najstarijih odsjeka na Filozofskom fakultetu u Sarajevu izrastao je iz Katedre za historiju koja je osnovana 1950. godine, a prvi profesori na Odsjeku bili su ujedno i prvi me\u0111u osniva\u010dima Filozofskog fakulteta), dekan Filozofskog fakulteta te \u010dlan fakultetskog vije\u0107a, vije\u0107a poslijediplomskih studija i \u010dlan Savjeta Univerziteta u Sarajevu. Vi\u0161e je godina bio aktivni \u010dlan uredni\u0161tva \u010dasopisa \u201eGodi\u0161njak Dru\u0161tva istori\u010dara Bosne i Hercegovine\u201c i \u010dasopisa za dru\u0161tvena pitanja \u201ePregled\u201c u Sarajevu (izme\u0111u 1979. i 1985. bio je glavni urednik engleskog izdanja tog \u010dasopisa), kao i \u010dlan uredni\u0161tva \u010dasopisa \u201eJugoslavenski istorijski \u010dasopis\u201c u Beogradu. Bio je \u010dlan savjeta Interuniverzitetskog centra za posijediplomske studije u Dubrovniku, neko vrijeme predsjednik Dru\u0161tva istori\u010dara Bosne i Hercegovine, Jugoslavenskog komiteta za historijske nauke i \u010dlan Fulbrightove komisije za Jugoslaviju. Ipak, posebno je bio ponosan \u0161to je kroz godine kao profesor bio mentor ve\u0107eg broja magistarskih i doktorskih radova od kojih su mnogi kasnije i objavljeni kao zasebne knjige.<\/p>\n<p>Smatraju\u0107i da svoje snage mo\u017ee staviti u funkciju dobrobiti svoje struke i \u0161ire dru\u0161tvene zajednice prihvatio je ponudu da izme\u0111u svibnja 1969. i kraja 1973. godine bude ministar (sekretar) kulture i obrazovanja Bosne i Hercegovine (tada\u0161nji Republi\u010dki komitet za obrazovanje, nauku, kulturu i fizi\u010dku kulturu Socijalisti\u010dke Republike Bosne i Hercegovine).<\/p>\n<p>Kao vrstan poznavatelj talijanskoga jezika i kulture od 1975. bio je \u010dlan mje\u0161ovite talijansko-jugoslavenske komisije povjesni\u010dara koja je nakon potpisivanja Osimskoga sporazuma na zajedni\u010dkim zasjedanjima trebala raspravljati o raznim kulturno-povijesnim temama od va\u017enosti za obje strane.<\/p>\n<p>Za svoj aktivan i konstruktivan rad u toj mje\u0161ovitoj komisiji sastavljenoj od talijanskih i jugoslavenskih povjesni\u010dara svih nacionalnosti i iz svih tada\u0161njih federalnih jedinica profesor Petrovi\u0107 dobio je jedno od najvi\u0161ih talijanskih odlikovanja &#8211; Ordine al merito della Repubblica Italiana. Nakon agresije na Sarajevo i razaranja stana sredinom 1992. godine sklonio se sa suprugom kod svojih kolega u Rim gdje je tijekom 1990-ih godina bio vi\u0161e puta gostuju\u0107i predava\u010d na raznim talijanskim sveu\u010dili\u0161tima, da bi se potom definitivno skrasio u rodnome Dubrovniku. Tijekom 1992. godine bio je akreditiran kao posebni izaslanik Predsjedni\u0161tva BIH kod talijanske vlade u diplomatsko-humanitarnoj misiji.<\/p>\n<p>Podru\u010dje znanstvenog interesa Rade Petrovi\u0107a bila je povijest 19. stolje\u0107a, posebno povijest 19. stolje\u0107a u Dalmaciji kao dijelu tada\u0161njega Austrijskoga (od 1867. Austro-Ugarskog) Carstva i u odnosu prema procesima talijanskoga ujedinjenja (\u201cRisorgimento\u201d), kao i slo\u017eeni procesi formiranja modernih nacionalnih identiteta Hrvata i Srba u Dalmaciji. Tome je posve\u0107ena i njegova opse\u017ena i mo\u017eda najpoznatija knjiga \u201cNacionalno pitanje u Dalmaciji u XIX. stolje\u0107u\u201d (prvo izdanje 1968., drugo izdanje 1982.), kao i \u010ditav niz stru\u010dnih, publicisti\u010dkih i znanstvenih \u010dlanaka objavljenih u rasponu od 1959. do 2005. godine (oko 250 tekstova).<\/p>\n<p>Petrovi\u0107evi su talijanski kolege pod uredni\u0161tvom dr.sc. Rite Tolomeo 2005. godine objavili zbornik njegovih najva\u017enijih radova prevedenih na talijanski jezik s prate\u0107om biobibliografijom (\u201eIl fallito modello federale della ex Jugoslavia\u201c, a cura di Rita Tolomeo, Rubbettino Editore). Jedna od njegovih posljednjih knjiga objavljena je 2010. godine i obra\u0111uje ruskoga konzulata u Dubrovniku od sredine 18. do kraja 19. stolje\u0107a. Profesor Petrovi\u0107 bio je aktivan do samoga kraja \u017eivota te je svoj posljednji prilog za jednu znanstvenu konferenciju zavr\u0161io svega mjesec dana prije smrti.<\/p>\n<p>Rado je sura\u0111ivao s lokalnim medijima, posebno s Dubrova\u010dkom Televizijom gdje je kroz niz intervjua i emisija pod naslovom \u201eGru\u0161ke pri\u010de\u201c ispripovjedao svoja sje\u0107anja na Dubrovnik i Gru\u017e svoje mladosti uz brojne zanimljive anegdote.<\/p>\n<p>&nbsp;<\/p>\n<p>Izvori i dodatne informacije:<\/p>\n<p><a href=\"https:\/\/dubrovnikpress.hr\/component\/k2\/item\/36694-preminuo-dubrova%C4%8Dki-povjesni%C4%8Dar-dr-sc-rade-petrovi%C4%87.html\">https:\/\/dubrovnikpress.hr\/component\/k2\/item\/36694-preminuo-dubrova%C4%8Dki-povjesni%C4%8Dar-dr-sc-rade-petrovi%C4%87.html<\/a><\/p>\n<p><a href=\"http:\/\/urednik.dubrovacki.hr\/zupanija\/dubrovnik\/clanak\/id\/642026\/tuzna-vijest-preminuo-poznati-dubrovacki-povjesnicar-profesor-dr-sc-rade-petrovic\">http:\/\/urednik.dubrovacki.hr\/zupanija\/dubrovnik\/clanak\/id\/642026\/tuzna-vijest-preminuo-poznati-dubrovacki-povjesnicar-profesor-dr-sc-rade-petrovic<\/a><\/p>\n<p><a href=\"https:\/\/www.youtube.com\/watch?v=oZOvGH_Cb70\">https:\/\/www.youtube.com\/watch?v=oZOvGH_Cb70<\/a><\/p>\n<p><a href=\"https:\/\/www.historiografija.ba\/article.php?id=54\">https:\/\/www.historiografija.ba\/article.php?id=54<\/a><\/p>\n<p>&nbsp;<\/p>\n","protected":false},"excerpt":{"rendered":"","protected":false},"author":2,"featured_media":18459,"comment_status":"open","ping_status":"open","sticky":false,"template":"","format":"standard","meta":{"_acf_changed":false,"jetpack_post_was_ever_published":false,"_jetpack_newsletter_access":"","_jetpack_dont_email_post_to_subs":false,"_jetpack_newsletter_tier_id":0,"_jetpack_memberships_contains_paywalled_content":false,"_jetpack_memberships_contains_paid_content":false,"footnotes":"","jetpack_publicize_message":"","jetpack_publicize_feature_enabled":true,"jetpack_social_post_already_shared":true,"jetpack_social_options":{"image_generator_settings":{"template":"highway","default_image_id":0,"font":"","enabled":false},"version":2}},"categories":[3,20],"tags":[],"class_list":["post-18458","post","type-post","status-publish","format-standard","has-post-thumbnail","hentry","category-novosti","category-obavijesti-o-smrti-i-nekrolozi"],"acf":{"facebook_opis":""},"jetpack_publicize_connections":[],"jetpack_featured_media_url":"https:\/\/i0.wp.com\/historiografija.hr\/wp-content\/uploads\/2020\/01\/D_Petrovic.jpg?fit=555%2C312&ssl=1","jetpack_sharing_enabled":true,"jetpack-related-posts":[{"id":52578,"url":"https:\/\/historiografija.hr\/?p=52578","url_meta":{"origin":18458,"position":0},"title":"Poziv za sudjelovanje: XXII. Dani Julija Bene\u0161i\u0107a u Iloku","author":"Branimir Jankovi\u0107","date":"21. travnja 2026.","format":false,"excerpt":"Zavod za lingvisti\u010dka istra\u017eivanja Hrvatske akademije znanosti i umjetnosti, zajedno s Muzejom grada Iloka, organizira XXII. Dane Julija Bene\u0161i\u0107a, koji \u0107e se odr\u017eati od 28. do 30. listopada 2026. u Iloku.\u00a0Teme ovogodi\u0161njih Dana podijeljene su u dvije cjeline: Knji\u017eevno-jezikoslovni d\u00ecv\u0101n s Bene\u0161i\u0107em te Ilok i Srijem u povijesnim stalnicama i\u2026","rel":"","context":"U &quot;Novosti&quot;","block_context":{"text":"Novosti","link":"https:\/\/historiografija.hr\/?cat=3"},"img":{"alt_text":"","src":"https:\/\/i0.wp.com\/historiografija.hr\/wp-content\/uploads\/2019\/10\/HE2_Benesic.jpg?fit=413%2C591&ssl=1&resize=350%2C200","width":350,"height":200},"classes":[]},{"id":52733,"url":"https:\/\/historiografija.hr\/?p=52733","url_meta":{"origin":18458,"position":1},"title":"Vlado Raji\u0107 \u201eGranica na kraju stolje\u0107a\u201c","author":"Filip \u0160imunjak","date":"29. travnja 2026.","format":false,"excerpt":"U suizdanju Durieuxa i Beletre objavljena je 2025. godine knjiga Granica na kraju stolje\u0107a autora Vlade Raji\u0107a.\u00a0 O knjizi\u00a0 Romansirana biografija Vladimira Iblera mnogo je vi\u0161e od zanimljive pri\u010de o privatnom \u017eivotu i impresivnoj profesionalnoj karijeri istaknutog stru\u010dnjaka za me\u0111unarodno pravo i dugo\u00adgodi\u0161njeg profesora na zagreba\u010dkom Pravnom fakultetu, akademika, koji\u2026","rel":"","context":"U &quot;Knjige&quot;","block_context":{"text":"Knjige","link":"https:\/\/historiografija.hr\/?cat=8"},"img":{"alt_text":"","src":"https:\/\/i0.wp.com\/historiografija.hr\/wp-content\/uploads\/2026\/04\/VLADO-RAJIC-GRANICA-NA-KRAJU-STOLJECA.jpg?fit=450%2C650&ssl=1&resize=350%2C200","width":350,"height":200},"classes":[]},{"id":52505,"url":"https:\/\/historiografija.hr\/?p=52505","url_meta":{"origin":18458,"position":2},"title":"Izlo\u017eba &#8220;Eschenstock \/ Jasenov prut&#8221;","author":"Branimir Jankovi\u0107","date":"17. travnja 2026.","format":false,"excerpt":"Srpsko narodno vije\u0107e (SNV) i Vizura aperta postavljaju izlo\u017ebu \u0161vicarskog slikara Velimira Ili\u0161evi\u0107a: Eschenstock \/ Jasenov prut. Izlo\u017eba se uz prisustvo autora otvara povodom 81. godi\u0161njice proboja logora\u0161a iz usta\u0161kog logora smrti Jasenovac 22. aprila 2026. u 19 sati u Srpskom kulturnom centru (SKC) u Preradovi\u0107evoj ulici 21 u Zagrebu.\u2026","rel":"","context":"U &quot;Izlo\u017ebe&quot;","block_context":{"text":"Izlo\u017ebe","link":"https:\/\/historiografija.hr\/?cat=10"},"img":{"alt_text":"","src":"https:\/\/i0.wp.com\/historiografija.hr\/wp-content\/uploads\/2026\/04\/Jasenov_prut.jpg?fit=1024%2C640&ssl=1&resize=350%2C200","width":350,"height":200,"srcset":"https:\/\/i0.wp.com\/historiografija.hr\/wp-content\/uploads\/2026\/04\/Jasenov_prut.jpg?fit=1024%2C640&ssl=1&resize=350%2C200 1x, https:\/\/i0.wp.com\/historiografija.hr\/wp-content\/uploads\/2026\/04\/Jasenov_prut.jpg?fit=1024%2C640&ssl=1&resize=525%2C300 1.5x, https:\/\/i0.wp.com\/historiografija.hr\/wp-content\/uploads\/2026\/04\/Jasenov_prut.jpg?fit=1024%2C640&ssl=1&resize=700%2C400 2x"},"classes":[]},{"id":52666,"url":"https:\/\/historiografija.hr\/?p=52666","url_meta":{"origin":18458,"position":3},"title":"Najava programa Festivala povijesti Kliofest (5-8. V. 2026)","author":"Branimir Jankovi\u0107","date":"24. travnja 2026.","format":false,"excerpt":"Po trinaesti put odr\u017eava se Festival povijesti Kliofest! Do petka \u0107emo odr\u017eati osam okruglih stolova i dva kolokvija te niz predstavljanja knjiga i projekata razli\u010dite tematike, od antike do suvremenosti. Bit \u0107e predstavljeno i nekoliko izlo\u017ebi te odr\u017ean jedan povijesni kviz. Prikazat \u0107emo i jedan film \u2013 o generalu Boroevi\u0107u.\u2026","rel":"","context":"U &quot;Novosti&quot;","block_context":{"text":"Novosti","link":"https:\/\/historiografija.hr\/?cat=3"},"img":{"alt_text":"","src":"https:\/\/i0.wp.com\/historiografija.hr\/wp-content\/uploads\/2026\/04\/Kliofest-2026.jpg?fit=526%2C526&ssl=1&resize=350%2C200","width":350,"height":200,"srcset":"https:\/\/i0.wp.com\/historiografija.hr\/wp-content\/uploads\/2026\/04\/Kliofest-2026.jpg?fit=526%2C526&ssl=1&resize=350%2C200 1x, https:\/\/i0.wp.com\/historiografija.hr\/wp-content\/uploads\/2026\/04\/Kliofest-2026.jpg?fit=526%2C526&ssl=1&resize=525%2C300 1.5x"},"classes":[]},{"id":52592,"url":"https:\/\/historiografija.hr\/?p=52592","url_meta":{"origin":18458,"position":4},"title":"Predstavljanje knjige &#8220;Turska ku\u0107a u Rijeci&#8221; u Zagrebu","author":"Branimir Jankovi\u0107","date":"22. travnja 2026.","format":false,"excerpt":"U prostorijama Turskog kulturnog centra Yunus Emre u Zagrebu, u utorak 21. travnja 2026. godine, odr\u017eano je sve\u010dano predstavljanje dopunjenog izdanja knjige Turska ku\u0107a u Rijeci, u organizaciji Hrvatsko-turskog dru\u0161tva Rijeka i partnerstvu sa Skupinom prijateljstva Hrvatska-Turska Hrvatskog sabora, Veleposlanstvom Republike Turske u Republici Hrvatskoj te Turskim kulturnim centrom Yunus\u2026","rel":"","context":"U &quot;Novosti&quot;","block_context":{"text":"Novosti","link":"https:\/\/historiografija.hr\/?cat=3"},"img":{"alt_text":"","src":"https:\/\/i0.wp.com\/historiografija.hr\/wp-content\/uploads\/2026\/04\/Turska-kuca-ZG.jpg?fit=1200%2C800&ssl=1&resize=350%2C200","width":350,"height":200,"srcset":"https:\/\/i0.wp.com\/historiografija.hr\/wp-content\/uploads\/2026\/04\/Turska-kuca-ZG.jpg?fit=1200%2C800&ssl=1&resize=350%2C200 1x, https:\/\/i0.wp.com\/historiografija.hr\/wp-content\/uploads\/2026\/04\/Turska-kuca-ZG.jpg?fit=1200%2C800&ssl=1&resize=525%2C300 1.5x, https:\/\/i0.wp.com\/historiografija.hr\/wp-content\/uploads\/2026\/04\/Turska-kuca-ZG.jpg?fit=1200%2C800&ssl=1&resize=700%2C400 2x, https:\/\/i0.wp.com\/historiografija.hr\/wp-content\/uploads\/2026\/04\/Turska-kuca-ZG.jpg?fit=1200%2C800&ssl=1&resize=1050%2C600 3x"},"classes":[]},{"id":52502,"url":"https:\/\/historiografija.hr\/?p=52502","url_meta":{"origin":18458,"position":5},"title":"Novi znanstveni projekt Hrvatskog instituta za povijest: \u201c\u017drtve ratova i dr\u017eavnog\/politi\u010dkog nasilja u hrvatskoj povijesti 20. stolje\u0107a\u201d","author":"Branimir Jankovi\u0107","date":"17. travnja 2026.","format":false,"excerpt":"Na redovitoj sjednici Vlade RH, 16. travnja 2026., donijet je Zaklju\u010dak kojim se pokre\u0107e znanstveni projekt \u201c\u017drtve ratova i dr\u017eavnog\/politi\u010dkog nasilja u hrvatskoj povijesti 20. stolje\u0107a\u201d. Projekt \u0107e provoditi i koordinirati Hrvatski institut za povijest u razdoblju trajanja projekta od pet godina. Zakljucak Vlade RH Iz teksta projektnog prijedloga: Problematika\u2026","rel":"","context":"U &quot;Novosti&quot;","block_context":{"text":"Novosti","link":"https:\/\/historiografija.hr\/?cat=3"},"img":{"alt_text":"","src":"https:\/\/i0.wp.com\/historiografija.hr\/wp-content\/uploads\/2026\/04\/Vlada-RH.jpg?fit=1200%2C557&ssl=1&resize=350%2C200","width":350,"height":200,"srcset":"https:\/\/i0.wp.com\/historiografija.hr\/wp-content\/uploads\/2026\/04\/Vlada-RH.jpg?fit=1200%2C557&ssl=1&resize=350%2C200 1x, https:\/\/i0.wp.com\/historiografija.hr\/wp-content\/uploads\/2026\/04\/Vlada-RH.jpg?fit=1200%2C557&ssl=1&resize=525%2C300 1.5x, https:\/\/i0.wp.com\/historiografija.hr\/wp-content\/uploads\/2026\/04\/Vlada-RH.jpg?fit=1200%2C557&ssl=1&resize=700%2C400 2x, https:\/\/i0.wp.com\/historiografija.hr\/wp-content\/uploads\/2026\/04\/Vlada-RH.jpg?fit=1200%2C557&ssl=1&resize=1050%2C600 3x"},"classes":[]}],"_links":{"self":[{"href":"https:\/\/historiografija.hr\/index.php?rest_route=\/wp\/v2\/posts\/18458","targetHints":{"allow":["GET"]}}],"collection":[{"href":"https:\/\/historiografija.hr\/index.php?rest_route=\/wp\/v2\/posts"}],"about":[{"href":"https:\/\/historiografija.hr\/index.php?rest_route=\/wp\/v2\/types\/post"}],"author":[{"embeddable":true,"href":"https:\/\/historiografija.hr\/index.php?rest_route=\/wp\/v2\/users\/2"}],"replies":[{"embeddable":true,"href":"https:\/\/historiografija.hr\/index.php?rest_route=%2Fwp%2Fv2%2Fcomments&post=18458"}],"version-history":[{"count":1,"href":"https:\/\/historiografija.hr\/index.php?rest_route=\/wp\/v2\/posts\/18458\/revisions"}],"predecessor-version":[{"id":18460,"href":"https:\/\/historiografija.hr\/index.php?rest_route=\/wp\/v2\/posts\/18458\/revisions\/18460"}],"wp:featuredmedia":[{"embeddable":true,"href":"https:\/\/historiografija.hr\/index.php?rest_route=\/wp\/v2\/media\/18459"}],"wp:attachment":[{"href":"https:\/\/historiografija.hr\/index.php?rest_route=%2Fwp%2Fv2%2Fmedia&parent=18458"}],"wp:term":[{"taxonomy":"category","embeddable":true,"href":"https:\/\/historiografija.hr\/index.php?rest_route=%2Fwp%2Fv2%2Fcategories&post=18458"},{"taxonomy":"post_tag","embeddable":true,"href":"https:\/\/historiografija.hr\/index.php?rest_route=%2Fwp%2Fv2%2Ftags&post=18458"}],"curies":[{"name":"wp","href":"https:\/\/api.w.org\/{rel}","templated":true}]}}