{"id":18453,"date":"2020-01-04T13:28:43","date_gmt":"2020-01-04T13:28:43","guid":{"rendered":"http:\/\/historiografija.hr\/?p=18453"},"modified":"2020-01-04T13:28:43","modified_gmt":"2020-01-04T13:28:43","slug":"christopher-clark-time-and-power-visions-of-history-in-german-politics-from-the-thirty-years-war-to-the-third-reich","status":"publish","type":"post","link":"https:\/\/historiografija.hr\/?p=18453","title":{"rendered":"Christopher Clark, \u201cTime and Power: Visions of History in German Politics, from the Thirty Years&#8217; War to the Third Reich\u201d"},"content":{"rendered":"<p>Princeton University Press objavio je 2019. godine knjigu &#8220;Time and Power&#8221; Christophera Clarka &#8211; autora poznatog djela \u201cMjese\u010dari: kako je Europa krenula u rat 1914.\u201d &#8211; u kojoj polazi od uvida Reinharta Kosellecka i Fran\u00e7oisa Hartoga (vi\u0161ekratno spominjanih na portalu), koji su potaknuli, kako se navodi, \u201ctemporalni obrat\u201d u suvremenoj historiografiji.<\/p>\n<p>&nbsp;<\/p>\n<p>&#8212;<\/p>\n<p>&nbsp;<\/p>\n<p>Christopher Clark<\/p>\n<p><strong>\u00a0<\/strong><\/p>\n<p><strong>Time and Power: Visions of History in German Politics, from the Thirty Years&#8217; War to the Third Reich<\/strong><\/p>\n<p>&nbsp;<\/p>\n<p>From the author of the national bestseller <em>The Sleepwalkers<\/em>, a book about how the exercise of power is shaped by different concepts of time<\/p>\n<p>&nbsp;<\/p>\n<p><strong>Princeton University Press<\/strong><\/p>\n<p>Published: 01\/22\/2019<\/p>\n<p>Pages: 312<\/p>\n<p><a href=\"https:\/\/press.princeton.edu\/books\/hardcover\/9780691181653\/time-and-power\">https:\/\/press.princeton.edu\/books\/hardcover\/9780691181653\/time-and-power<\/a><\/p>\n<p>&nbsp;<\/p>\n<p>This groundbreaking book presents new perspectives on how the exercise of power is shaped by different notions of time. Acclaimed historian Christopher Clark draws on four key figures from German history\u2014Friedrich Wilhelm of Brandenburg-Prussia, Frederick the Great, Otto von Bismarck, and Adolf Hitler\u2014to look at history through a temporal lens and ask how historical actors and their regimes embody unique conceptions of\u00a0time.<\/p>\n<p>Inspired by the insights of Reinhart Koselleck and Fran\u00e7ois Hartog, two pioneers of the \u201ctemporal turn\u201d in historiography, Clark shows how Friedrich Wilhelm rejected the notion of continuity with the past, believing instead that a sovereign must liberate the state from the entanglements of tradition to choose freely among different possible futures. He demonstrates how Frederick the Great abandoned this paradigm for a neoclassical vision of history in which sovereign and state transcend time altogether, and how Bismarck believed that the statesman\u2019s duty was to preserve the timeless permanence of the state amid the torrent of historical change. Clark describes how Hitler did not seek to revolutionize history like Stalin and Mussolini, but instead sought to evade history altogether, emphasizing timeless racial archetypes and a prophetically foretold\u00a0future.<\/p>\n<p>Elegantly written and boldly innovative, <em>Time and Power<\/em> takes readers from the Thirty Years\u2019 War to the fall of the Third Reich, revealing the connection between political power and the distinct temporalities of the leaders who wield\u00a0it.<\/p>\n<p>&nbsp;<\/p>\n<p><strong>Awards and Recognition<\/strong><\/p>\n<ul>\n<li><em>One of Times Higher Education&#8217;s Best Books of 2018 <\/em><\/li>\n<li><em>One of the Financial Times&#8217; Summer Books of 2019: History <\/em><\/li>\n<\/ul>\n<p>&nbsp;<\/p>\n<p><strong>Christopher Clark<\/strong> is the Regius Professor of History at the University of Cambridge. He is the author of <em>The Sleepwalkers: How Europe Went to War in 1914<\/em>, <em>Kaiser Wilhelm II: A Life in Power<\/em>, and <em>Iron Kingdom: The Rise and Downfall of Prussia, 1600\u20131947<\/em>. He lives in Cambridge, England.<\/p>\n<p>&nbsp;<\/p>\n<p><strong>Reviews <\/strong><\/p>\n<p>&#8220;[An] impressive book . . . . [Clark] deserves praise for presenting familiar fields of German history from unusual and always rewarding angles.&#8221;<strong>\u2014Tony Barber, <em>Financial Times<\/em><\/strong><\/p>\n<p>&#8220;A stimulating and entertaining book.&#8221;<strong>\u2014Tim Blanning, <em>Literary Review<\/em><\/strong><\/p>\n<p>&#8220;[<em>Time and Power<\/em>] looks at history with a particular emphasis on the concept of time and should therefore offer a new and thought-provoking way to examine the past.&#8221;<strong>\u2014Hester Vaizey, <em>Times Higher Education<\/em><\/strong><\/p>\n<p>&#8220;Clark&#8217;s book, with its provocative and useful theoretical command of the concepts of time and history and its mastery of the details of German history over four centuries, is an erudite, challenging, and thought-provoking work.&#8221;<strong>\u2014Michael Curtis, <em>American Thinker<\/em><\/strong><\/p>\n<p>&#8220;[A] stirring read that gathers momentum with every chapter.&#8221;<strong>\u2014Oliver Moody, <em>The Times<\/em><\/strong><\/p>\n<p>&#8220;An original and rewarding approach to modern German history.&#8221;<strong>\u2014Tony Barber, <em>Financial Times, Summer Books of 2019<\/em><\/strong><\/p>\n<p>&#8220;To read this book is to be constantly stimulated to think new thoughts and to be exhilarated by the grandeur and subtlety of Clark\u2019s argument.&#8221;<strong>\u2014Lucy Hughes-Hallett, <em>New Statesman<\/em><\/strong><\/p>\n<p>&#8220;[Clark\u2019s] breadth of knowledge is impressive and his conclusions are carefully considered.&#8221;<strong>\u2014Hester Vaizey, <em>Times Higher Education<\/em><\/strong><\/p>\n<p>&#8220;There is much to be learned from these erudite studies of \u2018the warping of temporality by power.\u2019&#8221;<strong>\u2014Daniel Johnson, <em>Standpoint<\/em><\/strong><\/p>\n<p>&#8220;Whatever it lacks in grace, it amply makes up for in intellectual vigour.&#8221;<strong>\u2014<em>New Statesman<\/em><\/strong><\/p>\n<p>&#8220;<em>Time and Power <\/em>. . . [shows] that, in history, periods orienting towards the future have always been succeeded by periods focusing on the past.&#8221;<strong>\u2014Jilt Jorritsma, <em>Nexus Review<\/em><\/strong><\/p>\n<p>\u201cClark\u2019s book is brilliantly constructed, dazzling in its scholarship, and immensely stimulating. It shows how Prussian and German rulers located their exercise of power in conceptions of their relationship to past and future, casts new light on the ways in which belief in the nature of the state developed, and describes how the destruction of faith in the state following the First World War gave rise to new and dangerous millennial ideas of the Nazis.\u201d\u2014Ian Kershaw, author of <em>To Hell and Back: Europe 1914\u20131949 <\/em><\/p>\n<p>\u201cA masterpiece by one of the most renowned historians in the world.\u201d\u2014J\u00fcrgen Osterhammel, author of <em>The Transformation of the World: A Global History of the Nineteenth Century<\/em><\/p>\n<p>\u201cA rich and innovative contribution to temporal studies and political history.\u201d\u2014Fran\u00e7ois Hartog, author of <em>Regimes of Historicity: Presentism and Experiences of Time <\/em><\/p>\n<p>\u201cHighly original and impeccably researched. <em>Time and Power<\/em> is an important contribution to the growing literature on the history of temporality.\u201d\u2014Anson Rabinbach, coeditor of <em>The Third Reich Sourcebook<\/em><\/p>\n<p>&nbsp;<\/p>\n<p>&nbsp;<\/p>\n<p>&nbsp;<\/p>\n","protected":false},"excerpt":{"rendered":"","protected":false},"author":2,"featured_media":18454,"comment_status":"open","ping_status":"open","sticky":false,"template":"","format":"standard","meta":{"_acf_changed":false,"jetpack_post_was_ever_published":false,"_jetpack_newsletter_access":"","_jetpack_dont_email_post_to_subs":false,"_jetpack_newsletter_tier_id":0,"_jetpack_memberships_contains_paywalled_content":false,"_jetpack_memberships_contains_paid_content":false,"footnotes":"","jetpack_publicize_message":"","jetpack_publicize_feature_enabled":true,"jetpack_social_post_already_shared":true,"jetpack_social_options":{"image_generator_settings":{"template":"highway","default_image_id":0,"font":"","enabled":false},"version":2}},"categories":[8,3],"tags":[],"class_list":["post-18453","post","type-post","status-publish","format-standard","has-post-thumbnail","hentry","category-knjige","category-novosti"],"acf":{"facebook_opis":""},"jetpack_publicize_connections":[],"jetpack_featured_media_url":"https:\/\/i0.wp.com\/historiografija.hr\/wp-content\/uploads\/2020\/01\/Time-and-power.jpg?fit=640%2C993&ssl=1","jetpack_sharing_enabled":true,"jetpack-related-posts":[{"id":52607,"url":"https:\/\/historiografija.hr\/?p=52607","url_meta":{"origin":18453,"position":0},"title":"No\u0107 knjige: Kako je prije 410 godina smr\u0107u Shakespearea i Cervantesa zavr\u0161ilo razdoblje renesanse u knji\u017eevnosti","author":"Branimir Jankovi\u0107","date":"22. travnja 2026.","format":false,"excerpt":"\u010cetvrtak, 23. travnja 2026. u 18:00 sati, Knji\u017eara Matice hrvatske, Ulica Matice hrvatske 2, Zagreb Uvodna rije\u010d: dr. sc.\u00a0Dubravka Brezak Stama\u0107, pro\u010delnica Odjela za knji\u017eevnost Matice hrvatske Prof. dr. sc. Ivan Lupi\u0107, redoviti profesor u Odsjeku za anglistiku i Odsjeku za kroatistiku Sveu\u010dili\u0161ta u RijeciShakespeare, kazali\u0161te, glazbaKada se susre\u0107emo sa\u2026","rel":"","context":"U &quot;Novosti&quot;","block_context":{"text":"Novosti","link":"https:\/\/historiografija.hr\/?cat=3"},"img":{"alt_text":"","src":"https:\/\/i0.wp.com\/historiografija.hr\/wp-content\/uploads\/2026\/04\/noc_knjige_2026.jpg?fit=680%2C276&ssl=1&resize=350%2C200","width":350,"height":200,"srcset":"https:\/\/i0.wp.com\/historiografija.hr\/wp-content\/uploads\/2026\/04\/noc_knjige_2026.jpg?fit=680%2C276&ssl=1&resize=350%2C200 1x, https:\/\/i0.wp.com\/historiografija.hr\/wp-content\/uploads\/2026\/04\/noc_knjige_2026.jpg?fit=680%2C276&ssl=1&resize=525%2C300 1.5x"},"classes":[]},{"id":52586,"url":"https:\/\/historiografija.hr\/?p=52586","url_meta":{"origin":18453,"position":1},"title":"Aur\u00e9lie Daher, \u201eHezbollah: Mobilisation and Power\u201c","author":"Branimir Jankovi\u0107","date":"22. travnja 2026.","format":false,"excerpt":"Morning Star \u2018Book of the Year\u2019 Social movement, liberation party or terrorist group? With Hezbollah\u2019s growing involvement in the war in Syria, this study of its impact on Lebanon, drawing heavily on first-hand interviews, could not be more timely. Description Almost forty years after its foundation, Hezbollah remains an enigma.\u2026","rel":"","context":"U &quot;Knjige&quot;","block_context":{"text":"Knjige","link":"https:\/\/historiografija.hr\/?cat=8"},"img":{"alt_text":"","src":"https:\/\/i0.wp.com\/historiografija.hr\/wp-content\/uploads\/2026\/04\/Daher-Hezbollah.jpg?fit=600%2C931&ssl=1&resize=350%2C200","width":350,"height":200,"srcset":"https:\/\/i0.wp.com\/historiografija.hr\/wp-content\/uploads\/2026\/04\/Daher-Hezbollah.jpg?fit=600%2C931&ssl=1&resize=350%2C200 1x, https:\/\/i0.wp.com\/historiografija.hr\/wp-content\/uploads\/2026\/04\/Daher-Hezbollah.jpg?fit=600%2C931&ssl=1&resize=525%2C300 1.5x"},"classes":[]},{"id":52619,"url":"https:\/\/historiografija.hr\/?p=52619","url_meta":{"origin":18453,"position":2},"title":"Predavanje \u0110ur\u0111ice Vitkovi\u0107 &#8220;Izme\u0111u pera i objektiva: Zagorka i Foto Tonka&#8221;","author":"Branimir Jankovi\u0107","date":"23. travnja 2026.","format":false,"excerpt":"Memorijalni stan Marije Juri\u0107 Zagorke poziva Vas na predavanje \u0110ur\u0111ice Vitkovi\u0107 \u201eIzme\u0111u pera i objektiva: Zagorka i Foto Tonka\u201c koje \u0107e se odr\u017eati u utorak, 28. travnja 2026. s po\u010detkom u 18 h u sklopu Ciklusa predavanja u Memorijalnom stanu Marije Juri\u0107 Zagorke. Kako su se susrele knji\u017eevnost i fotografija\u2026","rel":"","context":"U &quot;Novosti&quot;","block_context":{"text":"Novosti","link":"https:\/\/historiografija.hr\/?cat=3"},"img":{"alt_text":"","src":"https:\/\/i0.wp.com\/historiografija.hr\/wp-content\/uploads\/2024\/11\/Zagorka_ciklus.jpg?fit=1200%2C1006&ssl=1&resize=350%2C200","width":350,"height":200,"srcset":"https:\/\/i0.wp.com\/historiografija.hr\/wp-content\/uploads\/2024\/11\/Zagorka_ciklus.jpg?fit=1200%2C1006&ssl=1&resize=350%2C200 1x, https:\/\/i0.wp.com\/historiografija.hr\/wp-content\/uploads\/2024\/11\/Zagorka_ciklus.jpg?fit=1200%2C1006&ssl=1&resize=525%2C300 1.5x, https:\/\/i0.wp.com\/historiografija.hr\/wp-content\/uploads\/2024\/11\/Zagorka_ciklus.jpg?fit=1200%2C1006&ssl=1&resize=700%2C400 2x, https:\/\/i0.wp.com\/historiografija.hr\/wp-content\/uploads\/2024\/11\/Zagorka_ciklus.jpg?fit=1200%2C1006&ssl=1&resize=1050%2C600 3x"},"classes":[]},{"id":52654,"url":"https:\/\/historiografija.hr\/?p=52654","url_meta":{"origin":18453,"position":3},"title":"Gostuju\u0107e predavanje &#8211; Danijel D\u017eino \u201eKasnoanti\u010dke i ranosrednjovjekovne gra\u0111evine u Brezi: Spomenici nepotpune biografije\u201c","author":"Branimir Jankovi\u0107","date":"24. travnja 2026.","format":false,"excerpt":"Doktorski studij predmoderne povijesti poziva na predavanje \"Kasnoanti\u010dke i ranosrednjovjekovne gra\u0111evine u Brezi: Spomenici nepotpune biografije\u201d koje \u0107e odr\u017eati profesor Danijel D\u017eino sa Sveu\u010dili\u0161ta Macquarie u Sydneyu u\u00a0utorak 28. travnja 2026. u 17h u Konferencijskoj dvorani Knji\u017enice Filozofskog fakulteta u Zagrebu. Predavanje \u0107e predo\u010diti nova saznanja dobivena kroz arhivsko-dokumentarna istra\u017eivanja\u2026","rel":"","context":"U &quot;Novosti&quot;","block_context":{"text":"Novosti","link":"https:\/\/historiografija.hr\/?cat=3"},"img":{"alt_text":"","src":"https:\/\/i0.wp.com\/historiografija.hr\/wp-content\/uploads\/2026\/04\/Dzino.jpg?fit=980%2C819&ssl=1&resize=350%2C200","width":350,"height":200,"srcset":"https:\/\/i0.wp.com\/historiografija.hr\/wp-content\/uploads\/2026\/04\/Dzino.jpg?fit=980%2C819&ssl=1&resize=350%2C200 1x, https:\/\/i0.wp.com\/historiografija.hr\/wp-content\/uploads\/2026\/04\/Dzino.jpg?fit=980%2C819&ssl=1&resize=525%2C300 1.5x, https:\/\/i0.wp.com\/historiografija.hr\/wp-content\/uploads\/2026\/04\/Dzino.jpg?fit=980%2C819&ssl=1&resize=700%2C400 2x"},"classes":[]},{"id":52148,"url":"https:\/\/historiografija.hr\/?p=52148","url_meta":{"origin":18453,"position":4},"title":"Poziv za prijavu na me\u0111unarodnu znanstvenu konferenciju \u201eGranice (ne)slobode: Zadarski krug 1966. Intelektualna opozicija u totalitarnom dru\u0161tvu\u201c","author":"Branimir Jankovi\u0107","date":"27. o\u017eujka 2026.","format":false,"excerpt":"\u00a0\u00a0\u00a0\u00a0 Povodom \u0161ezdesete obljetnice poku\u0161aja osnivanja \u010dasopisa Slobodan glas u Zadru 1966. godine, pozivamo vas na znanstvenu konferenciju posve\u0107enu istra\u017eivanju disidentstva, intelektualne opozicije i granica divergentnog mi\u0161ljenja nasuprot slu\u017ebenoj ideologiji u komunisti\u010dkoj Jugoslaviji. Ideja konferencije je analizirati konkretan fenomen zadarskog slu\u010daja razloge i okolnosti njegove pojave, ali uz otvaranje komparativnih\u2026","rel":"","context":"U &quot;Novosti&quot;","block_context":{"text":"Novosti","link":"https:\/\/historiografija.hr\/?cat=3"},"img":{"alt_text":"","src":"https:\/\/i0.wp.com\/historiografija.hr\/wp-content\/uploads\/2026\/03\/Poziv-konferencija-Zadar.jpg?fit=1200%2C509&ssl=1&resize=350%2C200","width":350,"height":200,"srcset":"https:\/\/i0.wp.com\/historiografija.hr\/wp-content\/uploads\/2026\/03\/Poziv-konferencija-Zadar.jpg?fit=1200%2C509&ssl=1&resize=350%2C200 1x, https:\/\/i0.wp.com\/historiografija.hr\/wp-content\/uploads\/2026\/03\/Poziv-konferencija-Zadar.jpg?fit=1200%2C509&ssl=1&resize=525%2C300 1.5x, https:\/\/i0.wp.com\/historiografija.hr\/wp-content\/uploads\/2026\/03\/Poziv-konferencija-Zadar.jpg?fit=1200%2C509&ssl=1&resize=700%2C400 2x, https:\/\/i0.wp.com\/historiografija.hr\/wp-content\/uploads\/2026\/03\/Poziv-konferencija-Zadar.jpg?fit=1200%2C509&ssl=1&resize=1050%2C600 3x"},"classes":[]},{"id":52660,"url":"https:\/\/historiografija.hr\/?p=52660","url_meta":{"origin":18453,"position":5},"title":"Medijski odjeci \u010dlanka Steve \u0110ura\u0161kovi\u0107a \u201e\u017dupanovljeva ne\u017eeljena djeca: ideolo\u0161ko pribli\u017eavanje neoliberala i kr\u0161\u0107anske radikalne desnice u Hrvatskoj\u201c","author":"Branimir Jankovi\u0107","date":"24. travnja 2026.","format":false,"excerpt":"U sklopu projekta \u201eIzazovi intelektualne povijesti: recepcije, preobrazbe i upotrebe politi\u010dkih ideja\u201c objavljen je polemi\u010dki \u010dlanak Steve \u0110ura\u0161kovi\u0107a \u201e\u017dupanovljeva ne\u017eeljena djeca: ideolo\u0161ko pribli\u017eavanje neoliberala i kr\u0161\u0107anske radikalne desnice u Hrvatskoj\u201c, koji je izazvao odre\u0111ene medijske reakcije. Stevo \u0110ura\u0161kovi\u0107 \u017dupanovljeva ne\u017eeljena djeca: ideolo\u0161ko pribli\u017eavanje neoliberala i kr\u0161\u0107anske radikalne desnice u Hrvatskoj\u2026","rel":"","context":"U &quot;Novosti&quot;","block_context":{"text":"Novosti","link":"https:\/\/historiografija.hr\/?cat=3"},"img":{"alt_text":"","src":"https:\/\/i0.wp.com\/historiografija.hr\/wp-content\/uploads\/2026\/04\/SD.png?fit=809%2C821&ssl=1&resize=350%2C200","width":350,"height":200,"srcset":"https:\/\/i0.wp.com\/historiografija.hr\/wp-content\/uploads\/2026\/04\/SD.png?fit=809%2C821&ssl=1&resize=350%2C200 1x, https:\/\/i0.wp.com\/historiografija.hr\/wp-content\/uploads\/2026\/04\/SD.png?fit=809%2C821&ssl=1&resize=525%2C300 1.5x, https:\/\/i0.wp.com\/historiografija.hr\/wp-content\/uploads\/2026\/04\/SD.png?fit=809%2C821&ssl=1&resize=700%2C400 2x"},"classes":[]}],"_links":{"self":[{"href":"https:\/\/historiografija.hr\/index.php?rest_route=\/wp\/v2\/posts\/18453","targetHints":{"allow":["GET"]}}],"collection":[{"href":"https:\/\/historiografija.hr\/index.php?rest_route=\/wp\/v2\/posts"}],"about":[{"href":"https:\/\/historiografija.hr\/index.php?rest_route=\/wp\/v2\/types\/post"}],"author":[{"embeddable":true,"href":"https:\/\/historiografija.hr\/index.php?rest_route=\/wp\/v2\/users\/2"}],"replies":[{"embeddable":true,"href":"https:\/\/historiografija.hr\/index.php?rest_route=%2Fwp%2Fv2%2Fcomments&post=18453"}],"version-history":[{"count":1,"href":"https:\/\/historiografija.hr\/index.php?rest_route=\/wp\/v2\/posts\/18453\/revisions"}],"predecessor-version":[{"id":18455,"href":"https:\/\/historiografija.hr\/index.php?rest_route=\/wp\/v2\/posts\/18453\/revisions\/18455"}],"wp:featuredmedia":[{"embeddable":true,"href":"https:\/\/historiografija.hr\/index.php?rest_route=\/wp\/v2\/media\/18454"}],"wp:attachment":[{"href":"https:\/\/historiografija.hr\/index.php?rest_route=%2Fwp%2Fv2%2Fmedia&parent=18453"}],"wp:term":[{"taxonomy":"category","embeddable":true,"href":"https:\/\/historiografija.hr\/index.php?rest_route=%2Fwp%2Fv2%2Fcategories&post=18453"},{"taxonomy":"post_tag","embeddable":true,"href":"https:\/\/historiografija.hr\/index.php?rest_route=%2Fwp%2Fv2%2Ftags&post=18453"}],"curies":[{"name":"wp","href":"https:\/\/api.w.org\/{rel}","templated":true}]}}