{"id":18450,"date":"2020-01-04T13:12:37","date_gmt":"2020-01-04T13:12:37","guid":{"rendered":"http:\/\/historiografija.hr\/?p=18450"},"modified":"2020-01-04T13:12:37","modified_gmt":"2020-01-04T13:12:37","slug":"rethinking-historical-time-new-approaches-to-presentism-edited-by-marek-tamm-and-laurent-olivier","status":"publish","type":"post","link":"https:\/\/historiografija.hr\/?p=18450","title":{"rendered":"Rethinking Historical Time: New Approaches to Presentism. Edited by Marek Tamm and Laurent Olivier"},"content":{"rendered":"<p>Izdava\u010d Bloomsbury Academic objavio je 2019. godine zbornik o promi\u0161ljanju povijesnog vremena s naglaskom na pitanje \u201cprezentizma\u201d, polaze\u0107i od uvida Fran\u00e7oisa Hartoga (\u201cRegimes of Historicity: Presentism and Experiences of Time\u201d, 2015) i novih pristupa.<\/p>\n<p>&nbsp;<\/p>\n<p>&#8212;<\/p>\n<p><strong>\u00a0<\/strong><\/p>\n<p><strong>Rethinking Historical Time <\/strong><\/p>\n<p><strong>New Approaches to Presentism <\/strong><\/p>\n<p>&nbsp;<\/p>\n<p>Editor(s): Marek Tamm, Laurent Olivier<\/p>\n<p>&nbsp;<\/p>\n<p>Published: 22-08-2019<\/p>\n<p>Edition: 1st<\/p>\n<p>Extent: 240<\/p>\n<p>Imprint: Bloomsbury Academic<\/p>\n<p><a href=\"https:\/\/www.bloomsbury.com\/uk\/rethinking-historical-time-9781350065109\/\">https:\/\/www.bloomsbury.com\/uk\/rethinking-historical-time-9781350065109\/<\/a><\/p>\n<p>&nbsp;<\/p>\n<p><strong>About Rethinking Historical Time<\/strong><\/p>\n<p>Is time out of joint? For the past two centuries, the dominant Western time regime has been future-oriented and based on the linear, progressive and homogeneous concept of time. Over the last few decades, there has been a shift towards a new, present-oriented regime or &#8216;presentism&#8217;, made up of multiple and percolating temporalities. <em>Rethinking Historical Time<\/em> engages with this change of paradigm, providing a timely overview of cutting-edge interdisciplinary approaches to this new temporal condition.<\/p>\n<p>Marek Tamm and Laurent Olivier have brought together an international team of scholars working in history, anthropology, archaeology, geography, philosophy, literature and visual studies to rethink the epistemological consequences of presentism for the study of past and to discuss critically the traditional assumptions that underpin research on historical time. Beginning with an analysis of presentism, the contributors move on to explore in historical and critical terms the idea of multiple temporalities, before presenting a series of case studies on the variability of different forms of time in contemporary material culture.<\/p>\n<p>&nbsp;<\/p>\n<p><strong>Table of contents<\/strong><\/p>\n<p>List of Figures<br \/>\nList of Contributors<\/p>\n<p>Introduction: Rethinking Historical Time, Marek Tamm (Tallinn University, Estonia) and Laurent Olivier (French National Museum of Archaeology, France)<\/p>\n<p><strong>Part I: Presentism and New Temporalities<\/strong><br \/>\n1. Out of Time? Some Critical Reflections on Fran\u00e7ois Hartog&#8217;s Presentism, Chris Lorenz (VU University Amsterdam, The Netherlands)<br \/>\n2. Return to Chronology, Helge Jordheim (University of Oslo, Norway)<br \/>\n3. Coming to Terms with the Present: Exploring the Chrononormativity of Historical Time, Victoria Fareld (Stockholm University, Sweden)<br \/>\n4. The Transformation of Historical Time: Processual and Evental Temporalities, Zolt\u00e1n Boldizs\u00e1r Simon (Bielefeld University, Germany)<\/p>\n<p><strong>Part II: Multiple Temporalities<\/strong><br \/>\n5. Revolutionary Presence: Historicism and the Temporal Politics of the Moment, Hans Ruin (S\u00f6dert\u00f6rn University, Sweden)<br \/>\n6. Time Outside History: Politics and Ontology in Franz Rosenzweig&#8217;s and Mircea Eliade&#8217;s Reimagined Temporalities, Liisi Keedus (Tallinn University, Estonia)<br \/>\n7. Pictorial Times and the Times of History: On Seeing Images and Experiencing Time, Johannes Grave (Bielefeld University, Germany)<br \/>\n8. Time as History in Twentieth-Century Photography, Anne Fuchs (University College Dublin, Ireland)<\/p>\n<p><strong>Part III: Material Temporalities<\/strong><br \/>\n9. Heritage and the Untimely, Torgeir Rinke Bangstad (UiT The Arctic University of Norway, Norway)<br \/>\n10. &#8216;Let&#8217;s Get Rid of That Old Stuff!&#8217; Family Heritage Objects in France at the Age of Presentism, Jean-Pierre Legendre (French Ministry of Culture, France) and Laurence Ollivier (French Ministry of Culture, France)<br \/>\n11. Death and Archaeology in the Present, Tense, Shannon Lee Dawdy (University of Chicago, USA)<br \/>\n12. Rewilding Time in the Vale do C\u00f4a, Caitlin DeSilvey (University of Exeter, UK)<\/p>\n<p>Conclusion: A Creed That Has Lost its Believers? Reconfiguring the Concepts of Time and History, Aleida Assmann (University of Constance, Germany)<\/p>\n<p>Index<\/p>\n<p>&nbsp;<\/p>\n<p><strong>Reviews<\/strong><\/p>\n<p>\u201cIn the last generation, we have seen a major shift in attitudes to time &#8211; past, present and future &#8211; both among historians and in the wider world. <em>Rethinking Historical Time <\/em>offers an indispensable guide to this shift and to its different contexts: cultural, social and ecological.\u201d\u00a0\u2013\u00a0 Peter Burke, Emeritus Professor of Cultural History, University of Cambridge, UK<\/p>\n<p>\u201cAt a time of great uncertainty, these essays on how societies have reflected on past, present and future, and on the duties those alive have to those who have been and those to come, is particularly welcome. <em>Rethinking Historical Time<\/em> is both global in its reach and human in scale. It is a lucid contribution that all those thinking and learning in the humanities will appreciate.\u201d\u00a0\u2013\u00a0 Miri Rubin, Professor of Medieval and Early Modern History, Queen Mary, University of London, UK<\/p>\n<p>&nbsp;<\/p>\n<p>&#8212;<\/p>\n<p>&nbsp;<\/p>\n<p>Historiografija.hr<\/p>\n<p><strong>R\u00e9gimes d&#8217;historicit\u00e9 et temporalit\u00e9s en histoire des sciences et des techniques: Discussion avec Fran\u00e7ois Hartog \/ Regimes of Historicity\u00a0: Presentism and Experiences of Time<\/strong><\/p>\n<p><a href=\"https:\/\/historiografija.hr\/news.php?id=1480\">https:\/\/historiografija.hr\/news.php?id=1480<\/a><\/p>\n<p><strong>\u00a0<\/strong><\/p>\n<p>&nbsp;<\/p>\n","protected":false},"excerpt":{"rendered":"","protected":false},"author":2,"featured_media":18451,"comment_status":"open","ping_status":"open","sticky":false,"template":"","format":"standard","meta":{"_acf_changed":false,"jetpack_post_was_ever_published":false,"_jetpack_newsletter_access":"","_jetpack_dont_email_post_to_subs":false,"_jetpack_newsletter_tier_id":0,"_jetpack_memberships_contains_paywalled_content":false,"_jetpack_memberships_contains_paid_content":false,"footnotes":"","jetpack_publicize_message":"","jetpack_publicize_feature_enabled":true,"jetpack_social_post_already_shared":true,"jetpack_social_options":{"image_generator_settings":{"template":"highway","default_image_id":0,"font":"","enabled":false},"version":2}},"categories":[8,3],"tags":[],"class_list":["post-18450","post","type-post","status-publish","format-standard","has-post-thumbnail","hentry","category-knjige","category-novosti"],"acf":{"facebook_opis":""},"jetpack_publicize_connections":[],"jetpack_featured_media_url":"https:\/\/i0.wp.com\/historiografija.hr\/wp-content\/uploads\/2020\/01\/Time.jpg?fit=420%2C630&ssl=1","jetpack_sharing_enabled":true,"jetpack-related-posts":[{"id":52679,"url":"https:\/\/historiografija.hr\/?p=52679","url_meta":{"origin":18450,"position":0},"title":"CfP: CHOSEN NATION(S): HISTORICAL AND CULTURAL INTERPRETATIONS OF EXCEPTIONALISM, BUDAPEST, 10TH\u201311TH JUNE 2026 (DEADLINE: 1ST MAY 2026)","author":"Branimir Jankovi\u0107","date":"27. travnja 2026.","format":false,"excerpt":"The Ludovika University of Public Service (NKE) and the Jewish Theological Seminary \u2013 University of Jewish Studies (OR-ZSE) are pleased to announce a joint academic conference on \u201cChosen Nation(s): Historical and Cultural Interpretations of Exceptionalism\u201d, to be held in Budapest, Hungary. Chosen Nation(s): Historical and Cultural Interpretations of Exceptionalism Keynote\u2026","rel":"","context":"U &quot;Novosti&quot;","block_context":{"text":"Novosti","link":"https:\/\/historiografija.hr\/?cat=3"},"img":{"alt_text":"","src":"https:\/\/i0.wp.com\/historiografija.hr\/wp-content\/uploads\/2017\/10\/hsozkult.png?fit=1006%2C241&ssl=1&resize=350%2C200","width":350,"height":200,"srcset":"https:\/\/i0.wp.com\/historiografija.hr\/wp-content\/uploads\/2017\/10\/hsozkult.png?fit=1006%2C241&ssl=1&resize=350%2C200 1x, https:\/\/i0.wp.com\/historiografija.hr\/wp-content\/uploads\/2017\/10\/hsozkult.png?fit=1006%2C241&ssl=1&resize=525%2C300 1.5x, https:\/\/i0.wp.com\/historiografija.hr\/wp-content\/uploads\/2017\/10\/hsozkult.png?fit=1006%2C241&ssl=1&resize=700%2C400 2x"},"classes":[]},{"id":52677,"url":"https:\/\/historiografija.hr\/?p=52677","url_meta":{"origin":18450,"position":1},"title":"CfP: NAVIGATING THE PAST, FACING THE PRESENT: CHALLENGES AND OPPORTUNITIES IN RE-PRESENTING CONFLICTS AND VIOLENCE IN MEMORY AND EDUCATION INSTITUTIONS, WARSAW, 22ND\u201324TH OCTOBER 2026 (DEADLINE: 30TH APRIL 2026)","author":"Branimir Jankovi\u0107","date":"27. travnja 2026.","format":false,"excerpt":"The conference and graduate workshop (October 22-24, 2026, Warsaw) addresses the representation of history in public and institutional contexts, with a focus beyond the often-studied field of \u201cmemory culture\u201d. Rather than emphasizing the politicization of memory and cultural institutions, the discussion shifts toward new methods, media, and challenges in historical\u2026","rel":"","context":"U &quot;Novosti&quot;","block_context":{"text":"Novosti","link":"https:\/\/historiografija.hr\/?cat=3"},"img":{"alt_text":"","src":"https:\/\/i0.wp.com\/historiografija.hr\/wp-content\/uploads\/2017\/10\/hsozkult.png?fit=1006%2C241&ssl=1&resize=350%2C200","width":350,"height":200,"srcset":"https:\/\/i0.wp.com\/historiografija.hr\/wp-content\/uploads\/2017\/10\/hsozkult.png?fit=1006%2C241&ssl=1&resize=350%2C200 1x, https:\/\/i0.wp.com\/historiografija.hr\/wp-content\/uploads\/2017\/10\/hsozkult.png?fit=1006%2C241&ssl=1&resize=525%2C300 1.5x, https:\/\/i0.wp.com\/historiografija.hr\/wp-content\/uploads\/2017\/10\/hsozkult.png?fit=1006%2C241&ssl=1&resize=700%2C400 2x"},"classes":[]},{"id":52664,"url":"https:\/\/historiografija.hr\/?p=52664","url_meta":{"origin":18450,"position":2},"title":"CfP: CONFERENCE OF THE HISTORY OF CONCEPTS GROUP, HELSINKI, 19TH\u201321ST AUGUST 2026 (DEADLINE: 30TH APRIL 2026)","author":"Branimir Jankovi\u0107","date":"24. travnja 2026.","format":false,"excerpt":"The annual conference of the History of Concepts Group is held at the University of Helsinki, 19-21 August 2026. Conference of the History of Concepts Group Conceptual history studies the use of concepts and tries to understand how historical actors have linguistically articulated views of the world. Studying concepts from\u2026","rel":"","context":"U &quot;Novosti&quot;","block_context":{"text":"Novosti","link":"https:\/\/historiografija.hr\/?cat=3"},"img":{"alt_text":"","src":"https:\/\/i0.wp.com\/historiografija.hr\/wp-content\/uploads\/2017\/10\/hsozkult.png?fit=1006%2C241&ssl=1&resize=350%2C200","width":350,"height":200,"srcset":"https:\/\/i0.wp.com\/historiografija.hr\/wp-content\/uploads\/2017\/10\/hsozkult.png?fit=1006%2C241&ssl=1&resize=350%2C200 1x, https:\/\/i0.wp.com\/historiografija.hr\/wp-content\/uploads\/2017\/10\/hsozkult.png?fit=1006%2C241&ssl=1&resize=525%2C300 1.5x, https:\/\/i0.wp.com\/historiografija.hr\/wp-content\/uploads\/2017\/10\/hsozkult.png?fit=1006%2C241&ssl=1&resize=700%2C400 2x"},"classes":[]},{"id":52641,"url":"https:\/\/historiografija.hr\/?p=52641","url_meta":{"origin":18450,"position":3},"title":"CfP: WHO OWNS THE PAST? VERNACULAR MEMORY, STATE MEMORY, AND THE POLITICS OF OWNERSHIP","author":"Branimir Jankovi\u0107","date":"24. travnja 2026.","format":false,"excerpt":"VIENNA, 31ST AUGUST\u20133RD SEPTEMBER 2026 (DEADLINE: 24TH APRIL 2026) The Center for Austrian Studies at the European Forum at the Hebrew University and the Austrian Academy of Sciences\/Institute of Culture Studies invite early postdocs, PhD candidates, and advanced Master\u2019s students from the Hebrew University of Jerusalem and universities and academic\u2026","rel":"","context":"U &quot;Novosti&quot;","block_context":{"text":"Novosti","link":"https:\/\/historiografija.hr\/?cat=3"},"img":{"alt_text":"","src":"https:\/\/i0.wp.com\/historiografija.hr\/wp-content\/uploads\/2017\/10\/hsozkult.png?fit=1006%2C241&ssl=1&resize=350%2C200","width":350,"height":200,"srcset":"https:\/\/i0.wp.com\/historiografija.hr\/wp-content\/uploads\/2017\/10\/hsozkult.png?fit=1006%2C241&ssl=1&resize=350%2C200 1x, https:\/\/i0.wp.com\/historiografija.hr\/wp-content\/uploads\/2017\/10\/hsozkult.png?fit=1006%2C241&ssl=1&resize=525%2C300 1.5x, https:\/\/i0.wp.com\/historiografija.hr\/wp-content\/uploads\/2017\/10\/hsozkult.png?fit=1006%2C241&ssl=1&resize=700%2C400 2x"},"classes":[]},{"id":52516,"url":"https:\/\/historiografija.hr\/?p=52516","url_meta":{"origin":18450,"position":4},"title":"Marko Grde\u0161i\u0107, Mislav \u017ditko, \u201eSocialist Economics in Yugoslavia: A Critical History\u201c","author":"Branimir Jankovi\u0107","date":"17. travnja 2026.","format":false,"excerpt":"This book presents a critical history of Yugoslav socialist economics, from its inception in the late 1940s to its dissolution in the late 1980s. After the dramatic break with the Soviet Union in 1948, Yugoslavia found itself in urgent need of a third way: A socialist trajectory which would not\u2026","rel":"","context":"U &quot;Knjige&quot;","block_context":{"text":"Knjige","link":"https:\/\/historiografija.hr\/?cat=8"},"img":{"alt_text":"","src":"https:\/\/i0.wp.com\/historiografija.hr\/wp-content\/uploads\/2026\/04\/Zitko_Grdesic.jpg?fit=350%2C535&ssl=1&resize=350%2C200","width":350,"height":200},"classes":[]},{"id":52586,"url":"https:\/\/historiografija.hr\/?p=52586","url_meta":{"origin":18450,"position":5},"title":"Aur\u00e9lie Daher, \u201eHezbollah: Mobilisation and Power\u201c","author":"Branimir Jankovi\u0107","date":"22. travnja 2026.","format":false,"excerpt":"Morning Star \u2018Book of the Year\u2019 Social movement, liberation party or terrorist group? With Hezbollah\u2019s growing involvement in the war in Syria, this study of its impact on Lebanon, drawing heavily on first-hand interviews, could not be more timely. Description Almost forty years after its foundation, Hezbollah remains an enigma.\u2026","rel":"","context":"U &quot;Knjige&quot;","block_context":{"text":"Knjige","link":"https:\/\/historiografija.hr\/?cat=8"},"img":{"alt_text":"","src":"https:\/\/i0.wp.com\/historiografija.hr\/wp-content\/uploads\/2026\/04\/Daher-Hezbollah.jpg?fit=600%2C931&ssl=1&resize=350%2C200","width":350,"height":200,"srcset":"https:\/\/i0.wp.com\/historiografija.hr\/wp-content\/uploads\/2026\/04\/Daher-Hezbollah.jpg?fit=600%2C931&ssl=1&resize=350%2C200 1x, https:\/\/i0.wp.com\/historiografija.hr\/wp-content\/uploads\/2026\/04\/Daher-Hezbollah.jpg?fit=600%2C931&ssl=1&resize=525%2C300 1.5x"},"classes":[]}],"_links":{"self":[{"href":"https:\/\/historiografija.hr\/index.php?rest_route=\/wp\/v2\/posts\/18450","targetHints":{"allow":["GET"]}}],"collection":[{"href":"https:\/\/historiografija.hr\/index.php?rest_route=\/wp\/v2\/posts"}],"about":[{"href":"https:\/\/historiografija.hr\/index.php?rest_route=\/wp\/v2\/types\/post"}],"author":[{"embeddable":true,"href":"https:\/\/historiografija.hr\/index.php?rest_route=\/wp\/v2\/users\/2"}],"replies":[{"embeddable":true,"href":"https:\/\/historiografija.hr\/index.php?rest_route=%2Fwp%2Fv2%2Fcomments&post=18450"}],"version-history":[{"count":1,"href":"https:\/\/historiografija.hr\/index.php?rest_route=\/wp\/v2\/posts\/18450\/revisions"}],"predecessor-version":[{"id":18452,"href":"https:\/\/historiografija.hr\/index.php?rest_route=\/wp\/v2\/posts\/18450\/revisions\/18452"}],"wp:featuredmedia":[{"embeddable":true,"href":"https:\/\/historiografija.hr\/index.php?rest_route=\/wp\/v2\/media\/18451"}],"wp:attachment":[{"href":"https:\/\/historiografija.hr\/index.php?rest_route=%2Fwp%2Fv2%2Fmedia&parent=18450"}],"wp:term":[{"taxonomy":"category","embeddable":true,"href":"https:\/\/historiografija.hr\/index.php?rest_route=%2Fwp%2Fv2%2Fcategories&post=18450"},{"taxonomy":"post_tag","embeddable":true,"href":"https:\/\/historiografija.hr\/index.php?rest_route=%2Fwp%2Fv2%2Ftags&post=18450"}],"curies":[{"name":"wp","href":"https:\/\/api.w.org\/{rel}","templated":true}]}}