{"id":18443,"date":"2020-01-04T12:31:27","date_gmt":"2020-01-04T12:31:27","guid":{"rendered":"http:\/\/historiografija.hr\/?p=18443"},"modified":"2020-01-11T13:20:10","modified_gmt":"2020-01-11T13:20:10","slug":"stalni-prijepori-o-spomenicima","status":"publish","type":"post","link":"https:\/\/historiografija.hr\/?p=18443","title":{"rendered":"Stalni prijepori o spomenicima"},"content":{"rendered":"<p>Tijekom protekle dvije godine vodile su se polemike o zagreba\u010dkom spomeniku Franji Tu\u0111manu i planiranom zagreba\u010dkom spomeniku \u017didovima stradalim u Holokaustu, u tijeku je izgradnja Spomenika domovini u Zagrebu, a trenutno se u dijelu javnosti reagira na najave spomen-obilje\u017eja \u017ertvama iz Drugog svjetskog rata i poslijeratnog razdoblja te spomenika Frani Tenti u Splitu. Kontinuirana tema su i sukobi oko uni\u0161tavanja i obnove spomenika NOB-a.<\/p>\n<p>&nbsp;<\/p>\n<p>&#8212;<\/p>\n<p>&nbsp;<\/p>\n<p>Polemike o ocjeni politi\u010dke ostav\u0161tine Franje Tu\u0111mana (povodom otkrivanja spomenika)<\/p>\n<p><a href=\"https:\/\/historiografija.hr\/?p=12782\">https:\/\/historiografija.hr\/?p=12782<\/a><\/p>\n<p>Priop\u0107enja i komentari povodom na\u010dina procesuiranja osumnji\u010denog za \u0161aranje spomenika Franji Tu\u0111manu u Zagrebu<\/p>\n<p><a href=\"https:\/\/historiografija.hr\/?p=13304\">https:\/\/historiografija.hr\/?p=13304<\/a><\/p>\n<p>&nbsp;<\/p>\n<p>&#8212;<\/p>\n<p>&nbsp;<\/p>\n<p>Prijepori o planiranom zagreba\u010dkom spomeniku \u017didovima stradalim u Holokaustu<\/p>\n<p><a href=\"https:\/\/historiografija.hr\/?p=8212\">https:\/\/historiografija.hr\/?p=8212<\/a><\/p>\n<p>Polemike povodom podizanja spomenika \u017ertvama Holokausta (2)<\/p>\n<p><a href=\"https:\/\/historiografija.hr\/?p=15734\">https:\/\/historiografija.hr\/?p=15734<\/a><\/p>\n<p>&nbsp;<\/p>\n<p>&#8212;<\/p>\n<p>&nbsp;<\/p>\n<p>Spomenik domovini<\/p>\n<p><a href=\"https:\/\/www.zagreb.hr\/spomenik-domovini\/149713\">https:\/\/www.zagreb.hr\/spomenik-domovini\/149713<\/a><\/p>\n<p><a href=\"https:\/\/www.vecernji.hr\/zagreb\/spomenik-domovini-od-34-7-mil-kuna-niknut-ce-do-sljedece-jeseni-1347074\">https:\/\/www.vecernji.hr\/zagreb\/spomenik-domovini-od-34-7-mil-kuna-niknut-ce-do-sljedece-jeseni-1347074<\/a><\/p>\n<p><a href=\"https:\/\/www.tportal.hr\/vijesti\/clanak\/bandic-i-plenkovic-zajednicki-polozili-temeljni-kamen-za-spomenik-domovini-foto-20190923\">https:\/\/www.tportal.hr\/vijesti\/clanak\/bandic-i-plenkovic-zajednicki-polozili-temeljni-kamen-za-spomenik-domovini-foto-20190923<\/a><\/p>\n<p><a href=\"https:\/\/www.telegram.hr\/price\/zasto-umjesto-spomenika-domovini-naprosto-nismo-postavili-kip-magarca\/\">https:\/\/www.telegram.hr\/price\/zasto-umjesto-spomenika-domovini-naprosto-nismo-postavili-kip-magarca\/<\/a><\/p>\n<p><a href=\"https:\/\/www.braniteljski-portal.com\/foto-bandic-izgradnjom-spomenika-domovini-zabija-zadnji-cavao-u-lijes-proslavi-dana-pobjedeobrambenom-domovinskom-ratu-tudmanu-i-hrvatima\">https:\/\/www.braniteljski-portal.com\/foto-bandic-izgradnjom-spomenika-domovini-zabija-zadnji-cavao-u-lijes-proslavi-dana-pobjedeobrambenom-domovinskom-ratu-tudmanu-i-hrvatima<\/a><\/p>\n<p><a href=\"https:\/\/www.vecernji.hr\/vijesti\/spomenik-domovini-gradit-ce-i-tigra-tvrtka-bandiceva-kuma-1338176\">https:\/\/www.vecernji.hr\/vijesti\/spomenik-domovini-gradit-ce-i-tigra-tvrtka-bandiceva-kuma-1338176<\/a><\/p>\n<p><a href=\"http:\/\/tris.com.hr\/2019\/09\/kumski-poslovi-pocinje-gradnja-kontroverznog-bandicevog-spomenika-domovini\/\">http:\/\/tris.com.hr\/2019\/09\/kumski-poslovi-pocinje-gradnja-kontroverznog-bandicevog-spomenika-domovini\/<\/a><\/p>\n<p><a href=\"https:\/\/www.nacionalno.hr\/treba-li-nam-ut-oltar-domovini-i-spomenik-domovini\/\">https:\/\/www.nacionalno.hr\/treba-li-nam-ut-oltar-domovini-i-spomenik-domovini\/<\/a><\/p>\n<p><a href=\"https:\/\/arteist.hr\/spomenik-domovini\/\">https:\/\/arteist.hr\/spomenik-domovini\/<\/a><\/p>\n<p>&nbsp;<\/p>\n<p>&#8212;<\/p>\n<p>&nbsp;<\/p>\n<p>Spomen-obilje\u017eja \u017ertvama iz Drugog svjetskog rata i poslijeratnog razdoblja<\/p>\n<p><a href=\"http:\/\/www.hdlu.hr\/2019\/03\/natjecaj-za-likovno-rjesenje-spomen-obiljezja-za-groblje-zrtava-iz-drugog-svjetskog-rata-i-poslijeratnog-razdoblja\/\">http:\/\/www.hdlu.hr\/2019\/03\/natjecaj-za-likovno-rjesenje-spomen-obiljezja-za-groblje-zrtava-iz-drugog-svjetskog-rata-i-poslijeratnog-razdoblja\/<\/a><\/p>\n<p><a href=\"https:\/\/www.arhitekti-hka.hr\/hr\/novosti\/natjecaj-za-spomen-obiljezje-za-zrtve-iz-drugog-svjetskog-rata-i-poraca,3790.html\">https:\/\/www.arhitekti-hka.hr\/hr\/novosti\/natjecaj-za-spomen-obiljezje-za-zrtve-iz-drugog-svjetskog-rata-i-poraca,3790.html<\/a><\/p>\n<p><a href=\"https:\/\/www.jutarnji.hr\/kultura\/njegov-rad-istice-se-jasnocom-i-sazetoscu-nikoli-basicu-prva-nagrada-za-spomen-obiljezje-zrtvama-2-svjetskog-rata\/9762832\/\">https:\/\/www.jutarnji.hr\/kultura\/njegov-rad-istice-se-jasnocom-i-sazetoscu-nikoli-basicu-prva-nagrada-za-spomen-obiljezje-zrtvama-2-svjetskog-rata\/9762832\/<\/a><\/p>\n<p><a href=\"https:\/\/www.vecernji.hr\/vijesti\/ovako-ce-izgledati-spomenik-za-zrtve-drugog-svjetskog-rata-1366708\">https:\/\/www.vecernji.hr\/vijesti\/ovako-ce-izgledati-spomenik-za-zrtve-drugog-svjetskog-rata-1366708<\/a><\/p>\n<p><a href=\"https:\/\/www.slobodnadalmacija.hr\/novosti\/hrvatska\/clanak\/id\/640199\/hrvatska-dobiva-spomenik-koji-ce-se-nalaziti-na-nekoliko-stotina-mjesta-hoce-li-dosad-nevien-koncept-pomiriti-sve-zrtve-drugog-svjetskog-rata-i-poraca-nas-poznati-arhitekt-pojasnjava-sto-mu-je-bio-cilj\">https:\/\/www.slobodnadalmacija.hr\/novosti\/hrvatska\/clanak\/id\/640199\/hrvatska-dobiva-spomenik-koji-ce-se-nalaziti-na-nekoliko-stotina-mjesta-hoce-li-dosad-nevien-koncept-pomiriti-sve-zrtve-drugog-svjetskog-rata-i-poraca-nas-poznati-arhitekt-pojasnjava-sto-mu-je-bio-cilj<\/a><\/p>\n<p><a href=\"https:\/\/www.portalnovosti.com\/neprijateljska-propaganda-franjisticka-drzava\">https:\/\/www.portalnovosti.com\/neprijateljska-propaganda-franjisticka-drzava<\/a><\/p>\n<p><a href=\"https:\/\/www.kulturpunkt.hr\/content\/sljubljivanje-drzave-s-fasizmom\">https:\/\/www.kulturpunkt.hr\/content\/sljubljivanje-drzave-s-fasizmom<\/a><\/p>\n<p><a href=\"https:\/\/www.portalnovosti.com\/spomenicka-lastika\">https:\/\/www.portalnovosti.com\/spomenicka-lastika<\/a><\/p>\n<p><a href=\"https:\/\/www.kulturpunkt.hr\/content\/spomenici-liberalnom-kompromiserstvu\">https:\/\/www.kulturpunkt.hr\/content\/spomenici-liberalnom-kompromiserstvu<\/a><\/p>\n<p><a href=\"https:\/\/vizkultura.hr\/poziv-na-bojkot\/\">https:\/\/vizkultura.hr\/poziv-na-bojkot\/<\/a><\/p>\n<p><a href=\"http:\/\/tris.com.hr\/2019\/03\/spomenici-kao-nase-ogledalo-novo-tudmanovsko-miksanje-kostiju\/\">http:\/\/tris.com.hr\/2019\/03\/spomenici-kao-nase-ogledalo-novo-tudmanovsko-miksanje-kostiju\/<\/a><\/p>\n<p><a href=\"https:\/\/www.sabh.hr\/index.php?option=com_content&amp;view=article&amp;id=1752:totalitarni-reimi-i-njihove-rtve&amp;catid=5:novosti&amp;Itemid=14\">https:\/\/www.sabh.hr\/index.php?option=com_content&amp;view=article&amp;id=1752:totalitarni-reimi-i-njihove-rtve&amp;catid=5:novosti&amp;Itemid=14<\/a><\/p>\n<p><a href=\"https:\/\/www.telegram.hr\/price\/kako-vlada-dizanjem-spomenika-zrtvama-drugog-svjetskog-rata-i-poraca-hini-da-zeli-pomirbu-a-ustvari-legitimizira-fasizam\/\">https:\/\/www.telegram.hr\/price\/kako-vlada-dizanjem-spomenika-zrtvama-drugog-svjetskog-rata-i-poraca-hini-da-zeli-pomirbu-a-ustvari-legitimizira-fasizam\/<\/a><\/p>\n<p>&nbsp;<\/p>\n<p>&#8212;<\/p>\n<p>&nbsp;<\/p>\n<p>Spomenik Frani Tenti<\/p>\n<p><a href=\"https:\/\/www.tportal.hr\/vijesti\/clanak\/grad-split-dize-spomenik-ustaskom-jurisniku-20191220\">https:\/\/www.tportal.hr\/vijesti\/clanak\/grad-split-dize-spomenik-ustaskom-jurisniku-20191220<\/a><\/p>\n<p><a href=\"https:\/\/dalmatinskiportal.hr\/vijesti\/martin-pauk-zeli-da-split-podigne-spomenik-frani-tenti\/55894\">https:\/\/dalmatinskiportal.hr\/vijesti\/martin-pauk-zeli-da-split-podigne-spomenik-frani-tenti\/55894<\/a><\/p>\n<p><a href=\"https:\/\/www.rtl.hr\/vijesti-hr\/novosti\/hrvatska\/3618531\/nezamislivo-grad-split-donio-odluku-o-podizanju-spomenika-ustaskom-vojniku-frani-tenti\/\">https:\/\/www.rtl.hr\/vijesti-hr\/novosti\/hrvatska\/3618531\/nezamislivo-grad-split-donio-odluku-o-podizanju-spomenika-ustaskom-vojniku-frani-tenti\/<\/a><\/p>\n<p><a href=\"https:\/\/www.telegram.hr\/politika-kriminal\/kontroverzni-splitski-vijecnik-hvali-se-velikim-dostignucem-split-podize-spomenik-mladom-ustasi\/\">https:\/\/www.telegram.hr\/politika-kriminal\/kontroverzni-splitski-vijecnik-hvali-se-velikim-dostignucem-split-podize-spomenik-mladom-ustasi\/<\/a><\/p>\n<p><a href=\"https:\/\/www.24sata.hr\/news\/skandalozno-grad-split-dize-spomenik-ustaskom-jurisniku-666338\">https:\/\/www.24sata.hr\/news\/skandalozno-grad-split-dize-spomenik-ustaskom-jurisniku-666338<\/a><\/p>\n<p><a href=\"https:\/\/www.telegram.hr\/price\/splitska-vlast-se-vise-ni-ne-skriva-ovim-zadnjim-spomenikom-dali-su-potpuni-legitimitet-ustastvu\/\">https:\/\/www.telegram.hr\/price\/splitska-vlast-se-vise-ni-ne-skriva-ovim-zadnjim-spomenikom-dali-su-potpuni-legitimitet-ustastvu\/<\/a><\/p>\n<p><a href=\"https:\/\/www.index.hr\/vijesti\/clanak\/split-podize-spomenik-ustasi-na-marjanu\/2141810.aspx\">https:\/\/www.index.hr\/vijesti\/clanak\/split-podize-spomenik-ustasi-na-marjanu\/2141810.aspx<\/a><\/p>\n<p><a href=\"https:\/\/direktno.hr\/domovina\/split-ce-dobiti-spomenik-mladicu-stradalom-u-komunistickom-rezimu-pauk-konacno-je-ispravljena-nepravda-176706\/\">https:\/\/direktno.hr\/domovina\/split-ce-dobiti-spomenik-mladicu-stradalom-u-komunistickom-rezimu-pauk-konacno-je-ispravljena-nepravda-176706\/<\/a><\/p>\n<p><a href=\"https:\/\/www.portalnovosti.com\/antifasisti-spomenik-ustasi-frani-tenti-je-sramota-za-splicane\">https:\/\/www.portalnovosti.com\/antifasisti-spomenik-ustasi-frani-tenti-je-sramota-za-splicane<\/a><\/p>\n<p><a href=\"https:\/\/slobodnadalmacija.hr\/dalmacija\/split\/clanak\/id\/640216\/splitski-antifasisti-ogorceni-na-podizanje-spomenika-frani-tenti-a-osvrnuli-su-se-i-na-skorica-39split-se-jos-jednom-crveni-od-stida-a-izjava-splitskog-serifa-iz-hdz-a-rezultat-je-besramnog-odnosa-prema-gradu39\">https:\/\/slobodnadalmacija.hr\/dalmacija\/split\/clanak\/id\/640216\/splitski-antifasisti-ogorceni-na-podizanje-spomenika-frani-tenti-a-osvrnuli-su-se-i-na-skorica-39split-se-jos-jednom-crveni-od-stida-a-izjava-splitskog-serifa-iz-hdz-a-rezultat-je-besramnog-odnosa-prema-gradu39<\/a><\/p>\n<p><a href=\"https:\/\/net.hr\/danas\/hrvatska\/splitski-desnicar-inicirao-a-gradonacelnik-prihvatio-na-marjanu-ce-biti-postavljen-spomenik-ustasi-frani-tenti\/\">https:\/\/net.hr\/danas\/hrvatska\/splitski-desnicar-inicirao-a-gradonacelnik-prihvatio-na-marjanu-ce-biti-postavljen-spomenik-ustasi-frani-tenti\/<\/a><\/p>\n<p><a href=\"https:\/\/www.jutarnji.hr\/komentari\/kako-je-opara-postao-kerum-mandat-mu-je-krenuo-s-velikim-obecanjima-a-na-kraju-ce-ostati-upamcen-po-dva-brutalna-ideoloska-skandala\/9796210\/\">https:\/\/www.jutarnji.hr\/komentari\/kako-je-opara-postao-kerum-mandat-mu-je-krenuo-s-velikim-obecanjima-a-na-kraju-ce-ostati-upamcen-po-dva-brutalna-ideoloska-skandala\/9796210\/<\/a><\/p>\n<p><a href=\"http:\/\/tris.com.hr\/2019\/12\/split-kao-muzej-revizionizma-dok-baldasari-i-opare-bjeze-u-misju-rupu-pred-agresivnim-paucima-i-antifasisticki-spomenici-uzmicat-ce-pred-ustaskim\/\">http:\/\/tris.com.hr\/2019\/12\/split-kao-muzej-revizionizma-dok-baldasari-i-opare-bjeze-u-misju-rupu-pred-agresivnim-paucima-i-antifasisticki-spomenici-uzmicat-ce-pred-ustaskim\/<\/a><\/p>\n<p><a href=\"https:\/\/www.portalnovosti.com\/sjaj-i-bijeda-ustaskog-splita\">https:\/\/www.portalnovosti.com\/sjaj-i-bijeda-ustaskog-splita<\/a><\/p>\n<p><a href=\"https:\/\/narod.hr\/hrvatska\/radnickofrontasica-peovic-se-obrusila-na-podizanje-spomenika-domoljubu-i-komunistickom-muceniku-tenti-dize-se-spomenik-ustasi\">https:\/\/narod.hr\/hrvatska\/radnickofrontasica-peovic-se-obrusila-na-podizanje-spomenika-domoljubu-i-komunistickom-muceniku-tenti-dize-se-spomenik-ustasi<\/a><\/p>\n<p><a href=\"https:\/\/dalmatinskiportal.hr\/vijesti\/hrvatski-suverenisti-podrzali-odavanje-pocasti-frani-tenti--a-predlozili-su-podizanje-jos-jednog-spomenika\/56392\">https:\/\/dalmatinskiportal.hr\/vijesti\/hrvatski-suverenisti-podrzali-odavanje-pocasti-frani-tenti&#8211;a-predlozili-su-podizanje-jos-jednog-spomenika\/56392<\/a><\/p>\n<p><a href=\"https:\/\/www.dubrovnikinsider.hr\/index.php\/component\/k2\/item\/13554-ivica-granic-zasto-spomenik-frani-tenti-zbog-malog-milijuna-cinjenica-no-spomenimo-samo-neke\">https:\/\/www.dubrovnikinsider.hr\/index.php\/component\/k2\/item\/13554-ivica-granic-zasto-spomenik-frani-tenti-zbog-malog-milijuna-cinjenica-no-spomenimo-samo-neke<\/a><\/p>\n<p>&nbsp;<\/p>\n<p>&#8212;<\/p>\n<p>&nbsp;<\/p>\n<p>Spomenici NOB-a<\/p>\n<p><a href=\"http:\/\/www.forum.tm\/vijesti\/novac-za-obnovu-spomenika-nob-u-u-sinju-preusmjerili-za-obnovu-i-gradnju-crkava-7336\">http:\/\/www.forum.tm\/vijesti\/novac-za-obnovu-spomenika-nob-u-u-sinju-preusmjerili-za-obnovu-i-gradnju-crkava-7336<\/a><\/p>\n<p><a href=\"https:\/\/www.portalnovosti.com\/prvo-dinamitom-pa-hdz-om\">https:\/\/www.portalnovosti.com\/prvo-dinamitom-pa-hdz-om<\/a><\/p>\n<p><a href=\"https:\/\/www.portalnovosti.com\/trista-mu-bista\">https:\/\/www.portalnovosti.com\/trista-mu-bista<\/a><\/p>\n<p>&nbsp;<\/p>\n<p>&nbsp;<\/p>\n<p>&nbsp;<\/p>\n","protected":false},"excerpt":{"rendered":"","protected":false},"author":2,"featured_media":18446,"comment_status":"open","ping_status":"open","sticky":false,"template":"","format":"standard","meta":{"_acf_changed":false,"jetpack_post_was_ever_published":false,"_jetpack_newsletter_access":"","_jetpack_dont_email_post_to_subs":false,"_jetpack_newsletter_tier_id":0,"_jetpack_memberships_contains_paywalled_content":false,"_jetpack_memberships_contains_paid_content":false,"footnotes":"","jetpack_publicize_message":"","jetpack_publicize_feature_enabled":true,"jetpack_social_post_already_shared":true,"jetpack_social_options":{"image_generator_settings":{"template":"highway","default_image_id":0,"font":"","enabled":false},"version":2}},"categories":[3,17],"tags":[],"class_list":["post-18443","post","type-post","status-publish","format-standard","has-post-thumbnail","hentry","category-novosti","category-rasprave"],"acf":{"facebook_opis":""},"jetpack_publicize_connections":[],"jetpack_featured_media_url":"https:\/\/i0.wp.com\/historiografija.hr\/wp-content\/uploads\/2020\/01\/spomenik-domovini.jpg?fit=735%2C490&ssl=1","jetpack_sharing_enabled":true,"jetpack-related-posts":[{"id":52439,"url":"https:\/\/historiografija.hr\/?p=52439","url_meta":{"origin":18443,"position":0},"title":"Tribina &#8220;Ahmi\u0107i 33 godine kasnije: Ne u na\u0161e ime&#8221;","author":"Branimir Jankovi\u0107","date":"16. travnja 2026.","format":false,"excerpt":"U \u010detvrtak, 16. travnja 2026. u 17 sati u Knji\u017enici i \u010ditaonici Bogdana Ogrizovi\u0107a u Zagrebu odr\u017eat \u0107e se tribina pod nazivom Ahmi\u0107i 33 godine kasnije: Ne u na\u0161e ime. Na tribini \u0107e govoriti Ivica \u0110iki\u0107, novinar, Mubera Masli\u0107 \u2013 \u017ddralovi\u0107, aktivistikinja, prevoditeljica za arapski, Domagoj Fuk, student politologije, \u010dlan\u2026","rel":"","context":"U &quot;Novosti&quot;","block_context":{"text":"Novosti","link":"https:\/\/historiografija.hr\/?cat=3"},"img":{"alt_text":"","src":"https:\/\/i0.wp.com\/historiografija.hr\/wp-content\/uploads\/2026\/04\/Zagreb_2026.jpeg?fit=1200%2C900&ssl=1&resize=350%2C200","width":350,"height":200,"srcset":"https:\/\/i0.wp.com\/historiografija.hr\/wp-content\/uploads\/2026\/04\/Zagreb_2026.jpeg?fit=1200%2C900&ssl=1&resize=350%2C200 1x, https:\/\/i0.wp.com\/historiografija.hr\/wp-content\/uploads\/2026\/04\/Zagreb_2026.jpeg?fit=1200%2C900&ssl=1&resize=525%2C300 1.5x, https:\/\/i0.wp.com\/historiografija.hr\/wp-content\/uploads\/2026\/04\/Zagreb_2026.jpeg?fit=1200%2C900&ssl=1&resize=700%2C400 2x, https:\/\/i0.wp.com\/historiografija.hr\/wp-content\/uploads\/2026\/04\/Zagreb_2026.jpeg?fit=1200%2C900&ssl=1&resize=1050%2C600 3x"},"classes":[]},{"id":52660,"url":"https:\/\/historiografija.hr\/?p=52660","url_meta":{"origin":18443,"position":1},"title":"Medijski odjeci \u010dlanka Steve \u0110ura\u0161kovi\u0107a \u201e\u017dupanovljeva ne\u017eeljena djeca: ideolo\u0161ko pribli\u017eavanje neoliberala i kr\u0161\u0107anske radikalne desnice u Hrvatskoj\u201c","author":"Branimir Jankovi\u0107","date":"24. travnja 2026.","format":false,"excerpt":"U sklopu projekta \u201eIzazovi intelektualne povijesti: recepcije, preobrazbe i upotrebe politi\u010dkih ideja\u201c objavljen je polemi\u010dki \u010dlanak Steve \u0110ura\u0161kovi\u0107a \u201e\u017dupanovljeva ne\u017eeljena djeca: ideolo\u0161ko pribli\u017eavanje neoliberala i kr\u0161\u0107anske radikalne desnice u Hrvatskoj\u201c, koji je izazvao odre\u0111ene medijske reakcije. Stevo \u0110ura\u0161kovi\u0107 \u017dupanovljeva ne\u017eeljena djeca: ideolo\u0161ko pribli\u017eavanje neoliberala i kr\u0161\u0107anske radikalne desnice u Hrvatskoj\u2026","rel":"","context":"U &quot;Novosti&quot;","block_context":{"text":"Novosti","link":"https:\/\/historiografija.hr\/?cat=3"},"img":{"alt_text":"","src":"https:\/\/i0.wp.com\/historiografija.hr\/wp-content\/uploads\/2026\/04\/SD.png?fit=809%2C821&ssl=1&resize=350%2C200","width":350,"height":200,"srcset":"https:\/\/i0.wp.com\/historiografija.hr\/wp-content\/uploads\/2026\/04\/SD.png?fit=809%2C821&ssl=1&resize=350%2C200 1x, https:\/\/i0.wp.com\/historiografija.hr\/wp-content\/uploads\/2026\/04\/SD.png?fit=809%2C821&ssl=1&resize=525%2C300 1.5x, https:\/\/i0.wp.com\/historiografija.hr\/wp-content\/uploads\/2026\/04\/SD.png?fit=809%2C821&ssl=1&resize=700%2C400 2x"},"classes":[]},{"id":52613,"url":"https:\/\/historiografija.hr\/?p=52613","url_meta":{"origin":18443,"position":2},"title":"No\u0107 knjige u Hrvatskom dr\u017eavnom arhivu","author":"Branimir Jankovi\u0107","date":"22. travnja 2026.","format":false,"excerpt":"Predstavljanje knjige Rajke Bu\u0107in \u201dLije\u010denje i zbrinjavanje \u017didova u Bolnici sestara milosrdnica u Zagrebu 1941. \u2013 1945.\u201d u \u010detvrtak, 23. travnja 2026. u 13 sati u Hrvatskom dr\u017eavnom arhivu u Zagrebu. Izvor: https:\/\/www.arhiv.hr\/hr-hr\/Kulturno-prosvjetne-aktivnosti\/ArticleId\/1986\/oamid\/1633","rel":"","context":"U &quot;Novosti&quot;","block_context":{"text":"Novosti","link":"https:\/\/historiografija.hr\/?cat=3"},"img":{"alt_text":"","src":"https:\/\/i0.wp.com\/historiografija.hr\/wp-content\/uploads\/2026\/04\/noc_knjige_2026.jpg?fit=680%2C276&ssl=1&resize=350%2C200","width":350,"height":200,"srcset":"https:\/\/i0.wp.com\/historiografija.hr\/wp-content\/uploads\/2026\/04\/noc_knjige_2026.jpg?fit=680%2C276&ssl=1&resize=350%2C200 1x, https:\/\/i0.wp.com\/historiografija.hr\/wp-content\/uploads\/2026\/04\/noc_knjige_2026.jpg?fit=680%2C276&ssl=1&resize=525%2C300 1.5x"},"classes":[]},{"id":52520,"url":"https:\/\/historiografija.hr\/?p=52520","url_meta":{"origin":18443,"position":3},"title":"Predstavljanje knjige &#8220;Socialist Economics in Yugoslavia: A Critical History&#8221; u Zagrebu","author":"Branimir Jankovi\u0107","date":"17. travnja 2026.","format":false,"excerpt":"Pozivamo vas na predstavljanje knjige \"Socialist Economics in Yugoslavia: A Critical History\", autora Mislava \u00a0\u017ditka i Marka Grde\u0161i\u0107a (Routledge, 2026). Na predstavljanju \u0107e govoriti Branko Milanovi\u0107 (CUNY), Milica Uvali\u0107 (EUI), Zdravko Petak (FPZG) te autori.\u00a0 Predstavljanje \u0107e se odr\u017eati u srijedu 22. travnja u 16:00 sati na Fakultetu politi\u010dkih znanosti\u2026","rel":"","context":"U &quot;Novosti&quot;","block_context":{"text":"Novosti","link":"https:\/\/historiografija.hr\/?cat=3"},"img":{"alt_text":"","src":"https:\/\/i0.wp.com\/historiografija.hr\/wp-content\/uploads\/2026\/04\/Poziv-na-predstavljanje.png?fit=800%2C652&ssl=1&resize=350%2C200","width":350,"height":200,"srcset":"https:\/\/i0.wp.com\/historiografija.hr\/wp-content\/uploads\/2026\/04\/Poziv-na-predstavljanje.png?fit=800%2C652&ssl=1&resize=350%2C200 1x, https:\/\/i0.wp.com\/historiografija.hr\/wp-content\/uploads\/2026\/04\/Poziv-na-predstavljanje.png?fit=800%2C652&ssl=1&resize=525%2C300 1.5x, https:\/\/i0.wp.com\/historiografija.hr\/wp-content\/uploads\/2026\/04\/Poziv-na-predstavljanje.png?fit=800%2C652&ssl=1&resize=700%2C400 2x"},"classes":[]},{"id":52552,"url":"https:\/\/historiografija.hr\/?p=52552","url_meta":{"origin":18443,"position":4},"title":"Besplatni glazbeni antikvarijat","author":"Branimir Jankovi\u0107","date":"20. travnja 2026.","format":false,"excerpt":"Muzi\u010dka akademija Sveu\u010dili\u0161ta u Zagrebu 23. travnja 2026. od 10 do 17 sati Pozivamo Vas na Besplatni glazbeni antikvarijat, koji u sklopu manifestacije No\u0107 knjige 2026. organizira Hrvatska udruga muzi\u010dkih knji\u017enica, arhiva i dokumentacijskih centara (HUMKAD). Antikvarijat \u0107e se odr\u017eati na Svjetski dan knjige \u2013 u \u010detvrtak 23. travnja 2026.\u2026","rel":"","context":"U &quot;Novosti&quot;","block_context":{"text":"Novosti","link":"https:\/\/historiografija.hr\/?cat=3"},"img":{"alt_text":"","src":"https:\/\/i0.wp.com\/historiografija.hr\/wp-content\/uploads\/2026\/04\/Besplatni-glazbeni-antikvarijat-23.-4.-2026.jpg?fit=1200%2C848&ssl=1&resize=350%2C200","width":350,"height":200,"srcset":"https:\/\/i0.wp.com\/historiografija.hr\/wp-content\/uploads\/2026\/04\/Besplatni-glazbeni-antikvarijat-23.-4.-2026.jpg?fit=1200%2C848&ssl=1&resize=350%2C200 1x, https:\/\/i0.wp.com\/historiografija.hr\/wp-content\/uploads\/2026\/04\/Besplatni-glazbeni-antikvarijat-23.-4.-2026.jpg?fit=1200%2C848&ssl=1&resize=525%2C300 1.5x, https:\/\/i0.wp.com\/historiografija.hr\/wp-content\/uploads\/2026\/04\/Besplatni-glazbeni-antikvarijat-23.-4.-2026.jpg?fit=1200%2C848&ssl=1&resize=700%2C400 2x, https:\/\/i0.wp.com\/historiografija.hr\/wp-content\/uploads\/2026\/04\/Besplatni-glazbeni-antikvarijat-23.-4.-2026.jpg?fit=1200%2C848&ssl=1&resize=1050%2C600 3x"},"classes":[]},{"id":52603,"url":"https:\/\/historiografija.hr\/?p=52603","url_meta":{"origin":18443,"position":5},"title":"No\u0107 knjige: Carska i kraljevska kuhinja","author":"Branimir Jankovi\u0107","date":"22. travnja 2026.","format":false,"excerpt":"Pozivamo vas da nam se pridru\u017eite 23. travnja 2026. u 18 sati u obilje\u017eavanju No\u0107i knjige u Pivnici Bobi&Rudi na Trgu Ivana Me\u0161trovi\u0107a u Zapru\u0111u u Zagrebu gdje uz kavu \u010ditamo recepte iz zemalja Austro-Ugarske Monarhije iz knjige Carska i kraljevska kuhinja, autora Roberta Mak\u0142owicza, u prijevodu Damira Agi\u010di\u0107a. Izvor:\u2026","rel":"","context":"U &quot;Novosti&quot;","block_context":{"text":"Novosti","link":"https:\/\/historiografija.hr\/?cat=3"},"img":{"alt_text":"","src":"https:\/\/i0.wp.com\/historiografija.hr\/wp-content\/uploads\/2026\/04\/Noc-knjige-Carska-i-kraljevska.jpg?fit=1200%2C1200&ssl=1&resize=350%2C200","width":350,"height":200,"srcset":"https:\/\/i0.wp.com\/historiografija.hr\/wp-content\/uploads\/2026\/04\/Noc-knjige-Carska-i-kraljevska.jpg?fit=1200%2C1200&ssl=1&resize=350%2C200 1x, https:\/\/i0.wp.com\/historiografija.hr\/wp-content\/uploads\/2026\/04\/Noc-knjige-Carska-i-kraljevska.jpg?fit=1200%2C1200&ssl=1&resize=525%2C300 1.5x, https:\/\/i0.wp.com\/historiografija.hr\/wp-content\/uploads\/2026\/04\/Noc-knjige-Carska-i-kraljevska.jpg?fit=1200%2C1200&ssl=1&resize=700%2C400 2x, https:\/\/i0.wp.com\/historiografija.hr\/wp-content\/uploads\/2026\/04\/Noc-knjige-Carska-i-kraljevska.jpg?fit=1200%2C1200&ssl=1&resize=1050%2C600 3x"},"classes":[]}],"_links":{"self":[{"href":"https:\/\/historiografija.hr\/index.php?rest_route=\/wp\/v2\/posts\/18443","targetHints":{"allow":["GET"]}}],"collection":[{"href":"https:\/\/historiografija.hr\/index.php?rest_route=\/wp\/v2\/posts"}],"about":[{"href":"https:\/\/historiografija.hr\/index.php?rest_route=\/wp\/v2\/types\/post"}],"author":[{"embeddable":true,"href":"https:\/\/historiografija.hr\/index.php?rest_route=\/wp\/v2\/users\/2"}],"replies":[{"embeddable":true,"href":"https:\/\/historiografija.hr\/index.php?rest_route=%2Fwp%2Fv2%2Fcomments&post=18443"}],"version-history":[{"count":2,"href":"https:\/\/historiografija.hr\/index.php?rest_route=\/wp\/v2\/posts\/18443\/revisions"}],"predecessor-version":[{"id":18560,"href":"https:\/\/historiografija.hr\/index.php?rest_route=\/wp\/v2\/posts\/18443\/revisions\/18560"}],"wp:featuredmedia":[{"embeddable":true,"href":"https:\/\/historiografija.hr\/index.php?rest_route=\/wp\/v2\/media\/18446"}],"wp:attachment":[{"href":"https:\/\/historiografija.hr\/index.php?rest_route=%2Fwp%2Fv2%2Fmedia&parent=18443"}],"wp:term":[{"taxonomy":"category","embeddable":true,"href":"https:\/\/historiografija.hr\/index.php?rest_route=%2Fwp%2Fv2%2Fcategories&post=18443"},{"taxonomy":"post_tag","embeddable":true,"href":"https:\/\/historiografija.hr\/index.php?rest_route=%2Fwp%2Fv2%2Ftags&post=18443"}],"curies":[{"name":"wp","href":"https:\/\/api.w.org\/{rel}","templated":true}]}}