{"id":18420,"date":"2020-01-03T12:04:07","date_gmt":"2020-01-03T12:04:07","guid":{"rendered":"http:\/\/historiografija.hr\/?p=18420"},"modified":"2020-01-03T12:04:07","modified_gmt":"2020-01-03T12:04:07","slug":"mischa-meier-geschichte-der-volkerwanderung-europa-asien-und-afrika-vom-3-bis-zum-8-jahrhundert-n-chr","status":"publish","type":"post","link":"https:\/\/historiografija.hr\/?p=18420","title":{"rendered":"Mischa Meier, \u201eGeschichte der V\u00f6lkerwanderung. Europa, Asien und Afrika vom 3. bis zum 8. Jahrhundert n.Chr.\u201c"},"content":{"rendered":"<p>Izdava\u010d C.H.Beck objavio je 2019. godine opse\u017enu knjigu povjesni\u010dara Mische Meiera \u201ePovijest seobe naroda. Europa, Azija i Afrika od 3. do 8. stolje\u0107a\u201c (1532 str.).<\/p>\n<p>&nbsp;<\/p>\n<p>Byzanz, 29. Juli 626 &#8211; vor den Toren der pr\u00e4chtigsten Stadt Europas und Asiens hat der Khagan der Awaren 80.000 Krieger zusammengezogen und verlangt ihre bedingungslose \u00dcbergabe. F\u00fcr die Menschen in der Metropole steht fest, dass das Ende aller Zeiten gekommen ist und die M\u00e4chte der Finsternis das apokalyptische Heer von Gog vor ihre Stadt gef\u00fchrt haben.<\/p>\n<p>Wie oft Menschen zwischen dem 3. und 8. Jahrhundert n. Chr. solch t\u00f6dliche Furcht vor herandr\u00e4ngenden Heeren fremder V\u00f6lker empfunden haben, zeigt Mischa Meier in seiner magistralen Darstellung der V\u00f6lkerwanderungszeit. Sie beinhaltet die Geschichte des sp\u00e4ten Imperium Romanum sowie die Geschichten der nachr\u00f6mischen Herrschaftsbild ungen im Westen, jene des fr\u00fchen Byzantinischen Reiches, aber auch die des fr\u00fchen islamischen Kalifats bis zum Ende der Umayyadenzeit (750). Reich an Informationen, stets verst\u00e4ndlich und spannend zu lesen, f\u00fchrt sie den Leser von der europ\u00e4ischen und nordafrikanischen Atlantikk\u00fcste bis zu den zentralasiatischen Knotenpunkten der Seidenstra\u00dfe, nach Nordindien und zum Hindukusch, von Skandinavien und Britannien im Norden bis nach Arabien im S\u00fcden. Sie macht vertraut mit den dramatischen Ereignissen dieser Zeit und den damit einhergehenden tiefgreifenden Wandlungsprozessen. Ein wahres Opus magnum, das erstmals eine vollst\u00e4ndige Geschichte der Epoche bietet.<\/p>\n<p>&nbsp;<\/p>\n<p><strong>Inhalt<\/strong><\/p>\n<p>&nbsp;<\/p>\n<p>Vorwort<\/p>\n<p>&nbsp;<\/p>\n<p>I. \u2039V\u00f6lkerwanderung\u203a: Forschungsobjekt und Darstellungsproblem<\/p>\n<p>&nbsp;<\/p>\n<p>II. Sturm an der Donau \u2013 Beginn der \u2039V\u00f6lkerwanderung\u203a<\/p>\n<p>&nbsp;<\/p>\n<p>III. <em>Regni nostri maxima pars<\/em>: Afrika \u2013 Verwundbare S\u00fcdgrenze des R\u00f6mischen Reiches<\/p>\n<p>&nbsp;<\/p>\n<p>IV. Jenseits des Bosporus: Der Osten des R\u00f6mischen Reiches<\/p>\n<p>&nbsp;<\/p>\n<p>V. Ringen um die Rheingrenze: Der Westen des R\u00f6mischen Reiches<\/p>\n<p>&nbsp;<\/p>\n<p>VI.<em> Pax abiit terris<\/em>: Ein Jahrhundert der B\u00fcrgerkriege<\/p>\n<p>&nbsp;<\/p>\n<p>VII. Manifester Kontrollverlust: Das Emergieren postr\u00f6mischer <em>regna<\/em> im Westen des R\u00f6mischen Reichs<\/p>\n<p>&nbsp;<\/p>\n<p>VIII. <em>Quasi anima reipublicae<\/em> \u2013 Afrika im 5. Jahrhundert<\/p>\n<p>&nbsp;<\/p>\n<p>IX. Selbstbehauptung in Zeiten der Bedrohung: Der Osten des <em>Imperium Romanum<\/em> im 5. Jahrhundert<\/p>\n<p>&nbsp;<\/p>\n<p>X. Die Partikularisierung des Westens im fr\u00fchen Mittelalter<\/p>\n<p>&nbsp;<\/p>\n<p>XI. Ringen um Existenz und Einheit im Osten<\/p>\n<p>&nbsp;<\/p>\n<p>XII. Epilog: Die \u2039V\u00f6lkerwanderung\u203a<\/p>\n<p>&nbsp;<\/p>\n<p>Anhang<\/p>\n<p>&nbsp;<\/p>\n<p>Abk\u00fcrzungen<\/p>\n<p>Anmerkungen<\/p>\n<p>Quellen<\/p>\n<p>Literatur<\/p>\n<p>Bildnachweis<\/p>\n<p>Register der Namen, Gruppen, Verb\u00e4nde<\/p>\n<p>Geographisches Register<\/p>\n<p>Sachregister<\/p>\n<p>&nbsp;<\/p>\n<p><strong>Pressestimmen \/ Leseprobe:<\/strong><\/p>\n<p><a href=\"https:\/\/www.chbeck.de\/meier-geschichte-voelkerwanderung\/product\/27670790\">https:\/\/www.chbeck.de\/meier-geschichte-voelkerwanderung\/product\/27670790<\/a><\/p>\n<p>&nbsp;<\/p>\n<p>&nbsp;<\/p>\n<p>&nbsp;<\/p>\n","protected":false},"excerpt":{"rendered":"","protected":false},"author":2,"featured_media":18421,"comment_status":"open","ping_status":"open","sticky":false,"template":"","format":"standard","meta":{"_acf_changed":false,"jetpack_post_was_ever_published":false,"_jetpack_newsletter_access":"","_jetpack_dont_email_post_to_subs":false,"_jetpack_newsletter_tier_id":0,"_jetpack_memberships_contains_paywalled_content":false,"_jetpack_memberships_contains_paid_content":false,"footnotes":"","jetpack_publicize_message":"","jetpack_publicize_feature_enabled":true,"jetpack_social_post_already_shared":true,"jetpack_social_options":{"image_generator_settings":{"template":"highway","default_image_id":0,"font":"","enabled":false},"version":2}},"categories":[8,3],"tags":[],"class_list":["post-18420","post","type-post","status-publish","format-standard","has-post-thumbnail","hentry","category-knjige","category-novosti"],"acf":{"facebook_opis":""},"jetpack_publicize_connections":[],"jetpack_featured_media_url":"https:\/\/i0.wp.com\/historiografija.hr\/wp-content\/uploads\/2020\/01\/meier.jpg?fit=1890%2C2882&ssl=1","jetpack_sharing_enabled":true,"jetpack-related-posts":[],"_links":{"self":[{"href":"https:\/\/historiografija.hr\/index.php?rest_route=\/wp\/v2\/posts\/18420","targetHints":{"allow":["GET"]}}],"collection":[{"href":"https:\/\/historiografija.hr\/index.php?rest_route=\/wp\/v2\/posts"}],"about":[{"href":"https:\/\/historiografija.hr\/index.php?rest_route=\/wp\/v2\/types\/post"}],"author":[{"embeddable":true,"href":"https:\/\/historiografija.hr\/index.php?rest_route=\/wp\/v2\/users\/2"}],"replies":[{"embeddable":true,"href":"https:\/\/historiografija.hr\/index.php?rest_route=%2Fwp%2Fv2%2Fcomments&post=18420"}],"version-history":[{"count":1,"href":"https:\/\/historiografija.hr\/index.php?rest_route=\/wp\/v2\/posts\/18420\/revisions"}],"predecessor-version":[{"id":18422,"href":"https:\/\/historiografija.hr\/index.php?rest_route=\/wp\/v2\/posts\/18420\/revisions\/18422"}],"wp:featuredmedia":[{"embeddable":true,"href":"https:\/\/historiografija.hr\/index.php?rest_route=\/wp\/v2\/media\/18421"}],"wp:attachment":[{"href":"https:\/\/historiografija.hr\/index.php?rest_route=%2Fwp%2Fv2%2Fmedia&parent=18420"}],"wp:term":[{"taxonomy":"category","embeddable":true,"href":"https:\/\/historiografija.hr\/index.php?rest_route=%2Fwp%2Fv2%2Fcategories&post=18420"},{"taxonomy":"post_tag","embeddable":true,"href":"https:\/\/historiografija.hr\/index.php?rest_route=%2Fwp%2Fv2%2Ftags&post=18420"}],"curies":[{"name":"wp","href":"https:\/\/api.w.org\/{rel}","templated":true}]}}