{"id":18396,"date":"2020-01-02T14:14:48","date_gmt":"2020-01-02T14:14:48","guid":{"rendered":"http:\/\/historiografija.hr\/?p=18396"},"modified":"2020-01-02T14:33:06","modified_gmt":"2020-01-02T14:33:06","slug":"andrej-rodinis-crni-arhivski-dani","status":"publish","type":"post","link":"https:\/\/historiografija.hr\/?p=18396","title":{"rendered":"Andrej Rodinis &#8211; Crni arhivski dani (o arhivskoj gra\u0111i BiH 1992-1995. u HMDCDR-u)"},"content":{"rendered":"<p>&nbsp;<\/p>\n<p><strong>CRNI ARHIVSKI DANI<\/strong><\/p>\n<p>&nbsp;<\/p>\n<p>Nikada se u Bosni i Hercegovini nije digla takva medijska halabuka glede arhivskoga gradiva, kao \u0161to se to dogodilo u prethodnoj, 2019. godini.<\/p>\n<p>Zapo\u010delo je u travnju, u politi\u010dkome magazinu <em>Stav<\/em>, gdje je novinar Nedim Hasi\u0107 upozorio svekoliku bosanskohercegova\u010dku javnost na jedan, ali ne bilo kakav, ve\u0107 slu\u010dajno otkriveni &#8220;skandal&#8221;:<\/p>\n<p>&#8220;Jedan \u010dlanak objavljen u stru\u010dnom \u010dasopisu prije ne\u0161to manje od tri godine slu\u010dajno je otkrio skandal u \u010dijem su sredi\u0161tu institucije Bosne i Hercegovine i obavje\u0161tajno-policijske strukture susjedne Hrvatske. Po ko zna koji put&#8221;.<a href=\"#_ftn1\" name=\"_ftnref1\">[1]<\/a><\/p>\n<p>Rije\u010d je o \u010dlanku Ivana Brigovi\u0107a &#8220;Pregled arhivskoga gradiva o Domovinskome ratu u Bosni i Hercegovini koje je pohranjeno u Hrvatskom memorijalno-dokumentacijskom centru Domovinskog rata&#8221;. Nije objavljen u stru\u010dnom \u010dasopisu, ve\u0107 u zborniku radova s 49. savjetovanja hrvatskih arhivista, &#8220;Arhivi i Domovinski rat&#8221;, odr\u017eanoga na Plitvicama od 26. do 28. listopada 2016. godine. Treba re\u0107i da je \u010dlanak 2018. godine pretiskan u 21. broju \u010dasopisa Arhiva Tuzlanskoga kantona <em>Arhivska praksa<\/em>, jer je uredni\u0161tvo na\u0161lo da je rije\u010d &#8220;o vrlo zna\u010dajnom, sadr\u017eajnom nau\u010dnom radu koji istra\u017euje i donosi podatke i informacije o arhivskoj gra\u0111i Bosne i Hercegovine iz perioda 1992-1995. godina, a koja se nalazi u Hrvatskom memorijalno-dokumentacijskom centru Domovinskog rata u Zagrebu. Smatrali smo zna\u010dajnim da se na ovaj na\u010din stru\u010dna i nau\u010dna javnost upozna sa sadr\u017eajem navedenog rada, kako bi imali informacije o istom i eventualnom poduzimanju koraka za povrat predmetne gra\u0111e u Bosnu i Hercegovinu&#8221;.<a href=\"#_ftn2\" name=\"_ftnref2\">[2]<\/a><\/p>\n<p>Nije va\u017eno zadr\u017eavati se na ovome posjedovanju informacija i o &#8220;eventualnom poduzimanju koraka&#8221;, tim manje \u0161to bosanske arhivske eksperte skandaliziranost trese jo\u0161 od plitvi\u010dkoga savjetovanja u listopadu 2016.: Prema novinaru <em>Stava<\/em> Hasi\u0107u, &#8220;nakon \u0161to su pro\u010ditali \u010dlanak i sve njegove dodatke, kakva je, recimo, tabela u kojoj su detaljno navedeni dokumenti koji se nalaze u Hrvatskoj, datumi kada su izuzeti i datumi kada su preneseni u susjednu dr\u017eavu, bosanskohercegova\u010dki arhivari shvatili su da do tog trenutka nisu imali pojma da ta dokumentacija uop\u0107e postoji te da se ta obimna ratna dokumentacija uop\u0107e nalazi u Hrvatskoj?!&#8221;<\/p>\n<p>Ne bi bilo na odmet upozoriti da Brigovi\u0107 u tablici uop\u0107e nije donio datume prijenosa dokumenata iz jedne u drugu dr\u017eavu, ve\u0107 samo datume 1) kada su iz Hrvatske informativne slu\u017ebe i Ministarstva obrane Republike Hrvatske predani Hrvatskome dr\u017eavnome arhivu u Zagrebu (HDA) i 2) kada su iz HDA predani Hrvatskom memorijalno-dokumentacijskom centru Domovinskog rata (2009.), gdje se i danas nalaze. Mnogo va\u017enije trebalo bi biti to \u0161to su bosanskohercegova\u010dki &#8220;arhivari&#8221; kona\u010dno shvatili da nemaju pojma. A kada su kona\u010dno shvatili da nemaju pojma, oni su \u2013 pokrenuli istragu!<\/p>\n<p>&#8220;Tokom istrage bh. arhivara&#8221;, doznali smo od novinara, koji arhiviste dosljedno naziva <em>arhivarima<\/em>, &#8220;o na\u010dinu i putevima kojima su dokumenti dospjeli u Hrvatsku do\u0161lo se do nekih informacija o tome da su dokumenti pokradeni iz bh. dr\u017eavnih arhiva&#8221;!<\/p>\n<p>Ne zna se, a vjerojatno se nikada ne\u0107e niti znati kada je ta istraga pokrenuta; koji &#8220;arhivari&#8221; su istu vodili i do kakvih su sve otkri\u0107a do\u0161li, ali &#8220;prema tvrdnjama arhivara&#8221; s kojima je novinar <em>Stava <\/em>razgovarao (ili je bolje re\u0107i: koji su govorili novinaru?), zanimljive su dvije stvari:<\/p>\n<p>&#8220;Prva je da su, kako se navodi, kada su u Hrvatskoj shvatili \u0161ta se desilo, povu\u010deni zbornici radova s Plitvica te ih je danas gotovo nemogu\u0107e na\u0107i. Ipak, sa\u010duvano je nekoliko primjeraka u kojima je \u0161tampan Brigovi\u0107ev rad. Druga je stvar to \u0161to se u Brigovi\u0107evom \u010dlanku spominje ime jedne osobe koja je bila anga\u017eirana na sre\u0111ivanju dokumentacije u Hrvatskoj. Ta je osoba u isto vrijeme bila uposlenik Arhiva Bosne i Hercegovine i nedugo nakon obavljenog posla u Hrvatskoj trajno je iz Sarajeva preselila u Holandiju&#8221;.<\/p>\n<p>Kod prve zanimljive stvari, bosanskohercegova\u010dka je javnost ostala prikra\u0107ena za informaciju <em>kako <\/em>je zbornik plitvi\u010dkoga savjetovanja &#8220;povu\u010den&#8221;? Jesu li, mo\u017eda, bosanski &#8220;arhivari&#8221; u sklopu istrage pretresli sve hrvatske knji\u017enice i knji\u017eare, pa i privatne stanove, da bi se uvjerili da je zbornik &#8220;povu\u010den&#8221;? Me\u0111utim, <em>kakvi <\/em>su po sebi ne novinari ve\u0107 bosanski arhivari kada vode istrage dovoljno \u0107e re\u0107i podatak da je zbornik jo\u0161 od 8. studenoga 2016. godine dostupan na internetskoj stranici Hrvatskoga arhivisti\u010dkoga dru\u0161tva,<a href=\"#_ftn3\" name=\"_ftnref3\">[3]<\/a> organizatora plitvi\u010dkoga savjetovanja. Izli\u0161nim se, prema tome, \u010dini postaviti pitanje kako se mo\u017ee tvrditi da je &#8220;povu\u010deno&#8221; ne\u0161to \u0161to se klikom mi\u0161a mo\u017ee preuzeti s interneta (Pitanje bi trebalo biti <em>za\u0161to <\/em>se takovo \u0161to tvrdi?).<\/p>\n<p>Kod druge zanimljive stvari, bosanski &#8220;arhivari&#8221; ili nisu priop\u0107ili novinaru <em>Stava<\/em> o kojoj je osobi rije\u010d ili jesu, samo on nije smatrao va\u017enim navesti joj ime i prezime. U svakom slu\u010daju, treba navesti \u0161to u \u010dlanku (na str. 142 &#8220;povu\u010denog&#8221; zbornika) pi\u0161e Brigovi\u0107:<\/p>\n<p>&#8220;Nakon \u0161to je donesena odluka da mu se zbirka dokumenata o Domovinskome ratu u Bosni i Hercegovini privremeno preda na \u010duvanje, u HDA je osnovana posebna radna skupina u sastavu: \u017divana He\u0111beli, kao voditelj skupine, i, kao \u010dlanovi, Tomislav \u010cepuli\u0107, Borut Guli\u010d, Diana Mik\u0161i\u0107, Mirjana Pavkovi\u0107 i Snje\u017eana Zgorelec, sa zada\u0107om da se izvr\u0161i zahtijevan posao identifikacije, fizi\u010dkoga signiranja i spajanja cjelokupnoga gradiva.\u00b9\u00ba Skupina je zapo\u010dela s radom odmah po preuzimanju prve po\u0161iljke gradiva od HIS-a sredinom lipnja 2000. godine&#8221;.<\/p>\n<p>U fusnoti 10, Brigovi\u0107 navodi:<\/p>\n<p>&#8220;Njima su, svaki po pet radnih dana, pomagali Dario \u010cupi\u0107 i Andrej Rodinis&#8221;.<\/p>\n<p>Od mojih pet radnih (studentskih) dana u rujnu 2000. u Zagrebu, do moje selidbe u Nizozemsku u travnju 2018. godine, pro\u0161lo je samo sedamnaest i pol godina. Tih sedamnaest i pol godina postalo je ono &#8220;nedugo&#8221; u Hasi\u0107evu \u010dlanku, u kojemu mi pripisa (o\u010digledno tajni) rad za Hrvatski dr\u017eavni arhiv u vrijeme dok sam bio uposlen u Arhivu Bosne i Hercegovine. No, da se jasno shvati kako bosanski arhivari vode istrage, treba podsjetiti da Brigovi\u0107ev \u010dlanak, s mojim imenom i prezimenom u jednoj fusnoti, stoji na internetu od studenoga 2016. godine, a ja sam u Arhivu Bosne i Hercegovine radio sve do konca o\u017eujka 2018. godine \u2013 Za tih godinu dana i pet mjeseci u Sarajevu, <em>nitko<\/em> me ni\u0161ta nije pitao&#8230;<\/p>\n<p>\u010cini se pak da Hasi\u0107 u <em>Stavu<\/em> nije najbolje odradio posao, pa je stvar u svoje papke uzeo Mehmed Me\u0161a Pargan, novinar i knji\u017eevnik iz Tuzle. Na portalu udruge za &#8220;afirmaciju obrazovanja, kulture i morala&#8221; <em>Saff<\/em>,<a href=\"#_ftn4\" name=\"_ftnref4\">[4]<\/a> u tekstu koji \u0107e prenijeti i neki drugi portali, Pargan drami:<\/p>\n<p>&#8220;Arhivski radnici u Bosni i Hercegovini posljednjih godina bezuspje\u0161no ukazuju na nezapam\u0107en me\u0111unarodni kriminal u kojem je dr\u017eava Hrvatska, putem svoga Dr\u017eavnog arhiva i Slu\u017ebe sigurnosti, ukrala iz Arhiva Bosne i Hercegovine oko 10.400 kutija arhivske gra\u0111e (radi se o milionima dokumenata, fotografija, video i audio snimaka). U toj gra\u0111i je kompletna dokumentacija Armije Republike Bosne i Hercegovine, Stranke demokratske akcije (sa personalnim dosjeima i privatnim prepiskama), Patriotske lige Bosne i Hercegovine itd.&#8221;<\/p>\n<p>&#8220;Kada je otkriveno&#8221;, nastavlja Pargan, &#8220;da su dr\u017eavne institucije Hrvatske, preko svoga instaliranog kadra u Arhivu Bosne i Hercegovine ukrale kompletnu ratnu memoriju Armije Republike Bosne i Hercegovine, zatra\u017eeno je zvani\u010dno da Arhiv Hrvatske vrati dokumentaciju&#8230; U tom trenutku, zbog opasnosti da \u0107e biti ka\u017enjeni od svjetske organizacije arhivista, Arhiv Hrvatske prebacuje kompletnu dokumentaciju u sjedi\u0161te Slu\u017ebe sigurnosti i skida sa sebe odgovornost i mogu\u0107nost kazne. Vlada Republike Hrvatske donosi Odluku kojom zabranjuje pristup toj dokumentaciji bilo kojeg stranog dr\u017eavljanina \u2013 dakle, definitivno je institucionalizirana kra\u0111a stolje\u0107a, provedena u re\u017eiji dr\u017eave Hrvatske.&#8221;<\/p>\n<p>Pargan ne\u0107e, kao kolega mu Hasi\u0107, kazati da su zbornici s plitvi\u010dkoga savjetovanja &#8220;povu\u010deni&#8221;, ve\u0107 da su &#8220;uni\u0161teni, kako bi se uni\u0161tili dokazi o kra\u0111i. Samo oni primjerci koji su prije toga slu\u010dajno iza\u0161li iz \u0161tamparije spa\u0161eni su&#8221;,<a href=\"#_ftn5\" name=\"_ftnref5\">[5]<\/a> a kako je dokumentacija u me\u0111uvremenu pokradena iz Arhiva Bosne i Hercegovine, i kradljivca treba imenovati:<\/p>\n<p>&#8220;U to vrijeme pouzdani kadar Miroslava Tu\u0111mana (u to vrijeme prvog \u010dovjeka hrvatske slu\u017ebe sigurnosti) u Arhivu Bosne i Hercegovine bio je Andrek Rodinic. Zanimljivo je da je Rodinis nakon ove afere odselio u Holandiju i danas tamo \u017eivi, a do danas ga niko nije teretio za bilo kakav prospust, \u0161tetu ili kra\u0111u. Tako\u0111er, direktora Jerkovi\u0107a nikada niko nije pozvao na odgovornost&#8221;.<\/p>\n<p>I tuzlanski je novinar Mehmed Me\u0161a Pargan zacijelo razgovarao sa zabrinutim bosanskim arhivskim djelatnicima, kako bi skrpio tekst, koji \u0107e svr\u0161iti krikom da &#8220;dr\u017eavu Bosnu i Hercegovinu u ovom trenutku razbijaju iznutra&#8221;. Zato bi trebalo \u010duditi da je u jednom tako kratkom tekstu, u svega pedesetak redaka, uspio iznijeti toliku koli\u010dinu budala\u0161tina! Jo\u0161 bi \u010dudnije trebalo biti da se na tu silnu histeriju nitko iz tzv. struke nije zvani\u010dno oglasio, pa makar da ispravi naj\u017ee\u0161\u0107e maloumnosti. Na prvome mjestu, da je Hrvatska 10.400 arhivskih kutija gradiva ukrala iz Arhiva Bosne i Hercegovine, u kojemu to gradivo nikad nije bilo. Da je u tih 10.400 kutija stala &#8220;kompletna dokumentacija&#8221; Armije Republike Bosne i Hercegovine, Stranke demokratske akcije i Patriotske lige! Da &#8220;Arhiv Hrvatske&#8221; (treba: Hrvatski dr\u017eavni arhiv) to gradivo odjednom prebacuje &#8220;u sjedi\u0161te Slu\u017ebe sigurnosti&#8221; (\u0161to god to bilo!), iako je isto jo\u0161 2009. predao Hrvatskom memorijalno-dokumentacijskom centru Domovinskog rata, i da taj nemogu\u0107i manevar izvodi iz straha od &#8220;svjetske organizacije arhivista&#8221;. Da se poziva na odgovornost Adamira Jerkovi\u0107a, \u010dovjeka koji nikad nije radio u Arhivu Bosne i Hercegovine (Na klevetu da sam kao &#8220;prvi \u010dovjek&#8221; Miroslava Tu\u0111mana krao dokumente ne \u017eelim se osvrtati, jer iz perspektive jednog hamala u tu\u0111ini osje\u0107am zapravo \u010distu zahvalnost).<\/p>\n<p>Poseban prilog o ovome slu\u010daju emitiran je u emisiji &#8220;Mre\u017ea&#8221; Federalne televizije, 27. svibnja 2019. Zapo\u010dinje rije\u010dima &#8220;HRVATSKI GRABE\u017dLJIVCI&#8221;, a koje se odnose na Miroslava Tu\u0111mana i Ivu Lu\u010di\u0107a, koje se optu\u017euje da su pokrali spomenuto gradivo. A o pokradenome, prema ovome prilogu, u Bosni i Hercegovini ne brine nitko&#8230; Osim &#8220;jednog dijela struke&#8221; (ta, malo je re\u0107i izlizana floskuletina u bosanskoj arhivisti\u010dkoj literaturi). Pa doznajemo da je do sada (tj. do kraja svibnja 2019.!) jedino reagiralo Arhivisti\u010dko udru\u017eenje Bosne i Hercegovine. Kako ka\u017ee predsjednica Spomenka Peli\u0107, to udru\u017eenje je obavijestilo Ministarstvo civilnih poslova BiH, Arhiv Bosne i Hercegovine i Arhivsko vije\u0107e Bosne i Hercegovine. No kako se Peli\u0107 pred mikrofonom zlopati, u pomo\u0107 priska\u010de uvijek budni profesor s Odsjeka za historiju Filozofskog fakulteta u Tuzli, Izet \u0160aboti\u0107, u prilogu potpisan jedinstveno kao &#8220;biv\u0161i predsjednik Arhivisti\u010dkog udru\u017eenja BiH&#8221;. I taj \u0107e &#8220;biv\u0161i predsjednik&#8221;, sa svoje katedre za povijest, kazati kako &#8220;valja samo pokrenuti postupak&#8221; da se arhivsko gradivo vrati u Bosnu i Hercegovinu.<a href=\"#_ftn6\" name=\"_ftnref6\">[6]<\/a><\/p>\n<p>Neprocjenjiva je vrijednost televizije u tomu \u0161to mo\u017eemo vidjeti <em>\u0161to<\/em> je taj &#8220;jedan dio struke&#8221; u Bosni i Hercegovini. Dio koji o problemu obavje\u0161tava i stvarno nenadle\u017ena ministarstva (Ministarstvo civilnih poslova BiH), i mrtvoro\u0111ena savjetodavna tijela (Arhivsko vije\u0107e BiH), ali i dio koji o\u010dito ni s Arhivom Bosne i Hercegovine nema normalnu komunikaciju (Njima &#8220;biv\u0161i predsjednik Arhivisti\u010dkog udru\u017eenja BiH&#8221; \u0160aboti\u0107, u svibnju 2019. preko televizijske emisije poru\u010duje \u0161to su trebali u\u010diniti).<\/p>\n<p>Autora ovoga teksta ne zanima je li kakav postupak povrata u me\u0111uvremenu pokrenut. Niti ho\u0107e li biti pokrenut i kakav \u0107e biti kona\u010dni ishod. Ovaj je tekst, zapravo, nastao samo zbog jednog nevjerojatnog prizora iz tuzlanskoga hotela &#8220;Mellain&#8221;, s otvaranja me\u0111unarodne konferencije &#8220;Tuzlanski arhivski dani&#8221;, koja je odr\u017eana 27. i 28. rujna 2019. godine.<\/p>\n<p>Do ove godine, u Tuzli je odr\u017eavano godi\u0161nje arhivisti\u010dko savjetovanje pod nazivom &#8220;Arhivska praksa&#8221;, koje je uvijek pratio i izlazak novoga broja istoimenoga \u010dasopisa. Ove je godine pak odr\u017eana ta konferencija &#8220;Tuzlanski arhivski dani&#8221;, u organizaciji Dru\u0161tva arhivskih zaposlenika Tuzlanskoga kantona. Konferencija je &#8220;okupila vrsne stru\u010dnjake iz oblasti arhivistike, historije i informaciono-komunikacijskih tehnologija iz Slovenije, Hrvatske, Bosne i Hercegovine i Srbije&#8221;.<a href=\"#_ftn7\" name=\"_ftnref7\">[7]<\/a> Kako se mo\u017ee vidjeti iz televizijskoga priloga, a pogotovo iz mno\u0161tva fotografija plasiranih na dru\u0161tvenim mre\u017eama, na otvorenju te konferencije, u prvome redu (promatrano s lijeva na desno), sjedili su:<\/p>\n<p>1) Had\u017eija Had\u017eiabdi\u0107, zamjenik direktora Arhiva Bosne i Hercegovine;<\/p>\n<p>2) Sejdalija Gu\u0161i\u0107, u tom trenutku otpu\u0161teni djelatnik Historijskoga arhiva Sarajevo;<\/p>\n<p>3) Silvija Babi\u0107, predsjednica Hrvatskoga arhivisti\u010dkoga dru\u0161tva;<\/p>\n<p>4) Dinko \u010cutura, ravnatelj Hrvatskoga dr\u017eavnoga arhiva u Zagrebu;<\/p>\n<p>5) Izet \u0160aboti\u0107, &#8220;biv\u0161i predsjednik Arhivisti\u010dkog udru\u017eenja BiH&#8221;;<\/p>\n<p>6) Omer Zuli\u0107, kao predstavnik Dru\u0161tva arhivskih zaposlenika Tuzlanskoga kantona;<\/p>\n<p>7) kantonalni ministar, koji \u0107e sve\u010dano otvoriti presti\u017eni skup;<\/p>\n<p>8) Hrvoje Stan\u010di\u0107, profesor s Filozofskog fakulteta u Zagrebu, ali i \u010dlan predsjedni\u0161tva Hrvatskoga arhivisti\u010dkoga dru\u0161tva;<\/p>\n<p>9) jedna, autoru ovoga teksta nepoznata osoba (pretpostavljam predstavnica neke vlasti);<\/p>\n<p>10) Spomenka Peli\u0107, predsjednica Arhivisti\u010dkog udru\u017eenja BiH i<\/p>\n<p>11) Vlatka Lemi\u0107, arhivistkinja iz Zagreba, ali i biv\u0161a ravnateljica Hrvatskoga dr\u017eavnoga arhiva u Zagrebu.<\/p>\n<p>&nbsp;<\/p>\n<p><a href=\"https:\/\/i0.wp.com\/historiografija.hr\/wp-content\/uploads\/2020\/01\/Slika.jpg?ssl=1\"><img data-recalc-dims=\"1\" loading=\"lazy\" decoding=\"async\" data-attachment-id=\"18399\" data-permalink=\"https:\/\/historiografija.hr\/?attachment_id=18399\" data-orig-file=\"https:\/\/i0.wp.com\/historiografija.hr\/wp-content\/uploads\/2020\/01\/Slika.jpg?fit=747%2C480&amp;ssl=1\" data-orig-size=\"747,480\" data-comments-opened=\"1\" data-image-meta=\"{&quot;aperture&quot;:&quot;0&quot;,&quot;credit&quot;:&quot;&quot;,&quot;camera&quot;:&quot;&quot;,&quot;caption&quot;:&quot;&quot;,&quot;created_timestamp&quot;:&quot;0&quot;,&quot;copyright&quot;:&quot;&quot;,&quot;focal_length&quot;:&quot;0&quot;,&quot;iso&quot;:&quot;0&quot;,&quot;shutter_speed&quot;:&quot;0&quot;,&quot;title&quot;:&quot;&quot;,&quot;orientation&quot;:&quot;0&quot;}\" data-image-title=\"Slika\" data-image-description=\"\" data-image-caption=\"\" data-large-file=\"https:\/\/i0.wp.com\/historiografija.hr\/wp-content\/uploads\/2020\/01\/Slika.jpg?fit=747%2C480&amp;ssl=1\" class=\"alignnone size-medium wp-image-18399\" src=\"https:\/\/i0.wp.com\/historiografija.hr\/wp-content\/uploads\/2020\/01\/Slika.jpg?resize=300%2C193&#038;ssl=1\" alt=\"\" width=\"300\" height=\"193\" srcset=\"https:\/\/i0.wp.com\/historiografija.hr\/wp-content\/uploads\/2020\/01\/Slika.jpg?resize=300%2C193&amp;ssl=1 300w, https:\/\/i0.wp.com\/historiografija.hr\/wp-content\/uploads\/2020\/01\/Slika.jpg?w=747&amp;ssl=1 747w\" sizes=\"auto, (max-width: 300px) 100vw, 300px\" \/><\/a><\/p>\n<p>(Izvor: Facebook-stranica Dru\u0161tva arhivskih zaposlenika Tuzlanskog kantona)<\/p>\n<p>&nbsp;<\/p>\n<p>U prvome redu u sve\u010danoj dvorani, na me\u0111unarodnoj konferenciji &#8220;Tuzlanski arhivski dani&#8221;, posjedali skupa bosanski i hrvatski arhivisti! Prema onome \u0161to napisa tuzlanski novinar, zamjenik direktora Arhiva Bosne i Hercegovine, iz kojega je navodno oplja\u010dkano onih 10.400 kutija arhivskoga gradiva, s biv\u0161om ravnateljicom i aktualnim ravnateljem Hrvatskoga dr\u017eavnoga arhiva, preko kojega je navodno ta plja\u010dka odra\u0111ena! &#8220;Biv\u0161i predsjednik&#8221; i aktualna predsjednica Arhivisti\u010dkog udru\u017eenja BiH, koje jedino vodi brigu o poplja\u010dkanome gradivu, s predsjednicom i \u010dlanom predsjedni\u0161tva Hrvatskoga arhivisti\u010dkoga dru\u0161tva, kojemu je neizravno imputirano uklanjanje i uni\u0161tavanje zbornika radova, kako bi se dokazi o plja\u010dki sakrili!<\/p>\n<p>Tema konferencije &#8220;Tuzlanski arhivski dani&#8221; bila je &#8220;Elektronski zapisi kao historijski izvori \u010detvrte generacije: zna\u010daj, za\u0161tita i kori\u0161tenje&#8221;. Pred jednom tako va\u017enom temom, bosanski i hrvatski arhivisti zacijelo nisu imali kad razgovarati o nekakvim tamo &#8220;skandalima&#8221; i &#8220;plja\u010dkama stolje\u0107a&#8221;.<\/p>\n<p>A uvjeren sam da su i \u0107evapi bili odli\u010dni!<\/p>\n<p>&nbsp;<\/p>\n<p><em>Andrej Rodinis<\/em><\/p>\n<p>&nbsp;<\/p>\n<hr \/>\n<p>&nbsp;<\/p>\n<p><a href=\"#_ftnref1\" name=\"_ftn1\">[1]<\/a> https:\/\/stav.ba\/hrvatska-ne-vraca-ratni-arhiv-bosni-i-hercegovini\/, objavljeno 8.4.2019.<\/p>\n<p><a href=\"#_ftnref2\" name=\"_ftn2\">[2]<\/a> Iz uvodnika 21. broju <em>Arhivske prakse <\/em>(Tuzla 2018.), str. 4.<\/p>\n<p><a href=\"#_ftnref3\" name=\"_ftn3\">[3]<\/a> https:\/\/www.had-info.hr\/pub\/86-radovi-s-49-savjetovanja-hrvatskih-arhivista-na-plitvicama-2016.<\/p>\n<p><a href=\"#_ftnref4\" name=\"_ftn4\">[4]<\/a> http:\/\/saff.ba\/kako-je-hrvatska-ukrala-kompletnu-dokumentaciju-armije-r-bih-sda-patriotske-lige\/, objavljeno 24. svibnja 2019.<\/p>\n<p><a href=\"#_ftnref5\" name=\"_ftn5\">[5]<\/a> Jo\u0161 jednom, zbornik stoji kako stoji na internetskoj stranici Hrvatskoga arhivisti\u010dkoga dru\u0161tva: https:\/\/www.had-info.hr\/pub\/86-radovi-s-49-savjetovanja-hrvatskih-arhivista-na-plitvicama-2016.<\/p>\n<p><a href=\"#_ftnref6\" name=\"_ftn6\">[6]<\/a> http:\/\/www.federalna.ba\/bhs\/vijest\/276639\/mreza-27052019<\/p>\n<p><a href=\"#_ftnref7\" name=\"_ftn7\">[7]<\/a> Prilog RTV Tuzlanskoga kantona, emitiran 28.9.2019. https:\/\/www.youtube.com\/watch?v=WjdXYgUdkcA, pristupljeno 1.10.2019.<\/p>\n<p>&nbsp;<\/p>\n<hr \/>\n<p>&nbsp;<\/p>\n<p>Uredni\u0161tvo portala Historiografija.hr ne odgovara za tvrdnje izre\u010dene u raspravama, polemikama i drugim tekstovima. Reagiranja i polemi\u010dke priloge mo\u017eete slati na e-mail adresu urednika portala bjankovi@ffzg.hr<\/p>\n<p>&nbsp;<\/p>\n<p>&nbsp;<\/p>\n","protected":false},"excerpt":{"rendered":"","protected":false},"author":2,"featured_media":0,"comment_status":"open","ping_status":"open","sticky":false,"template":"","format":"standard","meta":{"_acf_changed":false,"jetpack_post_was_ever_published":false,"_jetpack_newsletter_access":"","_jetpack_dont_email_post_to_subs":false,"_jetpack_newsletter_tier_id":0,"_jetpack_memberships_contains_paywalled_content":false,"_jetpack_memberships_contains_paid_content":false,"footnotes":"","jetpack_publicize_message":"","jetpack_publicize_feature_enabled":true,"jetpack_social_post_already_shared":true,"jetpack_social_options":{"image_generator_settings":{"template":"highway","default_image_id":0,"font":"","enabled":false},"version":2}},"categories":[4,17],"tags":[],"class_list":["post-18396","post","type-post","status-publish","format-standard","hentry","category-osvrti","category-rasprave"],"acf":{"facebook_opis":""},"jetpack_publicize_connections":[],"jetpack_featured_media_url":"","jetpack_sharing_enabled":true,"jetpack-related-posts":[{"id":52666,"url":"https:\/\/historiografija.hr\/?p=52666","url_meta":{"origin":18396,"position":0},"title":"Najava programa Festivala povijesti Kliofest (5-8. V. 2026)","author":"Branimir Jankovi\u0107","date":"24. travnja 2026.","format":false,"excerpt":"Po trinaesti put odr\u017eava se Festival povijesti Kliofest! Do petka \u0107emo odr\u017eati osam okruglih stolova i dva kolokvija te niz predstavljanja knjiga i projekata razli\u010dite tematike, od antike do suvremenosti. Bit \u0107e predstavljeno i nekoliko izlo\u017ebi te odr\u017ean jedan povijesni kviz. Prikazat \u0107emo i jedan film \u2013 o generalu Boroevi\u0107u.\u2026","rel":"","context":"U &quot;Novosti&quot;","block_context":{"text":"Novosti","link":"https:\/\/historiografija.hr\/?cat=3"},"img":{"alt_text":"","src":"https:\/\/i0.wp.com\/historiografija.hr\/wp-content\/uploads\/2026\/04\/Kliofest-2026.jpg?fit=526%2C526&ssl=1&resize=350%2C200","width":350,"height":200,"srcset":"https:\/\/i0.wp.com\/historiografija.hr\/wp-content\/uploads\/2026\/04\/Kliofest-2026.jpg?fit=526%2C526&ssl=1&resize=350%2C200 1x, https:\/\/i0.wp.com\/historiografija.hr\/wp-content\/uploads\/2026\/04\/Kliofest-2026.jpg?fit=526%2C526&ssl=1&resize=525%2C300 1.5x"},"classes":[]},{"id":52528,"url":"https:\/\/historiografija.hr\/?p=52528","url_meta":{"origin":18396,"position":1},"title":"[Promocija knjige] Banja Luka u ratu: Etnopolitika i svakodnevica (1990\u20131995) (ActiveLab, YugoLab)","author":"Branimir Jankovi\u0107","date":"17. travnja 2026.","format":false,"excerpt":"Institut za filozofiju i dru\u0161tvenu teoriju i O\u0161tra Nula organizuju promociju knjige Banja Luka u ratu: Etnopolitika i svakodnevica (1990\u20131995) autorke Armine Galija\u0161, koja \u0107e se odr\u017eati 20. aprila 2026. u 12.00 sati u prostorijama Instituta (Kraljice Natalije 45, Beograd). Re\u010d je o prvom nau\u010dno utemeljenom i sistematskom radu koji\u2026","rel":"","context":"U &quot;Novosti&quot;","block_context":{"text":"Novosti","link":"https:\/\/historiografija.hr\/?cat=3"},"img":{"alt_text":"","src":"https:\/\/i0.wp.com\/historiografija.hr\/wp-content\/uploads\/2026\/04\/20-april-RS.jpg?fit=1200%2C675&ssl=1&resize=350%2C200","width":350,"height":200,"srcset":"https:\/\/i0.wp.com\/historiografija.hr\/wp-content\/uploads\/2026\/04\/20-april-RS.jpg?fit=1200%2C675&ssl=1&resize=350%2C200 1x, https:\/\/i0.wp.com\/historiografija.hr\/wp-content\/uploads\/2026\/04\/20-april-RS.jpg?fit=1200%2C675&ssl=1&resize=525%2C300 1.5x, https:\/\/i0.wp.com\/historiografija.hr\/wp-content\/uploads\/2026\/04\/20-april-RS.jpg?fit=1200%2C675&ssl=1&resize=700%2C400 2x, https:\/\/i0.wp.com\/historiografija.hr\/wp-content\/uploads\/2026\/04\/20-april-RS.jpg?fit=1200%2C675&ssl=1&resize=1050%2C600 3x"},"classes":[]},{"id":52654,"url":"https:\/\/historiografija.hr\/?p=52654","url_meta":{"origin":18396,"position":2},"title":"Gostuju\u0107e predavanje &#8211; Danijel D\u017eino \u201eKasnoanti\u010dke i ranosrednjovjekovne gra\u0111evine u Brezi: Spomenici nepotpune biografije\u201c","author":"Branimir Jankovi\u0107","date":"24. travnja 2026.","format":false,"excerpt":"Doktorski studij predmoderne povijesti poziva na predavanje \"Kasnoanti\u010dke i ranosrednjovjekovne gra\u0111evine u Brezi: Spomenici nepotpune biografije\u201d koje \u0107e odr\u017eati profesor Danijel D\u017eino sa Sveu\u010dili\u0161ta Macquarie u Sydneyu u\u00a0utorak 28. travnja 2026. u 17h u Konferencijskoj dvorani Knji\u017enice Filozofskog fakulteta u Zagrebu. Predavanje \u0107e predo\u010diti nova saznanja dobivena kroz arhivsko-dokumentarna istra\u017eivanja\u2026","rel":"","context":"U &quot;Novosti&quot;","block_context":{"text":"Novosti","link":"https:\/\/historiografija.hr\/?cat=3"},"img":{"alt_text":"","src":"https:\/\/i0.wp.com\/historiografija.hr\/wp-content\/uploads\/2026\/04\/Dzino.jpg?fit=980%2C819&ssl=1&resize=350%2C200","width":350,"height":200,"srcset":"https:\/\/i0.wp.com\/historiografija.hr\/wp-content\/uploads\/2026\/04\/Dzino.jpg?fit=980%2C819&ssl=1&resize=350%2C200 1x, https:\/\/i0.wp.com\/historiografija.hr\/wp-content\/uploads\/2026\/04\/Dzino.jpg?fit=980%2C819&ssl=1&resize=525%2C300 1.5x, https:\/\/i0.wp.com\/historiografija.hr\/wp-content\/uploads\/2026\/04\/Dzino.jpg?fit=980%2C819&ssl=1&resize=700%2C400 2x"},"classes":[]},{"id":52651,"url":"https:\/\/historiografija.hr\/?p=52651","url_meta":{"origin":18396,"position":3},"title":"Promocija knjige Emira O. Filipovi\u0107a \u201cVite\u0161tvo u srednjovjekovnoj Bosni\u201d u Sarajevu","author":"Branimir Jankovi\u0107","date":"24. travnja 2026.","format":false,"excerpt":"Knji\u017eevni korner poziva na promociju knjige Emira O. Filipovi\u0107a \u201cVite\u0161tvo u srednjovjekovnoj Bosni\u201d koja \u0107e se odr\u017eati u srijedu, 29. aprila 2026. u 18 sati u Evropskoj ku\u0107i kulture i nacionalnih manjina (Austrijska ku\u0107a) u Sarajevu. Na promociji \u0107e govoriti Mirsad Sijari\u0107, Ema Mazrak i autor, a moderirat \u0107e Nikola\u2026","rel":"","context":"U &quot;Novosti&quot;","block_context":{"text":"Novosti","link":"https:\/\/historiografija.hr\/?cat=3"},"img":{"alt_text":"","src":"https:\/\/i0.wp.com\/historiografija.hr\/wp-content\/uploads\/2026\/04\/Vitestvo.jpg?fit=1080%2C565&ssl=1&resize=350%2C200","width":350,"height":200,"srcset":"https:\/\/i0.wp.com\/historiografija.hr\/wp-content\/uploads\/2026\/04\/Vitestvo.jpg?fit=1080%2C565&ssl=1&resize=350%2C200 1x, https:\/\/i0.wp.com\/historiografija.hr\/wp-content\/uploads\/2026\/04\/Vitestvo.jpg?fit=1080%2C565&ssl=1&resize=525%2C300 1.5x, https:\/\/i0.wp.com\/historiografija.hr\/wp-content\/uploads\/2026\/04\/Vitestvo.jpg?fit=1080%2C565&ssl=1&resize=700%2C400 2x, https:\/\/i0.wp.com\/historiografija.hr\/wp-content\/uploads\/2026\/04\/Vitestvo.jpg?fit=1080%2C565&ssl=1&resize=1050%2C600 3x"},"classes":[]},{"id":52508,"url":"https:\/\/historiografija.hr\/?p=52508","url_meta":{"origin":18396,"position":4},"title":"Glazbena radionica \u201eDUGMETARA REVISITED\u201c","author":"Branimir Jankovi\u0107","date":"17. travnja 2026.","format":false,"excerpt":"DUGMETARA REVISITED glazbena radionica vodi: Ana Horvat 13., 20. i 27. travnja, od 18 do 20 sati Radiona, Nova cesta 186 Na tri radioni\u010dka susreta uranjamo u naslje\u0111e Dugmetare, biv\u0161e tvornice dugmadi na Savskoj cesti koja je po\u010detkom 2000-ih igrom slu\u010daja postala \u017eivo, jedinstveno mjesto glazbene proizvodnje. Svoje su probe\u2026","rel":"","context":"U &quot;Novosti&quot;","block_context":{"text":"Novosti","link":"https:\/\/historiografija.hr\/?cat=3"},"img":{"alt_text":"","src":"https:\/\/i0.wp.com\/historiografija.hr\/wp-content\/uploads\/2026\/04\/TRESNJA_TRESTI.jpg?fit=380%2C475&ssl=1&resize=350%2C200","width":350,"height":200},"classes":[]},{"id":52148,"url":"https:\/\/historiografija.hr\/?p=52148","url_meta":{"origin":18396,"position":5},"title":"Poziv za prijavu na me\u0111unarodnu znanstvenu konferenciju \u201eGranice (ne)slobode: Zadarski krug 1966. Intelektualna opozicija u totalitarnom dru\u0161tvu\u201c","author":"Branimir Jankovi\u0107","date":"27. o\u017eujka 2026.","format":false,"excerpt":"\u00a0\u00a0\u00a0\u00a0 Povodom \u0161ezdesete obljetnice poku\u0161aja osnivanja \u010dasopisa Slobodan glas u Zadru 1966. godine, pozivamo vas na znanstvenu konferenciju posve\u0107enu istra\u017eivanju disidentstva, intelektualne opozicije i granica divergentnog mi\u0161ljenja nasuprot slu\u017ebenoj ideologiji u komunisti\u010dkoj Jugoslaviji. Ideja konferencije je analizirati konkretan fenomen zadarskog slu\u010daja razloge i okolnosti njegove pojave, ali uz otvaranje komparativnih\u2026","rel":"","context":"U &quot;Novosti&quot;","block_context":{"text":"Novosti","link":"https:\/\/historiografija.hr\/?cat=3"},"img":{"alt_text":"","src":"https:\/\/i0.wp.com\/historiografija.hr\/wp-content\/uploads\/2026\/03\/Poziv-konferencija-Zadar.jpg?fit=1200%2C509&ssl=1&resize=350%2C200","width":350,"height":200,"srcset":"https:\/\/i0.wp.com\/historiografija.hr\/wp-content\/uploads\/2026\/03\/Poziv-konferencija-Zadar.jpg?fit=1200%2C509&ssl=1&resize=350%2C200 1x, https:\/\/i0.wp.com\/historiografija.hr\/wp-content\/uploads\/2026\/03\/Poziv-konferencija-Zadar.jpg?fit=1200%2C509&ssl=1&resize=525%2C300 1.5x, https:\/\/i0.wp.com\/historiografija.hr\/wp-content\/uploads\/2026\/03\/Poziv-konferencija-Zadar.jpg?fit=1200%2C509&ssl=1&resize=700%2C400 2x, https:\/\/i0.wp.com\/historiografija.hr\/wp-content\/uploads\/2026\/03\/Poziv-konferencija-Zadar.jpg?fit=1200%2C509&ssl=1&resize=1050%2C600 3x"},"classes":[]}],"_links":{"self":[{"href":"https:\/\/historiografija.hr\/index.php?rest_route=\/wp\/v2\/posts\/18396","targetHints":{"allow":["GET"]}}],"collection":[{"href":"https:\/\/historiografija.hr\/index.php?rest_route=\/wp\/v2\/posts"}],"about":[{"href":"https:\/\/historiografija.hr\/index.php?rest_route=\/wp\/v2\/types\/post"}],"author":[{"embeddable":true,"href":"https:\/\/historiografija.hr\/index.php?rest_route=\/wp\/v2\/users\/2"}],"replies":[{"embeddable":true,"href":"https:\/\/historiografija.hr\/index.php?rest_route=%2Fwp%2Fv2%2Fcomments&post=18396"}],"version-history":[{"count":5,"href":"https:\/\/historiografija.hr\/index.php?rest_route=\/wp\/v2\/posts\/18396\/revisions"}],"predecessor-version":[{"id":18402,"href":"https:\/\/historiografija.hr\/index.php?rest_route=\/wp\/v2\/posts\/18396\/revisions\/18402"}],"wp:attachment":[{"href":"https:\/\/historiografija.hr\/index.php?rest_route=%2Fwp%2Fv2%2Fmedia&parent=18396"}],"wp:term":[{"taxonomy":"category","embeddable":true,"href":"https:\/\/historiografija.hr\/index.php?rest_route=%2Fwp%2Fv2%2Fcategories&post=18396"},{"taxonomy":"post_tag","embeddable":true,"href":"https:\/\/historiografija.hr\/index.php?rest_route=%2Fwp%2Fv2%2Ftags&post=18396"}],"curies":[{"name":"wp","href":"https:\/\/api.w.org\/{rel}","templated":true}]}}