{"id":18376,"date":"2020-01-02T12:07:55","date_gmt":"2020-01-02T12:07:55","guid":{"rendered":"http:\/\/historiografija.hr\/?p=18376"},"modified":"2020-01-02T12:14:29","modified_gmt":"2020-01-02T12:14:29","slug":"medieval-bosnia-and-south-east-european-relations-political-religious-and-cultural-life-at-the-adriatic-crossroads","status":"publish","type":"post","link":"https:\/\/historiografija.hr\/?p=18376","title":{"rendered":"Medieval Bosnia and South-East European Relations: Political, Religious, and Cultural Life at the Adriatic Crossroads"},"content":{"rendered":"<p>The Dalmatian coast of the Adriatic and its vast Balkan hinterland were an integral part of medieval Europe, both in a geographical and historical sense. However, due to issues of language and a scarcity of sources, the whole region has largely remained bout of sight and overlooked by western historiography. This volume features contributions from an exciting new generation of medievalists, who are working to rectify this gap in the narrative. As a small, landlocked country, medieval Bosnia managed to preserve its individuality, characterized by religious plurality and by the persistence of its own ancient customs. But its central position in the region, situated between east and west, and where boundaries between Catholic and Orthodox Christianity were demarcated deep into the Middle Ages, meant it was heavily influenced by both sides of this civilizational divide and politically and culturally shaped by the Venetian Republic, the Hungarian Kingdom, and the Byzantine Empire.<\/p>\n<p>&nbsp;<\/p>\n<p><strong>EDITORS<\/strong><\/p>\n<p>&nbsp;<\/p>\n<p><strong>D\u017eenan Dautovi\u0107<\/strong><\/p>\n<p>D\u017eenan Dautovi\u0107 is a doctoral researcher at the University of Sarajevo specialising in the history and historiography of medieval Bosnia and the Papacy.<\/p>\n<p>&nbsp;<\/p>\n<p><strong>Emir Filipovi\u0107<\/strong><\/p>\n<p>Emir O. Filipovi\u0107 is a Lecturer in medieval Bosnian history at the University of Sarajevo specialising in heraldry, chivalry, and the Ottoman conquest of the Balkans.<\/p>\n<p>&nbsp;<\/p>\n<p><strong>Neven Isailovi\u0107<\/strong><\/p>\n<p>Neven Isailovi\u0107 (Faculty of Philosophy, Belgrade) specialises in the political and social history of the medieval Balkans.<\/p>\n<p>&nbsp;<\/p>\n<p><strong>Amsterdam University Press<\/strong><\/p>\n<p>&nbsp;<\/p>\n<p><strong>Series<\/strong><\/p>\n<p>ARC &#8211; Beyond Medieval Europe<\/p>\n<p>&nbsp;<\/p>\n<p><strong>Partner<\/strong><\/p>\n<p><span class=\"st\">Arc Humanities Press<\/span><\/p>\n<p>&nbsp;<\/p>\n<p><strong>Publication date<\/strong><\/p>\n<p>31 &#8211; 10 &#8211; 2019<\/p>\n<p>&nbsp;<\/p>\n<p><strong>Number of pages<\/strong><\/p>\n<p>168<\/p>\n<p>&nbsp;<\/p>\n<p><strong>Contents<\/strong><\/p>\n<div>Introduction, D\u017eenan Dautovi\u0107, Emir O. Filipovi\u0107 and Neven Isailovi\u0107<\/div>\n<div>1. Bosnia and Croatia-Dalmatia in the Late Middle Ages: A Historical Perspective, Neven Isailovi\u0107<\/div>\n<div>2. The Role of Neighbouring Countries in the Relationship between the Bosnian Kingdom and the Serbian Despotate, Enes Dedi\u0107<\/div>\n<div>3. The Opposition between Bulgaria and the Latin Empire of Constantinople: A Necessary Hostility?, Francesco Dall\u2019Aglio<\/div>\n<div>4. Ottoman Power Holders in the Balkans (1353\u20131580): A Case of Upward and Downward Elite Mobility, G\u00fcnes I\u1e63iksel<\/div>\n<div>5. Exploiting the Frontier\u2014A Case Study: the Common Endeavour of Matthias Corvinus and Nicholas of Ilok in Late Medieval Bosnia, Davor Salihovi\u0107<\/div>\n<div>6. The Papacy and Marriage Practices in Medieval Bosnia, D\u017eenan Dautovi\u0107<\/div>\n<div>7. Ecclesiastical Reformer and Politician: The Two Faces of Bishop Stephen II of Zagreb, Igor Razum<\/div>\n<div>Select Bibliography<\/div>\n<p>&nbsp;<\/p>\n<p><a href=\"https:\/\/www.aup.nl\/en\/book\/9781641890229\/medieval-bosnia-and-south-east-european-relations\">https:\/\/www.aup.nl\/en\/book\/9781641890229\/medieval-bosnia-and-south-east-european-relations<\/a><\/p>\n<p><a href=\"https:\/\/arc-humanities.org\/es\/products\/m-77101-100115-117-6849\/\">https:\/\/arc-humanities.org\/es\/products\/m-77101-100115-117-6849\/<\/a><\/p>\n<p>&nbsp;<\/p>\n<p>&nbsp;<\/p>\n","protected":false},"excerpt":{"rendered":"","protected":false},"author":2,"featured_media":18377,"comment_status":"open","ping_status":"open","sticky":false,"template":"","format":"standard","meta":{"_acf_changed":false,"jetpack_post_was_ever_published":false,"_jetpack_newsletter_access":"","_jetpack_dont_email_post_to_subs":false,"_jetpack_newsletter_tier_id":0,"_jetpack_memberships_contains_paywalled_content":false,"_jetpack_memberships_contains_paid_content":false,"footnotes":"","jetpack_publicize_message":"","jetpack_publicize_feature_enabled":true,"jetpack_social_post_already_shared":true,"jetpack_social_options":{"image_generator_settings":{"template":"highway","default_image_id":0,"font":"","enabled":false},"version":2}},"categories":[8,3],"tags":[],"class_list":["post-18376","post","type-post","status-publish","format-standard","has-post-thumbnail","hentry","category-knjige","category-novosti"],"acf":{"facebook_opis":""},"jetpack_publicize_connections":[],"jetpack_featured_media_url":"https:\/\/i0.wp.com\/historiografija.hr\/wp-content\/uploads\/2020\/01\/Bosnia.jpg?fit=964%2C1448&ssl=1","jetpack_sharing_enabled":true,"jetpack-related-posts":[{"id":52580,"url":"https:\/\/historiografija.hr\/?p=52580","url_meta":{"origin":18376,"position":0},"title":"Conference &#8220;Living in the aftermaths: Trauma, politics and survival in Yugoslavia and successor states, 1945 \u2013 present&#8221;","author":"Branimir Jankovi\u0107","date":"21. travnja 2026.","format":false,"excerpt":"The conference aims to explore how war-related psychological distress was experienced, narrated, debated and reframed in Yugoslavia in the second half of the twentieth century. It asks how the theme of wounded psyche and wartime suffering was addressed and acknowledged in political, psychiatric and broader cultural discourses of socialist Yugoslavia,\u2026","rel":"","context":"U &quot;Novosti&quot;","block_context":{"text":"Novosti","link":"https:\/\/historiografija.hr\/?cat=3"},"img":{"alt_text":"","src":"https:\/\/i0.wp.com\/historiografija.hr\/wp-content\/uploads\/2026\/04\/Battle_of_Neretva_Picasso_poster-Conference-Living-in-the-aftermaths.webp?fit=564%2C954&ssl=1&resize=350%2C200","width":350,"height":200,"srcset":"https:\/\/i0.wp.com\/historiografija.hr\/wp-content\/uploads\/2026\/04\/Battle_of_Neretva_Picasso_poster-Conference-Living-in-the-aftermaths.webp?fit=564%2C954&ssl=1&resize=350%2C200 1x, https:\/\/i0.wp.com\/historiografija.hr\/wp-content\/uploads\/2026\/04\/Battle_of_Neretva_Picasso_poster-Conference-Living-in-the-aftermaths.webp?fit=564%2C954&ssl=1&resize=525%2C300 1.5x"},"classes":[]},{"id":52679,"url":"https:\/\/historiografija.hr\/?p=52679","url_meta":{"origin":18376,"position":1},"title":"CfP: CHOSEN NATION(S): HISTORICAL AND CULTURAL INTERPRETATIONS OF EXCEPTIONALISM, BUDAPEST, 10TH\u201311TH JUNE 2026 (DEADLINE: 1ST MAY 2026)","author":"Branimir Jankovi\u0107","date":"27. travnja 2026.","format":false,"excerpt":"The Ludovika University of Public Service (NKE) and the Jewish Theological Seminary \u2013 University of Jewish Studies (OR-ZSE) are pleased to announce a joint academic conference on \u201cChosen Nation(s): Historical and Cultural Interpretations of Exceptionalism\u201d, to be held in Budapest, Hungary. Chosen Nation(s): Historical and Cultural Interpretations of Exceptionalism Keynote\u2026","rel":"","context":"U &quot;Novosti&quot;","block_context":{"text":"Novosti","link":"https:\/\/historiografija.hr\/?cat=3"},"img":{"alt_text":"","src":"https:\/\/i0.wp.com\/historiografija.hr\/wp-content\/uploads\/2017\/10\/hsozkult.png?fit=1006%2C241&ssl=1&resize=350%2C200","width":350,"height":200,"srcset":"https:\/\/i0.wp.com\/historiografija.hr\/wp-content\/uploads\/2017\/10\/hsozkult.png?fit=1006%2C241&ssl=1&resize=350%2C200 1x, https:\/\/i0.wp.com\/historiografija.hr\/wp-content\/uploads\/2017\/10\/hsozkult.png?fit=1006%2C241&ssl=1&resize=525%2C300 1.5x, https:\/\/i0.wp.com\/historiografija.hr\/wp-content\/uploads\/2017\/10\/hsozkult.png?fit=1006%2C241&ssl=1&resize=700%2C400 2x"},"classes":[]},{"id":52673,"url":"https:\/\/historiografija.hr\/?p=52673","url_meta":{"origin":18376,"position":2},"title":"TWO POSTDOCTORAL POSITIONS IN THE &#8220;PROLETGARD ERC STARTING GRANT PROJECT&#8221;, KASS\u00c1K FOUNDATION, BUDAPEST (DEADLINE: 1ST MAY 2026)","author":"Branimir Jankovi\u0107","date":"27. travnja 2026.","format":false,"excerpt":"This five-year ERC-funded project examines how avant-garde art contributed to the formation of a workers\u2019 movement counterculture in East Central Europe after 1918. It argues that socialist and avant-garde periodicals, groups, and figures shaped both avant-garde culture and transnational workers\u2019 movements. Focusing on the successor states of the Austro\u2013Hungarian Empire\u2026","rel":"","context":"U &quot;Novosti&quot;","block_context":{"text":"Novosti","link":"https:\/\/historiografija.hr\/?cat=3"},"img":{"alt_text":"","src":"https:\/\/i0.wp.com\/historiografija.hr\/wp-content\/uploads\/2017\/10\/hsozkult.png?fit=1006%2C241&ssl=1&resize=350%2C200","width":350,"height":200,"srcset":"https:\/\/i0.wp.com\/historiografija.hr\/wp-content\/uploads\/2017\/10\/hsozkult.png?fit=1006%2C241&ssl=1&resize=350%2C200 1x, https:\/\/i0.wp.com\/historiografija.hr\/wp-content\/uploads\/2017\/10\/hsozkult.png?fit=1006%2C241&ssl=1&resize=525%2C300 1.5x, https:\/\/i0.wp.com\/historiografija.hr\/wp-content\/uploads\/2017\/10\/hsozkult.png?fit=1006%2C241&ssl=1&resize=700%2C400 2x"},"classes":[]},{"id":52531,"url":"https:\/\/historiografija.hr\/?p=52531","url_meta":{"origin":18376,"position":3},"title":"Jonathan G. Leslie, \u201eFear and Insecurity: Israel and the Iran Threat Narrative\u201c","author":"Branimir Jankovi\u0107","date":"17. travnja 2026.","format":false,"excerpt":"Why is Israel\u2019s former ally Iran now perceived as the country\u2019s greatest threat? Description To observers of the Iran-Israel conflict, its vitriolic rhetoric might suggest an ancient hatred between Jews and Muslims\u2013a biblical feud dating back hundreds, or thousands, of years. But this rivalry is a far more modern development.\u2026","rel":"","context":"U &quot;Knjige&quot;","block_context":{"text":"Knjige","link":"https:\/\/historiografija.hr\/?cat=8"},"img":{"alt_text":"","src":"https:\/\/i0.wp.com\/historiografija.hr\/wp-content\/uploads\/2026\/04\/Leslie.jpg?fit=391%2C612&ssl=1&resize=350%2C200","width":350,"height":200},"classes":[]},{"id":52643,"url":"https:\/\/historiografija.hr\/?p=52643","url_meta":{"origin":18376,"position":4},"title":"BRACEWELL TRAVELLING SCHOLARSHIP\u202fFOR PHD STUDENTS (DEADLINE: 30TH APRIL 2026)","author":"Branimir Jankovi\u0107","date":"24. travnja 2026.","format":false,"excerpt":"The Bracewell Travelling Scholarship\u202fis funded by a gift from SSEES Emeritus Professor of History Wendy Bracewell, whose research examines South Slav history, and travel writing in eastern Europe. The Scholarship honours the long tradition of mutual curiosity between the UK and eastern, central and southeastern Europe by supporting PhD students\u2026","rel":"","context":"U &quot;Novosti&quot;","block_context":{"text":"Novosti","link":"https:\/\/historiografija.hr\/?cat=3"},"img":{"alt_text":"","src":"https:\/\/i0.wp.com\/historiografija.hr\/wp-content\/uploads\/2026\/04\/Bracewell-Travelling-Scholarship-.webp?fit=980%2C700&ssl=1&resize=350%2C200","width":350,"height":200,"srcset":"https:\/\/i0.wp.com\/historiografija.hr\/wp-content\/uploads\/2026\/04\/Bracewell-Travelling-Scholarship-.webp?fit=980%2C700&ssl=1&resize=350%2C200 1x, https:\/\/i0.wp.com\/historiografija.hr\/wp-content\/uploads\/2026\/04\/Bracewell-Travelling-Scholarship-.webp?fit=980%2C700&ssl=1&resize=525%2C300 1.5x, https:\/\/i0.wp.com\/historiografija.hr\/wp-content\/uploads\/2026\/04\/Bracewell-Travelling-Scholarship-.webp?fit=980%2C700&ssl=1&resize=700%2C400 2x"},"classes":[]}],"_links":{"self":[{"href":"https:\/\/historiografija.hr\/index.php?rest_route=\/wp\/v2\/posts\/18376","targetHints":{"allow":["GET"]}}],"collection":[{"href":"https:\/\/historiografija.hr\/index.php?rest_route=\/wp\/v2\/posts"}],"about":[{"href":"https:\/\/historiografija.hr\/index.php?rest_route=\/wp\/v2\/types\/post"}],"author":[{"embeddable":true,"href":"https:\/\/historiografija.hr\/index.php?rest_route=\/wp\/v2\/users\/2"}],"replies":[{"embeddable":true,"href":"https:\/\/historiografija.hr\/index.php?rest_route=%2Fwp%2Fv2%2Fcomments&post=18376"}],"version-history":[{"count":6,"href":"https:\/\/historiografija.hr\/index.php?rest_route=\/wp\/v2\/posts\/18376\/revisions"}],"predecessor-version":[{"id":18383,"href":"https:\/\/historiografija.hr\/index.php?rest_route=\/wp\/v2\/posts\/18376\/revisions\/18383"}],"wp:featuredmedia":[{"embeddable":true,"href":"https:\/\/historiografija.hr\/index.php?rest_route=\/wp\/v2\/media\/18377"}],"wp:attachment":[{"href":"https:\/\/historiografija.hr\/index.php?rest_route=%2Fwp%2Fv2%2Fmedia&parent=18376"}],"wp:term":[{"taxonomy":"category","embeddable":true,"href":"https:\/\/historiografija.hr\/index.php?rest_route=%2Fwp%2Fv2%2Fcategories&post=18376"},{"taxonomy":"post_tag","embeddable":true,"href":"https:\/\/historiografija.hr\/index.php?rest_route=%2Fwp%2Fv2%2Ftags&post=18376"}],"curies":[{"name":"wp","href":"https:\/\/api.w.org\/{rel}","templated":true}]}}