{"id":18363,"date":"2019-12-31T13:28:07","date_gmt":"2019-12-31T13:28:07","guid":{"rendered":"http:\/\/historiografija.hr\/?p=18363"},"modified":"2019-12-31T13:28:07","modified_gmt":"2019-12-31T13:28:07","slug":"ivan-krastev-sto-nakon-europe","status":"publish","type":"post","link":"https:\/\/historiografija.hr\/?p=18363","title":{"rendered":"Ivan Krastev, \u201c\u0160to nakon Europe?\u201d"},"content":{"rendered":"<p>Europljani danas, kao i prije stotinu godina, \u017eive u paraliziraju\u0107oj neizvjesnosti koja zaokuplja dru\u0161tveni imaginarij. Trenutak je to kada su i politi\u010dki vo\u0111e i obi\u010dni gra\u0111ani rastrgani izme\u0111u u\u017eurbanog djelovanja i fatalisti\u010dke pasivnosti, kada se neko\u0107 nezamisliva dezintegracija Unije po\u010dinje doimati neizbje\u017enom te kada se narativi i pretpostavke koji su jo\u0161 do ju\u010der vodili na\u0161e postupke \u010dine ne samo zastarjelima, ve\u0107 i gotovo nerazumljivima.<br \/>\nU ovoj provokativnoj knjizi Ivan Krastev promi\u0161lja o budu\u0107nosti Europske unije i o mogu\u0107em nepostojanju te budu\u0107nosti. Dok su \u0161irom Europe ultradesni\u010darske stranke u usponu, Europska unija je zbunjena i mu\u010de je sumnje ve\u0107e nego ikada dosad. Krastev smatra da \u0107e, raspadne li se Unija, logika njene fragmentacije biti ista kao kod \u201ebankarske panike\u201c, a ne kao kod revolucije. Jedini na\u010din kontrole rizika od raspadanja jest prepoznavanje da je njegov korijen u izbjegli\u010dkoj krizi, koja je dramati\u010dno izmijenila prirodu nacionalnih demokratskih politika \u0161irom Europe.<\/p>\n<p>Svrha ove knjige nije spa\u0161avanje Europske unije ni naricanje nad njom. Ona nije jo\u0161 jedan traktat o etiologiji europske krize ili pamflet protiv korupcije i nemo\u0107i europskih elita. Kona\u010dno, ovo nikako nije knjiga koju je napisao euroskeptik. Rije\u010d je o promi\u0161ljanju ne\u010dega \u0161to \u0107e se vjerojatno dogoditi i analizi toga kako na\u0161a osobna iskustva radikalne povijesne promjene oblikuju sada\u0161nje postupke.<\/p>\n<p>&nbsp;<\/p>\n<p>***<\/p>\n<p>&nbsp;<\/p>\n<p>Krastev je jedan od najzanimljivijih europskih intelektualaca. U knjizi tvrdi da izbjegli\u010dka kriza prijeti produbljivanjem jaza izme\u0111u elita i bira\u010da i ugro\u017eava budu\u0107nost \u010ditavog europskog projekta.<br \/>\nGideon Rachman,<em> Financial Times<\/em><\/p>\n<p>Psiholo\u0161ki pronicljiva, moralno duboka i na trenutke \u010dak poeti\u010dna, ova knjiga je nezaobilazno \u0161tivo za razumijevanje sudbine Europe u 21. sto\u00adlje\u0107u. Krastev je Tocqueville na\u0161eg vremena: on otkriva unutra\u0161nju dinamiku politi\u010dkih doga\u0111a\u00adnja i daje mudre savjete o tome kako sa\u010duvati demokraciju u te\u0161kim okolnostima.<br \/>\nJan-Werner M\u00fcller, autor knjige <em>\u0160to je populizam?<\/em><\/p>\n<p>Krastev je \u017eongler paradoksima i napada\u010d konvencionalnih mudrosti. Mo\u017eda neke njegove tvrdnje ne\u0107ete prihvatiti, ali vam uz njega nikad ne\u0107e biti dosadno. Ova knjiga je protuotrov naivnom optimizmu i ravnodu\u0161nom pesimizmu, ali i o\u010daravaju\u0107e razmi\u0161ljanje o kolapsu Europe kakvu poznajemo.<br \/>\nRobert Kagan, Brookings Institution<\/p>\n<p>\u010citati ovu knjigu zna\u010di biti u dru\u0161tvu jednog od velikih europskih umova dana\u0161njice. Svojom prepoznatljivom kombinacijom pronicljivosti i suosje\u0107anja, Ivan Krastev nam daje upravo ono \u0161to trebamo kako bismo razumjeli europsku krizu \u2013 i kako bismo razmi\u0161ljali o vlastitoj.<br \/>\nTimothy Snyder, Sveu\u010dili\u0161te Yale<\/p>\n<p>&nbsp;<\/p>\n<p>***<\/p>\n<p>&nbsp;<\/p>\n<p>Politolog Ivan Krastev (1965.) jedan je od najistaknutijih javnih intelektualaca dana\u0161nje Europe i stru\u010dnjak za isto\u010dnoeuropske demokracije. Predsjednik je Centra za liberalne strategije u Sofiji, stalni suradnik Instituta za znanosti o \u010dovjeku u Be\u010du te \u010dlan upravnog odbora Europskog vije\u0107a za vanjske poslove i odbora povjerenika Me\u0111unarodne krizne skupine. Od 2015. godine za me\u0111unarodno izdanje <em>New York Timesa<\/em> pi\u0161e mjese\u010dne kolumne o politi\u010dkim i kulturnim pitanjima srednje i isto\u010dne Europe.<\/p>\n<p>Krastev je od 2004. do 2006. godine bio izvr\u0161ni direktor Me\u0111unarodne komisije za Balkan, a od 2005. do 2011. glavni urednik bugarskog izdanja \u010dasopisa<em> Foreign policy<\/em> i \u010dlan Vije\u0107a Me\u0111unarodnog instituta za strate\u0161ke studije u Londonu.<\/p>\n<p><em>\u0160to nakon Europe?<\/em> prva je knjiga Ivana Krasteva objavljena u Hrvatskoj. Iz njegova bogatog stvarala\u010dkog opusa izdvajamo i knjige <em>Democracy Disrupted: The Politics of Global Protest<\/em>, <em>Shifting Obsessions: Three Essays on the Politics of Anticorruption<\/em> i <em>In Mistrust We Trust: Can Democracy Survive When We Don\u2019t Trust Our Leaders?.<\/em><\/p>\n<p>&nbsp;<\/p>\n<p><strong>TIM press<\/strong><\/p>\n<p>&nbsp;<\/p>\n<ul>\n<li><strong>ISBN:<\/strong> 978-953-8075-6-50<\/li>\n<li><strong>Dimenzije:<\/strong> 138&#215;195 mm<\/li>\n<li><strong>Broj stranica:<\/strong> 152<\/li>\n<li><strong>Uvez:<\/strong> tvrdi<\/li>\n<li><strong>Godina izdanja:<\/strong> 2019.<\/li>\n<li><strong>Naslov izvornika:<\/strong> After Europe<\/li>\n<li><strong>Jezik izvornika:<\/strong> engleski<\/li>\n<li><strong>Prijevod:<\/strong> Vi\u0161eslav Raos<\/li>\n<\/ul>\n<p>&nbsp;<\/p>\n<p><strong>Prelistaj uzorak:<\/strong><\/p>\n<p><a href=\"https:\/\/www.tim-press.hr\/hr\/knjige\/sto-nakon-europe\/\">https:\/\/www.tim-press.hr\/hr\/knjige\/sto-nakon-europe\/<\/a><\/p>\n<p>&nbsp;<\/p>\n<p>&nbsp;<\/p>\n","protected":false},"excerpt":{"rendered":"","protected":false},"author":2,"featured_media":18364,"comment_status":"open","ping_status":"open","sticky":false,"template":"","format":"standard","meta":{"_acf_changed":false,"jetpack_post_was_ever_published":false,"_jetpack_newsletter_access":"","_jetpack_dont_email_post_to_subs":false,"_jetpack_newsletter_tier_id":0,"_jetpack_memberships_contains_paywalled_content":false,"_jetpack_memberships_contains_paid_content":false,"footnotes":"","jetpack_publicize_message":"","jetpack_publicize_feature_enabled":true,"jetpack_social_post_already_shared":true,"jetpack_social_options":{"image_generator_settings":{"template":"highway","default_image_id":0,"font":"","enabled":false},"version":2}},"categories":[8,3],"tags":[],"class_list":["post-18363","post","type-post","status-publish","format-standard","has-post-thumbnail","hentry","category-knjige","category-novosti"],"acf":{"facebook_opis":""},"jetpack_publicize_connections":[],"jetpack_featured_media_url":"https:\/\/i0.wp.com\/historiografija.hr\/wp-content\/uploads\/2019\/12\/sto_nakon_europe.jpg?fit=300%2C465&ssl=1","jetpack_sharing_enabled":true,"jetpack-related-posts":[{"id":52646,"url":"https:\/\/historiografija.hr\/?p=52646","url_meta":{"origin":18363,"position":0},"title":"5. MALI FESTIVAL POVIJESTI U LASTOVU","author":"Branimir Jankovi\u0107","date":"24. travnja 2026.","format":false,"excerpt":"Peti Mali festival povijesti odr\u017eava se od 25. do 27. travnja 2026. na Lastovu, u suradnji Zavoda za povijesne znanosti HAZU u Dubrovniku, Op\u0107ine Lastovo i Turisti\u010dke zajednice te uz potporu Dubrova\u010dko-neretvanske \u017eupanije. Predavanja: Dr. sc. Jasna \u010capo \u201eKu\u0107a kao zalog budu\u0107nosti i most izme\u0111u iseljenika i domovine\u201c Dr. sc.\u2026","rel":"","context":"U &quot;Novosti&quot;","block_context":{"text":"Novosti","link":"https:\/\/historiografija.hr\/?cat=3"},"img":{"alt_text":"","src":"https:\/\/i0.wp.com\/historiografija.hr\/wp-content\/uploads\/2026\/04\/Lastovo.jpg?fit=1200%2C700&ssl=1&resize=350%2C200","width":350,"height":200,"srcset":"https:\/\/i0.wp.com\/historiografija.hr\/wp-content\/uploads\/2026\/04\/Lastovo.jpg?fit=1200%2C700&ssl=1&resize=350%2C200 1x, https:\/\/i0.wp.com\/historiografija.hr\/wp-content\/uploads\/2026\/04\/Lastovo.jpg?fit=1200%2C700&ssl=1&resize=525%2C300 1.5x, https:\/\/i0.wp.com\/historiografija.hr\/wp-content\/uploads\/2026\/04\/Lastovo.jpg?fit=1200%2C700&ssl=1&resize=700%2C400 2x, https:\/\/i0.wp.com\/historiografija.hr\/wp-content\/uploads\/2026\/04\/Lastovo.jpg?fit=1200%2C700&ssl=1&resize=1050%2C600 3x"},"classes":[]},{"id":52669,"url":"https:\/\/historiografija.hr\/?p=52669","url_meta":{"origin":18363,"position":1},"title":"Predavanje Igora Dude &#8220;Odmor kao \u017eivotna potreba: o slobodnom vremenu u socijalisti\u010dkoj Jugoslaviji&#8221;","author":"Branimir Jankovi\u0107","date":"27. travnja 2026.","format":false,"excerpt":"U sklopu proljetnog ciklusa programa\u00a0Kriti\u010dka dramaturgija: pauza, u\u00a0subotu, 25. travnja 2026. u 19 sati\u00a0u prostoru Udru\u017eenja hrvatskih arhitekata povjesni\u010dar Igor Duda\u00a0odr\u017eao je predavanje naslovljeno\u00a0Odmor kao \u017eivotna potreba: o slobodnom vremenu u socijalisti\u010dkoj Jugoslaviji. Industrijalizacija i urbanizacija dru\u0161tava u povijesti su zna\u010dile i prelazak s predindustrijskog na industrijsko shva\u0107anje vremena. Ono\u2026","rel":"","context":"U &quot;Novosti&quot;","block_context":{"text":"Novosti","link":"https:\/\/historiografija.hr\/?cat=3"},"img":{"alt_text":"","src":"https:\/\/i0.wp.com\/historiografija.hr\/wp-content\/uploads\/2026\/04\/Duda.png?fit=1200%2C628&ssl=1&resize=350%2C200","width":350,"height":200,"srcset":"https:\/\/i0.wp.com\/historiografija.hr\/wp-content\/uploads\/2026\/04\/Duda.png?fit=1200%2C628&ssl=1&resize=350%2C200 1x, https:\/\/i0.wp.com\/historiografija.hr\/wp-content\/uploads\/2026\/04\/Duda.png?fit=1200%2C628&ssl=1&resize=525%2C300 1.5x, https:\/\/i0.wp.com\/historiografija.hr\/wp-content\/uploads\/2026\/04\/Duda.png?fit=1200%2C628&ssl=1&resize=700%2C400 2x, https:\/\/i0.wp.com\/historiografija.hr\/wp-content\/uploads\/2026\/04\/Duda.png?fit=1200%2C628&ssl=1&resize=1050%2C600 3x"},"classes":[]},{"id":52592,"url":"https:\/\/historiografija.hr\/?p=52592","url_meta":{"origin":18363,"position":2},"title":"Predstavljanje knjige &#8220;Turska ku\u0107a u Rijeci&#8221; u Zagrebu","author":"Branimir Jankovi\u0107","date":"22. travnja 2026.","format":false,"excerpt":"U prostorijama Turskog kulturnog centra Yunus Emre u Zagrebu, u utorak 21. travnja 2026. godine, odr\u017eano je sve\u010dano predstavljanje dopunjenog izdanja knjige Turska ku\u0107a u Rijeci, u organizaciji Hrvatsko-turskog dru\u0161tva Rijeka i partnerstvu sa Skupinom prijateljstva Hrvatska-Turska Hrvatskog sabora, Veleposlanstvom Republike Turske u Republici Hrvatskoj te Turskim kulturnim centrom Yunus\u2026","rel":"","context":"U &quot;Novosti&quot;","block_context":{"text":"Novosti","link":"https:\/\/historiografija.hr\/?cat=3"},"img":{"alt_text":"","src":"https:\/\/i0.wp.com\/historiografija.hr\/wp-content\/uploads\/2026\/04\/Turska-kuca-ZG.jpg?fit=1200%2C800&ssl=1&resize=350%2C200","width":350,"height":200,"srcset":"https:\/\/i0.wp.com\/historiografija.hr\/wp-content\/uploads\/2026\/04\/Turska-kuca-ZG.jpg?fit=1200%2C800&ssl=1&resize=350%2C200 1x, https:\/\/i0.wp.com\/historiografija.hr\/wp-content\/uploads\/2026\/04\/Turska-kuca-ZG.jpg?fit=1200%2C800&ssl=1&resize=525%2C300 1.5x, https:\/\/i0.wp.com\/historiografija.hr\/wp-content\/uploads\/2026\/04\/Turska-kuca-ZG.jpg?fit=1200%2C800&ssl=1&resize=700%2C400 2x, https:\/\/i0.wp.com\/historiografija.hr\/wp-content\/uploads\/2026\/04\/Turska-kuca-ZG.jpg?fit=1200%2C800&ssl=1&resize=1050%2C600 3x"},"classes":[]},{"id":52575,"url":"https:\/\/historiografija.hr\/?p=52575","url_meta":{"origin":18363,"position":3},"title":"Izlo\u017eba dje\u010djih radova \u201cU po\u010detku bija\u0161e crte\u017e\u2026\u201d","author":"Branimir Jankovi\u0107","date":"21. travnja 2026.","format":false,"excerpt":"U subotu, 25. travnja 2026. u 11 sati u Galeriji Klovi\u0107evi dvori sve\u010dano otvaramo izlo\u017ebu dje\u010djih radova pod nazivom U po\u010detku bija\u0161e crte\u017e\u2026 Radovi su nastali u sklopu likovnih radionica uz izlo\u017ebu U po\u010detku bija\u0161e kraljevstvo \u2013 izlo\u017eba povodom 1100 godina Hrvatskoga Kraljevstva. Na brojnim likovnim radionicama, uz \u0161kolsku djecu,\u2026","rel":"","context":"U &quot;Izlo\u017ebe&quot;","block_context":{"text":"Izlo\u017ebe","link":"https:\/\/historiografija.hr\/?cat=10"},"img":{"alt_text":"","src":"https:\/\/i0.wp.com\/historiografija.hr\/wp-content\/uploads\/2025\/10\/Klovicevi_sluzbeni-plakat.png?fit=840%2C1200&ssl=1&resize=350%2C200","width":350,"height":200,"srcset":"https:\/\/i0.wp.com\/historiografija.hr\/wp-content\/uploads\/2025\/10\/Klovicevi_sluzbeni-plakat.png?fit=840%2C1200&ssl=1&resize=350%2C200 1x, https:\/\/i0.wp.com\/historiografija.hr\/wp-content\/uploads\/2025\/10\/Klovicevi_sluzbeni-plakat.png?fit=840%2C1200&ssl=1&resize=525%2C300 1.5x, https:\/\/i0.wp.com\/historiografija.hr\/wp-content\/uploads\/2025\/10\/Klovicevi_sluzbeni-plakat.png?fit=840%2C1200&ssl=1&resize=700%2C400 2x"},"classes":[]},{"id":52508,"url":"https:\/\/historiografija.hr\/?p=52508","url_meta":{"origin":18363,"position":4},"title":"Glazbena radionica \u201eDUGMETARA REVISITED\u201c","author":"Branimir Jankovi\u0107","date":"17. travnja 2026.","format":false,"excerpt":"DUGMETARA REVISITED glazbena radionica vodi: Ana Horvat 13., 20. i 27. travnja, od 18 do 20 sati Radiona, Nova cesta 186 Na tri radioni\u010dka susreta uranjamo u naslje\u0111e Dugmetare, biv\u0161e tvornice dugmadi na Savskoj cesti koja je po\u010detkom 2000-ih igrom slu\u010daja postala \u017eivo, jedinstveno mjesto glazbene proizvodnje. Svoje su probe\u2026","rel":"","context":"U &quot;Novosti&quot;","block_context":{"text":"Novosti","link":"https:\/\/historiografija.hr\/?cat=3"},"img":{"alt_text":"","src":"https:\/\/i0.wp.com\/historiografija.hr\/wp-content\/uploads\/2026\/04\/TRESNJA_TRESTI.jpg?fit=380%2C475&ssl=1&resize=350%2C200","width":350,"height":200},"classes":[]},{"id":52536,"url":"https:\/\/historiografija.hr\/?p=52536","url_meta":{"origin":18363,"position":5},"title":"Kader Abdolah, \u201ePrije nego \u0161to bude kasno\u201c","author":"Branimir Jankovi\u0107","date":"20. travnja 2026.","format":false,"excerpt":"Kader Abdolah \u017eeli se vratiti ku\u0107i. Ali povratak je nemogu\u0107: u Iranu bi bio uhap\u0161en. Pod la\u017enim imenom i s krivotvorenim paso\u0161em ipak uspijeva u\u0107i u domovinu i sti\u017ee do roditeljske ku\u0107e, visoko u planinama. Majka ga ne prepoznaje, otac je mrtav, a sve \u0161to je tra\u017eio izmi\u010de mu pred\u2026","rel":"","context":"U &quot;Novosti&quot;","block_context":{"text":"Novosti","link":"https:\/\/historiografija.hr\/?cat=3"},"img":{"alt_text":"","src":"https:\/\/i0.wp.com\/historiografija.hr\/wp-content\/uploads\/2026\/04\/Prije-nego-sto-bude-kasno.webp?fit=566%2C872&ssl=1&resize=350%2C200","width":350,"height":200,"srcset":"https:\/\/i0.wp.com\/historiografija.hr\/wp-content\/uploads\/2026\/04\/Prije-nego-sto-bude-kasno.webp?fit=566%2C872&ssl=1&resize=350%2C200 1x, https:\/\/i0.wp.com\/historiografija.hr\/wp-content\/uploads\/2026\/04\/Prije-nego-sto-bude-kasno.webp?fit=566%2C872&ssl=1&resize=525%2C300 1.5x"},"classes":[]}],"_links":{"self":[{"href":"https:\/\/historiografija.hr\/index.php?rest_route=\/wp\/v2\/posts\/18363","targetHints":{"allow":["GET"]}}],"collection":[{"href":"https:\/\/historiografija.hr\/index.php?rest_route=\/wp\/v2\/posts"}],"about":[{"href":"https:\/\/historiografija.hr\/index.php?rest_route=\/wp\/v2\/types\/post"}],"author":[{"embeddable":true,"href":"https:\/\/historiografija.hr\/index.php?rest_route=\/wp\/v2\/users\/2"}],"replies":[{"embeddable":true,"href":"https:\/\/historiografija.hr\/index.php?rest_route=%2Fwp%2Fv2%2Fcomments&post=18363"}],"version-history":[{"count":1,"href":"https:\/\/historiografija.hr\/index.php?rest_route=\/wp\/v2\/posts\/18363\/revisions"}],"predecessor-version":[{"id":18365,"href":"https:\/\/historiografija.hr\/index.php?rest_route=\/wp\/v2\/posts\/18363\/revisions\/18365"}],"wp:featuredmedia":[{"embeddable":true,"href":"https:\/\/historiografija.hr\/index.php?rest_route=\/wp\/v2\/media\/18364"}],"wp:attachment":[{"href":"https:\/\/historiografija.hr\/index.php?rest_route=%2Fwp%2Fv2%2Fmedia&parent=18363"}],"wp:term":[{"taxonomy":"category","embeddable":true,"href":"https:\/\/historiografija.hr\/index.php?rest_route=%2Fwp%2Fv2%2Fcategories&post=18363"},{"taxonomy":"post_tag","embeddable":true,"href":"https:\/\/historiografija.hr\/index.php?rest_route=%2Fwp%2Fv2%2Ftags&post=18363"}],"curies":[{"name":"wp","href":"https:\/\/api.w.org\/{rel}","templated":true}]}}