{"id":18220,"date":"2019-12-21T23:52:51","date_gmt":"2019-12-21T23:52:51","guid":{"rendered":"http:\/\/historiografija.hr\/?p=18220"},"modified":"2019-12-21T23:57:09","modified_gmt":"2019-12-21T23:57:09","slug":"writing-the-history-of-nationalism-edited-by-stefan-berger-and-eric-storm","status":"publish","type":"post","link":"https:\/\/historiografija.hr\/?p=18220","title":{"rendered":"Writing the History of Nationalism. Edited by Stefan Berger and Eric Storm"},"content":{"rendered":"<p>Izdava\u010d Bloomsbury Academic objavio je 2019. godine zbornik \u201cWriting the History of Nationalism\u201d koji ispituje jedanaest pristupa povijesti nacionalizma koji su uredili povjesni\u010dari Stefan Berger i Eric Storm.<\/p>\n<p>&nbsp;<\/p>\n<p><strong>About Writing the History of Nationalism<\/strong><\/p>\n<p>What is nationalism and how can we study it from a historical perspective? <em>Writing the History of Nationalism <\/em>answers this question by examining eleven historical approaches to nationalism studies in theory and practice.<\/p>\n<p>An impressive cast of contributors cover the history of nationalism from a wide range of thematic approaches, from traditional modernist and Marxist perspectives to more recent debates around gender, postcolonialism and the global turn in history writing.<\/p>\n<p>This book is essential reading for undergraduate students of history, politics and sociology wanting to understand the complex yet fascinating history of nationalism.<\/p>\n<p>&nbsp;<\/p>\n<p><strong>Table of contents<\/strong><\/p>\n<ol>\n<li>Introduction, <em>Stefan Berger (Ruhr University Bochum, Germany) and Eric Storm (Leiden University, The Netherlands)<\/em><br \/>\n2. Nationalism in Historiography: The Pitfalls of Methodology, <em>Stefan Berger<\/em> <em>(Ruhr University Bochum, Germany)<\/em><br \/>\n3. Modernisation Theories, <em>John Breuilly (London School of Economics, UK)<\/em><br \/>\n4. Marxism, <em>Miroslav Hroch<\/em> <em>(Charles University, Czech Republic)<\/em><br \/>\n5. The Perennialist View, <em>Aviel Roshwald<\/em> <em>(Georgetown University, USA)<\/em><br \/>\n6. The Cultural Turn and Poststructuralism, <em>Gabriella Elgenius<\/em> <em>(University of Oxford, UK)<\/em><br \/>\n7. Constructivism, <em>Christian Wicke<\/em> <em>(Utretch University, The Netherlands)<\/em><br \/>\n8. Psycho-analytical Approaches, <em>Steven Mock<\/em> <em>(Centre for International Governance Innovation, Canada)<\/em><br \/>\n9. Postcolonialism, <em>Sanjay Seth<\/em> <em>(Goldsmiths, University of London, UK)<\/em><br \/>\n10. Gender Approaches, <em>Elizabeth Vlossak<\/em> <em>(Brock University, Canada)<\/em><br \/>\n11. The Spatial Turn, <em>Eric Storm<\/em> <em>(Leiden University, The Netherlands)<\/em><br \/>\n12. The Global Turn, <em>Matthias Middell<\/em> <em>(University of Leipzig, Germany)<\/em><br \/>\nIndex<\/li>\n<\/ol>\n<p>&nbsp;<\/p>\n<p><strong>Reviews<\/strong><\/p>\n<p>\u201cAn incisive and illuminating exploration of the ways in which nationalism and national identity have been analyzed, theorized and written about. Written by experts in the field, this collection will doubtless make a valuable intervention into nationalism studies.\u201d\u00a0\u2013\u00a0 Paul Lawrence, Asa Briggs Professor of History, The Open University, UK<\/p>\n<p>&nbsp;<\/p>\n<p>\u201cThis is the best book I have read on nationalism in a long time. Comprehensive, lucid and inventive, the book gathers the leading scholars in the field of nationalism studies to offer a much-needed shake-up of how we view and understand the writing of nationalism.\u201d\u00a0\u2013\u00a0 Rico Isaacs, Reader in Politics, Oxford Brookes University, UK<\/p>\n<p>&nbsp;<\/p>\n<p><strong>About Author\/Editor(s)\/ Contributor(s)<\/strong><\/p>\n<p><strong>Stefan Berger <\/strong>is Professor of Social History and Director of the Institute of Social Movements and the House for the History of the Ruhr at the Ruhr University Bochum, Germany. He is the author of numerous books, including <em>Nationalizing the Past<\/em> (2015) and <em>Germany: Inventing the Nation<\/em> (2004) and the editor of <em>A Companion to Nineteenth-Century Europe: 1789-1914 <\/em>(2009). He is, along with Kevin Passmore and Heiko Feldner, one of the Series Editors for Bloomsbury&#8217;s successful student book series, <em>Writing History<\/em>.<\/p>\n<p><strong>\u00a0<\/strong><\/p>\n<p><strong>Eric Storm<\/strong> is Senior Lecturer in European History at Leiden University, The Netherlands. He is the author of <em>The Culture of Regionalism: Art, Architecture and International Exhibitions in France, Germany and Spain, 1890-1939<\/em> (2010). He is also the co-editor, along with Joost Augusteijn, of <em>Region and State in Nineteenth-Century Europe: Nation-Building, Regional Identities and Separatism <\/em>(2012).<\/p>\n<p><strong>\u00a0<\/strong><\/p>\n<p><a href=\"https:\/\/www.bloomsbury.com\/uk\/writing-the-history-of-nationalism-9781350064300\/\">https:\/\/www.bloomsbury.com\/uk\/writing-the-history-of-nationalism-9781350064300\/<\/a><\/p>\n<p><strong>\u00a0<\/strong><\/p>\n<p>&nbsp;<\/p>\n","protected":false},"excerpt":{"rendered":"","protected":false},"author":2,"featured_media":18221,"comment_status":"open","ping_status":"open","sticky":false,"template":"","format":"standard","meta":{"_acf_changed":false,"jetpack_post_was_ever_published":false,"_jetpack_newsletter_access":"","_jetpack_dont_email_post_to_subs":false,"_jetpack_newsletter_tier_id":0,"_jetpack_memberships_contains_paywalled_content":false,"_jetpack_memberships_contains_paid_content":false,"footnotes":"","jetpack_publicize_message":"","jetpack_publicize_feature_enabled":true,"jetpack_social_post_already_shared":true,"jetpack_social_options":{"image_generator_settings":{"template":"highway","default_image_id":0,"font":"","enabled":false},"version":2}},"categories":[8,3],"tags":[],"class_list":["post-18220","post","type-post","status-publish","format-standard","has-post-thumbnail","hentry","category-knjige","category-novosti"],"acf":{"facebook_opis":""},"jetpack_publicize_connections":[],"jetpack_featured_media_url":"https:\/\/i0.wp.com\/historiografija.hr\/wp-content\/uploads\/2019\/12\/Writing-history-nationalism.jpg?fit=420%2C630&ssl=1","jetpack_sharing_enabled":true,"jetpack-related-posts":[{"id":52625,"url":"https:\/\/historiografija.hr\/?p=52625","url_meta":{"origin":18220,"position":0},"title":"Omer Bartov, \u201eIsrael: What Went Wrong?\u201c","author":"Branimir Jankovi\u0107","date":"23. travnja 2026.","format":false,"excerpt":"Professor Omer Bartov was born on a kibbutz, grew up in Tel Aviv and served in the Israel Defence Forces during the Yom Kippur War. He went on to become an expert on the German army and the Holocaust, before turning his attention to his native country.In Israel: What Went\u2026","rel":"","context":"U &quot;Knjige&quot;","block_context":{"text":"Knjige","link":"https:\/\/historiografija.hr\/?cat=8"},"img":{"alt_text":"","src":"https:\/\/i0.wp.com\/historiografija.hr\/wp-content\/uploads\/2026\/04\/Bartov.jpeg?fit=320%2C500&ssl=1&resize=350%2C200","width":350,"height":200},"classes":[]},{"id":52664,"url":"https:\/\/historiografija.hr\/?p=52664","url_meta":{"origin":18220,"position":1},"title":"CfP: CONFERENCE OF THE HISTORY OF CONCEPTS GROUP, HELSINKI, 19TH\u201321ST AUGUST 2026 (DEADLINE: 30TH APRIL 2026)","author":"Branimir Jankovi\u0107","date":"24. travnja 2026.","format":false,"excerpt":"The annual conference of the History of Concepts Group is held at the University of Helsinki, 19-21 August 2026. Conference of the History of Concepts Group Conceptual history studies the use of concepts and tries to understand how historical actors have linguistically articulated views of the world. Studying concepts from\u2026","rel":"","context":"U &quot;Novosti&quot;","block_context":{"text":"Novosti","link":"https:\/\/historiografija.hr\/?cat=3"},"img":{"alt_text":"","src":"https:\/\/i0.wp.com\/historiografija.hr\/wp-content\/uploads\/2017\/10\/hsozkult.png?fit=1006%2C241&ssl=1&resize=350%2C200","width":350,"height":200,"srcset":"https:\/\/i0.wp.com\/historiografija.hr\/wp-content\/uploads\/2017\/10\/hsozkult.png?fit=1006%2C241&ssl=1&resize=350%2C200 1x, https:\/\/i0.wp.com\/historiografija.hr\/wp-content\/uploads\/2017\/10\/hsozkult.png?fit=1006%2C241&ssl=1&resize=525%2C300 1.5x, https:\/\/i0.wp.com\/historiografija.hr\/wp-content\/uploads\/2017\/10\/hsozkult.png?fit=1006%2C241&ssl=1&resize=700%2C400 2x"},"classes":[]},{"id":52677,"url":"https:\/\/historiografija.hr\/?p=52677","url_meta":{"origin":18220,"position":2},"title":"CfP: NAVIGATING THE PAST, FACING THE PRESENT: CHALLENGES AND OPPORTUNITIES IN RE-PRESENTING CONFLICTS AND VIOLENCE IN MEMORY AND EDUCATION INSTITUTIONS, WARSAW, 22ND\u201324TH OCTOBER 2026 (DEADLINE: 30TH APRIL 2026)","author":"Branimir Jankovi\u0107","date":"27. travnja 2026.","format":false,"excerpt":"The conference and graduate workshop (October 22-24, 2026, Warsaw) addresses the representation of history in public and institutional contexts, with a focus beyond the often-studied field of \u201cmemory culture\u201d. Rather than emphasizing the politicization of memory and cultural institutions, the discussion shifts toward new methods, media, and challenges in historical\u2026","rel":"","context":"U &quot;Novosti&quot;","block_context":{"text":"Novosti","link":"https:\/\/historiografija.hr\/?cat=3"},"img":{"alt_text":"","src":"https:\/\/i0.wp.com\/historiografija.hr\/wp-content\/uploads\/2017\/10\/hsozkult.png?fit=1006%2C241&ssl=1&resize=350%2C200","width":350,"height":200,"srcset":"https:\/\/i0.wp.com\/historiografija.hr\/wp-content\/uploads\/2017\/10\/hsozkult.png?fit=1006%2C241&ssl=1&resize=350%2C200 1x, https:\/\/i0.wp.com\/historiografija.hr\/wp-content\/uploads\/2017\/10\/hsozkult.png?fit=1006%2C241&ssl=1&resize=525%2C300 1.5x, https:\/\/i0.wp.com\/historiografija.hr\/wp-content\/uploads\/2017\/10\/hsozkult.png?fit=1006%2C241&ssl=1&resize=700%2C400 2x"},"classes":[]},{"id":52586,"url":"https:\/\/historiografija.hr\/?p=52586","url_meta":{"origin":18220,"position":3},"title":"Aur\u00e9lie Daher, \u201eHezbollah: Mobilisation and Power\u201c","author":"Branimir Jankovi\u0107","date":"22. travnja 2026.","format":false,"excerpt":"Morning Star \u2018Book of the Year\u2019 Social movement, liberation party or terrorist group? With Hezbollah\u2019s growing involvement in the war in Syria, this study of its impact on Lebanon, drawing heavily on first-hand interviews, could not be more timely. Description Almost forty years after its foundation, Hezbollah remains an enigma.\u2026","rel":"","context":"U &quot;Knjige&quot;","block_context":{"text":"Knjige","link":"https:\/\/historiografija.hr\/?cat=8"},"img":{"alt_text":"","src":"https:\/\/i0.wp.com\/historiografija.hr\/wp-content\/uploads\/2026\/04\/Daher-Hezbollah.jpg?fit=600%2C931&ssl=1&resize=350%2C200","width":350,"height":200,"srcset":"https:\/\/i0.wp.com\/historiografija.hr\/wp-content\/uploads\/2026\/04\/Daher-Hezbollah.jpg?fit=600%2C931&ssl=1&resize=350%2C200 1x, https:\/\/i0.wp.com\/historiografija.hr\/wp-content\/uploads\/2026\/04\/Daher-Hezbollah.jpg?fit=600%2C931&ssl=1&resize=525%2C300 1.5x"},"classes":[]},{"id":52516,"url":"https:\/\/historiografija.hr\/?p=52516","url_meta":{"origin":18220,"position":4},"title":"Marko Grde\u0161i\u0107, Mislav \u017ditko, \u201eSocialist Economics in Yugoslavia: A Critical History\u201c","author":"Branimir Jankovi\u0107","date":"17. travnja 2026.","format":false,"excerpt":"This book presents a critical history of Yugoslav socialist economics, from its inception in the late 1940s to its dissolution in the late 1980s. After the dramatic break with the Soviet Union in 1948, Yugoslavia found itself in urgent need of a third way: A socialist trajectory which would not\u2026","rel":"","context":"U &quot;Knjige&quot;","block_context":{"text":"Knjige","link":"https:\/\/historiografija.hr\/?cat=8"},"img":{"alt_text":"","src":"https:\/\/i0.wp.com\/historiografija.hr\/wp-content\/uploads\/2026\/04\/Zitko_Grdesic.jpg?fit=350%2C535&ssl=1&resize=350%2C200","width":350,"height":200},"classes":[]},{"id":52679,"url":"https:\/\/historiografija.hr\/?p=52679","url_meta":{"origin":18220,"position":5},"title":"CfP: CHOSEN NATION(S): HISTORICAL AND CULTURAL INTERPRETATIONS OF EXCEPTIONALISM, BUDAPEST, 10TH\u201311TH JUNE 2026 (DEADLINE: 1ST MAY 2026)","author":"Branimir Jankovi\u0107","date":"27. travnja 2026.","format":false,"excerpt":"The Ludovika University of Public Service (NKE) and the Jewish Theological Seminary \u2013 University of Jewish Studies (OR-ZSE) are pleased to announce a joint academic conference on \u201cChosen Nation(s): Historical and Cultural Interpretations of Exceptionalism\u201d, to be held in Budapest, Hungary. Chosen Nation(s): Historical and Cultural Interpretations of Exceptionalism Keynote\u2026","rel":"","context":"U &quot;Novosti&quot;","block_context":{"text":"Novosti","link":"https:\/\/historiografija.hr\/?cat=3"},"img":{"alt_text":"","src":"https:\/\/i0.wp.com\/historiografija.hr\/wp-content\/uploads\/2017\/10\/hsozkult.png?fit=1006%2C241&ssl=1&resize=350%2C200","width":350,"height":200,"srcset":"https:\/\/i0.wp.com\/historiografija.hr\/wp-content\/uploads\/2017\/10\/hsozkult.png?fit=1006%2C241&ssl=1&resize=350%2C200 1x, https:\/\/i0.wp.com\/historiografija.hr\/wp-content\/uploads\/2017\/10\/hsozkult.png?fit=1006%2C241&ssl=1&resize=525%2C300 1.5x, https:\/\/i0.wp.com\/historiografija.hr\/wp-content\/uploads\/2017\/10\/hsozkult.png?fit=1006%2C241&ssl=1&resize=700%2C400 2x"},"classes":[]}],"_links":{"self":[{"href":"https:\/\/historiografija.hr\/index.php?rest_route=\/wp\/v2\/posts\/18220","targetHints":{"allow":["GET"]}}],"collection":[{"href":"https:\/\/historiografija.hr\/index.php?rest_route=\/wp\/v2\/posts"}],"about":[{"href":"https:\/\/historiografija.hr\/index.php?rest_route=\/wp\/v2\/types\/post"}],"author":[{"embeddable":true,"href":"https:\/\/historiografija.hr\/index.php?rest_route=\/wp\/v2\/users\/2"}],"replies":[{"embeddable":true,"href":"https:\/\/historiografija.hr\/index.php?rest_route=%2Fwp%2Fv2%2Fcomments&post=18220"}],"version-history":[{"count":3,"href":"https:\/\/historiografija.hr\/index.php?rest_route=\/wp\/v2\/posts\/18220\/revisions"}],"predecessor-version":[{"id":18224,"href":"https:\/\/historiografija.hr\/index.php?rest_route=\/wp\/v2\/posts\/18220\/revisions\/18224"}],"wp:featuredmedia":[{"embeddable":true,"href":"https:\/\/historiografija.hr\/index.php?rest_route=\/wp\/v2\/media\/18221"}],"wp:attachment":[{"href":"https:\/\/historiografija.hr\/index.php?rest_route=%2Fwp%2Fv2%2Fmedia&parent=18220"}],"wp:term":[{"taxonomy":"category","embeddable":true,"href":"https:\/\/historiografija.hr\/index.php?rest_route=%2Fwp%2Fv2%2Fcategories&post=18220"},{"taxonomy":"post_tag","embeddable":true,"href":"https:\/\/historiografija.hr\/index.php?rest_route=%2Fwp%2Fv2%2Ftags&post=18220"}],"curies":[{"name":"wp","href":"https:\/\/api.w.org\/{rel}","templated":true}]}}