{"id":18216,"date":"2019-12-21T23:39:47","date_gmt":"2019-12-21T23:39:47","guid":{"rendered":"http:\/\/historiografija.hr\/?p=18216"},"modified":"2021-01-12T20:44:30","modified_gmt":"2021-01-12T20:44:30","slug":"zbornik-radova-ogledi-o-historiografiji-i-nacionalizmu-u-jugoistocnoj-evropi","status":"publish","type":"post","link":"https:\/\/historiografija.hr\/?p=18216","title":{"rendered":"Zbornik radova \u201cOgledi o historiografiji i nacionalizmu u jugoisto\u010dnoj Evropi\u201d"},"content":{"rendered":"<p>Udru\u017eenje za modernu historiju je ovih dana objavilo novu knjigu pod naslovom \u201eOgledi o historiografiji i nacionalizmu u Jugoisto\u010dnoj Evropi\u201c. Rije\u010d je o zborniku radova \u010diji je urednik i autor jednog priloga Amir Duranovi\u0107, a svoje radove objavljuju i Branimir Jankovi\u0107 iz Zagreba, Adnan Preki\u0107 iz Podgorice, Milivoj Be\u0161lin iz Novog Sada, Ru\u017ea Fotiadis iz Berlina, Petar Todorov iz Skopja i Husnija Kamberovi\u0107 iz Sarajeva. Jugoisto\u010dnoevropski kontekst je temeljno obilje\u017eje zbornika. Urednik Amir Duranovi\u0107 u svoj tekstu navodi da \u201eovom knjigom nudimo mogu\u0107nost jednog komparativnog \u010ditanja historije i historiografije cijene\u0107i da to mo\u017ee pomo\u0107i, prije svega, boljoj komunikaciji i me\u0111usobnom otvaranju izme\u0111u razli\u010ditih historiografija, a posljedi\u010dno i njihovom unapre\u0111enju u perspektivi vremena koje je pred nama, budu\u0107nosti, a budu\u0107nost je jedini stvarni &#8216;prostor&#8217; u kojem se mo\u017ee djelovati, ma koliko se neki historiografi trudili da &#8216;djeluju na pro\u0161lost&#8217;\u201d.<\/p>\n<p>\u00a0<\/p>\n<p>Knjiga je realizirana u okviru projekta \u201cHistoriografija i nacionalizam\u201d koga finansira Fondacija Heinrich B\u04e7ll \u2013 Bosna i Hercegovina, Albanija, Sjeverna Makedonija.<\/p>\n<p>\u00a0<\/p>\n<p>\u00a0<\/p>\n<p>Razvojnu liniju projekta \u201cHistoriografija i nacionalizam\u201d u drugoj godini njegove realizacije \u017eeljeli smo pokazati na vi\u0161e na\u010dina. Dio projektnih aktivnosti tokom 2019. godine bio je usmjeren prema History Festu, dinami\u010dnoj manifestaciji koju ve\u0107 nekoliko godina uspje\u0161no osmi\u0161ljava i vodi Husnija Kamberovi\u0107. Drugi dio aktivnosti realiziran je uglavnom u istra\u017eiva\u010dkoj ti\u0161ini i miru na\u0161ih kutaka gdje radimo. Pitanja i probleme o kojima se razgovaralo krajem 2018. godine na panel-diskusiji pod nazivom \u201cHistoriografija i nacionalizam\u201d tokom 2019. godine u\u010desnici diskusija pretvorili su u manje ili ve\u0107e istra\u017eiva\u010dke radove. Uvidjev\u0161i potrebu i drugih perspektiva, u istra\u017eiva\u010dki tim uklju\u010dili smo na\u0161eg crnogorskog kolegu Adnana Preki\u0107a, koji iako nije u\u010destvovao u panel-diskusiji 2018. godine, sada daje vrijedan doprinos svojim radom o crnogorskoj historiografiji. Sve projektne aktivnosti, uklju\u010duju\u0107i i dvije nove knjige ove godine, ne bi bilo mogu\u0107e realizirati bez podr\u0161ke Fondacije Heinrich B\u04e7ll \u2013 Bosna i Hercegovina, Albanija, Sjeverna Makedonija.<\/p>\n<p>\u00a0<\/p>\n<p>Zato rije\u010di zahvalnosti idu Husniji Kamberovi\u0107u, predsjedniku Udru\u017eenja za modernu historiju (UMHIS), \u010dijih je programskih sadr\u017eaja ovaj projekt jedan dio, Marion Kraske i Ameli Sejmenovi\u0107 Buri\u0107 iz Fondacije Heinrich B\u04e7ll u Sarajevu, jer se raduju na\u0161em radu i uspjehu, te svim mojim dragim kolegicama i kolegama koji su svojim radom omogu\u0107ili nastanak i ove knjige. To su autori tekstova Branimir Jankovi\u0107, Adnan Preki\u0107, Milivoj Be\u0161lin, Ru\u017ea Fotiadis, Petar Todorov i Husnija Kamberovi\u0107, koji su svojim autorskim prilozima omogu\u0107ili realizaciju ideje koju sam nekoliko posljednjih godina razvijao u razgovorima s kolegom i prijateljem \u010diji je doprinos realizaciji projekta u cjelini zaista veliki, a to je Enes Omerovi\u0107, koji je zajedno s Verom Katz tako\u0111er doprinio okon\u010danju i ovog projekta. Potpunosti pripreme i realizacije ove knjige svoj doprinos dali su Mirela Omerovi\u0107 profesionalnom lekturom, kao i kolega Halid Buli\u0107 \u2013 onda kada je zaista trebalo, Selma \u0110uliman prijevodima rezimea na engleski jezik, Melisa Fori\u0107 podr\u0161kom u zavr\u0161noj fazi pripreme knjige za \u0161tampu. Asim Bili\u0107 je i ovu knjigu pripremao jednako vrijedno kao i prethodne, iako smo u ovoj godini, slijede\u0107i odnose u jugoisto\u010dnoj Evropi, aplicirali novi logo Fondacije Heinrich B\u04e7ll, jer je (Biv\u0161a Jugoslavenska) Republika Makedonija postala Republika Sjeverna Makedonija, a i to je pitanje tretirano sadr\u017eajem ove knjige.<\/p>\n<p>\u00a0<\/p>\n<p>Uz ve\u0107 iskazane rije\u010di zahvalnosti, posebnu zahvalnost svi mi zajedno dugujemo onima \u010dija se imena uglavnom ne nalaze u ovoj knjizi, ali koji su strpljenjem i razumijevanjem omogu\u0107avali mir da bi preuzete obaveze bile dovedene do kraja. Zato u ime svih nas, aktivnih u\u010desnika u realizaciji projekta, posebno zahvaljujem \u010dlanovima na\u0161ih porodica. Bez njih bi sve ovo bilo druga\u010dije i te\u017ee, ali samo uz njihovu podr\u0161ku ima smisla.<\/p>\n<p>\u00a0<\/p>\n<p>Sarajevo, 24\/11\/2019.\u00a0\u00a0\u00a0\u00a0\u00a0\u00a0\u00a0\u00a0\u00a0\u00a0\u00a0\u00a0\u00a0\u00a0\u00a0\u00a0\u00a0\u00a0\u00a0\u00a0 Amir Duranovi\u0107<\/p>\n<p>\u00a0<\/p>\n<p>\u00a0<\/p>\n<p>Sadr\u017eaj<\/p>\n<p>\u00a0<\/p>\n<p>Amir Duranovi\u0107<\/p>\n<p>OGLEDI O HISTORIOGRAFIJI I NACIONALIZMU U JUGOISTO\u010cNOJ EVROPI: PRILOZI KOMPARATIVNOM \u010cITANJU SAVREMENE HISTORIJE I HISTORIOGRAFIJE<\/p>\n<p>\u00a0<\/p>\n<p>Branimir Jankovi\u0107<\/p>\n<p>MEANDRI HRVATSKE HISTORIOGRAFIJE 19\u201321. STOLJE\u0106A: INSTITUCIONALIZACIJA, NACIJA, METODOLOGIJA<\/p>\n<p>\u00a0<\/p>\n<p>Adnan Preki\u0107<\/p>\n<p>CRNOGORSKA ISTORIOGRAFIJA I NACIONALIZAM<\/p>\n<p>\u00a0<\/p>\n<p>Milivoj Be\u0161lin<\/p>\n<p>SIMBIOTI\u010cKA VEZA ISTORIOGRAFIJE I NACIONALIZMA U POSTSOCIJALISTI\u010cKOJ SRBIJI<\/p>\n<p>\u00a0<\/p>\n<p>Ru\u017ea Fotiadis<\/p>\n<p>\u201cTRADICIONALNI PRIJATELJI I PRAVOSLAVNA BRA\u0106A\u201d: STVARANJE GR\u010cKO-SRPSKOG PRIJATELJSTVA 1990-IH GODINA<\/p>\n<p>\u00a0<\/p>\n<p>Petar Todorov<\/p>\n<p>ISTORIJA U MAKEDONIJI : NAUKA, POLITI\u010cKO PITANJE ILI PITANJE IDENTITETA?<\/p>\n<p>\u00a0<\/p>\n<p>Husnija Kamberovi\u0107<\/p>\n<p>HISTORI\u010cARI KAO NACIONALNI RADNICI I POLITIZACIJA HISTORIOGRAFSKE SCENE U BOSNI I HERCEGOVINI<\/p>\n<p>\u00a0<\/p>\n<p><a href=\"http:\/\/umhis.ba\/ogledi-o-historiografiji-i-nacionalizmu-u-jugoistocnoj-evropi-zbornik-radova\/\">http:\/\/umhis.ba\/ogledi-o-historiografiji-i-nacionalizmu-u-jugoistocnoj-evropi-zbornik-radova\/<\/a><\/p>\n<p><a href=\"https:\/\/umhis.ba\/na-margini-povijesti\/\">https:\/\/umhis.ba\/na-margini-povijesti\/<\/a><\/p>\n<p><a href=\"http:\/\/www.historiografija.ba\/article.php?id=26\">http:\/\/www.historiografija.ba\/article.php?id=26<\/a><\/p>\n<p>\u00a0<\/p>\n<p>\u00a0<\/p>\n\n\n<p>Zbornik je dostupan online na poveznici:<\/p>\n\n\n\n<p><a href=\"https:\/\/www.academia.edu\/41683563\/OGLEDI_O_HISTORIOGRAFIJI_I_NACIONALIZMU_U_JUGOISTO%C4%8CNOJ_EVROPI\">https:\/\/www.academia.edu\/41683563\/OGLEDI_O_HISTORIOGRAFIJI_I_NACIONALIZMU_U_JUGOISTO%C4%8CNOJ_EVROPI<\/a><\/p>\n\n\n\n<hr class=\"wp-block-separator\"\/>\n","protected":false},"excerpt":{"rendered":"","protected":false},"author":2,"featured_media":18217,"comment_status":"open","ping_status":"open","sticky":false,"template":"","format":"standard","meta":{"_acf_changed":false,"jetpack_post_was_ever_published":false,"_jetpack_newsletter_access":"","_jetpack_dont_email_post_to_subs":false,"_jetpack_newsletter_tier_id":0,"_jetpack_memberships_contains_paywalled_content":false,"_jetpack_memberships_contains_paid_content":false,"footnotes":"","jetpack_publicize_message":"","jetpack_publicize_feature_enabled":true,"jetpack_social_post_already_shared":true,"jetpack_social_options":{"image_generator_settings":{"template":"highway","default_image_id":0,"font":"","enabled":false},"version":2}},"categories":[19,8,3],"tags":[],"class_list":["post-18216","post","type-post","status-publish","format-standard","has-post-thumbnail","hentry","category-e-knjige","category-knjige","category-novosti"],"acf":{"facebook_opis":""},"jetpack_publicize_connections":[],"jetpack_featured_media_url":"https:\/\/i0.wp.com\/historiografija.hr\/wp-content\/uploads\/2019\/12\/Ogledi.png?fit=680%2C1033&ssl=1","jetpack_sharing_enabled":true,"jetpack-related-posts":[{"id":52603,"url":"https:\/\/historiografija.hr\/?p=52603","url_meta":{"origin":18216,"position":0},"title":"No\u0107 knjige: Carska i kraljevska kuhinja","author":"Branimir Jankovi\u0107","date":"22. travnja 2026.","format":false,"excerpt":"Pozivamo vas da nam se pridru\u017eite 23. travnja 2026. u 18 sati u obilje\u017eavanju No\u0107i knjige u Pivnici Bobi&Rudi na Trgu Ivana Me\u0161trovi\u0107a u Zapru\u0111u u Zagrebu gdje uz kavu \u010ditamo recepte iz zemalja Austro-Ugarske Monarhije iz knjige Carska i kraljevska kuhinja, autora Roberta Mak\u0142owicza, u prijevodu Damira Agi\u010di\u0107a. Izvor:\u2026","rel":"","context":"U &quot;Novosti&quot;","block_context":{"text":"Novosti","link":"https:\/\/historiografija.hr\/?cat=3"},"img":{"alt_text":"","src":"https:\/\/i0.wp.com\/historiografija.hr\/wp-content\/uploads\/2026\/04\/Noc-knjige-Carska-i-kraljevska.jpg?fit=1200%2C1200&ssl=1&resize=350%2C200","width":350,"height":200,"srcset":"https:\/\/i0.wp.com\/historiografija.hr\/wp-content\/uploads\/2026\/04\/Noc-knjige-Carska-i-kraljevska.jpg?fit=1200%2C1200&ssl=1&resize=350%2C200 1x, https:\/\/i0.wp.com\/historiografija.hr\/wp-content\/uploads\/2026\/04\/Noc-knjige-Carska-i-kraljevska.jpg?fit=1200%2C1200&ssl=1&resize=525%2C300 1.5x, https:\/\/i0.wp.com\/historiografija.hr\/wp-content\/uploads\/2026\/04\/Noc-knjige-Carska-i-kraljevska.jpg?fit=1200%2C1200&ssl=1&resize=700%2C400 2x, https:\/\/i0.wp.com\/historiografija.hr\/wp-content\/uploads\/2026\/04\/Noc-knjige-Carska-i-kraljevska.jpg?fit=1200%2C1200&ssl=1&resize=1050%2C600 3x"},"classes":[]},{"id":52575,"url":"https:\/\/historiografija.hr\/?p=52575","url_meta":{"origin":18216,"position":1},"title":"Izlo\u017eba dje\u010djih radova \u201cU po\u010detku bija\u0161e crte\u017e\u2026\u201d","author":"Branimir Jankovi\u0107","date":"21. travnja 2026.","format":false,"excerpt":"U subotu, 25. travnja 2026. u 11 sati u Galeriji Klovi\u0107evi dvori sve\u010dano otvaramo izlo\u017ebu dje\u010djih radova pod nazivom U po\u010detku bija\u0161e crte\u017e\u2026 Radovi su nastali u sklopu likovnih radionica uz izlo\u017ebu U po\u010detku bija\u0161e kraljevstvo \u2013 izlo\u017eba povodom 1100 godina Hrvatskoga Kraljevstva. Na brojnim likovnim radionicama, uz \u0161kolsku djecu,\u2026","rel":"","context":"U &quot;Izlo\u017ebe&quot;","block_context":{"text":"Izlo\u017ebe","link":"https:\/\/historiografija.hr\/?cat=10"},"img":{"alt_text":"","src":"https:\/\/i0.wp.com\/historiografija.hr\/wp-content\/uploads\/2025\/10\/Klovicevi_sluzbeni-plakat.png?fit=840%2C1200&ssl=1&resize=350%2C200","width":350,"height":200,"srcset":"https:\/\/i0.wp.com\/historiografija.hr\/wp-content\/uploads\/2025\/10\/Klovicevi_sluzbeni-plakat.png?fit=840%2C1200&ssl=1&resize=350%2C200 1x, https:\/\/i0.wp.com\/historiografija.hr\/wp-content\/uploads\/2025\/10\/Klovicevi_sluzbeni-plakat.png?fit=840%2C1200&ssl=1&resize=525%2C300 1.5x, https:\/\/i0.wp.com\/historiografija.hr\/wp-content\/uploads\/2025\/10\/Klovicevi_sluzbeni-plakat.png?fit=840%2C1200&ssl=1&resize=700%2C400 2x"},"classes":[]},{"id":52528,"url":"https:\/\/historiografija.hr\/?p=52528","url_meta":{"origin":18216,"position":2},"title":"[Promocija knjige] Banja Luka u ratu: Etnopolitika i svakodnevica (1990\u20131995) (ActiveLab, YugoLab)","author":"Branimir Jankovi\u0107","date":"17. travnja 2026.","format":false,"excerpt":"Institut za filozofiju i dru\u0161tvenu teoriju i O\u0161tra Nula organizuju promociju knjige Banja Luka u ratu: Etnopolitika i svakodnevica (1990\u20131995) autorke Armine Galija\u0161, koja \u0107e se odr\u017eati 20. aprila 2026. u 12.00 sati u prostorijama Instituta (Kraljice Natalije 45, Beograd). Re\u010d je o prvom nau\u010dno utemeljenom i sistematskom radu koji\u2026","rel":"","context":"U &quot;Novosti&quot;","block_context":{"text":"Novosti","link":"https:\/\/historiografija.hr\/?cat=3"},"img":{"alt_text":"","src":"https:\/\/i0.wp.com\/historiografija.hr\/wp-content\/uploads\/2026\/04\/20-april-RS.jpg?fit=1200%2C675&ssl=1&resize=350%2C200","width":350,"height":200,"srcset":"https:\/\/i0.wp.com\/historiografija.hr\/wp-content\/uploads\/2026\/04\/20-april-RS.jpg?fit=1200%2C675&ssl=1&resize=350%2C200 1x, https:\/\/i0.wp.com\/historiografija.hr\/wp-content\/uploads\/2026\/04\/20-april-RS.jpg?fit=1200%2C675&ssl=1&resize=525%2C300 1.5x, https:\/\/i0.wp.com\/historiografija.hr\/wp-content\/uploads\/2026\/04\/20-april-RS.jpg?fit=1200%2C675&ssl=1&resize=700%2C400 2x, https:\/\/i0.wp.com\/historiografija.hr\/wp-content\/uploads\/2026\/04\/20-april-RS.jpg?fit=1200%2C675&ssl=1&resize=1050%2C600 3x"},"classes":[]},{"id":52505,"url":"https:\/\/historiografija.hr\/?p=52505","url_meta":{"origin":18216,"position":3},"title":"Izlo\u017eba &#8220;Eschenstock \/ Jasenov prut&#8221;","author":"Branimir Jankovi\u0107","date":"17. travnja 2026.","format":false,"excerpt":"Srpsko narodno vije\u0107e (SNV) i Vizura aperta postavljaju izlo\u017ebu \u0161vicarskog slikara Velimira Ili\u0161evi\u0107a: Eschenstock \/ Jasenov prut. Izlo\u017eba se uz prisustvo autora otvara povodom 81. godi\u0161njice proboja logora\u0161a iz usta\u0161kog logora smrti Jasenovac 22. aprila 2026. u 19 sati u Srpskom kulturnom centru (SKC) u Preradovi\u0107evoj ulici 21 u Zagrebu.\u2026","rel":"","context":"U &quot;Izlo\u017ebe&quot;","block_context":{"text":"Izlo\u017ebe","link":"https:\/\/historiografija.hr\/?cat=10"},"img":{"alt_text":"","src":"https:\/\/i0.wp.com\/historiografija.hr\/wp-content\/uploads\/2026\/04\/Jasenov_prut.jpg?fit=1024%2C640&ssl=1&resize=350%2C200","width":350,"height":200,"srcset":"https:\/\/i0.wp.com\/historiografija.hr\/wp-content\/uploads\/2026\/04\/Jasenov_prut.jpg?fit=1024%2C640&ssl=1&resize=350%2C200 1x, https:\/\/i0.wp.com\/historiografija.hr\/wp-content\/uploads\/2026\/04\/Jasenov_prut.jpg?fit=1024%2C640&ssl=1&resize=525%2C300 1.5x, https:\/\/i0.wp.com\/historiografija.hr\/wp-content\/uploads\/2026\/04\/Jasenov_prut.jpg?fit=1024%2C640&ssl=1&resize=700%2C400 2x"},"classes":[]},{"id":52592,"url":"https:\/\/historiografija.hr\/?p=52592","url_meta":{"origin":18216,"position":4},"title":"Predstavljanje knjige &#8220;Turska ku\u0107a u Rijeci&#8221; u Zagrebu","author":"Branimir Jankovi\u0107","date":"22. travnja 2026.","format":false,"excerpt":"U prostorijama Turskog kulturnog centra Yunus Emre u Zagrebu, u utorak 21. travnja 2026. godine, odr\u017eano je sve\u010dano predstavljanje dopunjenog izdanja knjige Turska ku\u0107a u Rijeci, u organizaciji Hrvatsko-turskog dru\u0161tva Rijeka i partnerstvu sa Skupinom prijateljstva Hrvatska-Turska Hrvatskog sabora, Veleposlanstvom Republike Turske u Republici Hrvatskoj te Turskim kulturnim centrom Yunus\u2026","rel":"","context":"U &quot;Novosti&quot;","block_context":{"text":"Novosti","link":"https:\/\/historiografija.hr\/?cat=3"},"img":{"alt_text":"","src":"https:\/\/i0.wp.com\/historiografija.hr\/wp-content\/uploads\/2026\/04\/Turska-kuca-ZG.jpg?fit=1200%2C800&ssl=1&resize=350%2C200","width":350,"height":200,"srcset":"https:\/\/i0.wp.com\/historiografija.hr\/wp-content\/uploads\/2026\/04\/Turska-kuca-ZG.jpg?fit=1200%2C800&ssl=1&resize=350%2C200 1x, https:\/\/i0.wp.com\/historiografija.hr\/wp-content\/uploads\/2026\/04\/Turska-kuca-ZG.jpg?fit=1200%2C800&ssl=1&resize=525%2C300 1.5x, https:\/\/i0.wp.com\/historiografija.hr\/wp-content\/uploads\/2026\/04\/Turska-kuca-ZG.jpg?fit=1200%2C800&ssl=1&resize=700%2C400 2x, https:\/\/i0.wp.com\/historiografija.hr\/wp-content\/uploads\/2026\/04\/Turska-kuca-ZG.jpg?fit=1200%2C800&ssl=1&resize=1050%2C600 3x"},"classes":[]},{"id":52502,"url":"https:\/\/historiografija.hr\/?p=52502","url_meta":{"origin":18216,"position":5},"title":"Novi znanstveni projekt Hrvatskog instituta za povijest: \u201c\u017drtve ratova i dr\u017eavnog\/politi\u010dkog nasilja u hrvatskoj povijesti 20. stolje\u0107a\u201d","author":"Branimir Jankovi\u0107","date":"17. travnja 2026.","format":false,"excerpt":"Na redovitoj sjednici Vlade RH, 16. travnja 2026., donijet je Zaklju\u010dak kojim se pokre\u0107e znanstveni projekt \u201c\u017drtve ratova i dr\u017eavnog\/politi\u010dkog nasilja u hrvatskoj povijesti 20. stolje\u0107a\u201d. Projekt \u0107e provoditi i koordinirati Hrvatski institut za povijest u razdoblju trajanja projekta od pet godina. Zakljucak Vlade RH Iz teksta projektnog prijedloga: Problematika\u2026","rel":"","context":"U &quot;Novosti&quot;","block_context":{"text":"Novosti","link":"https:\/\/historiografija.hr\/?cat=3"},"img":{"alt_text":"","src":"https:\/\/i0.wp.com\/historiografija.hr\/wp-content\/uploads\/2026\/04\/Vlada-RH.jpg?fit=1200%2C557&ssl=1&resize=350%2C200","width":350,"height":200,"srcset":"https:\/\/i0.wp.com\/historiografija.hr\/wp-content\/uploads\/2026\/04\/Vlada-RH.jpg?fit=1200%2C557&ssl=1&resize=350%2C200 1x, https:\/\/i0.wp.com\/historiografija.hr\/wp-content\/uploads\/2026\/04\/Vlada-RH.jpg?fit=1200%2C557&ssl=1&resize=525%2C300 1.5x, https:\/\/i0.wp.com\/historiografija.hr\/wp-content\/uploads\/2026\/04\/Vlada-RH.jpg?fit=1200%2C557&ssl=1&resize=700%2C400 2x, https:\/\/i0.wp.com\/historiografija.hr\/wp-content\/uploads\/2026\/04\/Vlada-RH.jpg?fit=1200%2C557&ssl=1&resize=1050%2C600 3x"},"classes":[]}],"_links":{"self":[{"href":"https:\/\/historiografija.hr\/index.php?rest_route=\/wp\/v2\/posts\/18216","targetHints":{"allow":["GET"]}}],"collection":[{"href":"https:\/\/historiografija.hr\/index.php?rest_route=\/wp\/v2\/posts"}],"about":[{"href":"https:\/\/historiografija.hr\/index.php?rest_route=\/wp\/v2\/types\/post"}],"author":[{"embeddable":true,"href":"https:\/\/historiografija.hr\/index.php?rest_route=\/wp\/v2\/users\/2"}],"replies":[{"embeddable":true,"href":"https:\/\/historiografija.hr\/index.php?rest_route=%2Fwp%2Fv2%2Fcomments&post=18216"}],"version-history":[{"count":2,"href":"https:\/\/historiografija.hr\/index.php?rest_route=\/wp\/v2\/posts\/18216\/revisions"}],"predecessor-version":[{"id":24549,"href":"https:\/\/historiografija.hr\/index.php?rest_route=\/wp\/v2\/posts\/18216\/revisions\/24549"}],"wp:featuredmedia":[{"embeddable":true,"href":"https:\/\/historiografija.hr\/index.php?rest_route=\/wp\/v2\/media\/18217"}],"wp:attachment":[{"href":"https:\/\/historiografija.hr\/index.php?rest_route=%2Fwp%2Fv2%2Fmedia&parent=18216"}],"wp:term":[{"taxonomy":"category","embeddable":true,"href":"https:\/\/historiografija.hr\/index.php?rest_route=%2Fwp%2Fv2%2Fcategories&post=18216"},{"taxonomy":"post_tag","embeddable":true,"href":"https:\/\/historiografija.hr\/index.php?rest_route=%2Fwp%2Fv2%2Ftags&post=18216"}],"curies":[{"name":"wp","href":"https:\/\/api.w.org\/{rel}","templated":true}]}}