{"id":18186,"date":"2019-12-20T17:38:44","date_gmt":"2019-12-20T17:38:44","guid":{"rendered":"http:\/\/historiografija.hr\/?p=18186"},"modified":"2019-12-20T17:38:44","modified_gmt":"2019-12-20T17:38:44","slug":"jevgenij-vodolazkin-roman-lavr","status":"publish","type":"post","link":"https:\/\/historiografija.hr\/?p=18186","title":{"rendered":"Jevgenij Vodolazkin, roman \u201eLavr\u201c"},"content":{"rendered":"<p>Naklada Ljevak objavila je 2019. hrvatsko izdanje romana \u201eLavr\u201c (prevoditelj Igor Buljan) koji tematizira rusku povijest \u201eod srednjeg vijeka preko epidemije kuge 1771. godine (\u2026) do politi\u010dkih prevrata krajem 20. stolje\u0107a\u201c.<\/p>\n<p><strong>\u00a0<\/strong><\/p>\n<p><strong>Lavr<\/strong> se doga\u0111a u 15. stolje\u0107u u <strong>Rusiji pogo\u0111enoj epidemijom kuge.<\/strong> To je Rusija s i dalje sna\u017eno prisutnom poganskom pro\u0161lo\u0161\u0107u, a istodobno i duboko kr\u0161\u0107anska zemlja. Seoski iscjelitelj Lavr uz djeda travara, koji ga je odgojio nakon smrti obaju roditelja, stje\u010de umije\u0107e misti\u010dnog lije\u010denja, ali ne uspijeva pomo\u0107i svojoj voljenoj koja umre na porodu, neudata i ne primiv\u0161i posljednju pri\u010dest. Shrvan od boli i o\u010dajan, on kre\u0107e <strong>na putovanje iskupljenja<\/strong>. No to nije obi\u010dan put: on se prote\u017ee kroz stolje\u0107a i brojne zemlje gdje Lavr susre\u0107e mno\u0161tvo nezaboravnih, ekscentri\u010dnih likova i legendarnih bi\u0107a iz najbizarnijeg srednjovjekovnog bestijarija. Lavra put vodi od <strong>srednjeg vijeka preko epidemije kuge 1771. godine,<\/strong> kada kao sveta luda pokazuje \u010dudotvorne iscjeliteljske mo\u0107i, do politi\u010dkih prevrata <strong>krajem 20. stolje\u0107a.<\/strong> U svakom stadiju svojeg putovanja on prolazi kroz preobra\u017eaj i stje\u010de duboko po\u0161tovanje Crkve i ljudi, da bi se, potkraj \u017eivota, odlu\u010dio vratiti u rodno selo i \u017eivjeti \u017eivotom redovni\u010dkog pustinjaka \u2013 ne slute\u0107i da \u0107e se upravo ovdje suo\u010diti s najte\u017eim isku\u0161enjem.<\/p>\n<p>\u201eRoman Lavr pro\u017eet je <strong>snovitom, gotovo halucinantnom atmosferom.<\/strong> Glavni junak gotovo je u neprestanom dijalogu s mrtvima, i vrijeme ne postoji, iako nije jasno je li Lavr toga svjestan sve do pretkraj romana, kad on, postav\u0161i redovnik i pro\u017eivjev\u0161i puni liturgijski ciklus, ka\u017ee da se <strong>vrijeme vi\u0161e ne kre\u0107e naprijed, nego u krugovima<\/strong>, jer je ispunjeno doga\u0111ajima koji se kre\u0107u u krugovima. U romanu ima jo\u0161 suptilnih natuknica koje ukazuju na to da je vrijeme iluzija. <strong>Velik, sna\u017ean roman.\u201c<\/strong><br \/>\n&#8211; <strong>The New Yorker <\/strong><\/p>\n<p>\u201eVodolazkinov Lavr <strong>poga\u0111a ravno u srce ruskog vjerskog iskustva<\/strong> pa i onog izlu\u0111uju\u0107e neuhvatljivog pojma koji se ve\u0107 gotovo pretvorio u kli\u0161e: ruske du\u0161e. U romanu se otkriva op\u0107e uvjerenje koje se odra\u017eava u svim kulturama \u2013 da je <strong>\u010dovje\u010danstvo misteriozno povezano s prija\u0161njim generacijama i generacijama koje dolaze.\u201c<\/strong><br \/>\n<strong>&#8211; Guardian <\/strong><\/p>\n<p>\u201eVodolazkinova <strong>duhovna odiseja<\/strong> transcendira povijest, stapaju\u0107i arhaizme i sleng u sklopu<strong> ideje da je vrijeme \u201evrsta nesporazuma, iluzije\u201c<\/strong>. Autor <strong>istra\u017euje slojevito pitanje \u201eruskosti\u201c<\/strong> i zaklju\u010duje \u2013 poput velikog ruskog pjesnika Tjut\u010deva \u2013 da se Rusiju ne mo\u017ee razumjeti racionalnim putem. To je ono \u0161to ga navodi da vjeru i ljudsku du\u0161u smjesti u sredi\u0161te svojeg svjetonazora.\u201c<br \/>\n&#8211;<strong> Kirkus<\/strong><\/p>\n<p><strong>\u00a0<\/strong><\/p>\n<p><strong>Jevgenij Vodolazkin<\/strong> (Kijev, 1964), jedan od najuglednijih ruskih pisaca s me\u0111unarodnom knji\u017eevnom reputacijom, stru\u010dnjak je za srednjovjekovnu rusku knji\u017eevnost o kojoj je objavio vi\u0161e znanstvenih knjiga i \u010dlanaka. Bio je stipendist njema\u010dkih fondacija Toepfer i Alexander von Humboldt. Vodolazkinov debitantski roman <em>Solovjov i Larionov<\/em> (2009.) postigao je trenutni uspjeh i bio predlo\u017een za presti\u017enu <strong>nagradu \u201eAndrej Beli\u201c<\/strong> 2009. i <strong>nagradu \u201eVelika knjiga\u201c<\/strong> 2013. Roman <em>Lavr,<\/em> objavljen 2012. godine, dobitnik je uglednih <strong>nagrada \u201eJasna Poljana\u201c<\/strong> i <strong>\u201eVelika knjiga\u201c<\/strong> 2013. godine. Tako\u0111er nagra\u0111ivan roman <strong><em>Avijati\u010dar<\/em><\/strong> objavljen mu je 2016. (Naklada Ljevak objavila je hrvatsko izdanje 2018.), a roman Brisbane 2019. godine.<\/p>\n<p>&nbsp;<\/p>\n<p>Izvor: <a href=\"https:\/\/www.ljevak.hr\/suvremena-knjizevnost\/23848-lavr.html\">https:\/\/www.ljevak.hr\/suvremena-knjizevnost\/23848-lavr.html<\/a><\/p>\n<p>&nbsp;<\/p>\n<p>&nbsp;<\/p>\n","protected":false},"excerpt":{"rendered":"","protected":false},"author":2,"featured_media":18187,"comment_status":"open","ping_status":"open","sticky":false,"template":"","format":"standard","meta":{"_acf_changed":false,"jetpack_post_was_ever_published":false,"_jetpack_newsletter_access":"","_jetpack_dont_email_post_to_subs":false,"_jetpack_newsletter_tier_id":0,"_jetpack_memberships_contains_paywalled_content":false,"_jetpack_memberships_contains_paid_content":false,"footnotes":"","jetpack_publicize_message":"","jetpack_publicize_feature_enabled":true,"jetpack_social_post_already_shared":true,"jetpack_social_options":{"image_generator_settings":{"template":"highway","default_image_id":0,"font":"","enabled":false},"version":2}},"categories":[3,12],"tags":[],"class_list":["post-18186","post","type-post","status-publish","format-standard","has-post-thumbnail","hentry","category-novosti","category-knjizevnost"],"acf":{"facebook_opis":""},"jetpack_publicize_connections":[],"jetpack_featured_media_url":"https:\/\/i0.wp.com\/historiografija.hr\/wp-content\/uploads\/2019\/12\/lavr.jpg?fit=570%2C678&ssl=1","jetpack_sharing_enabled":true,"jetpack-related-posts":[{"id":52733,"url":"https:\/\/historiografija.hr\/?p=52733","url_meta":{"origin":18186,"position":0},"title":"Vlado Raji\u0107 \u201eGranica na kraju stolje\u0107a\u201c","author":"Filip \u0160imunjak","date":"29. travnja 2026.","format":false,"excerpt":"U suizdanju Durieuxa i Beletre objavljena je 2025. godine knjiga Granica na kraju stolje\u0107a autora Vlade Raji\u0107a.\u00a0 O knjizi\u00a0 Romansirana biografija Vladimira Iblera mnogo je vi\u0161e od zanimljive pri\u010de o privatnom \u017eivotu i impresivnoj profesionalnoj karijeri istaknutog stru\u010dnjaka za me\u0111unarodno pravo i dugo\u00adgodi\u0161njeg profesora na zagreba\u010dkom Pravnom fakultetu, akademika, koji\u2026","rel":"","context":"U &quot;Knjige&quot;","block_context":{"text":"Knjige","link":"https:\/\/historiografija.hr\/?cat=8"},"img":{"alt_text":"","src":"https:\/\/i0.wp.com\/historiografija.hr\/wp-content\/uploads\/2026\/04\/VLADO-RAJIC-GRANICA-NA-KRAJU-STOLJECA.jpg?fit=450%2C650&ssl=1&resize=350%2C200","width":350,"height":200},"classes":[]},{"id":52502,"url":"https:\/\/historiografija.hr\/?p=52502","url_meta":{"origin":18186,"position":1},"title":"Novi znanstveni projekt Hrvatskog instituta za povijest: \u201c\u017drtve ratova i dr\u017eavnog\/politi\u010dkog nasilja u hrvatskoj povijesti 20. stolje\u0107a\u201d","author":"Branimir Jankovi\u0107","date":"17. travnja 2026.","format":false,"excerpt":"Na redovitoj sjednici Vlade RH, 16. travnja 2026., donijet je Zaklju\u010dak kojim se pokre\u0107e znanstveni projekt \u201c\u017drtve ratova i dr\u017eavnog\/politi\u010dkog nasilja u hrvatskoj povijesti 20. stolje\u0107a\u201d. Projekt \u0107e provoditi i koordinirati Hrvatski institut za povijest u razdoblju trajanja projekta od pet godina. Zakljucak Vlade RH Iz teksta projektnog prijedloga: Problematika\u2026","rel":"","context":"U &quot;Novosti&quot;","block_context":{"text":"Novosti","link":"https:\/\/historiografija.hr\/?cat=3"},"img":{"alt_text":"","src":"https:\/\/i0.wp.com\/historiografija.hr\/wp-content\/uploads\/2026\/04\/Vlada-RH.jpg?fit=1200%2C557&ssl=1&resize=350%2C200","width":350,"height":200,"srcset":"https:\/\/i0.wp.com\/historiografija.hr\/wp-content\/uploads\/2026\/04\/Vlada-RH.jpg?fit=1200%2C557&ssl=1&resize=350%2C200 1x, https:\/\/i0.wp.com\/historiografija.hr\/wp-content\/uploads\/2026\/04\/Vlada-RH.jpg?fit=1200%2C557&ssl=1&resize=525%2C300 1.5x, https:\/\/i0.wp.com\/historiografija.hr\/wp-content\/uploads\/2026\/04\/Vlada-RH.jpg?fit=1200%2C557&ssl=1&resize=700%2C400 2x, https:\/\/i0.wp.com\/historiografija.hr\/wp-content\/uploads\/2026\/04\/Vlada-RH.jpg?fit=1200%2C557&ssl=1&resize=1050%2C600 3x"},"classes":[]},{"id":52768,"url":"https:\/\/historiografija.hr\/?p=52768","url_meta":{"origin":18186,"position":2},"title":"Poziv za prijavu na me\u0111unarodni ljetni kamp za mlade \u201cYouth in Cold-War Europe\u201d","author":"Filip \u0160imunjak","date":"30. travnja 2026.","format":false,"excerpt":"Otvoren je poziv za prijavu na me\u0111unarodni ljetni kamp \"Youth in Cold-War Europe\", koji se odr\u017eava od 28.08. do 06.09. 2026. godine u Weimaru (Njema\u010dka). Kamp se odr\u017eava u organizaciji Europskog centra za obrazovanje mladih (EJBW) iz Weimara i njegovih me\u0111unarodnih partnera, te uz financijsku podr\u0161ku Europske unije i Savezne\u2026","rel":"","context":"U &quot;Novosti&quot;","block_context":{"text":"Novosti","link":"https:\/\/historiografija.hr\/?cat=3"},"img":{"alt_text":"","src":"https:\/\/i0.wp.com\/historiografija.hr\/wp-content\/uploads\/2026\/04\/LJETNI-KAMP-ZA-MLADE-YOUTH-IN-COLD-WAR-EUROPE.jpg?fit=667%2C375&ssl=1&resize=350%2C200","width":350,"height":200,"srcset":"https:\/\/i0.wp.com\/historiografija.hr\/wp-content\/uploads\/2026\/04\/LJETNI-KAMP-ZA-MLADE-YOUTH-IN-COLD-WAR-EUROPE.jpg?fit=667%2C375&ssl=1&resize=350%2C200 1x, https:\/\/i0.wp.com\/historiografija.hr\/wp-content\/uploads\/2026\/04\/LJETNI-KAMP-ZA-MLADE-YOUTH-IN-COLD-WAR-EUROPE.jpg?fit=667%2C375&ssl=1&resize=525%2C300 1.5x"},"classes":[]},{"id":52619,"url":"https:\/\/historiografija.hr\/?p=52619","url_meta":{"origin":18186,"position":3},"title":"Predavanje \u0110ur\u0111ice Vitkovi\u0107 &#8220;Izme\u0111u pera i objektiva: Zagorka i Foto Tonka&#8221;","author":"Branimir Jankovi\u0107","date":"23. travnja 2026.","format":false,"excerpt":"Memorijalni stan Marije Juri\u0107 Zagorke poziva Vas na predavanje \u0110ur\u0111ice Vitkovi\u0107 \u201eIzme\u0111u pera i objektiva: Zagorka i Foto Tonka\u201c koje \u0107e se odr\u017eati u utorak, 28. travnja 2026. s po\u010detkom u 18 h u sklopu Ciklusa predavanja u Memorijalnom stanu Marije Juri\u0107 Zagorke. Kako su se susrele knji\u017eevnost i fotografija\u2026","rel":"","context":"U &quot;Novosti&quot;","block_context":{"text":"Novosti","link":"https:\/\/historiografija.hr\/?cat=3"},"img":{"alt_text":"","src":"https:\/\/i0.wp.com\/historiografija.hr\/wp-content\/uploads\/2024\/11\/Zagorka_ciklus.jpg?fit=1200%2C1006&ssl=1&resize=350%2C200","width":350,"height":200,"srcset":"https:\/\/i0.wp.com\/historiografija.hr\/wp-content\/uploads\/2024\/11\/Zagorka_ciklus.jpg?fit=1200%2C1006&ssl=1&resize=350%2C200 1x, https:\/\/i0.wp.com\/historiografija.hr\/wp-content\/uploads\/2024\/11\/Zagorka_ciklus.jpg?fit=1200%2C1006&ssl=1&resize=525%2C300 1.5x, https:\/\/i0.wp.com\/historiografija.hr\/wp-content\/uploads\/2024\/11\/Zagorka_ciklus.jpg?fit=1200%2C1006&ssl=1&resize=700%2C400 2x, https:\/\/i0.wp.com\/historiografija.hr\/wp-content\/uploads\/2024\/11\/Zagorka_ciklus.jpg?fit=1200%2C1006&ssl=1&resize=1050%2C600 3x"},"classes":[]},{"id":52592,"url":"https:\/\/historiografija.hr\/?p=52592","url_meta":{"origin":18186,"position":4},"title":"Predstavljanje knjige &#8220;Turska ku\u0107a u Rijeci&#8221; u Zagrebu","author":"Branimir Jankovi\u0107","date":"22. travnja 2026.","format":false,"excerpt":"U prostorijama Turskog kulturnog centra Yunus Emre u Zagrebu, u utorak 21. travnja 2026. godine, odr\u017eano je sve\u010dano predstavljanje dopunjenog izdanja knjige Turska ku\u0107a u Rijeci, u organizaciji Hrvatsko-turskog dru\u0161tva Rijeka i partnerstvu sa Skupinom prijateljstva Hrvatska-Turska Hrvatskog sabora, Veleposlanstvom Republike Turske u Republici Hrvatskoj te Turskim kulturnim centrom Yunus\u2026","rel":"","context":"U &quot;Novosti&quot;","block_context":{"text":"Novosti","link":"https:\/\/historiografija.hr\/?cat=3"},"img":{"alt_text":"","src":"https:\/\/i0.wp.com\/historiografija.hr\/wp-content\/uploads\/2026\/04\/Turska-kuca-ZG.jpg?fit=1200%2C800&ssl=1&resize=350%2C200","width":350,"height":200,"srcset":"https:\/\/i0.wp.com\/historiografija.hr\/wp-content\/uploads\/2026\/04\/Turska-kuca-ZG.jpg?fit=1200%2C800&ssl=1&resize=350%2C200 1x, https:\/\/i0.wp.com\/historiografija.hr\/wp-content\/uploads\/2026\/04\/Turska-kuca-ZG.jpg?fit=1200%2C800&ssl=1&resize=525%2C300 1.5x, https:\/\/i0.wp.com\/historiografija.hr\/wp-content\/uploads\/2026\/04\/Turska-kuca-ZG.jpg?fit=1200%2C800&ssl=1&resize=700%2C400 2x, https:\/\/i0.wp.com\/historiografija.hr\/wp-content\/uploads\/2026\/04\/Turska-kuca-ZG.jpg?fit=1200%2C800&ssl=1&resize=1050%2C600 3x"},"classes":[]},{"id":52539,"url":"https:\/\/historiografija.hr\/?p=52539","url_meta":{"origin":18186,"position":5},"title":"Drugi po redu studentski simpozij &#8220;In fonte veritas&#8221;","author":"Branimir Jankovi\u0107","date":"20. travnja 2026.","format":false,"excerpt":"U srijedu, 22. travnja 2026. godine, u dvorani C 0.4 na Hrvatskom katoli\u010dkom sveu\u010dili\u0161tu odr\u017eat \u0107e se drugi studentski simpozij \u201eIn fonte veritas\". Ovogodi\u0161nja sredi\u0161nja tema simpozija je Papinstvo. Kroz istra\u017eiva\u010dko suo\u010davanje s povijesnim izvorima deset \u0107e studenata predstaviti rezultate svojih istra\u017eivanja o instituciji koja je stolje\u0107ima oblikovala europsku i\u2026","rel":"","context":"U &quot;Novosti&quot;","block_context":{"text":"Novosti","link":"https:\/\/historiografija.hr\/?cat=3"},"img":{"alt_text":"","src":"https:\/\/i0.wp.com\/historiografija.hr\/wp-content\/uploads\/2026\/04\/Papinstvo.png?fit=1024%2C500&ssl=1&resize=350%2C200","width":350,"height":200,"srcset":"https:\/\/i0.wp.com\/historiografija.hr\/wp-content\/uploads\/2026\/04\/Papinstvo.png?fit=1024%2C500&ssl=1&resize=350%2C200 1x, https:\/\/i0.wp.com\/historiografija.hr\/wp-content\/uploads\/2026\/04\/Papinstvo.png?fit=1024%2C500&ssl=1&resize=525%2C300 1.5x, https:\/\/i0.wp.com\/historiografija.hr\/wp-content\/uploads\/2026\/04\/Papinstvo.png?fit=1024%2C500&ssl=1&resize=700%2C400 2x"},"classes":[]}],"_links":{"self":[{"href":"https:\/\/historiografija.hr\/index.php?rest_route=\/wp\/v2\/posts\/18186","targetHints":{"allow":["GET"]}}],"collection":[{"href":"https:\/\/historiografija.hr\/index.php?rest_route=\/wp\/v2\/posts"}],"about":[{"href":"https:\/\/historiografija.hr\/index.php?rest_route=\/wp\/v2\/types\/post"}],"author":[{"embeddable":true,"href":"https:\/\/historiografija.hr\/index.php?rest_route=\/wp\/v2\/users\/2"}],"replies":[{"embeddable":true,"href":"https:\/\/historiografija.hr\/index.php?rest_route=%2Fwp%2Fv2%2Fcomments&post=18186"}],"version-history":[{"count":1,"href":"https:\/\/historiografija.hr\/index.php?rest_route=\/wp\/v2\/posts\/18186\/revisions"}],"predecessor-version":[{"id":18188,"href":"https:\/\/historiografija.hr\/index.php?rest_route=\/wp\/v2\/posts\/18186\/revisions\/18188"}],"wp:featuredmedia":[{"embeddable":true,"href":"https:\/\/historiografija.hr\/index.php?rest_route=\/wp\/v2\/media\/18187"}],"wp:attachment":[{"href":"https:\/\/historiografija.hr\/index.php?rest_route=%2Fwp%2Fv2%2Fmedia&parent=18186"}],"wp:term":[{"taxonomy":"category","embeddable":true,"href":"https:\/\/historiografija.hr\/index.php?rest_route=%2Fwp%2Fv2%2Fcategories&post=18186"},{"taxonomy":"post_tag","embeddable":true,"href":"https:\/\/historiografija.hr\/index.php?rest_route=%2Fwp%2Fv2%2Ftags&post=18186"}],"curies":[{"name":"wp","href":"https:\/\/api.w.org\/{rel}","templated":true}]}}