{"id":18167,"date":"2019-12-19T22:57:06","date_gmt":"2019-12-19T22:57:06","guid":{"rendered":"http:\/\/historiografija.hr\/?p=18167"},"modified":"2019-12-19T22:58:00","modified_gmt":"2019-12-19T22:58:00","slug":"the-future-of-postsocialism-eastern-european-perspectives-edited-by-john-frederick-bailyn-dijana-jelaca-and-danijela-lugaric","status":"publish","type":"post","link":"https:\/\/historiografija.hr\/?p=18167","title":{"rendered":"The Future of (Post)Socialism: Eastern European Perspectives. Edited by John Frederick Bailyn, Dijana Jela\u010da, and Danijela Lugari\u0107"},"content":{"rendered":"<p><em>Explores the current and future trajectories of the paradigm of postsocialism.<\/em><\/p>\n<p>&nbsp;<\/p>\n<p>If socialism did not end as abruptly as is sometimes perceived, what remnants of it linger today and will continue to linger? Moreover, if postsocialism is an umbrella term for the uncertain times of various transitions that followed in socialism\u2019s wake, how might the \u201cpost\u201d be rendered complicated by the notion that the unfinished business of socialism continues to influence the trajectory of the future?<em> The Future of (Post)Socialism<\/em> examines this unfinished business through various disciplinary and transdisciplinary approaches that seek to illuminate the postsocialist future as a cultural and social fact. Drawn from the fields of history, ethnology, anthropology, sociology, economics, political science, education, linguistics, literature, and cultural studies, contributors analyze various cultural forms and practices of the formerly socialist cultural spaces of Eastern Europe. In so doing, they question the teleology of linear transitional narratives and of assumptions about postsocialist linear progress, concluding that things operate more as continued interruptions of a perpetually liminal state rather than as neat endings and new beginnings.<\/p>\n<p>&nbsp;<\/p>\n<p>\u201cThis volume uniquely brings together a range of disciplines, beyond anthropology as the conventional discipline for exploring postsocialism, and a range of cases across post-Soviet space. Most importantly, it refreshingly engages with an exciting framework dealing with time and space. Its talk about futures\u2014the futures of socialism and the futures of postsocialism\u2014is a novel aspect that sets it apart.\u201d \u2014 Johanna Bockman, author of <em>Markets in the Name of Socialism: The Left-Wing Origins of Neoliberalism<\/em><\/p>\n<p>&nbsp;<\/p>\n<p><strong>John Frederick Bailyn<\/strong> is Professor of Linguistics at Stony Brook University, State University of New York, and the author of <em>The Syntax of Russian<\/em>. <strong>Dijana Jela\u010da<\/strong> teaches in the Film Department at Brooklyn College and is the author of <em>Dislocated Screen Memory: Narrating Trauma in Post-Yugoslav Cinema<\/em>. <strong>Danijela Lugari\u0107<\/strong> is Assistant Professor of East-Slavic Languages and Literature at the University of Zagreb, Croatia. She is the coeditor (with Jela\u010da and Ma\u0161a Kolanovi\u0107) of <em>The Cultural Life of Capitalism in Yugoslavia: (Post)Socialism and Its Other.<\/em><\/p>\n<p>&nbsp;<\/p>\n<p>&nbsp;<\/p>\n<p><strong>Table of Contents<\/strong><\/p>\n<p>&nbsp;<\/p>\n<p>List of Illustrations<\/p>\n<p>Preface<\/p>\n<p>Acknowledgments<\/p>\n<p>&nbsp;<\/p>\n<p>Introduction: The \u201cRadiant Future\u201d of Spatial and Temporal Dis\/Orientations<\/p>\n<p>Dijana Jela\u010da and Danijela Lugari\u0107<\/p>\n<p>&nbsp;<\/p>\n<p><strong>Part I. New Approaches to (Post)Socialism: The Theory in Transition<\/strong><\/p>\n<p>&nbsp;<\/p>\n<ol>\n<li>The Endless Innovations of the Semiperiphery and the Peculiar Power of Eastern Europe<\/li>\n<\/ol>\n<p>David Ost<\/p>\n<p>&nbsp;<\/p>\n<ol start=\"2\">\n<li>Socialist Future in Light of Socialist Past and Capitalist Present<\/li>\n<\/ol>\n<p>David M. Kotz<\/p>\n<p>&nbsp;<\/p>\n<ol start=\"3\">\n<li>\u201cFailing the Metronome\u201d: Queer Reading of the Postsocialist Transition<\/li>\n<\/ol>\n<p>Jelisaveta Blagojevi\u0107 and Jovana Timotijevi\u0107<\/p>\n<p>&nbsp;<\/p>\n<p><strong>Part II. (Post)Socialist Space(s)<\/strong><\/p>\n<p>&nbsp;<\/p>\n<ol start=\"4\">\n<li>\u201cBrand\u201d New States: Postsocialism, the Global Economy of Symbols, and the Challenges of National Differentiation<\/li>\n<\/ol>\n<p>Robert A. Saunders<\/p>\n<p>&nbsp;<\/p>\n<ol start=\"5\">\n<li>Putting the \u2018Public\u2019 in Public Goods: Space Wars in a Post- Soviet Dacha Community<\/li>\n<\/ol>\n<p>Olga Shevchenko<\/p>\n<p>&nbsp;<\/p>\n<ol start=\"6\">\n<li>Baku\u2019s Soviet Vnye: The Post- Soviet Creation of a Soviet (?) Past<\/li>\n<\/ol>\n<p>Heather D. DeHaan<\/p>\n<p>&nbsp;<\/p>\n<p><strong>Part III. Memories of the Future<\/strong><\/p>\n<p>&nbsp;<\/p>\n<ol start=\"7\">\n<li>Back to the Future of (Post)Socialism: The Afterlife of Socialism in Post- Yugoslav Cultural Space<\/li>\n<\/ol>\n<p>Ma\u0161a Kolanovi\u0107<\/p>\n<p>&nbsp;<\/p>\n<ol start=\"8\">\n<li>In Friction Mode: Contesting the Memory of Socialism in Zagreb\u2019s Marshal Tito Square<\/li>\n<\/ol>\n<p>Sanja Potkonjak and Nevena \u0160krbi\u0107 Alempijevi\u0107<\/p>\n<p>&nbsp;<\/p>\n<ol start=\"9\">\n<li>The Futures of Postsocialist Childhoods: (Re)Imagining the Latvian Child, Nation, and Nature in Educational Literature<\/li>\n<\/ol>\n<p>Iveta Silova<\/p>\n<p>&nbsp;<\/p>\n<p>Afterword<\/p>\n<p>Gary Marker<\/p>\n<p>&nbsp;<\/p>\n<p>Contributors<\/p>\n<p>Index<\/p>\n<p>&nbsp;<\/p>\n<p>&nbsp;<\/p>\n<p><a href=\"https:\/\/www.sunypress.edu\/p-6640-the-future-of-postsocialism.aspx\">https:\/\/www.sunypress.edu\/p-6640-the-future-of-postsocialism.aspx<\/a><\/p>\n<p>&nbsp;<\/p>\n<p>&nbsp;<\/p>\n<p>&nbsp;<\/p>\n","protected":false},"excerpt":{"rendered":"","protected":false},"author":2,"featured_media":18168,"comment_status":"open","ping_status":"open","sticky":false,"template":"","format":"standard","meta":{"_acf_changed":false,"jetpack_post_was_ever_published":false,"_jetpack_newsletter_access":"","_jetpack_dont_email_post_to_subs":false,"_jetpack_newsletter_tier_id":0,"_jetpack_memberships_contains_paywalled_content":false,"_jetpack_memberships_contains_paid_content":false,"footnotes":"","jetpack_publicize_message":"","jetpack_publicize_feature_enabled":true,"jetpack_social_post_already_shared":true,"jetpack_social_options":{"image_generator_settings":{"template":"highway","default_image_id":0,"font":"","enabled":false},"version":2}},"categories":[8,3],"tags":[],"class_list":["post-18167","post","type-post","status-publish","format-standard","has-post-thumbnail","hentry","category-knjige","category-novosti"],"acf":{"facebook_opis":""},"jetpack_publicize_connections":[],"jetpack_featured_media_url":"https:\/\/i0.wp.com\/historiografija.hr\/wp-content\/uploads\/2019\/12\/future-postsocialism.jpg?fit=331%2C499&ssl=1","jetpack_sharing_enabled":true,"jetpack-related-posts":[{"id":52516,"url":"https:\/\/historiografija.hr\/?p=52516","url_meta":{"origin":18167,"position":0},"title":"Marko Grde\u0161i\u0107, Mislav \u017ditko, \u201eSocialist Economics in Yugoslavia: A Critical History\u201c","author":"Branimir Jankovi\u0107","date":"17. travnja 2026.","format":false,"excerpt":"This book presents a critical history of Yugoslav socialist economics, from its inception in the late 1940s to its dissolution in the late 1980s. After the dramatic break with the Soviet Union in 1948, Yugoslavia found itself in urgent need of a third way: A socialist trajectory which would not\u2026","rel":"","context":"U &quot;Knjige&quot;","block_context":{"text":"Knjige","link":"https:\/\/historiografija.hr\/?cat=8"},"img":{"alt_text":"","src":"https:\/\/i0.wp.com\/historiografija.hr\/wp-content\/uploads\/2026\/04\/Zitko_Grdesic.jpg?fit=350%2C535&ssl=1&resize=350%2C200","width":350,"height":200},"classes":[]},{"id":52625,"url":"https:\/\/historiografija.hr\/?p=52625","url_meta":{"origin":18167,"position":1},"title":"Omer Bartov, \u201eIsrael: What Went Wrong?\u201c","author":"Branimir Jankovi\u0107","date":"23. travnja 2026.","format":false,"excerpt":"Professor Omer Bartov was born on a kibbutz, grew up in Tel Aviv and served in the Israel Defence Forces during the Yom Kippur War. He went on to become an expert on the German army and the Holocaust, before turning his attention to his native country.In Israel: What Went\u2026","rel":"","context":"U &quot;Knjige&quot;","block_context":{"text":"Knjige","link":"https:\/\/historiografija.hr\/?cat=8"},"img":{"alt_text":"","src":"https:\/\/i0.wp.com\/historiografija.hr\/wp-content\/uploads\/2026\/04\/Bartov.jpeg?fit=320%2C500&ssl=1&resize=350%2C200","width":350,"height":200},"classes":[]},{"id":52664,"url":"https:\/\/historiografija.hr\/?p=52664","url_meta":{"origin":18167,"position":2},"title":"CfP: CONFERENCE OF THE HISTORY OF CONCEPTS GROUP, HELSINKI, 19TH\u201321ST AUGUST 2026 (DEADLINE: 30TH APRIL 2026)","author":"Branimir Jankovi\u0107","date":"24. travnja 2026.","format":false,"excerpt":"The annual conference of the History of Concepts Group is held at the University of Helsinki, 19-21 August 2026. Conference of the History of Concepts Group Conceptual history studies the use of concepts and tries to understand how historical actors have linguistically articulated views of the world. Studying concepts from\u2026","rel":"","context":"U &quot;Novosti&quot;","block_context":{"text":"Novosti","link":"https:\/\/historiografija.hr\/?cat=3"},"img":{"alt_text":"","src":"https:\/\/i0.wp.com\/historiografija.hr\/wp-content\/uploads\/2017\/10\/hsozkult.png?fit=1006%2C241&ssl=1&resize=350%2C200","width":350,"height":200,"srcset":"https:\/\/i0.wp.com\/historiografija.hr\/wp-content\/uploads\/2017\/10\/hsozkult.png?fit=1006%2C241&ssl=1&resize=350%2C200 1x, https:\/\/i0.wp.com\/historiografija.hr\/wp-content\/uploads\/2017\/10\/hsozkult.png?fit=1006%2C241&ssl=1&resize=525%2C300 1.5x, https:\/\/i0.wp.com\/historiografija.hr\/wp-content\/uploads\/2017\/10\/hsozkult.png?fit=1006%2C241&ssl=1&resize=700%2C400 2x"},"classes":[]},{"id":52679,"url":"https:\/\/historiografija.hr\/?p=52679","url_meta":{"origin":18167,"position":3},"title":"CfP: CHOSEN NATION(S): HISTORICAL AND CULTURAL INTERPRETATIONS OF EXCEPTIONALISM, BUDAPEST, 10TH\u201311TH JUNE 2026 (DEADLINE: 1ST MAY 2026)","author":"Branimir Jankovi\u0107","date":"27. travnja 2026.","format":false,"excerpt":"The Ludovika University of Public Service (NKE) and the Jewish Theological Seminary \u2013 University of Jewish Studies (OR-ZSE) are pleased to announce a joint academic conference on \u201cChosen Nation(s): Historical and Cultural Interpretations of Exceptionalism\u201d, to be held in Budapest, Hungary. Chosen Nation(s): Historical and Cultural Interpretations of Exceptionalism Keynote\u2026","rel":"","context":"U &quot;Novosti&quot;","block_context":{"text":"Novosti","link":"https:\/\/historiografija.hr\/?cat=3"},"img":{"alt_text":"","src":"https:\/\/i0.wp.com\/historiografija.hr\/wp-content\/uploads\/2017\/10\/hsozkult.png?fit=1006%2C241&ssl=1&resize=350%2C200","width":350,"height":200,"srcset":"https:\/\/i0.wp.com\/historiografija.hr\/wp-content\/uploads\/2017\/10\/hsozkult.png?fit=1006%2C241&ssl=1&resize=350%2C200 1x, https:\/\/i0.wp.com\/historiografija.hr\/wp-content\/uploads\/2017\/10\/hsozkult.png?fit=1006%2C241&ssl=1&resize=525%2C300 1.5x, https:\/\/i0.wp.com\/historiografija.hr\/wp-content\/uploads\/2017\/10\/hsozkult.png?fit=1006%2C241&ssl=1&resize=700%2C400 2x"},"classes":[]}],"_links":{"self":[{"href":"https:\/\/historiografija.hr\/index.php?rest_route=\/wp\/v2\/posts\/18167","targetHints":{"allow":["GET"]}}],"collection":[{"href":"https:\/\/historiografija.hr\/index.php?rest_route=\/wp\/v2\/posts"}],"about":[{"href":"https:\/\/historiografija.hr\/index.php?rest_route=\/wp\/v2\/types\/post"}],"author":[{"embeddable":true,"href":"https:\/\/historiografija.hr\/index.php?rest_route=\/wp\/v2\/users\/2"}],"replies":[{"embeddable":true,"href":"https:\/\/historiografija.hr\/index.php?rest_route=%2Fwp%2Fv2%2Fcomments&post=18167"}],"version-history":[{"count":2,"href":"https:\/\/historiografija.hr\/index.php?rest_route=\/wp\/v2\/posts\/18167\/revisions"}],"predecessor-version":[{"id":18170,"href":"https:\/\/historiografija.hr\/index.php?rest_route=\/wp\/v2\/posts\/18167\/revisions\/18170"}],"wp:featuredmedia":[{"embeddable":true,"href":"https:\/\/historiografija.hr\/index.php?rest_route=\/wp\/v2\/media\/18168"}],"wp:attachment":[{"href":"https:\/\/historiografija.hr\/index.php?rest_route=%2Fwp%2Fv2%2Fmedia&parent=18167"}],"wp:term":[{"taxonomy":"category","embeddable":true,"href":"https:\/\/historiografija.hr\/index.php?rest_route=%2Fwp%2Fv2%2Fcategories&post=18167"},{"taxonomy":"post_tag","embeddable":true,"href":"https:\/\/historiografija.hr\/index.php?rest_route=%2Fwp%2Fv2%2Ftags&post=18167"}],"curies":[{"name":"wp","href":"https:\/\/api.w.org\/{rel}","templated":true}]}}